{"id":35439,"date":"2010-07-11T16:59:27","date_gmt":"2010-07-11T14:59:27","guid":{"rendered":"http:\/\/www.visit-ulcinj.com\/blog\/?p=35439"},"modified":"2010-07-11T16:59:27","modified_gmt":"2010-07-11T14:59:27","slug":"blero-mban-fjalen-ne-treg-albumi-dhe-klipi-tara","status":"publish","type":"post","link":"https:\/\/www.visit-ulcinj.com\/blog\/2010\/07\/11\/blero-mban-fjalen-ne-treg-albumi-dhe-klipi-tara\/","title":{"rendered":"Blero mban fjal\u00ebn, n\u00eb treg albumi dhe klipi &#8216;Tara&#8217;"},"content":{"rendered":"<p><a href=\"http:\/\/www.visit-ulcinj.com\/blog\/wp-content\/uploads\/2010\/07\/Blero-_teuta.jpg\"><img loading=\"lazy\" class=\"alignleft size-full wp-image-35440\" title=\"Blero _teuta\" src=\"http:\/\/www.visit-ulcinj.com\/blog\/wp-content\/uploads\/2010\/07\/Blero-_teuta.jpg\" alt=\"Blero _teuta\" width=\"490\" height=\"370\" \/><\/a>K\u00ebng\u00ebtari i mir\u00ebnjohur Blero sapo ka promovuar albumin e tij t\u00eb titulluar \u201cTara\u201d, nd\u00ebrsa edhe videoklipi q\u00eb promovon albumin mban po t\u00eb nj\u00ebjtin em\u00ebr. Albumi ka gjithsej 14 k\u00ebng\u00eb, 12 prej t\u00eb cilave jan\u00eb t\u00eb reja. P\u00ebr albumin \u201cTara\u201d, Blero ka bashk\u00ebpunuar me kompozitorin \u00c7eki\u00e7, kurse k\u00ebng\u00ebt jan\u00eb miksuar n\u00eb Suedi.<br \/>\nSi\u00e7 u tha edhe m\u00eb par\u00eb, Blero k\u00ebt\u00eb album ja dedikon vajz\u00ebs s\u00eb tij t\u00eb vog\u00ebl, e cila mban po t\u00eb nj\u00ebjtin em\u00ebr, Tara. Prej koh\u00ebsh Blero i ishte larguar muzik\u00ebs, p\u00ebr t\u2019iu p\u00ebrkushtuar krejt\u00ebsisht krijimit t\u00eb familjes. Pas bashk\u00ebjetes\u00ebs me aktoren e njohur kosovare, Teuta Krasniqi, \u00e7ifti solli n\u00eb jet\u00eb dhe vog\u00eblushen Tara, p\u00ebr t\u00eb cil\u00ebn nuk \u00ebsht\u00eb publikuar ende asnj\u00eb foto, pasi \u00e7ifti ka n\u00eb plan ta shes\u00eb t\u00eb drejt\u00ebn e publikimit t\u00eb fotove t\u00eb vajz\u00ebs.<br \/>\n<strong><br \/>\nBalkanWeb<br \/>\n<!--YouTube Error: bad URL entered--><\/strong><\/p>\n","protected":false},"excerpt":{"rendered":"<p>K\u00ebng\u00ebtari i mir\u00ebnjohur Blero sapo ka promovuar albumin e tij t\u00eb titulluar \u201cTara\u201d, nd\u00ebrsa edhe videoklipi q\u00eb promovon albumin mban po t\u00eb nj\u00ebjtin em\u00ebr. Albumi ka gjithsej 14 k\u00ebng\u00eb, 12 prej t\u00eb cilave jan\u00eb t\u00eb reja. P\u00ebr albumin \u201cTara\u201d, Blero ka bashk\u00ebpunuar me kompozitorin \u00c7eki\u00e7, kurse k\u00ebng\u00ebt jan\u00eb miksuar n\u00eb Suedi. Si\u00e7 u tha edhe [&hellip;]<\/p>\n","protected":false},"author":1,"featured_media":0,"comment_status":"open","ping_status":"closed","sticky":false,"template":"","format":"standard","meta":{"spay_email":"","jetpack_publicize_message":"","jetpack_is_tweetstorm":false,"jetpack_publicize_feature_enabled":true},"categories":[1],"tags":[3978,9581,8297],"jetpack_publicize_connections":[],"yoast_head":"<!-- This site is optimized with the Yoast SEO plugin v19.1 - https:\/\/yoast.com\/wordpress\/plugins\/seo\/ -->\n<title>Blero mban fjal\u00ebn, n\u00eb treg albumi dhe klipi &#039;Tara&#039; - Lajme nga Ulqini<\/title>\n<meta name=\"description\" content=\"K\u00ebng\u00ebtari i mir\u00ebnjohur Blero sapo ka promovuar albumin e tij t\u00eb titulluar \u201cTara\u201d, nd\u00ebrsa edhe videoklipi q\u00eb promovon albumin mban po t\u00eb nj\u00ebjtin em\u00ebr.\" \/>\n<meta name=\"robots\" content=\"index, follow, max-snippet:-1, max-image-preview:large, max-video-preview:-1\" \/>\n<link rel=\"canonical\" href=\"https:\/\/www.visit-ulcinj.com\/blog\/2010\/07\/11\/blero-mban-fjalen-ne-treg-albumi-dhe-klipi-tara\/\" \/>\n<meta property=\"og:locale\" content=\"en_US\" \/>\n<meta property=\"og:type\" content=\"article\" \/>\n<meta property=\"og:title\" content=\"Blero mban fjal\u00ebn, n\u00eb treg albumi dhe klipi &#039;Tara&#039; - Lajme nga Ulqini\" \/>\n<meta property=\"og:description\" content=\"K\u00ebng\u00ebtari i mir\u00ebnjohur Blero sapo ka promovuar albumin e tij t\u00eb titulluar \u201cTara\u201d, nd\u00ebrsa edhe videoklipi q\u00eb promovon albumin mban po t\u00eb nj\u00ebjtin em\u00ebr.\" \/>\n<meta property=\"og:url\" content=\"https:\/\/www.visit-ulcinj.com\/blog\/2010\/07\/11\/blero-mban-fjalen-ne-treg-albumi-dhe-klipi-tara\/\" \/>\n<meta property=\"og:site_name\" content=\"Lajme nga Ulqini\" \/>\n<meta property=\"article:published_time\" content=\"2010-07-11T14:59:27+00:00\" \/>\n<meta property=\"og:image\" content=\"http:\/\/www.visit-ulcinj.com\/blog\/wp-content\/uploads\/2010\/07\/Blero-_teuta.jpg\" \/>\n<meta name=\"twitter:label1\" content=\"Written by\" \/>\n\t<meta name=\"twitter:data1\" content=\"ulqini\" \/>\n\t<meta name=\"twitter:label2\" content=\"Est. reading time\" \/>\n\t<meta name=\"twitter:data2\" content=\"1 minute\" \/>\n<script type=\"application\/ld+json\" class=\"yoast-schema-graph\">{\"@context\":\"https:\/\/schema.org\",\"@graph\":[{\"@type\":\"WebSite\",\"@id\":\"https:\/\/www.visit-ulcinj.com\/blog\/#website\",\"url\":\"https:\/\/www.visit-ulcinj.com\/blog\/\",\"name\":\"Lajme nga Ulqini\",\"description\":\"Lajme,Vijesti,Ulqini,Ulqin,Crna Gora,Mali i Zi\",\"potentialAction\":[{\"@type\":\"SearchAction\",\"target\":{\"@type\":\"EntryPoint\",\"urlTemplate\":\"https:\/\/www.visit-ulcinj.com\/blog\/?s={search_term_string}\"},\"query-input\":\"required name=search_term_string\"}],\"inLanguage\":\"en-US\"},{\"@type\":\"ImageObject\",\"inLanguage\":\"en-US\",\"@id\":\"https:\/\/www.visit-ulcinj.com\/blog\/2010\/07\/11\/blero-mban-fjalen-ne-treg-albumi-dhe-klipi-tara\/#primaryimage\",\"url\":\"http:\/\/www.visit-ulcinj.com\/blog\/wp-content\/uploads\/2010\/07\/Blero-_teuta.jpg\",\"contentUrl\":\"http:\/\/www.visit-ulcinj.com\/blog\/wp-content\/uploads\/2010\/07\/Blero-_teuta.jpg\"},{\"@type\":\"WebPage\",\"@id\":\"https:\/\/www.visit-ulcinj.com\/blog\/2010\/07\/11\/blero-mban-fjalen-ne-treg-albumi-dhe-klipi-tara\/#webpage\",\"url\":\"https:\/\/www.visit-ulcinj.com\/blog\/2010\/07\/11\/blero-mban-fjalen-ne-treg-albumi-dhe-klipi-tara\/\",\"name\":\"Blero mban fjal\u00ebn, n\u00eb treg albumi dhe klipi 'Tara' - Lajme nga Ulqini\",\"isPartOf\":{\"@id\":\"https:\/\/www.visit-ulcinj.com\/blog\/#website\"},\"primaryImageOfPage\":{\"@id\":\"https:\/\/www.visit-ulcinj.com\/blog\/2010\/07\/11\/blero-mban-fjalen-ne-treg-albumi-dhe-klipi-tara\/#primaryimage\"},\"datePublished\":\"2010-07-11T14:59:27+00:00\",\"dateModified\":\"2010-07-11T14:59:27+00:00\",\"author\":{\"@id\":\"https:\/\/www.visit-ulcinj.com\/blog\/#\/schema\/person\/dcab619c614d3038751c63bc2aadc06d\"},\"description\":\"K\u00ebng\u00ebtari i mir\u00ebnjohur Blero sapo ka promovuar albumin e tij t\u00eb titulluar \u201cTara\u201d, nd\u00ebrsa edhe videoklipi q\u00eb promovon albumin mban po t\u00eb nj\u00ebjtin em\u00ebr.\",\"breadcrumb\":{\"@id\":\"https:\/\/www.visit-ulcinj.com\/blog\/2010\/07\/11\/blero-mban-fjalen-ne-treg-albumi-dhe-klipi-tara\/#breadcrumb\"},\"inLanguage\":\"en-US\",\"potentialAction\":[{\"@type\":\"ReadAction\",\"target\":[\"https:\/\/www.visit-ulcinj.com\/blog\/2010\/07\/11\/blero-mban-fjalen-ne-treg-albumi-dhe-klipi-tara\/\"]}]},{\"@type\":\"BreadcrumbList\",\"@id\":\"https:\/\/www.visit-ulcinj.com\/blog\/2010\/07\/11\/blero-mban-fjalen-ne-treg-albumi-dhe-klipi-tara\/#breadcrumb\",\"itemListElement\":[{\"@type\":\"ListItem\",\"position\":1,\"name\":\"Blero mban fjal\u00ebn, n\u00eb treg albumi dhe klipi &#8216;Tara&#8217;\"}]},{\"@type\":\"Person\",\"@id\":\"https:\/\/www.visit-ulcinj.com\/blog\/#\/schema\/person\/dcab619c614d3038751c63bc2aadc06d\",\"name\":\"ulqini\",\"sameAs\":[\"http:\/\/www.visit-ulcinj.com\"],\"url\":\"https:\/\/www.visit-ulcinj.com\/blog\/author\/admin\/\"}]}<\/script>\n<!-- \/ Yoast SEO plugin. -->","yoast_head_json":{"title":"Blero mban fjal\u00ebn, n\u00eb treg albumi dhe klipi 'Tara' - Lajme nga Ulqini","description":"K\u00ebng\u00ebtari i mir\u00ebnjohur Blero sapo ka promovuar albumin e tij t\u00eb titulluar \u201cTara\u201d, nd\u00ebrsa edhe videoklipi q\u00eb promovon albumin mban po t\u00eb nj\u00ebjtin em\u00ebr.","robots":{"index":"index","follow":"follow","max-snippet":"max-snippet:-1","max-image-preview":"max-image-preview:large","max-video-preview":"max-video-preview:-1"},"canonical":"https:\/\/www.visit-ulcinj.com\/blog\/2010\/07\/11\/blero-mban-fjalen-ne-treg-albumi-dhe-klipi-tara\/","og_locale":"en_US","og_type":"article","og_title":"Blero mban fjal\u00ebn, n\u00eb treg albumi dhe klipi 'Tara' - Lajme nga Ulqini","og_description":"K\u00ebng\u00ebtari i mir\u00ebnjohur Blero sapo ka promovuar albumin e tij t\u00eb titulluar \u201cTara\u201d, nd\u00ebrsa edhe videoklipi q\u00eb promovon albumin mban po t\u00eb nj\u00ebjtin em\u00ebr.","og_url":"https:\/\/www.visit-ulcinj.com\/blog\/2010\/07\/11\/blero-mban-fjalen-ne-treg-albumi-dhe-klipi-tara\/","og_site_name":"Lajme nga Ulqini","article_published_time":"2010-07-11T14:59:27+00:00","og_image":[{"url":"http:\/\/www.visit-ulcinj.com\/blog\/wp-content\/uploads\/2010\/07\/Blero-_teuta.jpg"}],"twitter_misc":{"Written by":"ulqini","Est. reading time":"1 minute"},"schema":{"@context":"https:\/\/schema.org","@graph":[{"@type":"WebSite","@id":"https:\/\/www.visit-ulcinj.com\/blog\/#website","url":"https:\/\/www.visit-ulcinj.com\/blog\/","name":"Lajme nga Ulqini","description":"Lajme,Vijesti,Ulqini,Ulqin,Crna Gora,Mali i Zi","potentialAction":[{"@type":"SearchAction","target":{"@type":"EntryPoint","urlTemplate":"https:\/\/www.visit-ulcinj.com\/blog\/?s={search_term_string}"},"query-input":"required name=search_term_string"}],"inLanguage":"en-US"},{"@type":"ImageObject","inLanguage":"en-US","@id":"https:\/\/www.visit-ulcinj.com\/blog\/2010\/07\/11\/blero-mban-fjalen-ne-treg-albumi-dhe-klipi-tara\/#primaryimage","url":"http:\/\/www.visit-ulcinj.com\/blog\/wp-content\/uploads\/2010\/07\/Blero-_teuta.jpg","contentUrl":"http:\/\/www.visit-ulcinj.com\/blog\/wp-content\/uploads\/2010\/07\/Blero-_teuta.jpg"},{"@type":"WebPage","@id":"https:\/\/www.visit-ulcinj.com\/blog\/2010\/07\/11\/blero-mban-fjalen-ne-treg-albumi-dhe-klipi-tara\/#webpage","url":"https:\/\/www.visit-ulcinj.com\/blog\/2010\/07\/11\/blero-mban-fjalen-ne-treg-albumi-dhe-klipi-tara\/","name":"Blero mban fjal\u00ebn, n\u00eb treg albumi dhe klipi 'Tara' - Lajme nga Ulqini","isPartOf":{"@id":"https:\/\/www.visit-ulcinj.com\/blog\/#website"},"primaryImageOfPage":{"@id":"https:\/\/www.visit-ulcinj.com\/blog\/2010\/07\/11\/blero-mban-fjalen-ne-treg-albumi-dhe-klipi-tara\/#primaryimage"},"datePublished":"2010-07-11T14:59:27+00:00","dateModified":"2010-07-11T14:59:27+00:00","author":{"@id":"https:\/\/www.visit-ulcinj.com\/blog\/#\/schema\/person\/dcab619c614d3038751c63bc2aadc06d"},"description":"K\u00ebng\u00ebtari i mir\u00ebnjohur Blero sapo ka promovuar albumin e tij t\u00eb titulluar \u201cTara\u201d, nd\u00ebrsa edhe videoklipi q\u00eb promovon albumin mban po t\u00eb nj\u00ebjtin em\u00ebr.","breadcrumb":{"@id":"https:\/\/www.visit-ulcinj.com\/blog\/2010\/07\/11\/blero-mban-fjalen-ne-treg-albumi-dhe-klipi-tara\/#breadcrumb"},"inLanguage":"en-US","potentialAction":[{"@type":"ReadAction","target":["https:\/\/www.visit-ulcinj.com\/blog\/2010\/07\/11\/blero-mban-fjalen-ne-treg-albumi-dhe-klipi-tara\/"]}]},{"@type":"BreadcrumbList","@id":"https:\/\/www.visit-ulcinj.com\/blog\/2010\/07\/11\/blero-mban-fjalen-ne-treg-albumi-dhe-klipi-tara\/#breadcrumb","itemListElement":[{"@type":"ListItem","position":1,"name":"Blero mban fjal\u00ebn, n\u00eb treg albumi dhe klipi &#8216;Tara&#8217;"}]},{"@type":"Person","@id":"https:\/\/www.visit-ulcinj.com\/blog\/#\/schema\/person\/dcab619c614d3038751c63bc2aadc06d","name":"ulqini","sameAs":["http:\/\/www.visit-ulcinj.com"],"url":"https:\/\/www.visit-ulcinj.com\/blog\/author\/admin\/"}]}},"jetpack_featured_media_url":"","jetpack_sharing_enabled":true,"jetpack_shortlink":"https:\/\/wp.me\/pe6lTn-9dB","_links":{"self":[{"href":"https:\/\/www.visit-ulcinj.com\/blog\/wp-json\/wp\/v2\/posts\/35439"}],"collection":[{"href":"https:\/\/www.visit-ulcinj.com\/blog\/wp-json\/wp\/v2\/posts"}],"about":[{"href":"https:\/\/www.visit-ulcinj.com\/blog\/wp-json\/wp\/v2\/types\/post"}],"author":[{"embeddable":true,"href":"https:\/\/www.visit-ulcinj.com\/blog\/wp-json\/wp\/v2\/users\/1"}],"replies":[{"embeddable":true,"href":"https:\/\/www.visit-ulcinj.com\/blog\/wp-json\/wp\/v2\/comments?post=35439"}],"version-history":[{"count":0,"href":"https:\/\/www.visit-ulcinj.com\/blog\/wp-json\/wp\/v2\/posts\/35439\/revisions"}],"wp:attachment":[{"href":"https:\/\/www.visit-ulcinj.com\/blog\/wp-json\/wp\/v2\/media?parent=35439"}],"wp:term":[{"taxonomy":"category","embeddable":true,"href":"https:\/\/www.visit-ulcinj.com\/blog\/wp-json\/wp\/v2\/categories?post=35439"},{"taxonomy":"post_tag","embeddable":true,"href":"https:\/\/www.visit-ulcinj.com\/blog\/wp-json\/wp\/v2\/tags?post=35439"}],"curies":[{"name":"wp","href":"https:\/\/api.w.org\/{rel}","templated":true}]}}