{"id":35445,"date":"2010-07-11T19:35:31","date_gmt":"2010-07-11T17:35:31","guid":{"rendered":"http:\/\/www.visit-ulcinj.com\/blog\/?p=35445"},"modified":"2010-07-11T19:35:31","modified_gmt":"2010-07-11T17:35:31","slug":"lezaljka-skuplja-od-kreveta","status":"publish","type":"post","link":"https:\/\/www.visit-ulcinj.com\/blog\/2010\/07\/11\/lezaljka-skuplja-od-kreveta\/","title":{"rendered":"Le\u017ealjka skuplja od kreveta"},"content":{"rendered":"<p><strong><a href=\"http:\/\/www.visit-ulcinj.com\/blog\/wp-content\/uploads\/2010\/07\/Velika-plaza-ulcinj_montenegro-11.jpg\"><img loading=\"lazy\" class=\"alignleft size-full wp-image-35446\" title=\"Velika plaza ulcinj_montenegro-1\" src=\"http:\/\/www.visit-ulcinj.com\/blog\/wp-content\/uploads\/2010\/07\/Velika-plaza-ulcinj_montenegro-11.jpg\" alt=\"Velika plaza ulcinj_montenegro-1\" width=\"490\" height=\"312\" srcset=\"https:\/\/www.visit-ulcinj.com\/blog\/wp-content\/uploads\/2010\/07\/Velika-plaza-ulcinj_montenegro-11.jpg 490w, https:\/\/www.visit-ulcinj.com\/blog\/wp-content\/uploads\/2010\/07\/Velika-plaza-ulcinj_montenegro-11-300x191.jpg 300w\" sizes=\"(max-width: 490px) 100vw, 490px\" \/><\/a>Ulcinj nije zakazao<\/strong><br \/>\nUlcinj &#8211; U Ulcinju trenutno boravi 5.225 gostiju u privatnom smje\u0161taju \u0161to je za pet vi\u0161e nego lani u istom periodu- pokazuje zvani?na statistika Turisti?ke organizacije grada, iako niko sa sigurno\u0161?u ne mo\u017ee utvrditi koliko turista boravi u privatnom smje\u0161taju u najju\u017enijoj op\u0161tini. Me?utim, izvjesno je da je taj broj znatno ve?i sude?i po gu\u017evama na pla\u017eama, uliciama i \u0161etali\u0161tima. To je \u201eVijestima\u201c potvrdio i direktor TO Ali Red\u017ea.<br \/>\n-U prvih deset dana jula, na Autobusku stanicu stiglo je oko 30 autobusa i skoro hiljadu putnika vi\u0161e nego pro\u0161le godine. Istovremeno, grani?ni prelaz Sukobin pre\u0161lo je 13 hiljada tirista vi\u0161e nego lani- kazao je Red\u017ea. On je naglasio da je evidencija gostiju u privatnom smje\u0161taju prioritetni izazov loklane vlasti u narednom periodu. Sli?nim podacima raspola\u017eu i u ulcinjskoj policiji.<br \/>\n&#8211; Dnevno na Autobusku stanicu stigne izme?u 25 i 28 autobusa sa oko hiljadu putnika \u0161to je ne\u0161to vi\u0161e nego pro\u0161le godine. U prvih deset dana jula grani?ni prelaz je pre\u0161lo 80 odsto turista vi\u0161e nego lani. Na glavnoj benzinskoj pumpi, poto\u0161nja goriva je na nivou pro\u0161le godine. Gu\u017eve na mostu ka Velikoj pla\u017ei po?ele su tri-?etiri dana ranije, a sve to upu?uje na zaklju?ak da gostiju u Ulcinju nije manje nego lani. Naprotiv, broj je znatno ve?i- re?eno je \u201eVijestima\u201c u ulcinjskoj policiji. Istovremeno, kako ka\u017eu u policiji, za to vrijeme u Ulcinju se nije desilo ni jedno te\u0161ko krivi?no djelo, udes sa te\u0161kim, a kamoli smrtnim posljedicama ili bitnije naru\u0161avanje javnog reda i mira.<br \/>\nVlasnik apartamnske grupacije Stari grad Gani Resulbegovi?, koji je i zakuopac dijela Male pla\u017ee, tvrdi da je sezona na nivou pro\u0161le.<br \/>\n-Pansionska i vanpansionska poto\u0161nja, na nivou su pro\u0161le godine ba\u0161 kao i popunjenost Male pla\u017ee. Zanimljivo je da u posljednja tri dana, kada se bli\u017eimo \u0161picu, nije zabilje\u017een zna?ajniji porast broja gostiju kao \u0161to je to bilo prethodnih godina- kazao je Resulbegovi?. Sa druge strane, nekoliko stanodavaca po\u017ealilo se \u201eVijestima\u201c na lo\u0161u sezonu.<br \/>\n&#8211; Ni u pola kao pro\u0161le godine &#8211; kazao je jedan od njih. I zakupac kupali\u0161ta \u201eSafari\u201c Zefa Deli? nije zadovoljan dosada\u0161njim tokom sezone.<br \/>\n&#8211; Lani je u ovo vrijeme bila ki\u0161a, ali ne manji broj gostiju. S druge strane, vanpansionska potro\u0161nja sada je bitno lo\u0161ija nego lani- kazao je Deli?, naglasiv\u0161i da glavna karakteristika ove sezone \u0161to je na njegovom kupali\u0161tu mnogo vi\u0161e gostiju iz BiH.<\/p>\n<p><strong>S.ADROVI?<br \/>\n<a href=\"http:\/\/www.vijesti.me\/\" target=\"_blank\">Vijesti<br \/>\n\n\t\t<style type=\"text\/css\">\n\t\t\t#gallery-1 {\n\t\t\t\tmargin: auto;\n\t\t\t}\n\t\t\t#gallery-1 .gallery-item {\n\t\t\t\tfloat: left;\n\t\t\t\tmargin-top: 10px;\n\t\t\t\ttext-align: center;\n\t\t\t\twidth: 33%;\n\t\t\t}\n\t\t\t#gallery-1 img {\n\t\t\t\tborder: 2px solid #cfcfcf;\n\t\t\t}\n\t\t\t#gallery-1 .gallery-caption {\n\t\t\t\tmargin-left: 0;\n\t\t\t}\n\t\t\t\/* see gallery_shortcode() in wp-includes\/media.php *\/\n\t\t<\/style>\n\t\t<div id='gallery-1' class='gallery galleryid-35445 gallery-columns-3 gallery-size-thumbnail'><dl class='gallery-item'>\n\t\t\t<dt class='gallery-icon landscape'>\n\t\t\t\t<a href='https:\/\/www.visit-ulcinj.com\/blog\/wp-content\/uploads\/2010\/07\/Velika-plaza-ulcinj_montenegro-11.jpg'><img width=\"150\" height=\"150\" src=\"https:\/\/www.visit-ulcinj.com\/blog\/wp-content\/uploads\/2010\/07\/Velika-plaza-ulcinj_montenegro-11-150x150.jpg\" class=\"attachment-thumbnail size-thumbnail\" alt=\"\" loading=\"lazy\" \/><\/a>\n\t\t\t<\/dt><\/dl><dl class='gallery-item'>\n\t\t\t<dt class='gallery-icon landscape'>\n\t\t\t\t<a href='https:\/\/www.visit-ulcinj.com\/blog\/wp-content\/uploads\/2010\/07\/Ulcinj_-Guzva-i-u-moru1.jpg'><img width=\"150\" height=\"150\" src=\"https:\/\/www.visit-ulcinj.com\/blog\/wp-content\/uploads\/2010\/07\/Ulcinj_-Guzva-i-u-moru1-150x150.jpg\" class=\"attachment-thumbnail size-thumbnail\" alt=\"\" loading=\"lazy\" \/><\/a>\n\t\t\t<\/dt><\/dl><dl class='gallery-item'>\n\t\t\t<dt class='gallery-icon landscape'>\n\t\t\t\t<a href='https:\/\/www.visit-ulcinj.com\/blog\/wp-content\/uploads\/2010\/07\/Ulcinjska-rivijera-puna-turista.21.jpg'><img width=\"150\" height=\"150\" src=\"https:\/\/www.visit-ulcinj.com\/blog\/wp-content\/uploads\/2010\/07\/Ulcinjska-rivijera-puna-turista.21-150x150.jpg\" class=\"attachment-thumbnail size-thumbnail\" alt=\"\" loading=\"lazy\" \/><\/a>\n\t\t\t<\/dt><\/dl><br style=\"clear: both\" \/>\n\t\t<\/div>\n<br \/>\n<\/a><!--YouTube Error: bad URL entered--><\/strong><br \/>\nBudva\/Herceg Novi \u2013 Da sezona nije dobra, nije. Ne?emo ostati gladni, uze?e se neka para. Ali, taj ostatak prihoda, da tokom zime ne\u0161to napravimo, popravimo, udamo, o\u017eenimo, kupimo ne\u0161to sebi, e on ne?e biti dobar \u2013 rije?i su izdavaoca privatnog smje\u0161taja u Petrovcu Zorana Dragovi?a. Ove rije?i, mo\u017eda, najbolje oslikavaju ovogodi\u0161nju ljetnju sezonu. I dok sa nestrpljenjem o?ekujemo \u201etalas gostiju\u201c iz okru\u017eenja, prije svega iz Srbije, Bosne i sa Kosova, koji nikako da krene, i dok ku?evlasnicima kreveti zjape prazni, gotovo smo svi svjedoci jedne od najkra?ih sezona u istoriji crnogorskog turizma. Pora\u017eavaju?e zvani?ne brojke o lo\u0161oj popunjenosti privatnog smje\u0161taja, od koga turizam ove dr\u017eave, svi?alo se to nekome ili ne, u stvari \u017eivi, i zasniva najve?i prihod, samo ukazuju da ne\u0161to nije u redu.<br \/>\nSama ?injenica da u metropoli turizma ima 16 hiljada turista u privatnom smje\u0161taju, \u0161to je gotovo za 15 odsto manje nego lani, koja je tako?e bila lo\u0161a turisti?ka godina, upu?uje da smo prestali da budemo omiljena destinacija nekada\u0161njim \u201ejugovi?ima\u201c. Upravo tih gostiju, kako smo ih pe\u017eorativno voljeli zvati \u201eparadajz turista\u201c sada nema ni za lijek, a upravo su oni ti od kojih o?ekujemo da nam spasu, ina?e, ve? lo\u0161u sezonu.<\/p>\n<p>?injenica da je na na\u0161em primorju u privatnom smje\u0161taju oko 300 hiljada kreveta, deset puta vi\u0161e nego u hotelima, dovoljno govori da je zarada, ma koliko se dosta toga odvijalo kroz sivu ekonomiju, ipak, najve?a u tom dijelu turisti?kog prometa. Iako gotovo svaki peti gost u tom vidu smje\u0161taja nije prijavljen, svi \u201eneprijavljeni\u201c ostave u na\u0161oj dr\u017eavi najmanje 500 eura tokom svog prosje?no desetodnevnog boravka.<br \/>\nA dr\u017eava, prije svega Ministarstvo turizma, gotovo svakodnevno ponavlja o?ekivanja da ?e nas ove godine posjetiti oko 1,1 milion turista i da ?emo zaraditi nevjerovatnih, i to u godini krize, 620 miliona eura, jedan odsto vi\u0161e u odnosu na pro\u0161lu godinu. \u017delje su jedno, a stvarnost je druga?ija, o ?emu najbolje svjedo?e ugostitelji, restorateri, zakupci pla\u017ea, koji su jednoglasni da su do\u0161li \u201cgosti koji mjere svaki cent\u201d.<br \/>\n&#8211; Kada zaista \u017eelimo da znamo kakvo je stvarno stanje, onda treba uzeti u obzir tu \u201euli?nu statistiku\u201c koja je mnogo ta?nija od zvani?ne. Kada pitam dilere soba kako im ide, oni mi ka\u017eu \u201enikako\u201d . Kad oni ka\u017eu da je nikako, onda je to statistika koja je, po mom mi\u0161ljenju, ta?nija. Kada odete u agenciju i pitate kako je, oni otvore listu i poka\u017eu da i u julu ima mjesta, a u avgustu koliko god ho?ete. Zna?i, ni oni nijesu zadovoljni. Nemaju plan, nego ?ekaju u zasjedi k\\&#8217;o ma?ka, pa ko \u0161ta zgrabi, zgrabi. Sezona definitivno nije kao \u0161to je bila do sada, prisutan je pad u odnosu na pro\u0161lu, koja je tako?e bila lo\u0161ija u odnosu na pretpro\u0161lu. Kada je rije? o gostima iz okru\u017eenja, ni na sajamu u Beogradu nijesu pokazali da su zainteresovani za na\u0161e podru?je. Sa na\u0161om NVO \u201ePetrovac na moru\u201c bili smo na Beogradskoj berzi, gdje smo godinama unazad prisutni. Znamo da tamo ne?emo prodati ni\u0161ta, jer predstavljamo male hotele i privatni smje\u0161taj, me?utim, pri?amo. Do?e, ipak, neko na \u0161tand i pita, raspituje se za ponudu, ima li vode, struje, kakve su pla\u017ee, pita nas ne\u0161to. Me?utim, ove godine ni pet ljudi nije stalo na \u0161tand da nas ne\u0161to pita \u2013 isti?e Dragovi?.<\/p>\n<p>Da situacija nije nimalo svijetla, svjedo?i i vlasnik pla\u017enog bara na Kamenovu Jovo ?urovi?, koji navodi da su im pazari upola manji nego pro\u0161le godine u ovo vrijeme.<br \/>\n&#8211; Ima gostiju preko sedmice, ali im je kupovna mo? slabija. Jedino je vikendom druga?ije, kada si?u \u201ena\u0161i\u201c iz Podgorice i ostalih gradova. Jednostavno, do\u0161li su gosti koji nijesu na odmoru da bi potro\u0161ili, ve? se na svaki mogu?i na?in trude da u\u0161tede &#8211; ocijenio je ?urovi?.<br \/>\nSuvlasnik najpopularnijeg otvorenog \u0161anka na \u0161etali\u0161tu kultnog \u201eTrokadera\u201c i zakupac pla\u017ee Branko \u2013 Bu?a Popovi? navodi da je do\u0161ao neki srednji sloj ruskih turista koji nema para, pa \u201e?ak i na pla\u017ee unose sa sobom hranu\u201c.<br \/>\n&#8211; Pazari su znatno lo\u0161iji, predsezona nam je bila mnogo bolja. O?ekujemo da ?e se u narednih nekoliko dana popuniti Budva &#8211; navodi Popovi?.<br \/>\nPredsjednik sektora privatnog smje\u0161taja pri Crnogorskom turisti?kom udru\u017eenju, Pero Ivkovi?, vlasnik agencije \u201eCipa travel\u201c sa Svetog Stefana, smatra da nema mjesta panici.<br \/>\n&#8211; Zadnjih deset dana su telefoni usijani, imali smo vi\u0161e od 150 poziva. Realno, mi nikada, godinama unazad, nijesmo imali popunjen po?etak jula. Ista je pri?a godinama unazada od 1. do 10. jula, a potom se sve popuni. Ne vidim razlog za stravi?nu paniku, generalno je lo\u0161e svima, ne samo kod nas. Gosti dolaze, svaki cent mjere, te\u0161ko im je da plate i boravi\u0161nu taksu \u2013 kazao je Ivkovi?.<\/p>\n<p>Hotelijer na SvetomStefanu Krsto Ra?enovi? nije nimalo optimisti?an i navodi da je u tom nekada elitnom ljetovali\u0161tu trenutno upola manje gostiju nego minulog ljeta.<br \/>\n&#8211; Razlozi zbog ?ega nema tradicionalno vjernih gostiju iz Srbije i okru\u017eenja su brojni. Prije svega, ukinute su vize, pa su im u ponudi znatno jeftinije destinacije, gdje su pla\u017ee ure?enije, gdje ne moraju da pla?aju skupi pla\u017eni mobilijar, gdje se ne izliva kanalizacija u more, gdje funkcioni\u0161e kompletna infrstrutkrua, gdje ne nestaje struja i voda. Mogu da idu u zemlje gdje im na granici ne uzimaju hranu, gdje se ne napla?uju takse. Jednoastavno, gosti kada vide kakvo ih sve maltretiranje ?eka od na\u0161e granice do mora, okrenu se ka drugim zemljama- obja\u0161njava Ra?enovi?.<br \/>\nNi\u0161ta bolja situcija nije ni u Herceg Novom, ina?e, nekada najpopularnijem ljetovali\u0161tu za srpske i turiste iz okru\u017eenja. Neki od jasnih pokazatelja koliko je gostiju na hercegnovskoj obali je red vo\u017enje gradskog prevoznika koji je i dalje isti kao van sezone. Autobusi i dalje gradom i rivijerom idu na pola sata, umjesto na 20 ili 15 minuta kada su sezonske gu\u017eve. Da su i trgovci precijenili sezonu, vidi se po ve?im koli?inama vra?enog hljeba pred prehrambenim trgovinama. I dileri na autobuskoj stanici koji su u ovo vrijeme pro\u0161le godine imali manje problema da \u201cpodijele plijen\u201d, uzimaju?i posao okolnim agencijama, imaju manje posla. U agencijama sezonu komentari\u0161u sa \u201cmrka kapa\u201d, a sa time se sla\u017eu izdavaoci u privatnom smje\u0161taju, koji i protiv svoje volje moraju da spuste cijene.<\/p>\n<p>U Herceg Novom i okolini gostuje oko 14 hiljada registrovanih turista, podatak je gradske Turisti?ke organizacije. Kao i ranijih godina, zvani?na brojka je diskutabilna, ali turisti?ki poslenici komentari\u0161u da se ona pribli\u017eava stvarnoj, jer je sve vi\u0161e registrovanih izdavalaca u privatnom smje\u0161taju. Procjenjuje se da na teritoriji grada i rivijere ima oko 30 hiljada kreveta u privatnoj ponudi.<br \/>\nOd pla\u017ee do pla\u017ee, u Herceg Novom je razli?ita slika. Dok su hotelske pla\u017ee popunjene, na nekima je u julu jo\u0161 poluprazno. U Igalu je uobi?ajeno naj\u017eivlje jer su banjski gosti najsigurniji turisti. Na rivijeri, najvi\u0161e kupa?a i gostiju je u Bao\u0161i?u, gdje, me?utim, pla\u017ee pune i doma?i, u velikom broju izbjegli i raseljeni koji \u017eive u kampovima, kao i vlasnici ku?a uglavnom iz Srbije, BiH, ali i ve?i broj Rusa. Kao i du\u017e cijelog primorja i ovdje Rusi svojima izdaju ku?e i stanove.<br \/>\nObala je i u gradu i na rivijeri u privatnom smje\u0161taju najpopunjenija, mada, za razliku od dobrih sezona kada se u julu te\u0161ko pronalazi krevet na morskoj pjeni, sada ga je lako na?i. Apartmanima \u201cFeral\u201d na hercegnovskom \u0160kveru, kako nam je kazala doma?ica apartmana, gosti ne fale. Tu smo dobili informaciju da se krevet na samoj obali u Novom mo\u017ee na?i i ispod 10 eura, ako je kupatilo zajedni?ko sa drugim gostima.<\/p>\n<p>Ovdje nisu znali da procijene da li ?e ova sezona biti gora nego pro\u0161logodi\u0161nja, ali su u \u201cVilla Ten\u017eera\u201d, apartmanskom kompleksu sa ?etiri zvijezdice rekli da im je posjeta \u201cnikad bolja\u201d.<br \/>\n&#8211; Ima gostiju za kvalitetnu ponudu, ali nije kvalitet kada gost mora da iza?e na raskopane ulice i upada u rupe, a oko njega je sme?e. Dru\u0161tvo nije na nivou kvaliteta, a nivo kulture je nizak, &#8211; ka\u017ee predstavnik kompleksa koji je tra\u017eio da mu se ne objavljuje ima.<br \/>\n&#8211; Op\u0161ti je utisak da na rivijeri ima gostiju, na pla\u017eama i u ve?ernjim \u0161etnjama se to najbolje vidi, ali su to u velikom broju doma?i i vlasnici stanova. Imamo registrovanih 700 turista i to je zna?ajno manje nego pro\u0161le godine, a posjeta se popravila tek u proteklih par dana &#8211; ka\u017ee Slavica Dabovi? iz turisti?ke agenije \u201cVega\u201d u Bao\u0161i?ima, na hercegnovskoj rivijeri sa najvi\u0161e turista.<br \/>\nKao \u0161to su pla\u017ee u djelovima sa le\u017ealjkama poluprazne, iako se zakupci trude da ih protivno propisu cijele prekriju le\u017ealjkama, tako se i restorani na obali ne mogu pohvaliti dobrim prometom, osim onih koji \u201cimaju ime\u201d.<br \/>\nU Igalu, vlasnik poznatog restorana \u201cLeut\u201d Gligo Cvjetkovi? ka\u017ee da gosti manje dolaze na ru?ak, a ve?e im je udarno vrijeme. Njegov je utisak da je posjeta na pro\u0161logodi\u0161njem nivou, ali se promijenila struktura gostiju.<br \/>\n-Ima vi\u0161e mje\u0161tana nego ranije u odnosu na turiste, a dolazi nam i ve?i broj Rusa koji vole da potro\u0161e &#8211; ka\u017ee Cvjetkovi?.<br \/>\nSlabiju posjetu potvr?uju i u agenciji BLU line, gdje ka\u017eu da prodaju manje autobuskih karata nego lani, a putnici su uglavnom iz Srbije.<br \/>\ne\u017ealjka skuplja od kreveta u privatnom smje\u0161taju<\/p>\n<p>Da nijesmo ozbiljno shvatili lo\u0161e poruke o ekonomskoj krizi koja je gotovo paralisala okolne dr\u017eave, te i ono malo tamo\u0161njeg stanovni\u0161tva koje se bude odlu?ilo da ode na more, dobro ?e razmisliti gdje ?e i?i, te da ?e izbor pasti na jeftinije destinacije, svjedo?e i cijene u Budvi.<br \/>\nPojedinci umjesto da spuste, ?ak su pove?ali cijene. I dok se po analizi tr\u017ei\u0161ta ?ak 68 odsto Srba odlu?ilo da ne ide na ljetovanje, a ostatak izabrao Gr?ku kao najomiljeniju destinaicju, dotle je cijena vo?a i povr?a u prijestonici turizma, astronomska za goste. Zamislite srpskog turistu koji mora da za kilogram tre\u0161anja izdvoji 4.000 dinara ili ?etiri eura, ili pak za kilogram nektarina ?ak 2.500 ili 3.000 dinara(2,5 ili 3 eura), koliko ?e ih ko\u0161tati doma?e pivo u lokalnim kafeima. Cijene u privatnom smje\u0161taju su jo\u0161 i najpovoljnije, jer prosje?no iznajmljivanje kreveta za no? ko\u0161ta od osam do deset eura, ali pora\u017eavaju?e je svakako da ?e morati isto toliko, pa ?ak i vi\u0161e da izdvoje za iznajmljivanje mobilijara na nekoj od budvanskih pla\u017ea. Sve su to mo\u017eda razlozi zbog kojih taj sada \u201cosiroma\u0161eniji\u201d gost, jer je dinar unazad par mjeseci do\u017eivio sunovrat u odnosu na euro, jo\u0161 nije krenuo ka Crnoj Gori, gdje ga sa nestrpljenjem svi ?ekaju da spase sezonu.<br \/>\nNajbolje govori upore?ivanje jednog srpskog gosta o cijenama, koje je iznio na forumu portala B92.<br \/>\n&#8211; Sardinija za Italijane predstavlja najelitnije ljetovali\u0161te u domovini. Obi\u0161ao sam sjeverozapadni dio ostrva. Cijene u gradu Alghero koji je tri puta ve?i od Budve, ima fantasti?an stari grad i mnostvo sadr\u017eaja, gotovo su iste, ?ak i ni\u017ee.<\/p>\n<p>SNP: Nenezi? ?e Svetac otvoriti za Novu godinu<\/p>\n<p>Iako se jo\u0161 ne zna kada ?e prvi gosti u?i u grad hotel Sveti Stefan, jer svakodnevno sti\u017eu opre?ne informacije, sve su prilike da ?e i ove sezone, ?etvrte po redu, nekada za\u0161titni znak crnogorskog turizma biti zatvoren.<br \/>\nBudvanski SNP, koji se u nekoliko navrata ogla\u0161avao povodom opre?nih izjava ministra turizma Predraga Nenezi?a kada ?e Svetac biti otvoren, ju?e ga je ponovo optu\u017eio da obmanjuje javnost.<br \/>\n&#8211; Poku\u0161avaju?i da pobjegne od sopstvene odgovornosti za javno iskazano obe?anje da ?e Sveti Stefan biti otvoren 1. jula, ministar Nenezi? u sino?njem nemu\u0161tom obra?anju preko TV Budve je saop\u0161tio javnosti da sada uop\u0161te nije ni bitno kada ?e Sveti Stefan biti otvoren, pa ponovo licitira datumima kao \u0161to je 1. avgust, itd. Kre?u?i se u ovom smjeru, mo\u017ee se o?ekivati od ovog tragikomi?nog ministra da nam uskoro najavi otvaranje Svetog Stefana za Novu godinu. Dok on pokazuje i izra\u017eava zadovoljstvo teku?om turisti?kom sezonom, stvarnost i situacija na terenu ga grubo demantuju, \u0161to se da i primijetiti po zna?ajno manjem broju turista iz Srbije u privatnom smje\u0161taju. Na\u017ealost, politika Vlade u kojoj je Nenezi? ministar, svojom politikom zabadanja no\u017ea u le?a Srbiji je po?ela da daje rezultate, nakon \u0161to su ukinute vize. Turisti iz Srbije se odlu?uju za destinacije gdje su dobrodo\u0161li, gdje ih turisti?ki poslenici ne nazivaju \\&#8221;paradajz turistima\\&#8221;, gdje im se ne napla?uje \\&#8221;ekolo\u0161ka taksa\\&#8221; i gdje imaju obezbije?enu redovnu struju i vodu itd. Bilo je samo pitanje kada ?e nam se takva politika vratiti kao boomerang \u2013 navodi se u saop\u0161tenju najja?e budvanske opozicione partije.<\/p>\n<p>Na Dobrakovu bez gu\u017eve i kolona<\/p>\n<p>Bijelo Polje &#8211; Iako je turisti?ka sezona u punom jeku na grani?nom prelazu Dobrakovo kod Bijelog Polja nema ve?ih gu\u017evi i du\u017eeg zadr\u017eavanja. Robni saobra?aj je gu\u0161?i uglavnom u ve?ernjim satima jer voza?i zbog visokih temperatura radije putuju no?u,kako bi rano ujutro stigli na odredi\u0161te.<br \/>\n-Putni?ki saobra?aj je manji u odnosu na isti period pro\u0161le i ranijih godina iako su 1,10. i 20. u mjesecu, kada je smjena turista na moru, slovilili za nafrekventnije &#8211; ispri?ao je reporteru \u201cVijesti\u201c jedan od carinika sa Dobrakova i dodao da je u istom intervalu ranijih godina hiljade putni?kih automobila i stotine kamiona prelazilo granicu.<br \/>\nJu?e u periodu od 12,30 i 13,30 ?asova reporter \u201eVijesti\u201c na Dobrakovu propratio je par kamiona i \u0161lepera i nekoliko desetina putni?kih automobila koji su nakon neophodne procedure i uz kra?e zadr\u017eavanje u\u0161li i iza\u0161li iz Crne Gore.<br \/>\n&#8211; S obzirom da je u toku sanacija klizi\u0161ta magistralne dionice prema Prijepolju u blizini gradske deponije u Dobrakovu, zbog semafora se naizmjeni?no propu\u0161taju vozila tako da povremeno dolazi do stvaranja kolona ali ne i ve?ih gu\u017evi.Posao se uglavnom odvija rutinski i bez ve?ih zadr\u017eavanja &#8211; kazao je sagovornik \u201cVijesti\u201d.<br \/>\nJedinu ve?u kolonu vozila reporter je zapazio na putu prema Dobrakovu u mjestu Konatari gdje je trebao da se zaobi?e traktor natovaren sijenom. I kroz Bijelo Polje kao tranzitni centar odnosno raskrsnicu puteva koji vode prema Srbiji, centralnom i ju\u017enom dijelu Crne Gore ovih dana nijesu zapa\u017eene ve?e gu\u017eve.<br \/>\nSlovaci Adriana Kraj?iova i Stanisalav ?op otputovali su prema \u017dabljaku sa namjerom da kasnije posjete i nacionalni park Biogradska Gora.<br \/>\n&#8211; Putovali smo bez ikakvih problema, jedino je bilo manjeg zastoja nedaleko od granice gdje se popravlja put. Namjeravamo da posjetimo neka mjesta na crnogorskom primorju i manastir Ostrog. Slu\u017ebenici na grani?nom prelazu su zaista predusretljivi i ljubazni &#8211; kazali su na ruskom jeziku turisti iz Slova?ke.<\/p>\n<p><strong>B.?OKOVI?<br \/>\nV. LAJOVI? &#8211; S. RADOSAVLJEVI?<br \/>\n<a href=\"http:\/\/www.vijesti.me\/\" target=\"_blank\">Vijesti<\/a><\/strong><\/p>\n","protected":false},"excerpt":{"rendered":"<p>Ulcinj nije zakazao Ulcinj &#8211; U Ulcinju trenutno boravi 5.225 gostiju u privatnom smje\u0161taju \u0161to je za pet vi\u0161e nego lani u istom periodu- pokazuje zvani?na statistika Turisti?ke organizacije grada, iako niko sa sigurno\u0161?u ne mo\u017ee utvrditi koliko turista boravi u privatnom smje\u0161taju u najju\u017enijoj op\u0161tini. Me?utim, izvjesno je da je taj broj znatno ve?i [&hellip;]<\/p>\n","protected":false},"author":1,"featured_media":0,"comment_status":"open","ping_status":"closed","sticky":false,"template":"","format":"standard","meta":{"spay_email":"","jetpack_publicize_message":"","jetpack_is_tweetstorm":false,"jetpack_publicize_feature_enabled":true},"categories":[8337],"tags":[],"jetpack_publicize_connections":[],"yoast_head":"<!-- This site is optimized with the Yoast SEO plugin v19.1 - https:\/\/yoast.com\/wordpress\/plugins\/seo\/ -->\n<title>Le\u017ealjka skuplja od kreveta - Lajme nga Ulqini<\/title>\n<meta name=\"description\" content=\"Ulcinj nije zakazao Ulcinj - U Ulcinju trenutno boravi 5.225 gostiju u privatnom smje\u0161taju \u0161to je za pet vi\u0161e nego lani u istom periodu- pokazuje zvani?na\" \/>\n<meta name=\"robots\" content=\"index, follow, max-snippet:-1, max-image-preview:large, max-video-preview:-1\" \/>\n<link rel=\"canonical\" href=\"https:\/\/www.visit-ulcinj.com\/blog\/2010\/07\/11\/lezaljka-skuplja-od-kreveta\/\" \/>\n<meta property=\"og:locale\" content=\"en_US\" \/>\n<meta property=\"og:type\" content=\"article\" \/>\n<meta property=\"og:title\" content=\"Le\u017ealjka skuplja od kreveta - Lajme nga Ulqini\" \/>\n<meta property=\"og:description\" content=\"Ulcinj nije zakazao Ulcinj - U Ulcinju trenutno boravi 5.225 gostiju u privatnom smje\u0161taju \u0161to je za pet vi\u0161e nego lani u istom periodu- pokazuje zvani?na\" \/>\n<meta property=\"og:url\" content=\"https:\/\/www.visit-ulcinj.com\/blog\/2010\/07\/11\/lezaljka-skuplja-od-kreveta\/\" \/>\n<meta property=\"og:site_name\" content=\"Lajme nga Ulqini\" \/>\n<meta property=\"article:published_time\" content=\"2010-07-11T17:35:31+00:00\" \/>\n<meta property=\"og:image\" content=\"https:\/\/www.visit-ulcinj.com\/blog\/wp-content\/uploads\/2010\/07\/Velika-plaza-ulcinj_montenegro-11-150x150.jpg\" \/>\n<meta name=\"twitter:label1\" content=\"Written by\" \/>\n\t<meta name=\"twitter:data1\" content=\"ulqini\" \/>\n\t<meta name=\"twitter:label2\" content=\"Est. reading time\" \/>\n\t<meta name=\"twitter:data2\" content=\"15 minutes\" \/>\n<script type=\"application\/ld+json\" class=\"yoast-schema-graph\">{\"@context\":\"https:\/\/schema.org\",\"@graph\":[{\"@type\":\"WebSite\",\"@id\":\"https:\/\/www.visit-ulcinj.com\/blog\/#website\",\"url\":\"https:\/\/www.visit-ulcinj.com\/blog\/\",\"name\":\"Lajme nga Ulqini\",\"description\":\"Lajme,Vijesti,Ulqini,Ulqin,Crna Gora,Mali i Zi\",\"potentialAction\":[{\"@type\":\"SearchAction\",\"target\":{\"@type\":\"EntryPoint\",\"urlTemplate\":\"https:\/\/www.visit-ulcinj.com\/blog\/?s={search_term_string}\"},\"query-input\":\"required name=search_term_string\"}],\"inLanguage\":\"en-US\"},{\"@type\":\"ImageObject\",\"inLanguage\":\"en-US\",\"@id\":\"https:\/\/www.visit-ulcinj.com\/blog\/2010\/07\/11\/lezaljka-skuplja-od-kreveta\/#primaryimage\",\"url\":\"https:\/\/www.visit-ulcinj.com\/blog\/wp-content\/uploads\/2010\/07\/Velika-plaza-ulcinj_montenegro-11.jpg\",\"contentUrl\":\"https:\/\/www.visit-ulcinj.com\/blog\/wp-content\/uploads\/2010\/07\/Velika-plaza-ulcinj_montenegro-11.jpg\",\"width\":\"490\",\"height\":\"312\"},{\"@type\":\"WebPage\",\"@id\":\"https:\/\/www.visit-ulcinj.com\/blog\/2010\/07\/11\/lezaljka-skuplja-od-kreveta\/#webpage\",\"url\":\"https:\/\/www.visit-ulcinj.com\/blog\/2010\/07\/11\/lezaljka-skuplja-od-kreveta\/\",\"name\":\"Le\u017ealjka skuplja od kreveta - Lajme nga Ulqini\",\"isPartOf\":{\"@id\":\"https:\/\/www.visit-ulcinj.com\/blog\/#website\"},\"primaryImageOfPage\":{\"@id\":\"https:\/\/www.visit-ulcinj.com\/blog\/2010\/07\/11\/lezaljka-skuplja-od-kreveta\/#primaryimage\"},\"datePublished\":\"2010-07-11T17:35:31+00:00\",\"dateModified\":\"2010-07-11T17:35:31+00:00\",\"author\":{\"@id\":\"https:\/\/www.visit-ulcinj.com\/blog\/#\/schema\/person\/dcab619c614d3038751c63bc2aadc06d\"},\"description\":\"Ulcinj nije zakazao Ulcinj - U Ulcinju trenutno boravi 5.225 gostiju u privatnom smje\u0161taju \u0161to je za pet vi\u0161e nego lani u istom periodu- pokazuje zvani?na\",\"breadcrumb\":{\"@id\":\"https:\/\/www.visit-ulcinj.com\/blog\/2010\/07\/11\/lezaljka-skuplja-od-kreveta\/#breadcrumb\"},\"inLanguage\":\"en-US\",\"potentialAction\":[{\"@type\":\"ReadAction\",\"target\":[\"https:\/\/www.visit-ulcinj.com\/blog\/2010\/07\/11\/lezaljka-skuplja-od-kreveta\/\"]}]},{\"@type\":\"BreadcrumbList\",\"@id\":\"https:\/\/www.visit-ulcinj.com\/blog\/2010\/07\/11\/lezaljka-skuplja-od-kreveta\/#breadcrumb\",\"itemListElement\":[{\"@type\":\"ListItem\",\"position\":1,\"name\":\"Le\u017ealjka skuplja od kreveta\"}]},{\"@type\":\"Person\",\"@id\":\"https:\/\/www.visit-ulcinj.com\/blog\/#\/schema\/person\/dcab619c614d3038751c63bc2aadc06d\",\"name\":\"ulqini\",\"sameAs\":[\"http:\/\/www.visit-ulcinj.com\"],\"url\":\"https:\/\/www.visit-ulcinj.com\/blog\/author\/admin\/\"}]}<\/script>\n<!-- \/ Yoast SEO plugin. -->","yoast_head_json":{"title":"Le\u017ealjka skuplja od kreveta - Lajme nga Ulqini","description":"Ulcinj nije zakazao Ulcinj - U Ulcinju trenutno boravi 5.225 gostiju u privatnom smje\u0161taju \u0161to je za pet vi\u0161e nego lani u istom periodu- pokazuje zvani?na","robots":{"index":"index","follow":"follow","max-snippet":"max-snippet:-1","max-image-preview":"max-image-preview:large","max-video-preview":"max-video-preview:-1"},"canonical":"https:\/\/www.visit-ulcinj.com\/blog\/2010\/07\/11\/lezaljka-skuplja-od-kreveta\/","og_locale":"en_US","og_type":"article","og_title":"Le\u017ealjka skuplja od kreveta - Lajme nga Ulqini","og_description":"Ulcinj nije zakazao Ulcinj - U Ulcinju trenutno boravi 5.225 gostiju u privatnom smje\u0161taju \u0161to je za pet vi\u0161e nego lani u istom periodu- pokazuje zvani?na","og_url":"https:\/\/www.visit-ulcinj.com\/blog\/2010\/07\/11\/lezaljka-skuplja-od-kreveta\/","og_site_name":"Lajme nga Ulqini","article_published_time":"2010-07-11T17:35:31+00:00","og_image":[{"url":"https:\/\/www.visit-ulcinj.com\/blog\/wp-content\/uploads\/2010\/07\/Velika-plaza-ulcinj_montenegro-11-150x150.jpg"}],"twitter_misc":{"Written by":"ulqini","Est. reading time":"15 minutes"},"schema":{"@context":"https:\/\/schema.org","@graph":[{"@type":"WebSite","@id":"https:\/\/www.visit-ulcinj.com\/blog\/#website","url":"https:\/\/www.visit-ulcinj.com\/blog\/","name":"Lajme nga Ulqini","description":"Lajme,Vijesti,Ulqini,Ulqin,Crna Gora,Mali i Zi","potentialAction":[{"@type":"SearchAction","target":{"@type":"EntryPoint","urlTemplate":"https:\/\/www.visit-ulcinj.com\/blog\/?s={search_term_string}"},"query-input":"required name=search_term_string"}],"inLanguage":"en-US"},{"@type":"ImageObject","inLanguage":"en-US","@id":"https:\/\/www.visit-ulcinj.com\/blog\/2010\/07\/11\/lezaljka-skuplja-od-kreveta\/#primaryimage","url":"https:\/\/www.visit-ulcinj.com\/blog\/wp-content\/uploads\/2010\/07\/Velika-plaza-ulcinj_montenegro-11.jpg","contentUrl":"https:\/\/www.visit-ulcinj.com\/blog\/wp-content\/uploads\/2010\/07\/Velika-plaza-ulcinj_montenegro-11.jpg","width":"490","height":"312"},{"@type":"WebPage","@id":"https:\/\/www.visit-ulcinj.com\/blog\/2010\/07\/11\/lezaljka-skuplja-od-kreveta\/#webpage","url":"https:\/\/www.visit-ulcinj.com\/blog\/2010\/07\/11\/lezaljka-skuplja-od-kreveta\/","name":"Le\u017ealjka skuplja od kreveta - Lajme nga Ulqini","isPartOf":{"@id":"https:\/\/www.visit-ulcinj.com\/blog\/#website"},"primaryImageOfPage":{"@id":"https:\/\/www.visit-ulcinj.com\/blog\/2010\/07\/11\/lezaljka-skuplja-od-kreveta\/#primaryimage"},"datePublished":"2010-07-11T17:35:31+00:00","dateModified":"2010-07-11T17:35:31+00:00","author":{"@id":"https:\/\/www.visit-ulcinj.com\/blog\/#\/schema\/person\/dcab619c614d3038751c63bc2aadc06d"},"description":"Ulcinj nije zakazao Ulcinj - U Ulcinju trenutno boravi 5.225 gostiju u privatnom smje\u0161taju \u0161to je za pet vi\u0161e nego lani u istom periodu- pokazuje zvani?na","breadcrumb":{"@id":"https:\/\/www.visit-ulcinj.com\/blog\/2010\/07\/11\/lezaljka-skuplja-od-kreveta\/#breadcrumb"},"inLanguage":"en-US","potentialAction":[{"@type":"ReadAction","target":["https:\/\/www.visit-ulcinj.com\/blog\/2010\/07\/11\/lezaljka-skuplja-od-kreveta\/"]}]},{"@type":"BreadcrumbList","@id":"https:\/\/www.visit-ulcinj.com\/blog\/2010\/07\/11\/lezaljka-skuplja-od-kreveta\/#breadcrumb","itemListElement":[{"@type":"ListItem","position":1,"name":"Le\u017ealjka skuplja od kreveta"}]},{"@type":"Person","@id":"https:\/\/www.visit-ulcinj.com\/blog\/#\/schema\/person\/dcab619c614d3038751c63bc2aadc06d","name":"ulqini","sameAs":["http:\/\/www.visit-ulcinj.com"],"url":"https:\/\/www.visit-ulcinj.com\/blog\/author\/admin\/"}]}},"jetpack_featured_media_url":"","jetpack_sharing_enabled":true,"jetpack_shortlink":"https:\/\/wp.me\/pe6lTn-9dH","_links":{"self":[{"href":"https:\/\/www.visit-ulcinj.com\/blog\/wp-json\/wp\/v2\/posts\/35445"}],"collection":[{"href":"https:\/\/www.visit-ulcinj.com\/blog\/wp-json\/wp\/v2\/posts"}],"about":[{"href":"https:\/\/www.visit-ulcinj.com\/blog\/wp-json\/wp\/v2\/types\/post"}],"author":[{"embeddable":true,"href":"https:\/\/www.visit-ulcinj.com\/blog\/wp-json\/wp\/v2\/users\/1"}],"replies":[{"embeddable":true,"href":"https:\/\/www.visit-ulcinj.com\/blog\/wp-json\/wp\/v2\/comments?post=35445"}],"version-history":[{"count":0,"href":"https:\/\/www.visit-ulcinj.com\/blog\/wp-json\/wp\/v2\/posts\/35445\/revisions"}],"wp:attachment":[{"href":"https:\/\/www.visit-ulcinj.com\/blog\/wp-json\/wp\/v2\/media?parent=35445"}],"wp:term":[{"taxonomy":"category","embeddable":true,"href":"https:\/\/www.visit-ulcinj.com\/blog\/wp-json\/wp\/v2\/categories?post=35445"},{"taxonomy":"post_tag","embeddable":true,"href":"https:\/\/www.visit-ulcinj.com\/blog\/wp-json\/wp\/v2\/tags?post=35445"}],"curies":[{"name":"wp","href":"https:\/\/api.w.org\/{rel}","templated":true}]}}