{"id":35462,"date":"2010-07-12T18:30:07","date_gmt":"2010-07-12T16:30:07","guid":{"rendered":"http:\/\/www.visit-ulcinj.com\/blog\/?p=35462"},"modified":"2010-07-12T18:30:07","modified_gmt":"2010-07-12T16:30:07","slug":"forca-konference-per-media-2","status":"publish","type":"post","link":"https:\/\/www.visit-ulcinj.com\/blog\/2010\/07\/12\/forca-konference-per-media-2\/","title":{"rendered":"Forca: Konference per Media"},"content":{"rendered":"<p><a href=\"http:\/\/www.visit-ulcinj.com\/blog\/wp-content\/uploads\/2010\/07\/FORCA-e-Re-Demokratike-ulqin.jpg\"><img loading=\"lazy\" class=\"alignleft size-full wp-image-35463\" title=\"FORCA e Re Demokratike ulqin\" src=\"http:\/\/www.visit-ulcinj.com\/blog\/wp-content\/uploads\/2010\/07\/FORCA-e-Re-Demokratike-ulqin.jpg\" alt=\"FORCA e Re Demokratike ulqin\" width=\"490\" height=\"381\" \/><\/a>Me k\u00ebt\u00eb\u00a0 konferenc\u00eb FORCA e Re Demokratike t\u00ebrheq v\u00ebmendjen p\u00ebr situat\u00ebn dramatike q\u00eb po p\u00ebson komuna jon\u00eb dhe b\u00ebn thirrje q\u00eb t\u2019i jepet fund k\u00ebsaj situate kaotike duke rikthyer jet\u00ebn institucionale n\u00eb komun\u00ebn ton\u00eb.<\/p>\n<p>Mungesa e funksionimit t\u00eb Kuvendit ka b\u00ebr\u00eb q\u00eb pap\u00ebrgjegjsija dhe paaft\u00ebsia e qeverisjes s\u00eb pushtetit aktual t\u00eb kaloj\u00eb momente t\u00eb jasht\u00ebzakonshme e t\u00eb rrezikoj\u00eb seriozisht t\u00eb ardhmen ton\u00eb.\u00a0 Mbledhja e fundit e Kuvendit t\u00eb Komun\u00ebs \u00ebsht\u00eb mbajtur me dat\u00ebn\u00a0\u00a0 22 janar 2010 edhe ajo ishte e jasht\u00ebzakonshme me iniciatv\u00eb t\u00eb FORC\u00cbS dhe tasht jan\u00eb\u00a0 b\u00ebr\u00eb\u00a0 6 muaj q\u00eb kuvendi komunal nuk\u00a0 funksionon. Qytetar\u00ebt e Ulqinit kan\u00eb nevoj\u00eb\u00a0 p\u00ebr kuvendin e Komun\u00ebs I cili do t\u00eb mund t\u00eb siguronte transparenc\u00eb lidhur me situat\u00ebn e r\u00ebnd\u00eb ku gjendet komuna dhe t\u00eb k\u00ebrkonte llogari nga pushtetar\u00ebt lidhur me veprimet q\u00eb ata do nd\u00ebrmarrin p\u00ebr ta nxjerr\u00eb vendin nga kriza. Me qindra probleme, shqet\u00ebsime dhe projekte kan\u00eb\u00a0 vite me radh q\u00eb presin t\u00eb merren n\u00eb shqyrtim nga kuvendi komunal.<\/p>\n<p>Ky sabotim q\u00eb po i b\u00ebhet Kuvendit Komunal prej pushtetar\u00ebve e ka shnd\u00ebrruar Komun\u00ebn ton\u00eb n\u00eb nj\u00eb pron\u00eb private t\u00eb Kryetarit t\u00eb Komun\u00ebs dhe e ka rrezikuar seriozisht mir\u00ebq\u00ebnien dhe t\u00eb ardhmen e bashk\u00ebqytetar\u00ebve tan\u00eb.<\/p>\n<p>Ne k\u00ebrkojm\u00eb q\u00eb Pushteti aktual t\u00eb mbledh\u00eb sa m\u00eb shpejt Kuvendin e Komun\u00ebs\u00a0 n\u00eb m\u00ebnyr\u00eb q\u00eb t\u00eb rikthehet funksionimi I Kushtetutes dhe ligjit si dhe institucioneve tjera. Me riaktivizimin e kuvendit qytetar\u00ebt do t\u00eb marrin p\u00ebrgjigje p\u00ebr shum\u00eb probleme\u00a0 dhe pushtetar\u00ebt do t\u00eb vihen para p\u00ebrgjegj\u00ebsis\u00eb\u00a0 p\u00ebr situat\u00ebn ku e kan pruar komun\u00ebn.<\/p>\n<p>N\u00ebse pushtetar\u00ebt\u00a0 nuk mund t\u00eb mbledhin Kuvendin e Komun\u00ebs s\u00eb Ulqinit brenda k\u00ebtij muaji at\u00ebhere le t\u00eb shpallin zgjedhje t\u00eb reja t\u00eb parakohshme.\u00a0 Kjo situat\u00eb \u00ebsht\u00eb b\u00ebr\u00eb e padurueshme prandaj n\u00ebse pushteti\u00a0 p\u00ebrs\u00ebri tregon paaft\u00ebsi dhe pap\u00ebrgjegjsi, dhe nuk di ta zgjidh\u00eb k\u00ebt\u00eb situat\u00eb at\u00ebhere le t\u00eb kthehemi perseri te qytetar\u00ebt te cilit kesaj radhe me doren e tyre edhe me te vendosur do te i japin zgjidhje kesaj sistuate.<\/p>\n<p><strong>Sh\u00ebrbimi p\u00ebr informrim i Forc\u00ebs<\/strong><\/p>\n","protected":false},"excerpt":{"rendered":"<p>Me k\u00ebt\u00eb\u00a0 konferenc\u00eb FORCA e Re Demokratike t\u00ebrheq v\u00ebmendjen p\u00ebr situat\u00ebn dramatike q\u00eb po p\u00ebson komuna jon\u00eb dhe b\u00ebn thirrje q\u00eb t\u2019i jepet fund k\u00ebsaj situate kaotike duke rikthyer jet\u00ebn institucionale n\u00eb komun\u00ebn ton\u00eb. Mungesa e funksionimit t\u00eb Kuvendit ka b\u00ebr\u00eb q\u00eb pap\u00ebrgjegjsija dhe paaft\u00ebsia e qeverisjes s\u00eb pushtetit aktual t\u00eb kaloj\u00eb momente t\u00eb jasht\u00ebzakonshme [&hellip;]<\/p>\n","protected":false},"author":1,"featured_media":0,"comment_status":"open","ping_status":"closed","sticky":false,"template":"","format":"standard","meta":{"spay_email":"","jetpack_publicize_message":"","jetpack_is_tweetstorm":false,"jetpack_publicize_feature_enabled":true},"categories":[6],"tags":[874,95,200,18],"jetpack_publicize_connections":[],"yoast_head":"<!-- This site is optimized with the Yoast SEO plugin v19.1 - https:\/\/yoast.com\/wordpress\/plugins\/seo\/ -->\n<title>Forca: Konference per Media - Lajme nga Ulqini<\/title>\n<meta name=\"description\" content=\"Me k\u00ebt\u00eb\u00a0 konferenc\u00eb FORCA e Re Demokratike t\u00ebrheq v\u00ebmendjen p\u00ebr situat\u00ebn dramatike q\u00eb po p\u00ebson komuna jon\u00eb dhe b\u00ebn thirrje q\u00eb t\u2019i jepet fund k\u00ebsaj situate\" \/>\n<meta name=\"robots\" content=\"index, follow, max-snippet:-1, max-image-preview:large, max-video-preview:-1\" \/>\n<link rel=\"canonical\" href=\"https:\/\/www.visit-ulcinj.com\/blog\/2010\/07\/12\/forca-konference-per-media-2\/\" \/>\n<meta property=\"og:locale\" content=\"en_US\" \/>\n<meta property=\"og:type\" content=\"article\" \/>\n<meta property=\"og:title\" content=\"Forca: Konference per Media - Lajme nga Ulqini\" \/>\n<meta property=\"og:description\" content=\"Me k\u00ebt\u00eb\u00a0 konferenc\u00eb FORCA e Re Demokratike t\u00ebrheq v\u00ebmendjen p\u00ebr situat\u00ebn dramatike q\u00eb po p\u00ebson komuna jon\u00eb dhe b\u00ebn thirrje q\u00eb t\u2019i jepet fund k\u00ebsaj situate\" \/>\n<meta property=\"og:url\" content=\"https:\/\/www.visit-ulcinj.com\/blog\/2010\/07\/12\/forca-konference-per-media-2\/\" \/>\n<meta property=\"og:site_name\" content=\"Lajme nga Ulqini\" \/>\n<meta property=\"article:published_time\" content=\"2010-07-12T16:30:07+00:00\" \/>\n<meta property=\"og:image\" content=\"http:\/\/www.visit-ulcinj.com\/blog\/wp-content\/uploads\/2010\/07\/FORCA-e-Re-Demokratike-ulqin.jpg\" \/>\n<meta name=\"twitter:label1\" content=\"Written by\" \/>\n\t<meta name=\"twitter:data1\" content=\"ulqini\" \/>\n\t<meta name=\"twitter:label2\" content=\"Est. reading time\" \/>\n\t<meta name=\"twitter:data2\" content=\"2 minutes\" \/>\n<script type=\"application\/ld+json\" class=\"yoast-schema-graph\">{\"@context\":\"https:\/\/schema.org\",\"@graph\":[{\"@type\":\"WebSite\",\"@id\":\"https:\/\/www.visit-ulcinj.com\/blog\/#website\",\"url\":\"https:\/\/www.visit-ulcinj.com\/blog\/\",\"name\":\"Lajme nga Ulqini\",\"description\":\"Lajme,Vijesti,Ulqini,Ulqin,Crna Gora,Mali i Zi\",\"potentialAction\":[{\"@type\":\"SearchAction\",\"target\":{\"@type\":\"EntryPoint\",\"urlTemplate\":\"https:\/\/www.visit-ulcinj.com\/blog\/?s={search_term_string}\"},\"query-input\":\"required name=search_term_string\"}],\"inLanguage\":\"en-US\"},{\"@type\":\"ImageObject\",\"inLanguage\":\"en-US\",\"@id\":\"https:\/\/www.visit-ulcinj.com\/blog\/2010\/07\/12\/forca-konference-per-media-2\/#primaryimage\",\"url\":\"https:\/\/www.visit-ulcinj.com\/blog\/wp-content\/uploads\/2010\/07\/FORCA-e-Re-Demokratike-ulqin.jpg\",\"contentUrl\":\"https:\/\/www.visit-ulcinj.com\/blog\/wp-content\/uploads\/2010\/07\/FORCA-e-Re-Demokratike-ulqin.jpg\",\"width\":\"500\",\"height\":\"481\"},{\"@type\":\"WebPage\",\"@id\":\"https:\/\/www.visit-ulcinj.com\/blog\/2010\/07\/12\/forca-konference-per-media-2\/#webpage\",\"url\":\"https:\/\/www.visit-ulcinj.com\/blog\/2010\/07\/12\/forca-konference-per-media-2\/\",\"name\":\"Forca: Konference per Media - Lajme nga Ulqini\",\"isPartOf\":{\"@id\":\"https:\/\/www.visit-ulcinj.com\/blog\/#website\"},\"primaryImageOfPage\":{\"@id\":\"https:\/\/www.visit-ulcinj.com\/blog\/2010\/07\/12\/forca-konference-per-media-2\/#primaryimage\"},\"datePublished\":\"2010-07-12T16:30:07+00:00\",\"dateModified\":\"2010-07-12T16:30:07+00:00\",\"author\":{\"@id\":\"https:\/\/www.visit-ulcinj.com\/blog\/#\/schema\/person\/dcab619c614d3038751c63bc2aadc06d\"},\"description\":\"Me k\u00ebt\u00eb\u00a0 konferenc\u00eb FORCA e Re Demokratike t\u00ebrheq v\u00ebmendjen p\u00ebr situat\u00ebn dramatike q\u00eb po p\u00ebson komuna jon\u00eb dhe b\u00ebn thirrje q\u00eb t\u2019i jepet fund k\u00ebsaj situate\",\"breadcrumb\":{\"@id\":\"https:\/\/www.visit-ulcinj.com\/blog\/2010\/07\/12\/forca-konference-per-media-2\/#breadcrumb\"},\"inLanguage\":\"en-US\",\"potentialAction\":[{\"@type\":\"ReadAction\",\"target\":[\"https:\/\/www.visit-ulcinj.com\/blog\/2010\/07\/12\/forca-konference-per-media-2\/\"]}]},{\"@type\":\"BreadcrumbList\",\"@id\":\"https:\/\/www.visit-ulcinj.com\/blog\/2010\/07\/12\/forca-konference-per-media-2\/#breadcrumb\",\"itemListElement\":[{\"@type\":\"ListItem\",\"position\":1,\"name\":\"Forca: Konference per Media\"}]},{\"@type\":\"Person\",\"@id\":\"https:\/\/www.visit-ulcinj.com\/blog\/#\/schema\/person\/dcab619c614d3038751c63bc2aadc06d\",\"name\":\"ulqini\",\"sameAs\":[\"http:\/\/www.visit-ulcinj.com\"],\"url\":\"https:\/\/www.visit-ulcinj.com\/blog\/author\/admin\/\"}]}<\/script>\n<!-- \/ Yoast SEO plugin. -->","yoast_head_json":{"title":"Forca: Konference per Media - Lajme nga Ulqini","description":"Me k\u00ebt\u00eb\u00a0 konferenc\u00eb FORCA e Re Demokratike t\u00ebrheq v\u00ebmendjen p\u00ebr situat\u00ebn dramatike q\u00eb po p\u00ebson komuna jon\u00eb dhe b\u00ebn thirrje q\u00eb t\u2019i jepet fund k\u00ebsaj situate","robots":{"index":"index","follow":"follow","max-snippet":"max-snippet:-1","max-image-preview":"max-image-preview:large","max-video-preview":"max-video-preview:-1"},"canonical":"https:\/\/www.visit-ulcinj.com\/blog\/2010\/07\/12\/forca-konference-per-media-2\/","og_locale":"en_US","og_type":"article","og_title":"Forca: Konference per Media - Lajme nga Ulqini","og_description":"Me k\u00ebt\u00eb\u00a0 konferenc\u00eb FORCA e Re Demokratike t\u00ebrheq v\u00ebmendjen p\u00ebr situat\u00ebn dramatike q\u00eb po p\u00ebson komuna jon\u00eb dhe b\u00ebn thirrje q\u00eb t\u2019i jepet fund k\u00ebsaj situate","og_url":"https:\/\/www.visit-ulcinj.com\/blog\/2010\/07\/12\/forca-konference-per-media-2\/","og_site_name":"Lajme nga Ulqini","article_published_time":"2010-07-12T16:30:07+00:00","og_image":[{"url":"http:\/\/www.visit-ulcinj.com\/blog\/wp-content\/uploads\/2010\/07\/FORCA-e-Re-Demokratike-ulqin.jpg"}],"twitter_misc":{"Written by":"ulqini","Est. reading time":"2 minutes"},"schema":{"@context":"https:\/\/schema.org","@graph":[{"@type":"WebSite","@id":"https:\/\/www.visit-ulcinj.com\/blog\/#website","url":"https:\/\/www.visit-ulcinj.com\/blog\/","name":"Lajme nga Ulqini","description":"Lajme,Vijesti,Ulqini,Ulqin,Crna Gora,Mali i Zi","potentialAction":[{"@type":"SearchAction","target":{"@type":"EntryPoint","urlTemplate":"https:\/\/www.visit-ulcinj.com\/blog\/?s={search_term_string}"},"query-input":"required name=search_term_string"}],"inLanguage":"en-US"},{"@type":"ImageObject","inLanguage":"en-US","@id":"https:\/\/www.visit-ulcinj.com\/blog\/2010\/07\/12\/forca-konference-per-media-2\/#primaryimage","url":"https:\/\/www.visit-ulcinj.com\/blog\/wp-content\/uploads\/2010\/07\/FORCA-e-Re-Demokratike-ulqin.jpg","contentUrl":"https:\/\/www.visit-ulcinj.com\/blog\/wp-content\/uploads\/2010\/07\/FORCA-e-Re-Demokratike-ulqin.jpg","width":"500","height":"481"},{"@type":"WebPage","@id":"https:\/\/www.visit-ulcinj.com\/blog\/2010\/07\/12\/forca-konference-per-media-2\/#webpage","url":"https:\/\/www.visit-ulcinj.com\/blog\/2010\/07\/12\/forca-konference-per-media-2\/","name":"Forca: Konference per Media - Lajme nga Ulqini","isPartOf":{"@id":"https:\/\/www.visit-ulcinj.com\/blog\/#website"},"primaryImageOfPage":{"@id":"https:\/\/www.visit-ulcinj.com\/blog\/2010\/07\/12\/forca-konference-per-media-2\/#primaryimage"},"datePublished":"2010-07-12T16:30:07+00:00","dateModified":"2010-07-12T16:30:07+00:00","author":{"@id":"https:\/\/www.visit-ulcinj.com\/blog\/#\/schema\/person\/dcab619c614d3038751c63bc2aadc06d"},"description":"Me k\u00ebt\u00eb\u00a0 konferenc\u00eb FORCA e Re Demokratike t\u00ebrheq v\u00ebmendjen p\u00ebr situat\u00ebn dramatike q\u00eb po p\u00ebson komuna jon\u00eb dhe b\u00ebn thirrje q\u00eb t\u2019i jepet fund k\u00ebsaj situate","breadcrumb":{"@id":"https:\/\/www.visit-ulcinj.com\/blog\/2010\/07\/12\/forca-konference-per-media-2\/#breadcrumb"},"inLanguage":"en-US","potentialAction":[{"@type":"ReadAction","target":["https:\/\/www.visit-ulcinj.com\/blog\/2010\/07\/12\/forca-konference-per-media-2\/"]}]},{"@type":"BreadcrumbList","@id":"https:\/\/www.visit-ulcinj.com\/blog\/2010\/07\/12\/forca-konference-per-media-2\/#breadcrumb","itemListElement":[{"@type":"ListItem","position":1,"name":"Forca: Konference per Media"}]},{"@type":"Person","@id":"https:\/\/www.visit-ulcinj.com\/blog\/#\/schema\/person\/dcab619c614d3038751c63bc2aadc06d","name":"ulqini","sameAs":["http:\/\/www.visit-ulcinj.com"],"url":"https:\/\/www.visit-ulcinj.com\/blog\/author\/admin\/"}]}},"jetpack_featured_media_url":"","jetpack_sharing_enabled":true,"jetpack_shortlink":"https:\/\/wp.me\/pe6lTn-9dY","_links":{"self":[{"href":"https:\/\/www.visit-ulcinj.com\/blog\/wp-json\/wp\/v2\/posts\/35462"}],"collection":[{"href":"https:\/\/www.visit-ulcinj.com\/blog\/wp-json\/wp\/v2\/posts"}],"about":[{"href":"https:\/\/www.visit-ulcinj.com\/blog\/wp-json\/wp\/v2\/types\/post"}],"author":[{"embeddable":true,"href":"https:\/\/www.visit-ulcinj.com\/blog\/wp-json\/wp\/v2\/users\/1"}],"replies":[{"embeddable":true,"href":"https:\/\/www.visit-ulcinj.com\/blog\/wp-json\/wp\/v2\/comments?post=35462"}],"version-history":[{"count":0,"href":"https:\/\/www.visit-ulcinj.com\/blog\/wp-json\/wp\/v2\/posts\/35462\/revisions"}],"wp:attachment":[{"href":"https:\/\/www.visit-ulcinj.com\/blog\/wp-json\/wp\/v2\/media?parent=35462"}],"wp:term":[{"taxonomy":"category","embeddable":true,"href":"https:\/\/www.visit-ulcinj.com\/blog\/wp-json\/wp\/v2\/categories?post=35462"},{"taxonomy":"post_tag","embeddable":true,"href":"https:\/\/www.visit-ulcinj.com\/blog\/wp-json\/wp\/v2\/tags?post=35462"}],"curies":[{"name":"wp","href":"https:\/\/api.w.org\/{rel}","templated":true}]}}