{"id":35465,"date":"2010-07-12T18:58:36","date_gmt":"2010-07-12T16:58:36","guid":{"rendered":"http:\/\/www.visit-ulcinj.com\/blog\/?p=35465"},"modified":"2010-07-13T08:39:28","modified_gmt":"2010-07-13T06:39:28","slug":"forca-hajdinaga-sabotira-rad","status":"publish","type":"post","link":"https:\/\/www.visit-ulcinj.com\/blog\/2010\/07\/12\/forca-hajdinaga-sabotira-rad\/","title":{"rendered":"Hajdinaga sabotira rad"},"content":{"rendered":"<p><strong><a href=\"http:\/\/www.visit-ulcinj.com\/blog\/wp-content\/uploads\/2008\/01\/forca-e-re-demokratike.gif\"><img loading=\"lazy\" class=\"alignleft size-full wp-image-191\" title=\"Forca e re demokratike\" src=\"http:\/\/www.visit-ulcinj.com\/blog\/wp-content\/uploads\/2008\/01\/forca-e-re-demokratike.gif\" alt=\"Forca e re demokratike\" width=\"350\" height=\"350\" \/><\/a>Iz Force Optu\u017euje:<\/strong><br \/>\nUlcinj &#8211; Predstavnici Force pozvala su ju?e lokalnu vlast da raspi\u0161e vanredne izbore, ukoliko do kraja mjeseca ne sazovu sjednicu lokalnog parlamenta.<br \/>\n\u201cSituacija je postala nepodno\u0161ljiva i ako ova nesposobna i neodgovorna vlast ne zna da je rije\u0161i, onda bi mandate trebalo da vratimo gra?anima. Oni su ti koji ?e na novim izborima, rukom i olovkom rije\u0161iti status kvo\u201d, pi\u0161e u njihovom saop\u0161tenju.<br \/>\nOni su pozvali na, kako se navodi, spre?avanje haosa i vra?anje institucionalnog \u017eivota u gradu. Pregovori o formiranju vlasti u Ulcinju izme?u koalicije \u201cZa evropski Ulcinj\u201d (DUA-DPS), koja je na nedavnim izborima osvojila 14 mandata, Partije demokratskog prosperiteta (2 mandata) i SDP (2 mandata) traju neuobi?ajeno dugo i za sada se, prema saznanjima \u201cVijesti\u201d, jo\u0161 ne nazire rje\u0161enje te situacije. Kamen spoticanja je funkcija predsjednika loklanog parlamenta, koju tra\u017ee i DPS i SDP.<\/p>\n<p>\u201cNefunkcionisanje Skup\u0161tine, kao i neodgovorna i nesposobna lokalna vlast u?inili su da op\u0161tina prolazi kroz vanredne momente, ?ime se ozbiljno ugro\u017eava na\u0161a budu?nost. Posljednja sjednica SO, odr\u017eana 22. januara, bila je vanredna i sazvana na iniciativu Force. To zna?i da Skup\u0161tina ne funkcioni\u0161e punih 6 mjeseci i to ona Skup\u0161tina koja ?e natjerati izvr\u0161nu vlast da podnese ra?une i prezentira aktivnosti koje namjerava da preduzme kako bi ovaj grad iza\u0161ao iz krize\u201d, navodi se u dopisu.<br \/>\nU toj stranci isti?u da izvr\u0161na vlast sabotira rad SO. \u201cTo je na\u0161u op\u0161tinu pretvorilo u privatno vlasni\u0161tvo predsjednika Gzima Hajdinage \u0161to ozbiljno ugro\u017eava dodrobit i budu?nost na\u0161ih sugra?ana. Mi tra\u017eimo da aktuelna vlast \u0161to prije sazove sjednicu SO, kako bi se uspostavilo funkcionisanje institucija na bazi Ustava i zakona. Ponovnim aktiviranjem rada Skup\u0161tine, gra?ani bi dobili odgovore na mnoga pitanja, a ?elnici op\u0161tine bi se suo?ili sa odgovorno\u0161?u za stanje u koje su uveli op\u0161tinu\u201d, pi\u0161e u saop\u0161tenju.<\/p>\n<p><strong>S.A.<br \/>\n<a href=\"http:\/\/www.vijesti.me\/index.php?id_pre=343304&amp;godina=2010\" target=\"_blank\">Vijesti<\/a><\/strong><\/p>\n","protected":false},"excerpt":{"rendered":"<p>Iz Force Optu\u017euje: Ulcinj &#8211; Predstavnici Force pozvala su ju?e lokalnu vlast da raspi\u0161e vanredne izbore, ukoliko do kraja mjeseca ne sazovu sjednicu lokalnog parlamenta. \u201cSituacija je postala nepodno\u0161ljiva i ako ova nesposobna i neodgovorna vlast ne zna da je rije\u0161i, onda bi mandate trebalo da vratimo gra?anima. Oni su ti koji ?e na novim [&hellip;]<\/p>\n","protected":false},"author":1,"featured_media":0,"comment_status":"open","ping_status":"closed","sticky":false,"template":"","format":"standard","meta":{"spay_email":"","jetpack_publicize_message":"","jetpack_is_tweetstorm":false,"jetpack_publicize_feature_enabled":true},"categories":[8337],"tags":[117,140,2646],"jetpack_publicize_connections":[],"yoast_head":"<!-- This site is optimized with the Yoast SEO plugin v19.1 - https:\/\/yoast.com\/wordpress\/plugins\/seo\/ -->\n<title>Hajdinaga sabotira rad - Lajme nga Ulqini<\/title>\n<meta name=\"description\" content=\"Iz Force Optu\u017euje: Ulcinj - Predstavnici Force pozvala su ju?e lokalnu vlast da raspi\u0161e vanredne izbore, ukoliko do kraja mjeseca ne sazovu sjednicu\" \/>\n<meta name=\"robots\" content=\"index, follow, max-snippet:-1, max-image-preview:large, max-video-preview:-1\" \/>\n<link rel=\"canonical\" href=\"https:\/\/www.visit-ulcinj.com\/blog\/2010\/07\/12\/forca-hajdinaga-sabotira-rad\/\" \/>\n<meta property=\"og:locale\" content=\"en_US\" \/>\n<meta property=\"og:type\" content=\"article\" \/>\n<meta property=\"og:title\" content=\"Hajdinaga sabotira rad - Lajme nga Ulqini\" \/>\n<meta property=\"og:description\" content=\"Iz Force Optu\u017euje: Ulcinj - Predstavnici Force pozvala su ju?e lokalnu vlast da raspi\u0161e vanredne izbore, ukoliko do kraja mjeseca ne sazovu sjednicu\" \/>\n<meta property=\"og:url\" content=\"https:\/\/www.visit-ulcinj.com\/blog\/2010\/07\/12\/forca-hajdinaga-sabotira-rad\/\" \/>\n<meta property=\"og:site_name\" content=\"Lajme nga Ulqini\" \/>\n<meta property=\"article:published_time\" content=\"2010-07-12T16:58:36+00:00\" \/>\n<meta property=\"article:modified_time\" content=\"2010-07-13T06:39:28+00:00\" \/>\n<meta property=\"og:image\" content=\"http:\/\/www.visit-ulcinj.com\/blog\/wp-content\/uploads\/2008\/01\/forca-e-re-demokratike.gif\" \/>\n<meta name=\"twitter:label1\" content=\"Written by\" \/>\n\t<meta name=\"twitter:data1\" content=\"ulqini\" \/>\n\t<meta name=\"twitter:label2\" content=\"Est. reading time\" \/>\n\t<meta name=\"twitter:data2\" content=\"2 minutes\" \/>\n<script type=\"application\/ld+json\" class=\"yoast-schema-graph\">{\"@context\":\"https:\/\/schema.org\",\"@graph\":[{\"@type\":\"WebSite\",\"@id\":\"https:\/\/www.visit-ulcinj.com\/blog\/#website\",\"url\":\"https:\/\/www.visit-ulcinj.com\/blog\/\",\"name\":\"Lajme nga Ulqini\",\"description\":\"Lajme,Vijesti,Ulqini,Ulqin,Crna Gora,Mali i Zi\",\"potentialAction\":[{\"@type\":\"SearchAction\",\"target\":{\"@type\":\"EntryPoint\",\"urlTemplate\":\"https:\/\/www.visit-ulcinj.com\/blog\/?s={search_term_string}\"},\"query-input\":\"required name=search_term_string\"}],\"inLanguage\":\"en-US\"},{\"@type\":\"ImageObject\",\"inLanguage\":\"en-US\",\"@id\":\"https:\/\/www.visit-ulcinj.com\/blog\/2010\/07\/12\/forca-hajdinaga-sabotira-rad\/#primaryimage\",\"url\":\"http:\/\/www.visit-ulcinj.com\/blog\/wp-content\/uploads\/2008\/01\/forca-e-re-demokratike.gif\",\"contentUrl\":\"http:\/\/www.visit-ulcinj.com\/blog\/wp-content\/uploads\/2008\/01\/forca-e-re-demokratike.gif\"},{\"@type\":\"WebPage\",\"@id\":\"https:\/\/www.visit-ulcinj.com\/blog\/2010\/07\/12\/forca-hajdinaga-sabotira-rad\/#webpage\",\"url\":\"https:\/\/www.visit-ulcinj.com\/blog\/2010\/07\/12\/forca-hajdinaga-sabotira-rad\/\",\"name\":\"Hajdinaga sabotira rad - Lajme nga Ulqini\",\"isPartOf\":{\"@id\":\"https:\/\/www.visit-ulcinj.com\/blog\/#website\"},\"primaryImageOfPage\":{\"@id\":\"https:\/\/www.visit-ulcinj.com\/blog\/2010\/07\/12\/forca-hajdinaga-sabotira-rad\/#primaryimage\"},\"datePublished\":\"2010-07-12T16:58:36+00:00\",\"dateModified\":\"2010-07-13T06:39:28+00:00\",\"author\":{\"@id\":\"https:\/\/www.visit-ulcinj.com\/blog\/#\/schema\/person\/dcab619c614d3038751c63bc2aadc06d\"},\"description\":\"Iz Force Optu\u017euje: Ulcinj - Predstavnici Force pozvala su ju?e lokalnu vlast da raspi\u0161e vanredne izbore, ukoliko do kraja mjeseca ne sazovu sjednicu\",\"breadcrumb\":{\"@id\":\"https:\/\/www.visit-ulcinj.com\/blog\/2010\/07\/12\/forca-hajdinaga-sabotira-rad\/#breadcrumb\"},\"inLanguage\":\"en-US\",\"potentialAction\":[{\"@type\":\"ReadAction\",\"target\":[\"https:\/\/www.visit-ulcinj.com\/blog\/2010\/07\/12\/forca-hajdinaga-sabotira-rad\/\"]}]},{\"@type\":\"BreadcrumbList\",\"@id\":\"https:\/\/www.visit-ulcinj.com\/blog\/2010\/07\/12\/forca-hajdinaga-sabotira-rad\/#breadcrumb\",\"itemListElement\":[{\"@type\":\"ListItem\",\"position\":1,\"name\":\"Hajdinaga sabotira rad\"}]},{\"@type\":\"Person\",\"@id\":\"https:\/\/www.visit-ulcinj.com\/blog\/#\/schema\/person\/dcab619c614d3038751c63bc2aadc06d\",\"name\":\"ulqini\",\"sameAs\":[\"http:\/\/www.visit-ulcinj.com\"],\"url\":\"https:\/\/www.visit-ulcinj.com\/blog\/author\/admin\/\"}]}<\/script>\n<!-- \/ Yoast SEO plugin. -->","yoast_head_json":{"title":"Hajdinaga sabotira rad - Lajme nga Ulqini","description":"Iz Force Optu\u017euje: Ulcinj - Predstavnici Force pozvala su ju?e lokalnu vlast da raspi\u0161e vanredne izbore, ukoliko do kraja mjeseca ne sazovu sjednicu","robots":{"index":"index","follow":"follow","max-snippet":"max-snippet:-1","max-image-preview":"max-image-preview:large","max-video-preview":"max-video-preview:-1"},"canonical":"https:\/\/www.visit-ulcinj.com\/blog\/2010\/07\/12\/forca-hajdinaga-sabotira-rad\/","og_locale":"en_US","og_type":"article","og_title":"Hajdinaga sabotira rad - Lajme nga Ulqini","og_description":"Iz Force Optu\u017euje: Ulcinj - Predstavnici Force pozvala su ju?e lokalnu vlast da raspi\u0161e vanredne izbore, ukoliko do kraja mjeseca ne sazovu sjednicu","og_url":"https:\/\/www.visit-ulcinj.com\/blog\/2010\/07\/12\/forca-hajdinaga-sabotira-rad\/","og_site_name":"Lajme nga Ulqini","article_published_time":"2010-07-12T16:58:36+00:00","article_modified_time":"2010-07-13T06:39:28+00:00","og_image":[{"url":"http:\/\/www.visit-ulcinj.com\/blog\/wp-content\/uploads\/2008\/01\/forca-e-re-demokratike.gif"}],"twitter_misc":{"Written by":"ulqini","Est. reading time":"2 minutes"},"schema":{"@context":"https:\/\/schema.org","@graph":[{"@type":"WebSite","@id":"https:\/\/www.visit-ulcinj.com\/blog\/#website","url":"https:\/\/www.visit-ulcinj.com\/blog\/","name":"Lajme nga Ulqini","description":"Lajme,Vijesti,Ulqini,Ulqin,Crna Gora,Mali i Zi","potentialAction":[{"@type":"SearchAction","target":{"@type":"EntryPoint","urlTemplate":"https:\/\/www.visit-ulcinj.com\/blog\/?s={search_term_string}"},"query-input":"required name=search_term_string"}],"inLanguage":"en-US"},{"@type":"ImageObject","inLanguage":"en-US","@id":"https:\/\/www.visit-ulcinj.com\/blog\/2010\/07\/12\/forca-hajdinaga-sabotira-rad\/#primaryimage","url":"http:\/\/www.visit-ulcinj.com\/blog\/wp-content\/uploads\/2008\/01\/forca-e-re-demokratike.gif","contentUrl":"http:\/\/www.visit-ulcinj.com\/blog\/wp-content\/uploads\/2008\/01\/forca-e-re-demokratike.gif"},{"@type":"WebPage","@id":"https:\/\/www.visit-ulcinj.com\/blog\/2010\/07\/12\/forca-hajdinaga-sabotira-rad\/#webpage","url":"https:\/\/www.visit-ulcinj.com\/blog\/2010\/07\/12\/forca-hajdinaga-sabotira-rad\/","name":"Hajdinaga sabotira rad - Lajme nga Ulqini","isPartOf":{"@id":"https:\/\/www.visit-ulcinj.com\/blog\/#website"},"primaryImageOfPage":{"@id":"https:\/\/www.visit-ulcinj.com\/blog\/2010\/07\/12\/forca-hajdinaga-sabotira-rad\/#primaryimage"},"datePublished":"2010-07-12T16:58:36+00:00","dateModified":"2010-07-13T06:39:28+00:00","author":{"@id":"https:\/\/www.visit-ulcinj.com\/blog\/#\/schema\/person\/dcab619c614d3038751c63bc2aadc06d"},"description":"Iz Force Optu\u017euje: Ulcinj - Predstavnici Force pozvala su ju?e lokalnu vlast da raspi\u0161e vanredne izbore, ukoliko do kraja mjeseca ne sazovu sjednicu","breadcrumb":{"@id":"https:\/\/www.visit-ulcinj.com\/blog\/2010\/07\/12\/forca-hajdinaga-sabotira-rad\/#breadcrumb"},"inLanguage":"en-US","potentialAction":[{"@type":"ReadAction","target":["https:\/\/www.visit-ulcinj.com\/blog\/2010\/07\/12\/forca-hajdinaga-sabotira-rad\/"]}]},{"@type":"BreadcrumbList","@id":"https:\/\/www.visit-ulcinj.com\/blog\/2010\/07\/12\/forca-hajdinaga-sabotira-rad\/#breadcrumb","itemListElement":[{"@type":"ListItem","position":1,"name":"Hajdinaga sabotira rad"}]},{"@type":"Person","@id":"https:\/\/www.visit-ulcinj.com\/blog\/#\/schema\/person\/dcab619c614d3038751c63bc2aadc06d","name":"ulqini","sameAs":["http:\/\/www.visit-ulcinj.com"],"url":"https:\/\/www.visit-ulcinj.com\/blog\/author\/admin\/"}]}},"jetpack_featured_media_url":"","jetpack_sharing_enabled":true,"jetpack_shortlink":"https:\/\/wp.me\/pe6lTn-9e1","_links":{"self":[{"href":"https:\/\/www.visit-ulcinj.com\/blog\/wp-json\/wp\/v2\/posts\/35465"}],"collection":[{"href":"https:\/\/www.visit-ulcinj.com\/blog\/wp-json\/wp\/v2\/posts"}],"about":[{"href":"https:\/\/www.visit-ulcinj.com\/blog\/wp-json\/wp\/v2\/types\/post"}],"author":[{"embeddable":true,"href":"https:\/\/www.visit-ulcinj.com\/blog\/wp-json\/wp\/v2\/users\/1"}],"replies":[{"embeddable":true,"href":"https:\/\/www.visit-ulcinj.com\/blog\/wp-json\/wp\/v2\/comments?post=35465"}],"version-history":[{"count":0,"href":"https:\/\/www.visit-ulcinj.com\/blog\/wp-json\/wp\/v2\/posts\/35465\/revisions"}],"wp:attachment":[{"href":"https:\/\/www.visit-ulcinj.com\/blog\/wp-json\/wp\/v2\/media?parent=35465"}],"wp:term":[{"taxonomy":"category","embeddable":true,"href":"https:\/\/www.visit-ulcinj.com\/blog\/wp-json\/wp\/v2\/categories?post=35465"},{"taxonomy":"post_tag","embeddable":true,"href":"https:\/\/www.visit-ulcinj.com\/blog\/wp-json\/wp\/v2\/tags?post=35465"}],"curies":[{"name":"wp","href":"https:\/\/api.w.org\/{rel}","templated":true}]}}