{"id":35468,"date":"2010-07-13T08:56:55","date_gmt":"2010-07-13T06:56:55","guid":{"rendered":"http:\/\/www.visit-ulcinj.com\/blog\/?p=35468"},"modified":"2010-07-13T08:56:55","modified_gmt":"2010-07-13T06:56:55","slug":"hotel-otrant-mozda-promjena-vlasnika","status":"publish","type":"post","link":"https:\/\/www.visit-ulcinj.com\/blog\/2010\/07\/13\/hotel-otrant-mozda-promjena-vlasnika\/","title":{"rendered":"Hotel Otrant: Mo\u017eda promjena vlasnika"},"content":{"rendered":"<p><a href=\"http:\/\/www.visit-ulcinj.com\/blog\/wp-content\/uploads\/2010\/07\/hotel-otrant-ulcinj.JPG\"><img loading=\"lazy\" class=\"alignleft size-full wp-image-35469\" title=\"hotel otrant ulcinj\" src=\"http:\/\/www.visit-ulcinj.com\/blog\/wp-content\/uploads\/2010\/07\/hotel-otrant-ulcinj.JPG\" alt=\"hotel otrant ulcinj\" width=\"490\" height=\"390\" \/><\/a>Ministarstvo turizma saop\u0161tilo je da ?e biti razmotrene sve zakonom propisane mogu?nosti da se vlasnici hotela \u201eIberostar Otrant Beach&#8221;, u Ulcinju, obave\u017eu da ga stave u funkciju, uklju?uju?i i mogu?nost da se promijeni vlasni\u0161tvo nad njim.<br \/>\nMinistar turizma Predrag Nenezi? sastao se danas sa predstavnicima Sindikalne organizacije Hotela \u201eIberostar Otrant Beach&#8221;, Muzaferom Suljovi?em i Ivom Luki?em, a razgovoru je prisustvovala i predsjednica Sindikata turizma i ugostiteljstva Crne Gore ?eda Milini?.<br \/>\nTema sastanka, kako je saop\u0161teno iz Ministarstva turizma, bila je aktuelna situacija i aktivnosti u pravcu prevazila\u017eenja problema zaposlenih u Hotelu \u201eIberostar Otrant Beach&#8221; u Ulcinju.<br \/>\nSuljovi? i Luki? upoznali su Nenezi?a sa te\u0161kom situacijom u koju su dovedeni zaposleni tog hotela, koja je prouzrokovana nekorektnim odnosom poslovodstva.<br \/>\nOcijenili su da nijesu realni i opravdani razlozi za zatvaranje hotela tokom ove turisti?ke sezone, koje navodi vlasnik, jer je hotel radio odli?no u prethodnoj sezoni.<br \/>\nHotel je kategorisan sa ?etiri zvjezdice, uredno je odr\u017eavan, a osposobljen je za rad i u ovoj sezoni.<br \/>\nNakon odluke o zatvaranju hotela, utvr?eno je da su zaposlenima neipla?ene ?etiri zarade i regres za 2009. godinu, te da su nekorektno obavije\u0161teni o zatvaranju hotela. Zbog toga su se obratili Ministarstvu turizma za pomo?.<br \/>\nMilini? je istakla da je neodr\u017eiva situacija u kojoj su van funkcije i hotel i hotelska pla\u017ea, te da je to na \u0161tetu i radnika i gostiju koji su zainteresovani za njihovo kori\u0161?enje.<br \/>\nNenezi? je istakao da je i ministarstvo bilo zate?eno i vrlo neprijatno iznena?eno odlukom vlasnika za zatvaranje hotela.<br \/>\nS tim u vezi, odmah po saznanju za ovu namjeru, Ministarstvo turizma je uputilo kategori?ne proteste menad\u017ementu kompanije \u201eBarkli Montenegro&#8221;, pozivaju?i ih da preispitaju svoju odluku.<br \/>\nU cilju sprje?avanja sprovo?enja odluke vlasnika o zatvaranju, Ministarstvo je urgentno tra\u017eilo od Poreske uprave da preispita finansijsko poslovanje hotela, kao i od Inspekcije rada po pitanju po\u0161tovanja prava zaposlenih po osnovu radnih odnosa.<br \/>\nImaju?i u vidu evidentne propuste u dijelu ure?enja i rada kupali\u0161ta, Ministarstvo turizma se obratilo i Javnom preduze?u za upravljanje morskim dobrom u pravcu preispitivanja ugovornog odnosa o kori\u0161?enju hotelskog kupali\u0161ta.<br \/>\nS tim u vezi prisutni su informisani o ?injenici da je tokom pro\u0161le nedjelje zaklju?en ugovor o kori\u0161?enju kupali\u0161ta sa drugim korisnikom, u cilju omogu?avanja pristupa i adekvatnog ure?enja istog.<\/p>\n<p>U skladu sa izvr\u0161enim nadzorom od strane Poreske uprave \u017eiro ra?un kompanije je blokiran.<\/p>\n<p>Inspekcija rada je nalo\u017eila menad\u017ement kompaniji da u roku od sedam dana izmiri sve obaveze prema zaposlenim koje se odnose na neispla?ene zarade i regres za 2009. godinu i ujedno izrekla propisanu nov?anu kaznu.<br \/>\nNenezi? je upoznao sagovornike da su, u vezi sa navedenim okolnostima, upu?eni dopisi Ministarstvu inostranih poslova i Ambasadi Ruske federacije radi informisanja o namjeri vlasnika da se za ovu turisti?ku sezonu ne?e otvarati hotel, odnosno isti \u201ekonzerviraju&#8221; na period od godinu.<br \/>\nInformisao ih je i o planiranim aktivnostima koje ?e se preduzeti u komunikaciji sa dr\u017eavnim organima na\u0161e zemlje i Rusije kako bi se obavezao vlasnik pomenutog hotela da izmiri svoje obaveze koje ima prema zemlji doma?inu.<br \/>\n\u201eKona?no, razmotri?e se sve, zakonom propisane mogu?nosti, da se vlasnici obave\u017eu da ovaj hotel stave u funkciju, uklju?uju?i i mogu?nost da se promijeni vlasni\u0161tvo nad njim&#8221;, navodi se u saop\u0161tenju.<\/p>\n<p><a href=\"http:\/\/www.rtcg.me\/vijesti\/ekonomija\/info\/27394-mozda-promjena-vlasnika.html\" target=\"_blank\"><strong>RTCG<\/strong><\/a><\/p>\n","protected":false},"excerpt":{"rendered":"<p>Ministarstvo turizma saop\u0161tilo je da ?e biti razmotrene sve zakonom propisane mogu?nosti da se vlasnici hotela \u201eIberostar Otrant Beach&#8221;, u Ulcinju, obave\u017eu da ga stave u funkciju, uklju?uju?i i mogu?nost da se promijeni vlasni\u0161tvo nad njim. Ministar turizma Predrag Nenezi? sastao se danas sa predstavnicima Sindikalne organizacije Hotela \u201eIberostar Otrant Beach&#8221;, Muzaferom Suljovi?em i Ivom [&hellip;]<\/p>\n","protected":false},"author":1,"featured_media":0,"comment_status":"open","ping_status":"closed","sticky":false,"template":"","format":"standard","meta":{"spay_email":"","jetpack_publicize_message":"","jetpack_is_tweetstorm":false,"jetpack_publicize_feature_enabled":true},"categories":[8337],"tags":[855,19],"jetpack_publicize_connections":[],"yoast_head":"<!-- This site is optimized with the Yoast SEO plugin v19.1 - https:\/\/yoast.com\/wordpress\/plugins\/seo\/ -->\n<title>Hotel Otrant: Mo\u017eda promjena vlasnika - Lajme nga Ulqini<\/title>\n<meta name=\"description\" content=\"Ministarstvo turizma saop\u0161tilo je da ?e biti razmotrene sve zakonom propisane mogu?nosti da se vlasnici hotela \u201eIberostar Otrant Beach&quot;, u Ulcinju,\" \/>\n<meta name=\"robots\" content=\"index, follow, max-snippet:-1, max-image-preview:large, max-video-preview:-1\" \/>\n<link rel=\"canonical\" href=\"https:\/\/www.visit-ulcinj.com\/blog\/2010\/07\/13\/hotel-otrant-mozda-promjena-vlasnika\/\" \/>\n<meta property=\"og:locale\" content=\"en_US\" \/>\n<meta property=\"og:type\" content=\"article\" \/>\n<meta property=\"og:title\" content=\"Hotel Otrant: Mo\u017eda promjena vlasnika - Lajme nga Ulqini\" \/>\n<meta property=\"og:description\" content=\"Ministarstvo turizma saop\u0161tilo je da ?e biti razmotrene sve zakonom propisane mogu?nosti da se vlasnici hotela \u201eIberostar Otrant Beach&quot;, u Ulcinju,\" \/>\n<meta property=\"og:url\" content=\"https:\/\/www.visit-ulcinj.com\/blog\/2010\/07\/13\/hotel-otrant-mozda-promjena-vlasnika\/\" \/>\n<meta property=\"og:site_name\" content=\"Lajme nga Ulqini\" \/>\n<meta property=\"article:published_time\" content=\"2010-07-13T06:56:55+00:00\" \/>\n<meta property=\"og:image\" content=\"http:\/\/www.visit-ulcinj.com\/blog\/wp-content\/uploads\/2010\/07\/hotel-otrant-ulcinj.JPG\" \/>\n<meta name=\"twitter:label1\" content=\"Written by\" \/>\n\t<meta name=\"twitter:data1\" content=\"ulqini\" \/>\n\t<meta name=\"twitter:label2\" content=\"Est. reading time\" \/>\n\t<meta name=\"twitter:data2\" content=\"3 minutes\" \/>\n<script type=\"application\/ld+json\" class=\"yoast-schema-graph\">{\"@context\":\"https:\/\/schema.org\",\"@graph\":[{\"@type\":\"WebSite\",\"@id\":\"https:\/\/www.visit-ulcinj.com\/blog\/#website\",\"url\":\"https:\/\/www.visit-ulcinj.com\/blog\/\",\"name\":\"Lajme nga Ulqini\",\"description\":\"Lajme,Vijesti,Ulqini,Ulqin,Crna Gora,Mali i Zi\",\"potentialAction\":[{\"@type\":\"SearchAction\",\"target\":{\"@type\":\"EntryPoint\",\"urlTemplate\":\"https:\/\/www.visit-ulcinj.com\/blog\/?s={search_term_string}\"},\"query-input\":\"required name=search_term_string\"}],\"inLanguage\":\"en-US\"},{\"@type\":\"ImageObject\",\"inLanguage\":\"en-US\",\"@id\":\"https:\/\/www.visit-ulcinj.com\/blog\/2010\/07\/13\/hotel-otrant-mozda-promjena-vlasnika\/#primaryimage\",\"url\":\"https:\/\/www.visit-ulcinj.com\/blog\/wp-content\/uploads\/2010\/07\/hotel-otrant-ulcinj.JPG\",\"contentUrl\":\"https:\/\/www.visit-ulcinj.com\/blog\/wp-content\/uploads\/2010\/07\/hotel-otrant-ulcinj.JPG\",\"width\":\"700\",\"height\":\"434\"},{\"@type\":\"WebPage\",\"@id\":\"https:\/\/www.visit-ulcinj.com\/blog\/2010\/07\/13\/hotel-otrant-mozda-promjena-vlasnika\/#webpage\",\"url\":\"https:\/\/www.visit-ulcinj.com\/blog\/2010\/07\/13\/hotel-otrant-mozda-promjena-vlasnika\/\",\"name\":\"Hotel Otrant: Mo\u017eda promjena vlasnika - Lajme nga Ulqini\",\"isPartOf\":{\"@id\":\"https:\/\/www.visit-ulcinj.com\/blog\/#website\"},\"primaryImageOfPage\":{\"@id\":\"https:\/\/www.visit-ulcinj.com\/blog\/2010\/07\/13\/hotel-otrant-mozda-promjena-vlasnika\/#primaryimage\"},\"datePublished\":\"2010-07-13T06:56:55+00:00\",\"dateModified\":\"2010-07-13T06:56:55+00:00\",\"author\":{\"@id\":\"https:\/\/www.visit-ulcinj.com\/blog\/#\/schema\/person\/dcab619c614d3038751c63bc2aadc06d\"},\"description\":\"Ministarstvo turizma saop\u0161tilo je da ?e biti razmotrene sve zakonom propisane mogu?nosti da se vlasnici hotela \u201eIberostar Otrant Beach\\\", u Ulcinju,\",\"breadcrumb\":{\"@id\":\"https:\/\/www.visit-ulcinj.com\/blog\/2010\/07\/13\/hotel-otrant-mozda-promjena-vlasnika\/#breadcrumb\"},\"inLanguage\":\"en-US\",\"potentialAction\":[{\"@type\":\"ReadAction\",\"target\":[\"https:\/\/www.visit-ulcinj.com\/blog\/2010\/07\/13\/hotel-otrant-mozda-promjena-vlasnika\/\"]}]},{\"@type\":\"BreadcrumbList\",\"@id\":\"https:\/\/www.visit-ulcinj.com\/blog\/2010\/07\/13\/hotel-otrant-mozda-promjena-vlasnika\/#breadcrumb\",\"itemListElement\":[{\"@type\":\"ListItem\",\"position\":1,\"name\":\"Hotel Otrant: Mo\u017eda promjena vlasnika\"}]},{\"@type\":\"Person\",\"@id\":\"https:\/\/www.visit-ulcinj.com\/blog\/#\/schema\/person\/dcab619c614d3038751c63bc2aadc06d\",\"name\":\"ulqini\",\"sameAs\":[\"http:\/\/www.visit-ulcinj.com\"],\"url\":\"https:\/\/www.visit-ulcinj.com\/blog\/author\/admin\/\"}]}<\/script>\n<!-- \/ Yoast SEO plugin. -->","yoast_head_json":{"title":"Hotel Otrant: Mo\u017eda promjena vlasnika - Lajme nga Ulqini","description":"Ministarstvo turizma saop\u0161tilo je da ?e biti razmotrene sve zakonom propisane mogu?nosti da se vlasnici hotela \u201eIberostar Otrant Beach\", u Ulcinju,","robots":{"index":"index","follow":"follow","max-snippet":"max-snippet:-1","max-image-preview":"max-image-preview:large","max-video-preview":"max-video-preview:-1"},"canonical":"https:\/\/www.visit-ulcinj.com\/blog\/2010\/07\/13\/hotel-otrant-mozda-promjena-vlasnika\/","og_locale":"en_US","og_type":"article","og_title":"Hotel Otrant: Mo\u017eda promjena vlasnika - Lajme nga Ulqini","og_description":"Ministarstvo turizma saop\u0161tilo je da ?e biti razmotrene sve zakonom propisane mogu?nosti da se vlasnici hotela \u201eIberostar Otrant Beach\", u Ulcinju,","og_url":"https:\/\/www.visit-ulcinj.com\/blog\/2010\/07\/13\/hotel-otrant-mozda-promjena-vlasnika\/","og_site_name":"Lajme nga Ulqini","article_published_time":"2010-07-13T06:56:55+00:00","og_image":[{"url":"http:\/\/www.visit-ulcinj.com\/blog\/wp-content\/uploads\/2010\/07\/hotel-otrant-ulcinj.JPG"}],"twitter_misc":{"Written by":"ulqini","Est. reading time":"3 minutes"},"schema":{"@context":"https:\/\/schema.org","@graph":[{"@type":"WebSite","@id":"https:\/\/www.visit-ulcinj.com\/blog\/#website","url":"https:\/\/www.visit-ulcinj.com\/blog\/","name":"Lajme nga Ulqini","description":"Lajme,Vijesti,Ulqini,Ulqin,Crna Gora,Mali i Zi","potentialAction":[{"@type":"SearchAction","target":{"@type":"EntryPoint","urlTemplate":"https:\/\/www.visit-ulcinj.com\/blog\/?s={search_term_string}"},"query-input":"required name=search_term_string"}],"inLanguage":"en-US"},{"@type":"ImageObject","inLanguage":"en-US","@id":"https:\/\/www.visit-ulcinj.com\/blog\/2010\/07\/13\/hotel-otrant-mozda-promjena-vlasnika\/#primaryimage","url":"https:\/\/www.visit-ulcinj.com\/blog\/wp-content\/uploads\/2010\/07\/hotel-otrant-ulcinj.JPG","contentUrl":"https:\/\/www.visit-ulcinj.com\/blog\/wp-content\/uploads\/2010\/07\/hotel-otrant-ulcinj.JPG","width":"700","height":"434"},{"@type":"WebPage","@id":"https:\/\/www.visit-ulcinj.com\/blog\/2010\/07\/13\/hotel-otrant-mozda-promjena-vlasnika\/#webpage","url":"https:\/\/www.visit-ulcinj.com\/blog\/2010\/07\/13\/hotel-otrant-mozda-promjena-vlasnika\/","name":"Hotel Otrant: Mo\u017eda promjena vlasnika - Lajme nga Ulqini","isPartOf":{"@id":"https:\/\/www.visit-ulcinj.com\/blog\/#website"},"primaryImageOfPage":{"@id":"https:\/\/www.visit-ulcinj.com\/blog\/2010\/07\/13\/hotel-otrant-mozda-promjena-vlasnika\/#primaryimage"},"datePublished":"2010-07-13T06:56:55+00:00","dateModified":"2010-07-13T06:56:55+00:00","author":{"@id":"https:\/\/www.visit-ulcinj.com\/blog\/#\/schema\/person\/dcab619c614d3038751c63bc2aadc06d"},"description":"Ministarstvo turizma saop\u0161tilo je da ?e biti razmotrene sve zakonom propisane mogu?nosti da se vlasnici hotela \u201eIberostar Otrant Beach\", u Ulcinju,","breadcrumb":{"@id":"https:\/\/www.visit-ulcinj.com\/blog\/2010\/07\/13\/hotel-otrant-mozda-promjena-vlasnika\/#breadcrumb"},"inLanguage":"en-US","potentialAction":[{"@type":"ReadAction","target":["https:\/\/www.visit-ulcinj.com\/blog\/2010\/07\/13\/hotel-otrant-mozda-promjena-vlasnika\/"]}]},{"@type":"BreadcrumbList","@id":"https:\/\/www.visit-ulcinj.com\/blog\/2010\/07\/13\/hotel-otrant-mozda-promjena-vlasnika\/#breadcrumb","itemListElement":[{"@type":"ListItem","position":1,"name":"Hotel Otrant: Mo\u017eda promjena vlasnika"}]},{"@type":"Person","@id":"https:\/\/www.visit-ulcinj.com\/blog\/#\/schema\/person\/dcab619c614d3038751c63bc2aadc06d","name":"ulqini","sameAs":["http:\/\/www.visit-ulcinj.com"],"url":"https:\/\/www.visit-ulcinj.com\/blog\/author\/admin\/"}]}},"jetpack_featured_media_url":"","jetpack_sharing_enabled":true,"jetpack_shortlink":"https:\/\/wp.me\/pe6lTn-9e4","_links":{"self":[{"href":"https:\/\/www.visit-ulcinj.com\/blog\/wp-json\/wp\/v2\/posts\/35468"}],"collection":[{"href":"https:\/\/www.visit-ulcinj.com\/blog\/wp-json\/wp\/v2\/posts"}],"about":[{"href":"https:\/\/www.visit-ulcinj.com\/blog\/wp-json\/wp\/v2\/types\/post"}],"author":[{"embeddable":true,"href":"https:\/\/www.visit-ulcinj.com\/blog\/wp-json\/wp\/v2\/users\/1"}],"replies":[{"embeddable":true,"href":"https:\/\/www.visit-ulcinj.com\/blog\/wp-json\/wp\/v2\/comments?post=35468"}],"version-history":[{"count":0,"href":"https:\/\/www.visit-ulcinj.com\/blog\/wp-json\/wp\/v2\/posts\/35468\/revisions"}],"wp:attachment":[{"href":"https:\/\/www.visit-ulcinj.com\/blog\/wp-json\/wp\/v2\/media?parent=35468"}],"wp:term":[{"taxonomy":"category","embeddable":true,"href":"https:\/\/www.visit-ulcinj.com\/blog\/wp-json\/wp\/v2\/categories?post=35468"},{"taxonomy":"post_tag","embeddable":true,"href":"https:\/\/www.visit-ulcinj.com\/blog\/wp-json\/wp\/v2\/tags?post=35468"}],"curies":[{"name":"wp","href":"https:\/\/api.w.org\/{rel}","templated":true}]}}