{"id":3547,"date":"2008-09-23T13:22:39","date_gmt":"2008-09-23T18:22:39","guid":{"rendered":"http:\/\/www.visit-ulcinj.com\/blog\/?p=3547"},"modified":"2008-10-17T14:18:22","modified_gmt":"2008-10-17T19:18:22","slug":"jos-nije-uklonjena-crkva-sa-rumije","status":"publish","type":"post","link":"https:\/\/www.visit-ulcinj.com\/blog\/2008\/09\/23\/jos-nije-uklonjena-crkva-sa-rumije\/","title":{"rendered":"Jo\u0161 nije uklonjena crkva sa Rumije"},"content":{"rendered":"<p style=\"text-align: left;\"><a href=\"http:\/\/www.visit-ulcinj.com\/blog\/wp-content\/uploads\/2008\/09\/crkva-sa-rumije.jpg\"><img loading=\"lazy\" class=\"alignleft size-medium wp-image-3550\" title=\"crkva-sa-rumije\" src=\"http:\/\/www.visit-ulcinj.com\/blog\/wp-content\/uploads\/2008\/09\/crkva-sa-rumije-300x225.jpg\" alt=\"\" width=\"300\" height=\"225\" srcset=\"https:\/\/www.visit-ulcinj.com\/blog\/wp-content\/uploads\/2008\/09\/crkva-sa-rumije-300x225.jpg 300w, https:\/\/www.visit-ulcinj.com\/blog\/wp-content\/uploads\/2008\/09\/crkva-sa-rumije.jpg 600w\" sizes=\"(max-width: 300px) 100vw, 300px\" \/><\/a>Podgorica \u2013 Crnogorski Ustav, zakoni i politika Vlade doprinose uglavnom slobodnom upra\u017enjavanju religije u Crnoj Gori, a Vlada u praksi generalno po\u0161tuje vjerske slobode &#8211; pi\u0161e u godi\u0161njem Izvje\u0161taju Stejt departmenta o stanju vjerskih sloboda u svijetu .<br \/>\nU dijelu posve?enom Crnoj Gori navodi se da je, tokom perioda koji pokriva Izvje\u0161taj, bilo nekih primjera dru\u0161tvenih zloupotreba i diskriminacije na osnovu vjerske pripadnosti, vjerovanja ili prakse, ali da nije bilo promjene u statusu po\u0161tovanja vjerskih sloboda od strane Vlade.<br \/>\nU Izvje\u0161taju se citiraju glavne odredbe Ustava koje se ti?u vjerskih sloboda, sa napomenom da je rad vjerskih zajednica regulisan zastarjelim Zakonom o pravnom polo\u017eaju vjerskih zajednica iz 1977. godine, \u201ekoji se ne bavi jednim brojem tema na adekvatan na?in\u201c.<br \/>\nKonstatuje se i da do kraja perioda koji pokriva Izvje\u0161taj, Ministarstvo za ekonomski razvoj nije sprovelo odluku biv\u0161eg Ministarstva za ure?enje prostora da se ukloni srpska pravoslavna crkva sa vrha Rumije.<br \/>\nU dijelu gdje se nabrajaju slu?ajevi ograni?enja vjerske slobode, u Izvje\u0161taju koji se odnosi na period od 1. jula 2007. do 30. juna 2008. godine, pominje se uklanjanje krsta sa napu\u0161tenog ostrva Liman u blizini Starog grada u Ulcinju, koji je postavio Ulcinjanin ?or?e \u017divanovi?. Godi\u0161nji Izvje\u0161taj Stejt departmenta zabilje\u017eio je i optu\u017ebe mitropolita Amfilohija povodom pretvaranja biv\u0161e crkve na Zlatici u arheolo\u0161ki lokalitet, kao i odbijanje Ministarstva kulture da odobri plan Zavoda za za\u0161titu spomenika kulture za izgradnju hrama u kojem bi se ?uvale ikona Filermosa, ?estica ?asnog krsta i ruka Jovana Krstitelja.<br \/>\nPoseban dio posve?en je odluci cetinjske filijale Uprave za nekretnine kojom se dvadesetak lokalnih crkava i dva manastira prepisuju sa Mitroplije crnogorsko-primorske na pojedina?na sela. Pominje se i da je CPC tra\u017eila da vlasti konfiskuju imovinu SPC u Podgorici, Nik\u0161i?u, Danilovgradu i Budvi, te da su mitropolit Amfilohije i prosrpske stranke u zemlji optu\u017eile Vladu i direktora Uprave za nekretnine Mi?a Orlandi?a da su nezakonito oduzeli imovinu SPC.<br \/>\nZabilje\u017eeni su i slu?ajevi odbijanja crnogorskih vlasti da puste episkopa SPC Filareta da u?e u zemlju \u201ejer je on bio na spisku osoba koje su osumnji?ene da poma\u017eu ratnim zlo?incima\u201c.<br \/>\nU Izvje\u0161taju je zabilje\u017eena, izme?u ostalog, i optu\u017eba SPC da Vlada odla\u017ee povra?aj imovine koju je jugoslovenska Vlada konfiskovala poslije Drugog svjetskog rata, kao i neslaganje reisa Rifata Fejzi?a sa ?injenicom da se zakon ti?e samo zahtjeva za restituciju imovine koja je oduzeta poslije 1945. godine, tvrde?i da je zna?ajan broj dobara Islamske zajednice zaplijenjen ranije.<br \/>\nPominje se i napad na predsjednika ogranka Islamske zajednice Crne Gore u Tuzima, kada je reis Fejzi? izjavio da su po?inioci povezani sa islamskom sektom vehabija, kao i eksplozija bombe u crkvi Novih mu?enika na brdu Pardus u Podgorici, te nastavak tenzija izme?u SPC i CPC.<br \/>\n<strong>T.P.<br \/>\nIzvor \/ Vijesti<\/strong><\/p>\n<p style=\"text-align: center;\"><a rel=\"http:\/\/www.visit-ulcinj.com\/blog\/wp-content\/uploads\/2008\/09\/kk_ulcinj.gif\" href=\"http:\/\/www.visit-ulcinj.com\/blog\/wp-content\/uploads\/2008\/09\/kk_ulcinj.gif\"><img loading=\"lazy\" class=\"aligncenter size-medium wp-image-3551\" title=\"kk_ulcinj\" src=\"http:\/\/www.visit-ulcinj.com\/blog\/wp-content\/uploads\/2008\/09\/kk_ulcinj.gif\" alt=\" ulcinj,nudisticka plaza ada bojana,smjestaj ponuda ulcinj,lokacioni i dhomave ulqin,deti,plazhet e bukura,diskoteka,zbavitja,.&quot; copacabana ulcinj,  h\u00f4tels,  hotel ulqin,  Kosova,  Mali i Zi,  Maqedonija,  Montenegro,  montenegro tourisme plage,  montenegro ulcinj,  Shpallje Falas,  Shpallje Falas per shitjen e shtepis se juaj,  Shpallje Falas per villat e juaj,  Shpallje Falas Real Estate,  Shpallje Falas turistike,  shqiperija,  tourisme,  Ulci?,  ulcinj,  ulqin,  ulqin hotel,  ulqini,  ulqini 2007,Ada Bojana,  Alba?czyk,  Cita di Dolcino,  Copacabana,  Czarnog\u00f3ra,  Czarnog\u00f3rzec,  Don Kichota,  Ma?a Pla?a,  Mandra,  MIGUEL DE SERVANTES,  p\u00f3?wyspy Marjan,  Pla?a Valdanos,  Rzeka Bojana,  Shas \/ \u0160as \/ Sva?,  Ulci?,  Ulcinjsk? Riwier?,  Wielka Pla?a,  Wyspa Bojana,WELCOME ,BIENVENUE , WILLKOMMEN ,- BENVENUTO ,- MIR\u00cb SE VINI ,- DOBRO DO\u0160LI TO ULCINJ \/ ULQIN ,\u2013 MONTENEGRO ,????? ?????????? ,- VITAJTE, - BRUCHIM HABAYIM ,-V\u00cdTEJTE, - WITAJCIE, - KHOSH \u00c2MAD\u00ceD ,- BITAEMO ,- CHAIRE, - ZAPRASHAJEM ,- V\u00c4LKOMMEN,  - VELKOMMEN ,- DOBRE DOSHLE, - PARI YEGAK ,- SW\u00c2GATAM, - ISTEN HOZTA, - ZAYT VILKUM, - HO?GELDINIZ ,- BIENVENIDOS ,- SUSHRI AKAL, - HUSH KILDEGEZ, - BUN VENIT, - PE KHER RAGLE, - BEM-VINDO, - HUAN YIN ,- BIEN ATI VENI ,- \u00c2SANTU ,- SELAMAT DATANG, - W\u00cbLLKOMM ,- XUSH AMD\u00ceD, - SVEIKI, - HUN BI XER HATIN, - KIRINIZ ,- ENNA ,VISHAYAM ,- MERHABA ,- F\u00c1ILTE, - VELKOMINN ,- VAELKOMIN, - TERE TULEMAST ,- M\u00c4RSHA W\u00daGH\u00cdL ,- MISHTO AVILAN , WELKOM ,- TERVETULOA ,- ONGI ETORRI ,-, REKHIM ITEGEZ ,- XOSH G\u00c4LM\u00ceS\u00c4N, - WILICOM ,- CROESO ,- SHAGATOM, - IRASHAIMASU ,- KEBLAR, - AHUP YAN, - IRKHT ERGANAVIDN, - LUID, - SOHM SW\u00c2KOHM, - URAKAZA ,- KARIBU, - SELAM, - VIDZA ,KORAM -, YEYACHI -, KUSHE - ,BIENVENIDA -, ESIET SVEICINATI ,- FAILT ,- ,KRUPAY\u00c2 \u00c2TUY\u00c2, - MAIEM ,- BENVEGN\u00dcU ,- TAVTAI ,MORIL, - TAMA ,- BENVINUTU ,- SILAMO, - WILUJENG SUMPING ,- MABUHAY ,- GAZHACA \u00cbTISKOM, - DOBRO POZHALOVAT' ,- TISTIK ,- ISIBINGELELO, - BALLE, - INDE TORN LAP ,- SOO DHA WOOW ,- PILIGANIMU, - MALIU MAI, - PASAYKAMOY, - HAERE MAI, - BOYEI BOLAMU ,- BARKA D\u00c1 ZUW\u00c1 ,- W\u00c2CHIY\u00c2 , KOPIVOSIAN ,- SANSOF\u00c9 ,- KALOS ORISATE, - W\u00c4LJKIIMEN ,- ILO LA, - WILKEMEN, - A JARAAMA ,- TUAJ LOS ,- DUMANON CAYO, - ADANAVE ,\u2013 VITAMEVAS , MALI I ZI,CRNA GORA,??????????,???????,??????????, ?ern\u00e1 Hora,TO ULCINJ \/ ULQIN \u2013 MONTENEGRO, Czarnog\u00f3ra, Muntenegru, ????? ????, Montenegr\u00f3,,Holiday ,Beach,Vacation,WELCOME ,BIENVENUE , WILLKOMMEN ,- BENVENUTO ,- MIR\u00cb SE VINI ,- DOBRO DO\u0160LI TO ULCINJ \/ ULQIN ,\u2013 MONTENEGRO ,????? ?????????? ,- VITAJTE, - BRUCHIM HABAYIM ,-V\u00cdTEJTE, - WITAJCIE, - KHOSH \u00c2MAD\u00ceD ,- BITAEMO ,- CHAIRE, - ZAPRASHAJEM ,- V\u00c4LKOMMEN,  - VELKOMMEN ,- DOBRE DOSHLE, - PARI YEGAK ,- SW\u00c2GATAM, - ISTEN HOZTA, - ZAYT VILKUM, - HO?GELDINIZ ,- BIENVENIDOS ,- SUSHRI AKAL, - HUSH KILDEGEZ, - BUN VENIT, - PE KHER RAGLE, - BEM-VINDO, - HUAN YIN ,- BIEN ATI VENI ,- \u00c2SANTU ,- SELAMAT DATANG, - W\u00cbLLKOMM ,- XUSH AMD\u00ceD, - SVEIKI, - HUN BI XER HATIN, - KIRINIZ ,- ENNA ,VISHAYAM ,- MERHABA ,- F\u00c1ILTE, - VELKOMINN ,- VAELKOMIN, - TERE TULEMAST ,- M\u00c4RSHA W\u00daGH\u00cdL ,- MISHTO AVILAN , WELKOM ,- TERVETULOA ,- ONGI ETORRI ,-, REKHIM ITEGEZ ,- XOSH G\u00c4LM\u00ceS\u00c4N, - WILICOM ,- CROESO ,- SHAGATOM, - IRASHAIMASU ,- KEBLAR, - AHUP YAN, - IRKHT ERGANAVIDN, - LUID, - SOHM SW\u00c2KOHM, - URAKAZA ,- KARIBU, - SELAM, - VIDZA ,KORAM -, YEYACHI -, KUSHE - ,BIENVENIDA -, ESIET SVEICINATI ,- FAILT ,- ,KRUPAY\u00c2 \u00c2TUY\u00c2, - MAIEM ,- BENVEGN\u00dcU ,- TAVTAI ,MORIL, - TAMA ,- BENVINUTU ,- SILAMO, - WILUJENG SUMPING ,- MABUHAY ,- GAZHACA \u00cbTISKOM, - DOBRO POZHALOVAT ,- TISTIK ,- ISIBINGELELO, - BALLE, - INDE TORN LAP ,- SOO DHA WOOW ,- PILIGANIMU, - MALIU MAI, - PASAYKAMOY, - HAERE MAI, - BOYEI BOLAMU ,- BARKA D\u00c1 ZUW\u00c1 ,- W\u00c2CHIY\u00c2 , KOPIVOSIAN ,- SANSOF\u00c9 ,- KALOS ORISATE, - W\u00c4LJKIIMEN ,- ILO LA, - WILKEMEN, - A JARAAMA ,- TUAJ LOS ,- DUMANON CAYO, - ADANAVE ,\u2013 VITAMEVAS , MALI I ZI,CRNA GORA,??????????,???????,??????????, ?ern\u00e1 Hora,TO ULCINJ \/ ULQIN,MONTENEGRO, Czarnog\u00f3ra, Muntenegru, ????? ????, Montenegr\u00f3,Adelina Isamajli,  Albaniku,  Artana,  Bujanoci,  Burimi,  Dardana,  Dardan\u00eb,  De\u00e7an,  Dibra,  Drenas,  Drenasi,  Ferizaj,  Ferizaji,  Fush\u00eb Kosova,  Fush\u00eb Kosov\u00eb,  Gjakova,  Gjakov\u00eb,  Gjilan,  Gjilani,  Gostivari,  Istog,  Istog\u00b7,  Ka\u00e7anik,  Ka\u00e7aniku,  Kastrioti,  K\u00ebr\u00e7ova,  Klina,  Klin\u00eb,  Kumanova,  Leposaviq,  Leskovci,  Likova,  Lipjan,  Lipjani,  Malisheva,  Malishev\u00eb,  Manastiri,  Medvegja,  Mitrovica,  Mitrovic\u00eb,  Novob\u00ebrd\u00eb,  Obiliq\u00b7 Rahovec,  Ohri,  Peja,  Pej\u00eb,  Podujeva,  Podujev\u00eb,  Presheva,  Prishtina,  Prishtin\u00eb,  Prizren,  Prizreni,  Rahoveci,  Sharri,  Sharri (Kosov\u00eb),  Shkupi,  Sht\u00ebrpca,  Sht\u00ebrpc\u00eb,  Shtime,  Sk\u00ebnderaj,  Struga,  Tetova,  Theranda,  Therand\u00eb,  Triumf Riza,  Veleshta,  Viti,  Vitia,  Vushtrri,  Vushtrria,  Zubin Potok,  Zubin Potoku,  Zve\u00e7an,  Zve\u00e7ani,villa \u00e0 louer \u00e0 ulcinj, location de vacance, location saisonni\u00e8res, louer villa,location de vacance, Locations vacance, h\u00e9bergements vacances, , logements de vacances, location maison avec piscine, Location vacance, locations de vacance, h\u00e9bergements de vacances,  locations entre particulier, logements vacance, vacances \u00e0 Mont\u00e9n\u00e9gro - location \u00e0 Ulcinj ,location  de bigorre.&quot; href=\" width=\" mce_href=\" height=\"256\" srcset=\"https:\/\/www.visit-ulcinj.com\/blog\/wp-content\/uploads\/2008\/09\/kk_ulcinj.gif 495w, https:\/\/www.visit-ulcinj.com\/blog\/wp-content\/uploads\/2008\/09\/kk_ulcinj-300x181.gif 300w\" sizes=\"(max-width: 495px) 100vw, 495px\" \/><\/a><\/p>\n","protected":false},"excerpt":{"rendered":"<p>Podgorica \u2013 Crnogorski Ustav, zakoni i politika Vlade doprinose uglavnom slobodnom upra\u017enjavanju religije u Crnoj Gori, a Vlada u praksi generalno po\u0161tuje vjerske slobode &#8211; pi\u0161e u godi\u0161njem Izvje\u0161taju Stejt departmenta o stanju vjerskih sloboda u svijetu . U dijelu posve?enom Crnoj Gori navodi se da je, tokom perioda koji pokriva Izvje\u0161taj, bilo nekih primjera [&hellip;]<\/p>\n","protected":false},"author":1,"featured_media":0,"comment_status":"open","ping_status":"closed","sticky":false,"template":"","format":"standard","meta":{"spay_email":"","jetpack_publicize_message":"","jetpack_is_tweetstorm":false,"jetpack_publicize_feature_enabled":true},"categories":[4,11,12],"tags":[4588,19],"jetpack_publicize_connections":[],"yoast_head":"<!-- This site is optimized with the Yoast SEO plugin v19.1 - https:\/\/yoast.com\/wordpress\/plugins\/seo\/ -->\n<title>Jo\u0161 nije uklonjena crkva sa Rumije - Lajme nga Ulqini<\/title>\n<meta name=\"description\" content=\"Podgorica \u2013 Crnogorski Ustav, zakoni i politika Vlade doprinose uglavnom slobodnom upra\u017enjavanju religije u Crnoj Gori, a Vlada u praksi generalno po\u0161tuje\" \/>\n<meta name=\"robots\" content=\"index, follow, max-snippet:-1, max-image-preview:large, max-video-preview:-1\" \/>\n<link rel=\"canonical\" href=\"https:\/\/www.visit-ulcinj.com\/blog\/2008\/09\/23\/jos-nije-uklonjena-crkva-sa-rumije\/\" \/>\n<meta property=\"og:locale\" content=\"en_US\" \/>\n<meta property=\"og:type\" content=\"article\" \/>\n<meta property=\"og:title\" content=\"Jo\u0161 nije uklonjena crkva sa Rumije - Lajme nga Ulqini\" \/>\n<meta property=\"og:description\" content=\"Podgorica \u2013 Crnogorski Ustav, zakoni i politika Vlade doprinose uglavnom slobodnom upra\u017enjavanju religije u Crnoj Gori, a Vlada u praksi generalno po\u0161tuje\" \/>\n<meta property=\"og:url\" content=\"https:\/\/www.visit-ulcinj.com\/blog\/2008\/09\/23\/jos-nije-uklonjena-crkva-sa-rumije\/\" \/>\n<meta property=\"og:site_name\" content=\"Lajme nga Ulqini\" \/>\n<meta property=\"article:published_time\" content=\"2008-09-23T18:22:39+00:00\" \/>\n<meta property=\"article:modified_time\" content=\"2008-10-17T19:18:22+00:00\" \/>\n<meta property=\"og:image\" content=\"http:\/\/www.visit-ulcinj.com\/blog\/wp-content\/uploads\/2008\/09\/crkva-sa-rumije-300x225.jpg\" \/>\n<meta name=\"twitter:label1\" content=\"Written by\" \/>\n\t<meta name=\"twitter:data1\" content=\"ulqini\" \/>\n\t<meta name=\"twitter:label2\" content=\"Est. reading time\" \/>\n\t<meta name=\"twitter:data2\" content=\"2 minutes\" \/>\n<script type=\"application\/ld+json\" class=\"yoast-schema-graph\">{\"@context\":\"https:\/\/schema.org\",\"@graph\":[{\"@type\":\"WebSite\",\"@id\":\"https:\/\/www.visit-ulcinj.com\/blog\/#website\",\"url\":\"https:\/\/www.visit-ulcinj.com\/blog\/\",\"name\":\"Lajme nga Ulqini\",\"description\":\"Lajme,Vijesti,Ulqini,Ulqin,Crna Gora,Mali i Zi\",\"potentialAction\":[{\"@type\":\"SearchAction\",\"target\":{\"@type\":\"EntryPoint\",\"urlTemplate\":\"https:\/\/www.visit-ulcinj.com\/blog\/?s={search_term_string}\"},\"query-input\":\"required name=search_term_string\"}],\"inLanguage\":\"en-US\"},{\"@type\":\"ImageObject\",\"inLanguage\":\"en-US\",\"@id\":\"https:\/\/www.visit-ulcinj.com\/blog\/2008\/09\/23\/jos-nije-uklonjena-crkva-sa-rumije\/#primaryimage\",\"url\":\"http:\/\/www.visit-ulcinj.com\/blog\/wp-content\/uploads\/2008\/09\/crkva-sa-rumije-300x225.jpg\",\"contentUrl\":\"http:\/\/www.visit-ulcinj.com\/blog\/wp-content\/uploads\/2008\/09\/crkva-sa-rumije-300x225.jpg\"},{\"@type\":\"WebPage\",\"@id\":\"https:\/\/www.visit-ulcinj.com\/blog\/2008\/09\/23\/jos-nije-uklonjena-crkva-sa-rumije\/#webpage\",\"url\":\"https:\/\/www.visit-ulcinj.com\/blog\/2008\/09\/23\/jos-nije-uklonjena-crkva-sa-rumije\/\",\"name\":\"Jo\u0161 nije uklonjena crkva sa Rumije - Lajme nga Ulqini\",\"isPartOf\":{\"@id\":\"https:\/\/www.visit-ulcinj.com\/blog\/#website\"},\"primaryImageOfPage\":{\"@id\":\"https:\/\/www.visit-ulcinj.com\/blog\/2008\/09\/23\/jos-nije-uklonjena-crkva-sa-rumije\/#primaryimage\"},\"datePublished\":\"2008-09-23T18:22:39+00:00\",\"dateModified\":\"2008-10-17T19:18:22+00:00\",\"author\":{\"@id\":\"https:\/\/www.visit-ulcinj.com\/blog\/#\/schema\/person\/dcab619c614d3038751c63bc2aadc06d\"},\"description\":\"Podgorica \u2013 Crnogorski Ustav, zakoni i politika Vlade doprinose uglavnom slobodnom upra\u017enjavanju religije u Crnoj Gori, a Vlada u praksi generalno po\u0161tuje\",\"breadcrumb\":{\"@id\":\"https:\/\/www.visit-ulcinj.com\/blog\/2008\/09\/23\/jos-nije-uklonjena-crkva-sa-rumije\/#breadcrumb\"},\"inLanguage\":\"en-US\",\"potentialAction\":[{\"@type\":\"ReadAction\",\"target\":[\"https:\/\/www.visit-ulcinj.com\/blog\/2008\/09\/23\/jos-nije-uklonjena-crkva-sa-rumije\/\"]}]},{\"@type\":\"BreadcrumbList\",\"@id\":\"https:\/\/www.visit-ulcinj.com\/blog\/2008\/09\/23\/jos-nije-uklonjena-crkva-sa-rumije\/#breadcrumb\",\"itemListElement\":[{\"@type\":\"ListItem\",\"position\":1,\"name\":\"Jo\u0161 nije uklonjena crkva sa Rumije\"}]},{\"@type\":\"Person\",\"@id\":\"https:\/\/www.visit-ulcinj.com\/blog\/#\/schema\/person\/dcab619c614d3038751c63bc2aadc06d\",\"name\":\"ulqini\",\"sameAs\":[\"http:\/\/www.visit-ulcinj.com\"],\"url\":\"https:\/\/www.visit-ulcinj.com\/blog\/author\/admin\/\"}]}<\/script>\n<!-- \/ Yoast SEO plugin. -->","yoast_head_json":{"title":"Jo\u0161 nije uklonjena crkva sa Rumije - Lajme nga Ulqini","description":"Podgorica \u2013 Crnogorski Ustav, zakoni i politika Vlade doprinose uglavnom slobodnom upra\u017enjavanju religije u Crnoj Gori, a Vlada u praksi generalno po\u0161tuje","robots":{"index":"index","follow":"follow","max-snippet":"max-snippet:-1","max-image-preview":"max-image-preview:large","max-video-preview":"max-video-preview:-1"},"canonical":"https:\/\/www.visit-ulcinj.com\/blog\/2008\/09\/23\/jos-nije-uklonjena-crkva-sa-rumije\/","og_locale":"en_US","og_type":"article","og_title":"Jo\u0161 nije uklonjena crkva sa Rumije - Lajme nga Ulqini","og_description":"Podgorica \u2013 Crnogorski Ustav, zakoni i politika Vlade doprinose uglavnom slobodnom upra\u017enjavanju religije u Crnoj Gori, a Vlada u praksi generalno po\u0161tuje","og_url":"https:\/\/www.visit-ulcinj.com\/blog\/2008\/09\/23\/jos-nije-uklonjena-crkva-sa-rumije\/","og_site_name":"Lajme nga Ulqini","article_published_time":"2008-09-23T18:22:39+00:00","article_modified_time":"2008-10-17T19:18:22+00:00","og_image":[{"url":"http:\/\/www.visit-ulcinj.com\/blog\/wp-content\/uploads\/2008\/09\/crkva-sa-rumije-300x225.jpg"}],"twitter_misc":{"Written by":"ulqini","Est. reading time":"2 minutes"},"schema":{"@context":"https:\/\/schema.org","@graph":[{"@type":"WebSite","@id":"https:\/\/www.visit-ulcinj.com\/blog\/#website","url":"https:\/\/www.visit-ulcinj.com\/blog\/","name":"Lajme nga Ulqini","description":"Lajme,Vijesti,Ulqini,Ulqin,Crna Gora,Mali i Zi","potentialAction":[{"@type":"SearchAction","target":{"@type":"EntryPoint","urlTemplate":"https:\/\/www.visit-ulcinj.com\/blog\/?s={search_term_string}"},"query-input":"required name=search_term_string"}],"inLanguage":"en-US"},{"@type":"ImageObject","inLanguage":"en-US","@id":"https:\/\/www.visit-ulcinj.com\/blog\/2008\/09\/23\/jos-nije-uklonjena-crkva-sa-rumije\/#primaryimage","url":"http:\/\/www.visit-ulcinj.com\/blog\/wp-content\/uploads\/2008\/09\/crkva-sa-rumije-300x225.jpg","contentUrl":"http:\/\/www.visit-ulcinj.com\/blog\/wp-content\/uploads\/2008\/09\/crkva-sa-rumije-300x225.jpg"},{"@type":"WebPage","@id":"https:\/\/www.visit-ulcinj.com\/blog\/2008\/09\/23\/jos-nije-uklonjena-crkva-sa-rumije\/#webpage","url":"https:\/\/www.visit-ulcinj.com\/blog\/2008\/09\/23\/jos-nije-uklonjena-crkva-sa-rumije\/","name":"Jo\u0161 nije uklonjena crkva sa Rumije - Lajme nga Ulqini","isPartOf":{"@id":"https:\/\/www.visit-ulcinj.com\/blog\/#website"},"primaryImageOfPage":{"@id":"https:\/\/www.visit-ulcinj.com\/blog\/2008\/09\/23\/jos-nije-uklonjena-crkva-sa-rumije\/#primaryimage"},"datePublished":"2008-09-23T18:22:39+00:00","dateModified":"2008-10-17T19:18:22+00:00","author":{"@id":"https:\/\/www.visit-ulcinj.com\/blog\/#\/schema\/person\/dcab619c614d3038751c63bc2aadc06d"},"description":"Podgorica \u2013 Crnogorski Ustav, zakoni i politika Vlade doprinose uglavnom slobodnom upra\u017enjavanju religije u Crnoj Gori, a Vlada u praksi generalno po\u0161tuje","breadcrumb":{"@id":"https:\/\/www.visit-ulcinj.com\/blog\/2008\/09\/23\/jos-nije-uklonjena-crkva-sa-rumije\/#breadcrumb"},"inLanguage":"en-US","potentialAction":[{"@type":"ReadAction","target":["https:\/\/www.visit-ulcinj.com\/blog\/2008\/09\/23\/jos-nije-uklonjena-crkva-sa-rumije\/"]}]},{"@type":"BreadcrumbList","@id":"https:\/\/www.visit-ulcinj.com\/blog\/2008\/09\/23\/jos-nije-uklonjena-crkva-sa-rumije\/#breadcrumb","itemListElement":[{"@type":"ListItem","position":1,"name":"Jo\u0161 nije uklonjena crkva sa Rumije"}]},{"@type":"Person","@id":"https:\/\/www.visit-ulcinj.com\/blog\/#\/schema\/person\/dcab619c614d3038751c63bc2aadc06d","name":"ulqini","sameAs":["http:\/\/www.visit-ulcinj.com"],"url":"https:\/\/www.visit-ulcinj.com\/blog\/author\/admin\/"}]}},"jetpack_featured_media_url":"","jetpack_sharing_enabled":true,"jetpack_shortlink":"https:\/\/wp.me\/pe6lTn-Vd","_links":{"self":[{"href":"https:\/\/www.visit-ulcinj.com\/blog\/wp-json\/wp\/v2\/posts\/3547"}],"collection":[{"href":"https:\/\/www.visit-ulcinj.com\/blog\/wp-json\/wp\/v2\/posts"}],"about":[{"href":"https:\/\/www.visit-ulcinj.com\/blog\/wp-json\/wp\/v2\/types\/post"}],"author":[{"embeddable":true,"href":"https:\/\/www.visit-ulcinj.com\/blog\/wp-json\/wp\/v2\/users\/1"}],"replies":[{"embeddable":true,"href":"https:\/\/www.visit-ulcinj.com\/blog\/wp-json\/wp\/v2\/comments?post=3547"}],"version-history":[{"count":0,"href":"https:\/\/www.visit-ulcinj.com\/blog\/wp-json\/wp\/v2\/posts\/3547\/revisions"}],"wp:attachment":[{"href":"https:\/\/www.visit-ulcinj.com\/blog\/wp-json\/wp\/v2\/media?parent=3547"}],"wp:term":[{"taxonomy":"category","embeddable":true,"href":"https:\/\/www.visit-ulcinj.com\/blog\/wp-json\/wp\/v2\/categories?post=3547"},{"taxonomy":"post_tag","embeddable":true,"href":"https:\/\/www.visit-ulcinj.com\/blog\/wp-json\/wp\/v2\/tags?post=3547"}],"curies":[{"name":"wp","href":"https:\/\/api.w.org\/{rel}","templated":true}]}}