{"id":35472,"date":"2010-07-13T09:22:13","date_gmt":"2010-07-13T07:22:13","guid":{"rendered":"http:\/\/www.visit-ulcinj.com\/blog\/?p=35472"},"modified":"2010-07-13T09:22:13","modified_gmt":"2010-07-13T07:22:13","slug":"ada-bojana-slavi-37-rodendan","status":"publish","type":"post","link":"https:\/\/www.visit-ulcinj.com\/blog\/2010\/07\/13\/ada-bojana-slavi-37-rodendan\/","title":{"rendered":"Ada Bojana slavi 37. ro?endan"},"content":{"rendered":"<p><a href=\"http:\/\/www.visit-ulcinj.com\/blog\/wp-content\/uploads\/2010\/07\/ADA-BOJANA_ULCINJ-_MONTENEGRO.1.jpg\"><img loading=\"lazy\" class=\"alignleft size-full wp-image-35473\" title=\"ADA BOJANA_ULCINJ _MONTENEGRO.1\" src=\"http:\/\/www.visit-ulcinj.com\/blog\/wp-content\/uploads\/2010\/07\/ADA-BOJANA_ULCINJ-_MONTENEGRO.1.jpg\" alt=\"ADA BOJANA_ULCINJ _MONTENEGRO.1\" width=\"490\" height=\"380\" \/><\/a>Sjutra, 13.jula ove godine se navr\u0161ava 37 godina od otvaranja nudisti?kog centra na Adi Bojani. Davne 1973. godine Ada Bojana je primila prve goste. U to vreme radio je stari dio Ade \u2013 stara recepcija , vile Tip B1 i drveni bungalovi Tip B pored nudisti?ke pla\u017ee.<br \/>\nDeceniju poslije, je izgra?ena nova recepcija, kao i sobe Tip A i L. Od pro\u0161le godine su drveni bungalovi Tip B renovirani i ponovo u upotrebi, a u planu je renoviranje i starog dijela Ade do naredne godine.<br \/>\nDanas Ada Bojana raspola\u017ee sa 600 kreveta i kategorisana je sa dvije zvjezdice. Cijena boravka na Adi Bojani u zavisnosti od vrste smje\u0161taja se kre?e od 31 do 36 eura za polupansion po osobi dnevno.<br \/>\nJedna od nezaobilaznih atrakcija u ponudi Ade i prepoznatljiv simbol ovog letovali\u0161ta jeste jahanje konja. Od ove godine pored jahanja konja u ponudi Ade Bojane je i vo\u017enja fijakerima.<br \/>\nNiz aktivnosti i sportska ponuda na Adi Bojani pru\u017eaju mogu?nosti za aktivan odmor, a dobra hrana i vrhunsko vino zadovolji?e ukuse i najve?ih gurmana. Za sport i rekreaciju gosti hotela mogu koristiti teniske terene koji su renovirani pred po?etak sezone, a u ponudi su tako?e teren za mali fudbal, teren za odbojku koji se nalazi na samoj pla\u017ei kao i stolovi za stoni tenis.<br \/>\nHotelski kompleks &#8220;Ada Bojana&#8221; smje\u0161ten je u jugozapadnom kraku ostrva, a svojim prisustvom niske gra?evine nijesu ugrozile autenti?ni ambijent. U zale?u hotelskog kompleksa je ona ista priroda kakva je bila i prije 1973. godine kada je izgra?ena ova oaza za nudiste. Do ostrva se nekada dolazilo splavom, a od 1984. godine Ada je sa kopnom povezana mostom.<br \/>\nDaleko od uli?ne buke i gradske vreve, u okru\u017eenju ?iste ljepote prirode, Ada je mjesto u koje se posjetilac obi?no zaljubi pri prvom dolasku. Ostrvo je u obliku trougla povr\u0161ine 5,4 km2. Dvije strane zapljuskuje rijeka Bojana, a tre?u &#8220;\u0161amara\u201c more. Obale Ade nijesu kona?ne, ve? su iz godine u godinu druga?ije izvajane \u2013 sa stalnim pomjeranjem obala i granica, sa novim rukavcima i novim izgledom pla\u017ee. Ada Bojana je dugi niz godina jedna od najpopularnijih turisti?kih destinacija Crne Gore, a jedan od aduta ovog letovali\u0161ta jeste 2880 metara duga pje\u0161?ana pla\u017ea.<br \/>\nOstrvo je nastalo na veoma neobi?an na?in. Prema predanju, u 19. vijeku u blizini dva spruda, na smom u\u0161?u Bojane, nasukao se brod \u201cMerito\u201d. Kako se vlasnici broda nisu mogli dogovoriti oko na?ina na koji ?e ga izvu?i iz zagrljaja mora, brod je ostao vje?no \u201czarobljen\u201d.<br \/>\nPreko olupine broda rijeka je gomilala nanose i tako se rodilo ostrvo za koje se mo\u017ee re?i da je djelo i prirode i ?ovjeka.<\/p>\n<p><a href=\"http:\/\/www.cdm.me\/index.php?group=43&amp;news=125753\" target=\"_blank\"><strong><br \/>\nIzvor: CDM<\/strong><\/a><br \/>\n<strong>U HTP \u201eUlcinjska rivijera\u201c prose?na cena polupansiona (doru?ak i ve?era, \u0161vedski sto) iznosi oko 24 evra.<\/strong><br \/>\n<a href=\"http:\/\/www.visit-ulcinj.com\/blog\/wp-content\/uploads\/2010\/07\/HTP-Ulcinjska-Rivijera.png\"><img loading=\"lazy\" class=\"alignleft size-full wp-image-35126\" title=\"HTP Ulcinjska Rivijera,pedaline,dje?ja igrali\u0161ta ,dje?ja pla\u017ea,Internet point, kamper parking,Parking automobila sa hladovinom, Pla\u017ea je pje\u0161?ana,Plava zastava,razni zabavni i sportski sadr\u017eaji,restoran, supermarket,tu\u0161evi , zasebne kabine, apartmani, aperitiv bar, Auto Camp - ADA BOJANA- Ulcinj - Crna Gora, Auto Camp - ada bojana - Ulcinj - Montenegro, Auto kamp, Auto kamp - ada bojana - Ulcinj - Crna Gora, Auto kamp - ada bojana - Ulcinj - Montenegro, Camp ada bojana, - Ulcinj - Montenegro, Crna Gora, Eco - auto camp, hoteli, hrvatska, Human table soccer, i animacija, Jedrenje, kamp, Kamp ?rna gora, Kampi, Ko\u0161arka, letovanje, maistral, Mali nogomet, Mini golf, Najam ?amaca, Najam bicikli, Odbojka, Odbojka na pijesku, odmor, Ostali vodeni sportovi, pivnica, Pla\u017ea, ponude Ulcinja 2010, Rekreacija, riblji restoran, ronjenje, Rukomet, sandoline , sanitarije, sanitarije za invalide, Skijanje na moru, snack bar, sobe, Speedminton, Sport, Stolni tenis, Surfanje, Tenis, Turisti?ki aran\u017emani, ulcinj, ville, hoteli,Vo\u017enja bananom , Vo\u017enja padobranom na moru, Zabava,jahanje konja,sunce.more,morski talasi,hladovina,nudisti,nudisticki kamp,bojana lux,mir,ljepota,priroda,muzika,nocni zivot,hotel Olympic ,hotel Bellevue,\" src=\"http:\/\/www.visit-ulcinj.com\/blog\/wp-content\/uploads\/2010\/07\/HTP-Ulcinjska-Rivijera.png\" alt=\"HTP Ulcinjska Rivijera\" width=\"490\" height=\"100\" \/><\/a><br \/>\n<a href=\"http:\/\/www.ulcinjska-rivijera.com\/me\/index.php?akcija=7&amp;opsirN=52\" target=\"_blank\"><\/a><br \/>\n<a href=\"http:\/\/www.b92.rs\/putovanja\/vesti.php?nav_id=443463\" target=\"_blank\"><br \/>\n\n\t\t<style type=\"text\/css\">\n\t\t\t#gallery-1 {\n\t\t\t\tmargin: auto;\n\t\t\t}\n\t\t\t#gallery-1 .gallery-item {\n\t\t\t\tfloat: left;\n\t\t\t\tmargin-top: 10px;\n\t\t\t\ttext-align: center;\n\t\t\t\twidth: 33%;\n\t\t\t}\n\t\t\t#gallery-1 img {\n\t\t\t\tborder: 2px solid #cfcfcf;\n\t\t\t}\n\t\t\t#gallery-1 .gallery-caption {\n\t\t\t\tmargin-left: 0;\n\t\t\t}\n\t\t\t\/* see gallery_shortcode() in wp-includes\/media.php *\/\n\t\t<\/style>\n\t\t<div id='gallery-1' class='gallery galleryid-35472 gallery-columns-3 gallery-size-thumbnail'><dl class='gallery-item'>\n\t\t\t<dt class='gallery-icon landscape'>\n\t\t\t\t<a href='https:\/\/www.visit-ulcinj.com\/blog\/wp-content\/uploads\/2010\/07\/ADA-BOJANA_ULCINJ-_MONTENEGRO.1.jpg'><img width=\"150\" height=\"150\" src=\"https:\/\/www.visit-ulcinj.com\/blog\/wp-content\/uploads\/2010\/07\/ADA-BOJANA_ULCINJ-_MONTENEGRO.1-150x150.jpg\" class=\"attachment-thumbnail size-thumbnail\" alt=\"\" loading=\"lazy\" \/><\/a>\n\t\t\t<\/dt><\/dl><dl class='gallery-item'>\n\t\t\t<dt class='gallery-icon landscape'>\n\t\t\t\t<a href='https:\/\/www.visit-ulcinj.com\/blog\/wp-content\/uploads\/2010\/07\/ADA-BOJANA_ULCINJ-_MONTENEGRO.2.jpg'><img width=\"150\" height=\"150\" src=\"https:\/\/www.visit-ulcinj.com\/blog\/wp-content\/uploads\/2010\/07\/ADA-BOJANA_ULCINJ-_MONTENEGRO.2-150x150.jpg\" class=\"attachment-thumbnail size-thumbnail\" alt=\"\" loading=\"lazy\" \/><\/a>\n\t\t\t<\/dt><\/dl><dl class='gallery-item'>\n\t\t\t<dt class='gallery-icon landscape'>\n\t\t\t\t<a href='https:\/\/www.visit-ulcinj.com\/blog\/wp-content\/uploads\/2010\/07\/ADA-BOJANA_ULCINJ-_MONTENEGRO.3.jpg'><img width=\"150\" height=\"150\" src=\"https:\/\/www.visit-ulcinj.com\/blog\/wp-content\/uploads\/2010\/07\/ADA-BOJANA_ULCINJ-_MONTENEGRO.3-150x150.jpg\" class=\"attachment-thumbnail size-thumbnail\" alt=\"\" loading=\"lazy\" \/><\/a>\n\t\t\t<\/dt><\/dl><br style=\"clear: both\" \/><dl class='gallery-item'>\n\t\t\t<dt class='gallery-icon landscape'>\n\t\t\t\t<a href='https:\/\/www.visit-ulcinj.com\/blog\/wp-content\/uploads\/2010\/07\/ADA-BOJANA_ULCINJ-_MONTENEGRO.4.jpg'><img width=\"150\" height=\"150\" src=\"https:\/\/www.visit-ulcinj.com\/blog\/wp-content\/uploads\/2010\/07\/ADA-BOJANA_ULCINJ-_MONTENEGRO.4-150x150.jpg\" class=\"attachment-thumbnail size-thumbnail\" alt=\"\" loading=\"lazy\" \/><\/a>\n\t\t\t<\/dt><\/dl><dl class='gallery-item'>\n\t\t\t<dt class='gallery-icon landscape'>\n\t\t\t\t<a href='https:\/\/www.visit-ulcinj.com\/blog\/wp-content\/uploads\/2010\/07\/ADA-BOJANA_ULCINJ-_MONTENEGRO.5.jpg'><img width=\"150\" height=\"150\" src=\"https:\/\/www.visit-ulcinj.com\/blog\/wp-content\/uploads\/2010\/07\/ADA-BOJANA_ULCINJ-_MONTENEGRO.5-150x150.jpg\" class=\"attachment-thumbnail size-thumbnail\" alt=\"\" loading=\"lazy\" \/><\/a>\n\t\t\t<\/dt><\/dl><dl class='gallery-item'>\n\t\t\t<dt class='gallery-icon landscape'>\n\t\t\t\t<a href='https:\/\/www.visit-ulcinj.com\/blog\/wp-content\/uploads\/2010\/07\/ADA-BOJANA_ULCINJ-_MONTENEGRO.jpg'><img width=\"150\" height=\"150\" src=\"https:\/\/www.visit-ulcinj.com\/blog\/wp-content\/uploads\/2010\/07\/ADA-BOJANA_ULCINJ-_MONTENEGRO-150x150.jpg\" class=\"attachment-thumbnail size-thumbnail\" alt=\"\" loading=\"lazy\" \/><\/a>\n\t\t\t<\/dt><\/dl><br style=\"clear: both\" \/>\n\t\t<\/div>\n<br \/>\n<\/a><!--YouTube Error: bad URL entered--><\/p>\n","protected":false},"excerpt":{"rendered":"<p>Sjutra, 13.jula ove godine se navr\u0161ava 37 godina od otvaranja nudisti?kog centra na Adi Bojani. Davne 1973. godine Ada Bojana je primila prve goste. U to vreme radio je stari dio Ade \u2013 stara recepcija , vile Tip B1 i drveni bungalovi Tip B pored nudisti?ke pla\u017ee. Deceniju poslije, je izgra?ena nova recepcija, kao i [&hellip;]<\/p>\n","protected":false},"author":1,"featured_media":0,"comment_status":"open","ping_status":"closed","sticky":false,"template":"","format":"standard","meta":{"spay_email":"","jetpack_publicize_message":"","jetpack_is_tweetstorm":false,"jetpack_publicize_feature_enabled":true},"categories":[6950],"tags":[138,20,14799,19],"jetpack_publicize_connections":[],"yoast_head":"<!-- This site is optimized with the Yoast SEO plugin v19.1 - https:\/\/yoast.com\/wordpress\/plugins\/seo\/ -->\n<title>Ada Bojana slavi 37. ro?endan - Lajme nga Ulqini<\/title>\n<meta name=\"description\" content=\"Sjutra, 13.jula ove godine se navr\u0161ava 37 godina od otvaranja nudisti?kog centra na Adi Bojani. Davne 1973. godine Ada Bojana je primila prve goste. U to\" \/>\n<meta name=\"robots\" content=\"index, follow, max-snippet:-1, max-image-preview:large, max-video-preview:-1\" \/>\n<link rel=\"canonical\" href=\"https:\/\/www.visit-ulcinj.com\/blog\/2010\/07\/13\/ada-bojana-slavi-37-rodendan\/\" \/>\n<meta property=\"og:locale\" content=\"en_US\" \/>\n<meta property=\"og:type\" content=\"article\" \/>\n<meta property=\"og:title\" content=\"Ada Bojana slavi 37. ro?endan - Lajme nga Ulqini\" \/>\n<meta property=\"og:description\" content=\"Sjutra, 13.jula ove godine se navr\u0161ava 37 godina od otvaranja nudisti?kog centra na Adi Bojani. Davne 1973. godine Ada Bojana je primila prve goste. U to\" \/>\n<meta property=\"og:url\" content=\"https:\/\/www.visit-ulcinj.com\/blog\/2010\/07\/13\/ada-bojana-slavi-37-rodendan\/\" \/>\n<meta property=\"og:site_name\" content=\"Lajme nga Ulqini\" \/>\n<meta property=\"article:published_time\" content=\"2010-07-13T07:22:13+00:00\" \/>\n<meta property=\"og:image\" content=\"https:\/\/www.visit-ulcinj.com\/blog\/wp-content\/uploads\/2010\/07\/ADA-BOJANA_ULCINJ-_MONTENEGRO.1-150x150.jpg\" \/>\n<meta name=\"twitter:label1\" content=\"Written by\" \/>\n\t<meta name=\"twitter:data1\" content=\"ulqini\" \/>\n\t<meta name=\"twitter:label2\" content=\"Est. reading time\" \/>\n\t<meta name=\"twitter:data2\" content=\"2 minutes\" \/>\n<script type=\"application\/ld+json\" class=\"yoast-schema-graph\">{\"@context\":\"https:\/\/schema.org\",\"@graph\":[{\"@type\":\"WebSite\",\"@id\":\"https:\/\/www.visit-ulcinj.com\/blog\/#website\",\"url\":\"https:\/\/www.visit-ulcinj.com\/blog\/\",\"name\":\"Lajme nga Ulqini\",\"description\":\"Lajme,Vijesti,Ulqini,Ulqin,Crna Gora,Mali i Zi\",\"potentialAction\":[{\"@type\":\"SearchAction\",\"target\":{\"@type\":\"EntryPoint\",\"urlTemplate\":\"https:\/\/www.visit-ulcinj.com\/blog\/?s={search_term_string}\"},\"query-input\":\"required name=search_term_string\"}],\"inLanguage\":\"en-US\"},{\"@type\":\"ImageObject\",\"inLanguage\":\"en-US\",\"@id\":\"https:\/\/www.visit-ulcinj.com\/blog\/2010\/07\/13\/ada-bojana-slavi-37-rodendan\/#primaryimage\",\"url\":\"https:\/\/www.visit-ulcinj.com\/blog\/wp-content\/uploads\/2010\/07\/ADA-BOJANA_ULCINJ-_MONTENEGRO.1.jpg\",\"contentUrl\":\"https:\/\/www.visit-ulcinj.com\/blog\/wp-content\/uploads\/2010\/07\/ADA-BOJANA_ULCINJ-_MONTENEGRO.1.jpg\",\"width\":\"720\",\"height\":\"480\"},{\"@type\":\"WebPage\",\"@id\":\"https:\/\/www.visit-ulcinj.com\/blog\/2010\/07\/13\/ada-bojana-slavi-37-rodendan\/#webpage\",\"url\":\"https:\/\/www.visit-ulcinj.com\/blog\/2010\/07\/13\/ada-bojana-slavi-37-rodendan\/\",\"name\":\"Ada Bojana slavi 37. ro?endan - Lajme nga Ulqini\",\"isPartOf\":{\"@id\":\"https:\/\/www.visit-ulcinj.com\/blog\/#website\"},\"primaryImageOfPage\":{\"@id\":\"https:\/\/www.visit-ulcinj.com\/blog\/2010\/07\/13\/ada-bojana-slavi-37-rodendan\/#primaryimage\"},\"datePublished\":\"2010-07-13T07:22:13+00:00\",\"dateModified\":\"2010-07-13T07:22:13+00:00\",\"author\":{\"@id\":\"https:\/\/www.visit-ulcinj.com\/blog\/#\/schema\/person\/dcab619c614d3038751c63bc2aadc06d\"},\"description\":\"Sjutra, 13.jula ove godine se navr\u0161ava 37 godina od otvaranja nudisti?kog centra na Adi Bojani. Davne 1973. godine Ada Bojana je primila prve goste. U to\",\"breadcrumb\":{\"@id\":\"https:\/\/www.visit-ulcinj.com\/blog\/2010\/07\/13\/ada-bojana-slavi-37-rodendan\/#breadcrumb\"},\"inLanguage\":\"en-US\",\"potentialAction\":[{\"@type\":\"ReadAction\",\"target\":[\"https:\/\/www.visit-ulcinj.com\/blog\/2010\/07\/13\/ada-bojana-slavi-37-rodendan\/\"]}]},{\"@type\":\"BreadcrumbList\",\"@id\":\"https:\/\/www.visit-ulcinj.com\/blog\/2010\/07\/13\/ada-bojana-slavi-37-rodendan\/#breadcrumb\",\"itemListElement\":[{\"@type\":\"ListItem\",\"position\":1,\"name\":\"Ada Bojana slavi 37. ro?endan\"}]},{\"@type\":\"Person\",\"@id\":\"https:\/\/www.visit-ulcinj.com\/blog\/#\/schema\/person\/dcab619c614d3038751c63bc2aadc06d\",\"name\":\"ulqini\",\"sameAs\":[\"http:\/\/www.visit-ulcinj.com\"],\"url\":\"https:\/\/www.visit-ulcinj.com\/blog\/author\/admin\/\"}]}<\/script>\n<!-- \/ Yoast SEO plugin. -->","yoast_head_json":{"title":"Ada Bojana slavi 37. ro?endan - Lajme nga Ulqini","description":"Sjutra, 13.jula ove godine se navr\u0161ava 37 godina od otvaranja nudisti?kog centra na Adi Bojani. Davne 1973. godine Ada Bojana je primila prve goste. U to","robots":{"index":"index","follow":"follow","max-snippet":"max-snippet:-1","max-image-preview":"max-image-preview:large","max-video-preview":"max-video-preview:-1"},"canonical":"https:\/\/www.visit-ulcinj.com\/blog\/2010\/07\/13\/ada-bojana-slavi-37-rodendan\/","og_locale":"en_US","og_type":"article","og_title":"Ada Bojana slavi 37. ro?endan - Lajme nga Ulqini","og_description":"Sjutra, 13.jula ove godine se navr\u0161ava 37 godina od otvaranja nudisti?kog centra na Adi Bojani. Davne 1973. godine Ada Bojana je primila prve goste. U to","og_url":"https:\/\/www.visit-ulcinj.com\/blog\/2010\/07\/13\/ada-bojana-slavi-37-rodendan\/","og_site_name":"Lajme nga Ulqini","article_published_time":"2010-07-13T07:22:13+00:00","og_image":[{"url":"https:\/\/www.visit-ulcinj.com\/blog\/wp-content\/uploads\/2010\/07\/ADA-BOJANA_ULCINJ-_MONTENEGRO.1-150x150.jpg"}],"twitter_misc":{"Written by":"ulqini","Est. reading time":"2 minutes"},"schema":{"@context":"https:\/\/schema.org","@graph":[{"@type":"WebSite","@id":"https:\/\/www.visit-ulcinj.com\/blog\/#website","url":"https:\/\/www.visit-ulcinj.com\/blog\/","name":"Lajme nga Ulqini","description":"Lajme,Vijesti,Ulqini,Ulqin,Crna Gora,Mali i Zi","potentialAction":[{"@type":"SearchAction","target":{"@type":"EntryPoint","urlTemplate":"https:\/\/www.visit-ulcinj.com\/blog\/?s={search_term_string}"},"query-input":"required name=search_term_string"}],"inLanguage":"en-US"},{"@type":"ImageObject","inLanguage":"en-US","@id":"https:\/\/www.visit-ulcinj.com\/blog\/2010\/07\/13\/ada-bojana-slavi-37-rodendan\/#primaryimage","url":"https:\/\/www.visit-ulcinj.com\/blog\/wp-content\/uploads\/2010\/07\/ADA-BOJANA_ULCINJ-_MONTENEGRO.1.jpg","contentUrl":"https:\/\/www.visit-ulcinj.com\/blog\/wp-content\/uploads\/2010\/07\/ADA-BOJANA_ULCINJ-_MONTENEGRO.1.jpg","width":"720","height":"480"},{"@type":"WebPage","@id":"https:\/\/www.visit-ulcinj.com\/blog\/2010\/07\/13\/ada-bojana-slavi-37-rodendan\/#webpage","url":"https:\/\/www.visit-ulcinj.com\/blog\/2010\/07\/13\/ada-bojana-slavi-37-rodendan\/","name":"Ada Bojana slavi 37. ro?endan - Lajme nga Ulqini","isPartOf":{"@id":"https:\/\/www.visit-ulcinj.com\/blog\/#website"},"primaryImageOfPage":{"@id":"https:\/\/www.visit-ulcinj.com\/blog\/2010\/07\/13\/ada-bojana-slavi-37-rodendan\/#primaryimage"},"datePublished":"2010-07-13T07:22:13+00:00","dateModified":"2010-07-13T07:22:13+00:00","author":{"@id":"https:\/\/www.visit-ulcinj.com\/blog\/#\/schema\/person\/dcab619c614d3038751c63bc2aadc06d"},"description":"Sjutra, 13.jula ove godine se navr\u0161ava 37 godina od otvaranja nudisti?kog centra na Adi Bojani. Davne 1973. godine Ada Bojana je primila prve goste. U to","breadcrumb":{"@id":"https:\/\/www.visit-ulcinj.com\/blog\/2010\/07\/13\/ada-bojana-slavi-37-rodendan\/#breadcrumb"},"inLanguage":"en-US","potentialAction":[{"@type":"ReadAction","target":["https:\/\/www.visit-ulcinj.com\/blog\/2010\/07\/13\/ada-bojana-slavi-37-rodendan\/"]}]},{"@type":"BreadcrumbList","@id":"https:\/\/www.visit-ulcinj.com\/blog\/2010\/07\/13\/ada-bojana-slavi-37-rodendan\/#breadcrumb","itemListElement":[{"@type":"ListItem","position":1,"name":"Ada Bojana slavi 37. ro?endan"}]},{"@type":"Person","@id":"https:\/\/www.visit-ulcinj.com\/blog\/#\/schema\/person\/dcab619c614d3038751c63bc2aadc06d","name":"ulqini","sameAs":["http:\/\/www.visit-ulcinj.com"],"url":"https:\/\/www.visit-ulcinj.com\/blog\/author\/admin\/"}]}},"jetpack_featured_media_url":"","jetpack_sharing_enabled":true,"jetpack_shortlink":"https:\/\/wp.me\/pe6lTn-9e8","_links":{"self":[{"href":"https:\/\/www.visit-ulcinj.com\/blog\/wp-json\/wp\/v2\/posts\/35472"}],"collection":[{"href":"https:\/\/www.visit-ulcinj.com\/blog\/wp-json\/wp\/v2\/posts"}],"about":[{"href":"https:\/\/www.visit-ulcinj.com\/blog\/wp-json\/wp\/v2\/types\/post"}],"author":[{"embeddable":true,"href":"https:\/\/www.visit-ulcinj.com\/blog\/wp-json\/wp\/v2\/users\/1"}],"replies":[{"embeddable":true,"href":"https:\/\/www.visit-ulcinj.com\/blog\/wp-json\/wp\/v2\/comments?post=35472"}],"version-history":[{"count":0,"href":"https:\/\/www.visit-ulcinj.com\/blog\/wp-json\/wp\/v2\/posts\/35472\/revisions"}],"wp:attachment":[{"href":"https:\/\/www.visit-ulcinj.com\/blog\/wp-json\/wp\/v2\/media?parent=35472"}],"wp:term":[{"taxonomy":"category","embeddable":true,"href":"https:\/\/www.visit-ulcinj.com\/blog\/wp-json\/wp\/v2\/categories?post=35472"},{"taxonomy":"post_tag","embeddable":true,"href":"https:\/\/www.visit-ulcinj.com\/blog\/wp-json\/wp\/v2\/tags?post=35472"}],"curies":[{"name":"wp","href":"https:\/\/api.w.org\/{rel}","templated":true}]}}