{"id":35496,"date":"2010-07-14T16:39:59","date_gmt":"2010-07-14T14:39:59","guid":{"rendered":"http:\/\/www.visit-ulcinj.com\/blog\/?p=35496"},"modified":"2010-07-15T15:37:38","modified_gmt":"2010-07-15T13:37:38","slug":"vazhdojne-bisedimet-per-formimin-e-koalicionit-per-qeverisjen-e-komunes-se-ulqinit","status":"publish","type":"post","link":"https:\/\/www.visit-ulcinj.com\/blog\/2010\/07\/14\/vazhdojne-bisedimet-per-formimin-e-koalicionit-per-qeverisjen-e-komunes-se-ulqinit\/","title":{"rendered":"Selim Resulbegoviq: Problematik posti i kryetarit t\u00eb Kuvendit n\u00eb Ulqin &#8211; Video"},"content":{"rendered":"<p><strong><a href=\"http:\/\/www.visit-ulcinj.com\/blog\/wp-content\/uploads\/2010\/07\/Selim\u00a0Resulbegoviq.jpg\"><img loading=\"lazy\" class=\"alignleft size-full wp-image-35503\" title=\"Selim\u00a0Resulbegoviq\" src=\"http:\/\/www.visit-ulcinj.com\/blog\/wp-content\/uploads\/2010\/07\/Selim\u00a0Resulbegoviq.jpg\" alt=\"Selim\u00a0Resulbegoviq\" width=\"490\" height=\"518\" \/><\/a>Vazhdojn\u00eb bisedimet p\u00ebr formimin e koalicionit p\u00ebr qeverisjen e komun\u00ebs s\u00eb Ulqinit<\/strong><br \/>\nUlqin \u2013 Edhe pse kane kaluar nje muaj e gjysme\u00a0nga zgjedhjet lokale, ne komunen e\u00a0Ulqinit akoma nuk eshte arritur koalicioni per\u00a0qeverisjen e kesaj komune.\u00a0Gjate diteve te kaluara jane zhvilluar\u00a0bisedimet per formimin e koalicionit qeverises\u00a0ndermjet perfaqesuesve te UDSH-se dhe\u00a0PDS-se qe perbejne Koalicionin \u201cPer Ulqinin\u00a0Evropian\u201d dhe perfaqesuesve te Partise se\u00a0Prosperitetit Demokratik dhe Partise\u00a0Socialdemokrate.\u00a0PSD i eshte pergjigjur ofertes se Koalicionit\u00a0\u201cPer Ulqinin Evropian\u201d. Kjo parti ka kerkuar\u00a0postin e nenkryetarit te Komunes se Ulqinit,\u00a0sekretarit per Urbanizem, menaxherit te\u00a0Komunes, kryetarit te Kuvendit te Komunes si\u00a0dhe drejtorin e Ndermarrjes Komunale\u00a0Publike Ulqini.\u00a0Per Koalicionin \u201cPer Ulqinin Evropian\u201d jane\u00a0te pranueshme kerkesat e PSD-se per\u00a0nenkryetar te Komunes, sekretar te Urbanizmit dhe menaxher te\u00a0Komunes, ndersa PSD-ja ka hequr dore nga kerkesa per drejtor\u00a0te NKP Ulqini.\u00a0Problematike mbetet vetem kerkesa per kryetarin e Kuvendit te\u00a0Komunes se Ulqinit.\u00a0Kryetari i Keshillit Komunal te PSD-se Ulqin, Selim\u00a0Resulbegoviq, ka thene se kjo parti nuk do te heqe dore nga\u00a0kerkesa per kryetarin e Kuvendit te Komunes se Ulqinit.\u00a0\u201cNe kete e shohim si kusht qe garanton funksionimin e koalicionit\u201d,\u00a0ka thene ai.\u00a0Kuvendi i Komunes se Ulqinit perbehet nga 33 keshilltare. Ne\u00a0zgjedhjet e mbajtura me 23 maj Koalicioni \u201cPer Ulqinin\u00a0Evropian\u201d (UDSH \u2013 PDS) ka fituar 14 keshilltare, ndersa PPD\u00a0dhe PSD nga dy keshilltare.\u00a0Mbreme kane vazhduar bisedimet ndermjet perfaqesuesve te\u00a0koalicionit \u201cPer Ulqinin Evropian\u201d (UDSH \u2013 PSD), Partise se\u00a0Prosperitetit Demokratik dhe Partise Socialdemokrate te Malit te\u00a0Zi.<br \/>\n<strong><br \/>\n(Kohapress)<br \/>\n<!--YouTube Error: bad URL entered--><\/strong><\/p>\n","protected":false},"excerpt":{"rendered":"<p>Vazhdojn\u00eb bisedimet p\u00ebr formimin e koalicionit p\u00ebr qeverisjen e komun\u00ebs s\u00eb Ulqinit Ulqin \u2013 Edhe pse kane kaluar nje muaj e gjysme\u00a0nga zgjedhjet lokale, ne komunen e\u00a0Ulqinit akoma nuk eshte arritur koalicioni per\u00a0qeverisjen e kesaj komune.\u00a0Gjate diteve te kaluara jane zhvilluar\u00a0bisedimet per formimin e koalicionit qeverises\u00a0ndermjet perfaqesuesve te UDSH-se dhe\u00a0PDS-se qe perbejne Koalicionin \u201cPer Ulqinin\u00a0Evropian\u201d [&hellip;]<\/p>\n","protected":false},"author":1,"featured_media":0,"comment_status":"open","ping_status":"closed","sticky":false,"template":"","format":"standard","meta":{"spay_email":"","jetpack_publicize_message":"","jetpack_is_tweetstorm":false,"jetpack_publicize_feature_enabled":true},"categories":[6],"tags":[14897,872,6530,5891,14898,14896,2394],"jetpack_publicize_connections":[],"yoast_head":"<!-- This site is optimized with the Yoast SEO plugin v19.1 - https:\/\/yoast.com\/wordpress\/plugins\/seo\/ -->\n<title>Selim Resulbegoviq: Problematik posti i kryetarit t\u00eb Kuvendit n\u00eb Ulqin - Video - Lajme nga Ulqini<\/title>\n<meta name=\"description\" content=\"Vazhdojn\u00eb bisedimet p\u00ebr formimin e koalicionit p\u00ebr qeverisjen e komun\u00ebs s\u00eb Ulqinit Ulqin \u2013 Edhe pse kane kaluar nje muaj e gjysme\u00a0nga zgjedhjet lokale, ne\" \/>\n<meta name=\"robots\" content=\"index, follow, max-snippet:-1, max-image-preview:large, max-video-preview:-1\" \/>\n<link rel=\"canonical\" href=\"https:\/\/www.visit-ulcinj.com\/blog\/2010\/07\/14\/vazhdojne-bisedimet-per-formimin-e-koalicionit-per-qeverisjen-e-komunes-se-ulqinit\/\" \/>\n<meta property=\"og:locale\" content=\"en_US\" \/>\n<meta property=\"og:type\" content=\"article\" \/>\n<meta property=\"og:title\" content=\"Selim Resulbegoviq: Problematik posti i kryetarit t\u00eb Kuvendit n\u00eb Ulqin - Video - Lajme nga Ulqini\" \/>\n<meta property=\"og:description\" content=\"Vazhdojn\u00eb bisedimet p\u00ebr formimin e koalicionit p\u00ebr qeverisjen e komun\u00ebs s\u00eb Ulqinit Ulqin \u2013 Edhe pse kane kaluar nje muaj e gjysme\u00a0nga zgjedhjet lokale, ne\" \/>\n<meta property=\"og:url\" content=\"https:\/\/www.visit-ulcinj.com\/blog\/2010\/07\/14\/vazhdojne-bisedimet-per-formimin-e-koalicionit-per-qeverisjen-e-komunes-se-ulqinit\/\" \/>\n<meta property=\"og:site_name\" content=\"Lajme nga Ulqini\" \/>\n<meta property=\"article:published_time\" content=\"2010-07-14T14:39:59+00:00\" \/>\n<meta property=\"article:modified_time\" content=\"2010-07-15T13:37:38+00:00\" \/>\n<meta name=\"twitter:label1\" content=\"Written by\" \/>\n\t<meta name=\"twitter:data1\" content=\"ulqini\" \/>\n\t<meta name=\"twitter:label2\" content=\"Est. reading time\" \/>\n\t<meta name=\"twitter:data2\" content=\"1 minute\" \/>\n<script type=\"application\/ld+json\" class=\"yoast-schema-graph\">{\"@context\":\"https:\/\/schema.org\",\"@graph\":[{\"@type\":\"WebSite\",\"@id\":\"https:\/\/www.visit-ulcinj.com\/blog\/#website\",\"url\":\"https:\/\/www.visit-ulcinj.com\/blog\/\",\"name\":\"Lajme nga Ulqini\",\"description\":\"Lajme,Vijesti,Ulqini,Ulqin,Crna Gora,Mali i Zi\",\"potentialAction\":[{\"@type\":\"SearchAction\",\"target\":{\"@type\":\"EntryPoint\",\"urlTemplate\":\"https:\/\/www.visit-ulcinj.com\/blog\/?s={search_term_string}\"},\"query-input\":\"required name=search_term_string\"}],\"inLanguage\":\"en-US\"},{\"@type\":\"WebPage\",\"@id\":\"https:\/\/www.visit-ulcinj.com\/blog\/2010\/07\/14\/vazhdojne-bisedimet-per-formimin-e-koalicionit-per-qeverisjen-e-komunes-se-ulqinit\/#webpage\",\"url\":\"https:\/\/www.visit-ulcinj.com\/blog\/2010\/07\/14\/vazhdojne-bisedimet-per-formimin-e-koalicionit-per-qeverisjen-e-komunes-se-ulqinit\/\",\"name\":\"Selim Resulbegoviq: Problematik posti i kryetarit t\u00eb Kuvendit n\u00eb Ulqin - Video - Lajme nga Ulqini\",\"isPartOf\":{\"@id\":\"https:\/\/www.visit-ulcinj.com\/blog\/#website\"},\"datePublished\":\"2010-07-14T14:39:59+00:00\",\"dateModified\":\"2010-07-15T13:37:38+00:00\",\"author\":{\"@id\":\"https:\/\/www.visit-ulcinj.com\/blog\/#\/schema\/person\/dcab619c614d3038751c63bc2aadc06d\"},\"description\":\"Vazhdojn\u00eb bisedimet p\u00ebr formimin e koalicionit p\u00ebr qeverisjen e komun\u00ebs s\u00eb Ulqinit Ulqin \u2013 Edhe pse kane kaluar nje muaj e gjysme\u00a0nga zgjedhjet lokale, ne\",\"breadcrumb\":{\"@id\":\"https:\/\/www.visit-ulcinj.com\/blog\/2010\/07\/14\/vazhdojne-bisedimet-per-formimin-e-koalicionit-per-qeverisjen-e-komunes-se-ulqinit\/#breadcrumb\"},\"inLanguage\":\"en-US\",\"potentialAction\":[{\"@type\":\"ReadAction\",\"target\":[\"https:\/\/www.visit-ulcinj.com\/blog\/2010\/07\/14\/vazhdojne-bisedimet-per-formimin-e-koalicionit-per-qeverisjen-e-komunes-se-ulqinit\/\"]}]},{\"@type\":\"BreadcrumbList\",\"@id\":\"https:\/\/www.visit-ulcinj.com\/blog\/2010\/07\/14\/vazhdojne-bisedimet-per-formimin-e-koalicionit-per-qeverisjen-e-komunes-se-ulqinit\/#breadcrumb\",\"itemListElement\":[{\"@type\":\"ListItem\",\"position\":1,\"name\":\"Selim Resulbegoviq: Problematik posti i kryetarit t\u00eb Kuvendit n\u00eb Ulqin &#8211; Video\"}]},{\"@type\":\"Person\",\"@id\":\"https:\/\/www.visit-ulcinj.com\/blog\/#\/schema\/person\/dcab619c614d3038751c63bc2aadc06d\",\"name\":\"ulqini\",\"sameAs\":[\"http:\/\/www.visit-ulcinj.com\"],\"url\":\"https:\/\/www.visit-ulcinj.com\/blog\/author\/admin\/\"}]}<\/script>\n<!-- \/ Yoast SEO plugin. -->","yoast_head_json":{"title":"Selim Resulbegoviq: Problematik posti i kryetarit t\u00eb Kuvendit n\u00eb Ulqin - Video - Lajme nga Ulqini","description":"Vazhdojn\u00eb bisedimet p\u00ebr formimin e koalicionit p\u00ebr qeverisjen e komun\u00ebs s\u00eb Ulqinit Ulqin \u2013 Edhe pse kane kaluar nje muaj e gjysme\u00a0nga zgjedhjet lokale, ne","robots":{"index":"index","follow":"follow","max-snippet":"max-snippet:-1","max-image-preview":"max-image-preview:large","max-video-preview":"max-video-preview:-1"},"canonical":"https:\/\/www.visit-ulcinj.com\/blog\/2010\/07\/14\/vazhdojne-bisedimet-per-formimin-e-koalicionit-per-qeverisjen-e-komunes-se-ulqinit\/","og_locale":"en_US","og_type":"article","og_title":"Selim Resulbegoviq: Problematik posti i kryetarit t\u00eb Kuvendit n\u00eb Ulqin - Video - Lajme nga Ulqini","og_description":"Vazhdojn\u00eb bisedimet p\u00ebr formimin e koalicionit p\u00ebr qeverisjen e komun\u00ebs s\u00eb Ulqinit Ulqin \u2013 Edhe pse kane kaluar nje muaj e gjysme\u00a0nga zgjedhjet lokale, ne","og_url":"https:\/\/www.visit-ulcinj.com\/blog\/2010\/07\/14\/vazhdojne-bisedimet-per-formimin-e-koalicionit-per-qeverisjen-e-komunes-se-ulqinit\/","og_site_name":"Lajme nga Ulqini","article_published_time":"2010-07-14T14:39:59+00:00","article_modified_time":"2010-07-15T13:37:38+00:00","twitter_misc":{"Written by":"ulqini","Est. reading time":"1 minute"},"schema":{"@context":"https:\/\/schema.org","@graph":[{"@type":"WebSite","@id":"https:\/\/www.visit-ulcinj.com\/blog\/#website","url":"https:\/\/www.visit-ulcinj.com\/blog\/","name":"Lajme nga Ulqini","description":"Lajme,Vijesti,Ulqini,Ulqin,Crna Gora,Mali i Zi","potentialAction":[{"@type":"SearchAction","target":{"@type":"EntryPoint","urlTemplate":"https:\/\/www.visit-ulcinj.com\/blog\/?s={search_term_string}"},"query-input":"required name=search_term_string"}],"inLanguage":"en-US"},{"@type":"WebPage","@id":"https:\/\/www.visit-ulcinj.com\/blog\/2010\/07\/14\/vazhdojne-bisedimet-per-formimin-e-koalicionit-per-qeverisjen-e-komunes-se-ulqinit\/#webpage","url":"https:\/\/www.visit-ulcinj.com\/blog\/2010\/07\/14\/vazhdojne-bisedimet-per-formimin-e-koalicionit-per-qeverisjen-e-komunes-se-ulqinit\/","name":"Selim Resulbegoviq: Problematik posti i kryetarit t\u00eb Kuvendit n\u00eb Ulqin - Video - Lajme nga Ulqini","isPartOf":{"@id":"https:\/\/www.visit-ulcinj.com\/blog\/#website"},"datePublished":"2010-07-14T14:39:59+00:00","dateModified":"2010-07-15T13:37:38+00:00","author":{"@id":"https:\/\/www.visit-ulcinj.com\/blog\/#\/schema\/person\/dcab619c614d3038751c63bc2aadc06d"},"description":"Vazhdojn\u00eb bisedimet p\u00ebr formimin e koalicionit p\u00ebr qeverisjen e komun\u00ebs s\u00eb Ulqinit Ulqin \u2013 Edhe pse kane kaluar nje muaj e gjysme\u00a0nga zgjedhjet lokale, ne","breadcrumb":{"@id":"https:\/\/www.visit-ulcinj.com\/blog\/2010\/07\/14\/vazhdojne-bisedimet-per-formimin-e-koalicionit-per-qeverisjen-e-komunes-se-ulqinit\/#breadcrumb"},"inLanguage":"en-US","potentialAction":[{"@type":"ReadAction","target":["https:\/\/www.visit-ulcinj.com\/blog\/2010\/07\/14\/vazhdojne-bisedimet-per-formimin-e-koalicionit-per-qeverisjen-e-komunes-se-ulqinit\/"]}]},{"@type":"BreadcrumbList","@id":"https:\/\/www.visit-ulcinj.com\/blog\/2010\/07\/14\/vazhdojne-bisedimet-per-formimin-e-koalicionit-per-qeverisjen-e-komunes-se-ulqinit\/#breadcrumb","itemListElement":[{"@type":"ListItem","position":1,"name":"Selim Resulbegoviq: Problematik posti i kryetarit t\u00eb Kuvendit n\u00eb Ulqin &#8211; Video"}]},{"@type":"Person","@id":"https:\/\/www.visit-ulcinj.com\/blog\/#\/schema\/person\/dcab619c614d3038751c63bc2aadc06d","name":"ulqini","sameAs":["http:\/\/www.visit-ulcinj.com"],"url":"https:\/\/www.visit-ulcinj.com\/blog\/author\/admin\/"}]}},"jetpack_featured_media_url":"","jetpack_sharing_enabled":true,"jetpack_shortlink":"https:\/\/wp.me\/pe6lTn-9ew","_links":{"self":[{"href":"https:\/\/www.visit-ulcinj.com\/blog\/wp-json\/wp\/v2\/posts\/35496"}],"collection":[{"href":"https:\/\/www.visit-ulcinj.com\/blog\/wp-json\/wp\/v2\/posts"}],"about":[{"href":"https:\/\/www.visit-ulcinj.com\/blog\/wp-json\/wp\/v2\/types\/post"}],"author":[{"embeddable":true,"href":"https:\/\/www.visit-ulcinj.com\/blog\/wp-json\/wp\/v2\/users\/1"}],"replies":[{"embeddable":true,"href":"https:\/\/www.visit-ulcinj.com\/blog\/wp-json\/wp\/v2\/comments?post=35496"}],"version-history":[{"count":0,"href":"https:\/\/www.visit-ulcinj.com\/blog\/wp-json\/wp\/v2\/posts\/35496\/revisions"}],"wp:attachment":[{"href":"https:\/\/www.visit-ulcinj.com\/blog\/wp-json\/wp\/v2\/media?parent=35496"}],"wp:term":[{"taxonomy":"category","embeddable":true,"href":"https:\/\/www.visit-ulcinj.com\/blog\/wp-json\/wp\/v2\/categories?post=35496"},{"taxonomy":"post_tag","embeddable":true,"href":"https:\/\/www.visit-ulcinj.com\/blog\/wp-json\/wp\/v2\/tags?post=35496"}],"curies":[{"name":"wp","href":"https:\/\/api.w.org\/{rel}","templated":true}]}}