{"id":355,"date":"2008-02-01T14:11:46","date_gmt":"2008-02-01T19:11:46","guid":{"rendered":"http:\/\/www.visit-ulcinj.com\/blog\/2008\/02\/01\/plackitet-mini-marketi-adriartikne-zemer-te-ulqinit\/"},"modified":"2008-02-12T20:23:17","modified_gmt":"2008-02-13T01:23:17","slug":"plackitet-mini-marketi-adriartikne-zemer-te-ulqinit","status":"publish","type":"post","link":"https:\/\/www.visit-ulcinj.com\/blog\/2008\/02\/01\/plackitet-mini-marketi-adriartikne-zemer-te-ulqinit\/","title":{"rendered":"Pla\u00e7kitet Mini Marketi &#8220;Adriartik&#8221;,n\u00eb zemer t\u00eb Ulqinit"},"content":{"rendered":"<p align=\"justify\"><font face=\"Times New Roman\"><img loading=\"lazy\" src=\"http:\/\/www.visit-ulcinj.com\/blog\/wp-content\/uploads\/2008\/02\/marketi-adriartik-2.jpg\" style=\"width: 229px; height: 170px\" align=\"left\" border=\"0\" height=\"558\" hspace=\"2\" vspace=\"2\" width=\"852\" \/>Personat akoma t\u00eb paidentifikuar nga policija e Ulqinit,Pla\u00e7kitet Mini Marketi &#8220;Adriartik&#8221;,n\u00eb zemer t\u00eb Ulqinit.Ngjarja ka ndodhur nermes te martes dhe markures,ku ora ekzakte nuk dihet nga ana e policis t\u00eb Ulqinit.Pronari i Mini Marketit &#8220;Adriartik&#8221;, ka denoncuar n\u00eb polici te Ulqinit se n\u00eb rastin e pla\u00e7kit\u00ebjes hajdutet kan\u00eb marr\u00eb me vete disa mij\u00eb euro. Sipas policis s\u00eb Ulqinit, vjedhja ka ndodhur t\u00eb markuren n\u00eb m\u00ebngjes. Vjedh\u00ebsit e kan\u00eb<!--more--> qen\u00eb mir te pergaditur per k\u00ebt pla\u00e7kitje sepse me mjete t\u00eb forta e kan\u00eb larguar mb\u00ebshtjell\u00ebsin metalik t\u00eb kasafort\u00ebs. Pasi i kan\u00eb marr\u00eb t\u00eb hollat ata jan\u00eb larguar n\u00eb drejtim t\u00eb panjohur. Gjat\u00eb pla\u00e7kitjes kan marr\u00eb disa mij\u00eb euro dhe ishte shkaktuar d\u00ebm i konsideruesh\u00ebm material n\u00eb Mini Marketi &#8220;Adriartik&#8221;,deklaroji pronari dhe policija e Ulqinit.Nuk ka ende persona te dyshuar per vjedhjen e cila eshte bere n\u00eb Mini Marketin &#8220;Adriartik.<\/font><\/p>\n<p align=\"justify\"><font face=\"Times New Roman\"> <\/font><\/p>\n<p align=\"justify\"><font face=\"Times New Roman\"> <\/font><\/p>\n<p align=\"justify\"><font face=\"Times New Roman\"> <\/font><\/p>\n<p align=\"justify\"><font face=\"Times New Roman\"> <\/font><\/p>\n<p align=\"justify\"><font face=\"Times New Roman\"> <\/font><\/p>\n<p align=\"justify\"><font face=\"Times New Roman\"> <\/font><\/p>\n","protected":false},"excerpt":{"rendered":"<p><img loading=\"lazy\" src=\"http:\/\/www.visit-ulcinj.com\/blog\/wp-content\/uploads\/2008\/02\/marketi-adriartik-2.jpg\" height=\"140\" width=\"140\" \/><\/p>\n","protected":false},"author":1,"featured_media":0,"comment_status":"open","ping_status":"closed","sticky":false,"template":"","format":"standard","meta":{"spay_email":"","jetpack_publicize_message":"","jetpack_is_tweetstorm":false,"jetpack_publicize_feature_enabled":true},"categories":[1],"tags":[],"jetpack_publicize_connections":[],"yoast_head":"<!-- This site is optimized with the Yoast SEO plugin v19.1 - https:\/\/yoast.com\/wordpress\/plugins\/seo\/ -->\n<title>Pla\u00e7kitet Mini Marketi &quot;Adriartik&quot;,n\u00eb zemer t\u00eb Ulqinit - Lajme nga Ulqini<\/title>\n<meta name=\"robots\" content=\"index, follow, max-snippet:-1, max-image-preview:large, max-video-preview:-1\" \/>\n<link rel=\"canonical\" href=\"https:\/\/www.visit-ulcinj.com\/blog\/2008\/02\/01\/plackitet-mini-marketi-adriartikne-zemer-te-ulqinit\/\" \/>\n<meta property=\"og:locale\" content=\"en_US\" \/>\n<meta property=\"og:type\" content=\"article\" \/>\n<meta property=\"og:title\" content=\"Pla\u00e7kitet Mini Marketi &quot;Adriartik&quot;,n\u00eb zemer t\u00eb Ulqinit - Lajme nga Ulqini\" \/>\n<meta property=\"og:url\" content=\"https:\/\/www.visit-ulcinj.com\/blog\/2008\/02\/01\/plackitet-mini-marketi-adriartikne-zemer-te-ulqinit\/\" \/>\n<meta property=\"og:site_name\" content=\"Lajme nga Ulqini\" \/>\n<meta property=\"article:published_time\" content=\"2008-02-01T19:11:46+00:00\" \/>\n<meta property=\"article:modified_time\" content=\"2008-02-13T01:23:17+00:00\" \/>\n<meta property=\"og:image\" content=\"http:\/\/www.visit-ulcinj.com\/blog\/wp-content\/uploads\/2008\/02\/marketi-adriartik-2.jpg\" \/>\n<meta name=\"twitter:label1\" content=\"Written by\" \/>\n\t<meta name=\"twitter:data1\" content=\"ulqini\" \/>\n\t<meta name=\"twitter:label2\" content=\"Est. reading time\" \/>\n\t<meta name=\"twitter:data2\" content=\"1 minute\" \/>\n<script type=\"application\/ld+json\" class=\"yoast-schema-graph\">{\"@context\":\"https:\/\/schema.org\",\"@graph\":[{\"@type\":\"WebSite\",\"@id\":\"https:\/\/www.visit-ulcinj.com\/blog\/#website\",\"url\":\"https:\/\/www.visit-ulcinj.com\/blog\/\",\"name\":\"Lajme nga Ulqini\",\"description\":\"Lajme,Vijesti,Ulqini,Ulqin,Crna Gora,Mali i Zi\",\"potentialAction\":[{\"@type\":\"SearchAction\",\"target\":{\"@type\":\"EntryPoint\",\"urlTemplate\":\"https:\/\/www.visit-ulcinj.com\/blog\/?s={search_term_string}\"},\"query-input\":\"required name=search_term_string\"}],\"inLanguage\":\"en-US\"},{\"@type\":\"ImageObject\",\"inLanguage\":\"en-US\",\"@id\":\"https:\/\/www.visit-ulcinj.com\/blog\/2008\/02\/01\/plackitet-mini-marketi-adriartikne-zemer-te-ulqinit\/#primaryimage\",\"url\":\"http:\/\/www.visit-ulcinj.com\/blog\/wp-content\/uploads\/2008\/02\/marketi-adriartik-2.jpg\",\"contentUrl\":\"http:\/\/www.visit-ulcinj.com\/blog\/wp-content\/uploads\/2008\/02\/marketi-adriartik-2.jpg\"},{\"@type\":\"WebPage\",\"@id\":\"https:\/\/www.visit-ulcinj.com\/blog\/2008\/02\/01\/plackitet-mini-marketi-adriartikne-zemer-te-ulqinit\/#webpage\",\"url\":\"https:\/\/www.visit-ulcinj.com\/blog\/2008\/02\/01\/plackitet-mini-marketi-adriartikne-zemer-te-ulqinit\/\",\"name\":\"Pla\u00e7kitet Mini Marketi \\\"Adriartik\\\",n\u00eb zemer t\u00eb Ulqinit - Lajme nga Ulqini\",\"isPartOf\":{\"@id\":\"https:\/\/www.visit-ulcinj.com\/blog\/#website\"},\"primaryImageOfPage\":{\"@id\":\"https:\/\/www.visit-ulcinj.com\/blog\/2008\/02\/01\/plackitet-mini-marketi-adriartikne-zemer-te-ulqinit\/#primaryimage\"},\"datePublished\":\"2008-02-01T19:11:46+00:00\",\"dateModified\":\"2008-02-13T01:23:17+00:00\",\"author\":{\"@id\":\"https:\/\/www.visit-ulcinj.com\/blog\/#\/schema\/person\/dcab619c614d3038751c63bc2aadc06d\"},\"breadcrumb\":{\"@id\":\"https:\/\/www.visit-ulcinj.com\/blog\/2008\/02\/01\/plackitet-mini-marketi-adriartikne-zemer-te-ulqinit\/#breadcrumb\"},\"inLanguage\":\"en-US\",\"potentialAction\":[{\"@type\":\"ReadAction\",\"target\":[\"https:\/\/www.visit-ulcinj.com\/blog\/2008\/02\/01\/plackitet-mini-marketi-adriartikne-zemer-te-ulqinit\/\"]}]},{\"@type\":\"BreadcrumbList\",\"@id\":\"https:\/\/www.visit-ulcinj.com\/blog\/2008\/02\/01\/plackitet-mini-marketi-adriartikne-zemer-te-ulqinit\/#breadcrumb\",\"itemListElement\":[{\"@type\":\"ListItem\",\"position\":1,\"name\":\"Pla\u00e7kitet Mini Marketi &#8220;Adriartik&#8221;,n\u00eb zemer t\u00eb Ulqinit\"}]},{\"@type\":\"Person\",\"@id\":\"https:\/\/www.visit-ulcinj.com\/blog\/#\/schema\/person\/dcab619c614d3038751c63bc2aadc06d\",\"name\":\"ulqini\",\"sameAs\":[\"http:\/\/www.visit-ulcinj.com\"],\"url\":\"https:\/\/www.visit-ulcinj.com\/blog\/author\/admin\/\"}]}<\/script>\n<!-- \/ Yoast SEO plugin. -->","yoast_head_json":{"title":"Pla\u00e7kitet Mini Marketi \"Adriartik\",n\u00eb zemer t\u00eb Ulqinit - Lajme nga Ulqini","robots":{"index":"index","follow":"follow","max-snippet":"max-snippet:-1","max-image-preview":"max-image-preview:large","max-video-preview":"max-video-preview:-1"},"canonical":"https:\/\/www.visit-ulcinj.com\/blog\/2008\/02\/01\/plackitet-mini-marketi-adriartikne-zemer-te-ulqinit\/","og_locale":"en_US","og_type":"article","og_title":"Pla\u00e7kitet Mini Marketi \"Adriartik\",n\u00eb zemer t\u00eb Ulqinit - Lajme nga Ulqini","og_url":"https:\/\/www.visit-ulcinj.com\/blog\/2008\/02\/01\/plackitet-mini-marketi-adriartikne-zemer-te-ulqinit\/","og_site_name":"Lajme nga Ulqini","article_published_time":"2008-02-01T19:11:46+00:00","article_modified_time":"2008-02-13T01:23:17+00:00","og_image":[{"url":"http:\/\/www.visit-ulcinj.com\/blog\/wp-content\/uploads\/2008\/02\/marketi-adriartik-2.jpg"}],"twitter_misc":{"Written by":"ulqini","Est. reading time":"1 minute"},"schema":{"@context":"https:\/\/schema.org","@graph":[{"@type":"WebSite","@id":"https:\/\/www.visit-ulcinj.com\/blog\/#website","url":"https:\/\/www.visit-ulcinj.com\/blog\/","name":"Lajme nga Ulqini","description":"Lajme,Vijesti,Ulqini,Ulqin,Crna Gora,Mali i Zi","potentialAction":[{"@type":"SearchAction","target":{"@type":"EntryPoint","urlTemplate":"https:\/\/www.visit-ulcinj.com\/blog\/?s={search_term_string}"},"query-input":"required name=search_term_string"}],"inLanguage":"en-US"},{"@type":"ImageObject","inLanguage":"en-US","@id":"https:\/\/www.visit-ulcinj.com\/blog\/2008\/02\/01\/plackitet-mini-marketi-adriartikne-zemer-te-ulqinit\/#primaryimage","url":"http:\/\/www.visit-ulcinj.com\/blog\/wp-content\/uploads\/2008\/02\/marketi-adriartik-2.jpg","contentUrl":"http:\/\/www.visit-ulcinj.com\/blog\/wp-content\/uploads\/2008\/02\/marketi-adriartik-2.jpg"},{"@type":"WebPage","@id":"https:\/\/www.visit-ulcinj.com\/blog\/2008\/02\/01\/plackitet-mini-marketi-adriartikne-zemer-te-ulqinit\/#webpage","url":"https:\/\/www.visit-ulcinj.com\/blog\/2008\/02\/01\/plackitet-mini-marketi-adriartikne-zemer-te-ulqinit\/","name":"Pla\u00e7kitet Mini Marketi \"Adriartik\",n\u00eb zemer t\u00eb Ulqinit - Lajme nga Ulqini","isPartOf":{"@id":"https:\/\/www.visit-ulcinj.com\/blog\/#website"},"primaryImageOfPage":{"@id":"https:\/\/www.visit-ulcinj.com\/blog\/2008\/02\/01\/plackitet-mini-marketi-adriartikne-zemer-te-ulqinit\/#primaryimage"},"datePublished":"2008-02-01T19:11:46+00:00","dateModified":"2008-02-13T01:23:17+00:00","author":{"@id":"https:\/\/www.visit-ulcinj.com\/blog\/#\/schema\/person\/dcab619c614d3038751c63bc2aadc06d"},"breadcrumb":{"@id":"https:\/\/www.visit-ulcinj.com\/blog\/2008\/02\/01\/plackitet-mini-marketi-adriartikne-zemer-te-ulqinit\/#breadcrumb"},"inLanguage":"en-US","potentialAction":[{"@type":"ReadAction","target":["https:\/\/www.visit-ulcinj.com\/blog\/2008\/02\/01\/plackitet-mini-marketi-adriartikne-zemer-te-ulqinit\/"]}]},{"@type":"BreadcrumbList","@id":"https:\/\/www.visit-ulcinj.com\/blog\/2008\/02\/01\/plackitet-mini-marketi-adriartikne-zemer-te-ulqinit\/#breadcrumb","itemListElement":[{"@type":"ListItem","position":1,"name":"Pla\u00e7kitet Mini Marketi &#8220;Adriartik&#8221;,n\u00eb zemer t\u00eb Ulqinit"}]},{"@type":"Person","@id":"https:\/\/www.visit-ulcinj.com\/blog\/#\/schema\/person\/dcab619c614d3038751c63bc2aadc06d","name":"ulqini","sameAs":["http:\/\/www.visit-ulcinj.com"],"url":"https:\/\/www.visit-ulcinj.com\/blog\/author\/admin\/"}]}},"jetpack_featured_media_url":"","jetpack_sharing_enabled":true,"jetpack_shortlink":"https:\/\/wp.me\/pe6lTn-5J","_links":{"self":[{"href":"https:\/\/www.visit-ulcinj.com\/blog\/wp-json\/wp\/v2\/posts\/355"}],"collection":[{"href":"https:\/\/www.visit-ulcinj.com\/blog\/wp-json\/wp\/v2\/posts"}],"about":[{"href":"https:\/\/www.visit-ulcinj.com\/blog\/wp-json\/wp\/v2\/types\/post"}],"author":[{"embeddable":true,"href":"https:\/\/www.visit-ulcinj.com\/blog\/wp-json\/wp\/v2\/users\/1"}],"replies":[{"embeddable":true,"href":"https:\/\/www.visit-ulcinj.com\/blog\/wp-json\/wp\/v2\/comments?post=355"}],"version-history":[{"count":0,"href":"https:\/\/www.visit-ulcinj.com\/blog\/wp-json\/wp\/v2\/posts\/355\/revisions"}],"wp:attachment":[{"href":"https:\/\/www.visit-ulcinj.com\/blog\/wp-json\/wp\/v2\/media?parent=355"}],"wp:term":[{"taxonomy":"category","embeddable":true,"href":"https:\/\/www.visit-ulcinj.com\/blog\/wp-json\/wp\/v2\/categories?post=355"},{"taxonomy":"post_tag","embeddable":true,"href":"https:\/\/www.visit-ulcinj.com\/blog\/wp-json\/wp\/v2\/tags?post=355"}],"curies":[{"name":"wp","href":"https:\/\/api.w.org\/{rel}","templated":true}]}}