{"id":35521,"date":"2010-07-15T20:44:40","date_gmt":"2010-07-15T18:44:40","guid":{"rendered":"http:\/\/www.visit-ulcinj.com\/blog\/?p=35521"},"modified":"2010-07-15T20:44:40","modified_gmt":"2010-07-15T18:44:40","slug":"durresi-dhe-ulqini-marreveshje-per-turizmin","status":"publish","type":"post","link":"https:\/\/www.visit-ulcinj.com\/blog\/2010\/07\/15\/durresi-dhe-ulqini-marreveshje-per-turizmin\/","title":{"rendered":"Durr\u00ebsi dhe Ulqini, marr\u00ebveshje p\u00ebr turizmin"},"content":{"rendered":"<p><strong><a href=\"http:\/\/www.visit-ulcinj.com\/blog\/wp-content\/uploads\/2010\/07\/Vangjush-Dako-_-Gezim-Hajdinaga.jpg\"><img loading=\"lazy\" class=\"alignleft size-full wp-image-35522\" title=\"Vangjush Dako _ Gezim Hajdinaga\" src=\"http:\/\/www.visit-ulcinj.com\/blog\/wp-content\/uploads\/2010\/07\/Vangjush-Dako-_-Gezim-Hajdinaga.jpg\" alt=\"Vangjush Dako _ Gezim Hajdinaga\" width=\"490\" height=\"333\" srcset=\"https:\/\/www.visit-ulcinj.com\/blog\/wp-content\/uploads\/2010\/07\/Vangjush-Dako-_-Gezim-Hajdinaga.jpg 490w, https:\/\/www.visit-ulcinj.com\/blog\/wp-content\/uploads\/2010\/07\/Vangjush-Dako-_-Gezim-Hajdinaga-300x203.jpg 300w\" sizes=\"(max-width: 490px) 100vw, 490px\" \/><\/a>Kryebashkiaku i Durr\u00ebsit Vangjush Dako n\u00ebnshkruan marr\u00ebveshje bashk\u00ebpunimi me kryetarin e komun\u00ebs s\u00eb Ulqinit G\u00ebzim Hajdinaga <\/strong><br \/>\nKryetari i Bashkis\u00eb s\u00eb Durr\u00ebsit Vangjush Dako ka pritur n\u00eb nj\u00eb takim kryetarin e komun\u00ebs s\u00eb Ulqinit G\u00ebzim Hajdinaga q\u00eb shoq\u00ebrohej nga ish kryetari i k\u00ebsaj komune Fuat Nimani i cili ka mbajtur edhe pozicionin e ministrit t\u00eb t\u00eb drejtave t\u00eb njeriut dhe pakica n\u00eb qeverin\u00eb e Malit t\u00eb Zi nga viti 2008 deri n\u00eb 2010. N\u00eb k\u00ebt\u00eb takim merrnin pjes\u00eb edhe drejtuesit e shoqat\u00ebs Ulqini n\u00eb Durr\u00ebs. Kryebashkiaku Dako i ka njohur t\u00eb pranishmit me vlerat sidomos ato turistike q\u00eb ka qyteti i Durr\u00ebsit ku zhvillohen disa lloje turizmi. Dako ka p\u00ebrmendur gjithashtu edhe lidhjet e forta midis dy qyteteve madje edhe faktin q\u00eb n\u00eb Durr\u00ebs shum\u00eb prej ulqinak\u00ebve t\u00eb vendosur n\u00eb qytet jan\u00eb t\u00eb njohur n\u00eb saj\u00eb t\u00eb kontributit q\u00eb kan\u00eb dh\u00ebn\u00eb n\u00eb fusha t\u00eb ndryshme. Nga ana tjet\u00ebr kryebashkiaku Dako e ka v\u00ebn\u00eb theksin n\u00eb bashk\u00ebpunimin e ngusht\u00eb n\u00eb disa fusha mes k\u00ebtyre dy qyteteve Durr\u00ebsit dhe Ulqinit t\u00eb cilat kan\u00eb si prioritet kryesor zhvillimin e turizmit.<br \/>\n<a href=\"http:\/\/www.visit-ulcinj.com\/blog\/wp-content\/uploads\/2010\/07\/Vangjush-Dako-_-Gezim-Hajdinaga.1.jpg\"><img loading=\"lazy\" class=\"alignleft size-full wp-image-35523\" title=\"Vangjush Dako _ Gezim Hajdinaga.1\" src=\"http:\/\/www.visit-ulcinj.com\/blog\/wp-content\/uploads\/2010\/07\/Vangjush-Dako-_-Gezim-Hajdinaga.1.jpg\" alt=\"Vangjush Dako _ Gezim Hajdinaga.1\" width=\"490\" height=\"351\" srcset=\"https:\/\/www.visit-ulcinj.com\/blog\/wp-content\/uploads\/2010\/07\/Vangjush-Dako-_-Gezim-Hajdinaga.1.jpg 490w, https:\/\/www.visit-ulcinj.com\/blog\/wp-content\/uploads\/2010\/07\/Vangjush-Dako-_-Gezim-Hajdinaga.1-300x214.jpg 300w\" sizes=\"(max-width: 490px) 100vw, 490px\" \/><\/a><br \/>\nKreu i komun\u00ebs s\u00eb Ulqinit G\u00ebzim Hajdinaga foli p\u00ebr lidhjet e forta q\u00eb ekzistojn\u00eb mes dy qyteteve ku turizmi \u00ebsht\u00eb fusha q\u00eb i bashkon m\u00eb ngusht\u00eb por edhe bashk\u00ebpunimet n\u00eb fusha t\u00eb tjera sui ajo kulturore apo administrative do ti bashkojn\u00eb m\u00eb shum\u00eb k\u00ebto dy qytete. Gjat\u00eb takimit kryebashkiaku i Durr\u00ebsit Vangjush Dako dhe kreu i komun\u00ebs s\u00eb Ulqinit G\u00ebzim Hajdinaga kan\u00eb n\u00ebnshkruar edhe nj\u00eb marr\u00ebveshje bashk\u00ebpunimi me q\u00ebllim vendosjen dhe forcimin e marr\u00ebdh\u00ebnieve t\u00eb bashk\u00ebpunimit t\u00eb nd\u00ebrsjellt\u00eb si dhe t\u00eb shk\u00ebmbimit t\u00eb p\u00ebrvojave t\u00eb p\u00ebrbashk\u00ebta n\u00eb dobi t\u00eb dy qyteteve Durr\u00ebs dhe Ulqin bazuar n\u00eb Konventat Nd\u00ebrkomb\u00ebtare dhe Kart\u00ebn e Autonomis\u00eb Lokale. Kjo marr\u00ebveshje do t\u00eb shtrihet n\u00eb fush\u00ebn e administrimit publik, shk\u00ebmbimeve tregtare dhe biznesit, turizmit, arsimit, kultur\u00ebs dhe trash\u00ebgimis\u00eb historike, sportit dhe rekreacionit. M\u00eb pas t\u00eb dy pal\u00ebt kan\u00eb shk\u00ebmbyer dhuratat simbolike t\u00eb rastit ku kreu i komun\u00ebs s\u00eb Ulqinit Hajdinaga i ka dhuruar kryebashkiakut Dako nj\u00eb piktur\u00eb ku duket nj\u00eb nga simbolet e atij qyteti sic \u00ebsht\u00eb kalaja e Ulqinit. Nga ana e tij kryebashkiaku Dako i ka dhuruar homologut ulqinak pllak\u00ebn simbolike ku \u00ebsht\u00eb gdhendur torra veneciane dhe disa simbole t\u00eb qytetit t\u00eb Durr\u00ebsit. M\u00eb tej kryebashkiaku Vangjush Dako dhe kreu i komun\u00ebs s\u00eb Ulqinit G\u00ebzim Hajdinaga kan\u00eb marr\u00eb n\u00eb nj\u00eb shfaqje t\u00eb organizuar nga shoqata Ulqini e cila p\u00ebrfaq\u00ebson komunitetin e ulqinak\u00ebve t\u00eb vendosur n\u00eb Durr\u00ebs dhe ku u nderuan disa nga figurat m\u00eb t\u00eb spikatura t\u00eb ulqinak\u00ebve n\u00eb Durr\u00ebs q\u00eb ka n\u00eb dh\u00ebn\u00eb kontribut t\u00eb shquar n\u00eb disa fusha.<\/p>\n<p><strong>Copyright \u00a9 2010. Bashkia Durres<br \/>\n<!--YouTube Error: bad URL entered--><\/strong><\/p>\n","protected":false},"excerpt":{"rendered":"<p>Kryebashkiaku i Durr\u00ebsit Vangjush Dako n\u00ebnshkruan marr\u00ebveshje bashk\u00ebpunimi me kryetarin e komun\u00ebs s\u00eb Ulqinit G\u00ebzim Hajdinaga Kryetari i Bashkis\u00eb s\u00eb Durr\u00ebsit Vangjush Dako ka pritur n\u00eb nj\u00eb takim kryetarin e komun\u00ebs s\u00eb Ulqinit G\u00ebzim Hajdinaga q\u00eb shoq\u00ebrohej nga ish kryetari i k\u00ebsaj komune Fuat Nimani i cili ka mbajtur edhe pozicionin e ministrit t\u00eb t\u00eb [&hellip;]<\/p>\n","protected":false},"author":1,"featured_media":0,"comment_status":"open","ping_status":"closed","sticky":false,"template":"","format":"standard","meta":{"spay_email":"","jetpack_publicize_message":"","jetpack_is_tweetstorm":false,"jetpack_publicize_feature_enabled":true},"categories":[10],"tags":[222,14902,2515,14901],"jetpack_publicize_connections":[],"yoast_head":"<!-- This site is optimized with the Yoast SEO plugin v19.1 - https:\/\/yoast.com\/wordpress\/plugins\/seo\/ -->\n<title>Durr\u00ebsi dhe Ulqini, marr\u00ebveshje p\u00ebr turizmin - Lajme nga Ulqini<\/title>\n<meta name=\"description\" content=\"Kryebashkiaku i Durr\u00ebsit Vangjush Dako n\u00ebnshkruan marr\u00ebveshje bashk\u00ebpunimi me kryetarin e komun\u00ebs s\u00eb Ulqinit G\u00ebzim Hajdinaga Kryetari i Bashkis\u00eb s\u00eb\" \/>\n<meta name=\"robots\" content=\"index, follow, max-snippet:-1, max-image-preview:large, max-video-preview:-1\" \/>\n<link rel=\"canonical\" href=\"https:\/\/www.visit-ulcinj.com\/blog\/2010\/07\/15\/durresi-dhe-ulqini-marreveshje-per-turizmin\/\" \/>\n<meta property=\"og:locale\" content=\"en_US\" \/>\n<meta property=\"og:type\" content=\"article\" \/>\n<meta property=\"og:title\" content=\"Durr\u00ebsi dhe Ulqini, marr\u00ebveshje p\u00ebr turizmin - Lajme nga Ulqini\" \/>\n<meta property=\"og:description\" content=\"Kryebashkiaku i Durr\u00ebsit Vangjush Dako n\u00ebnshkruan marr\u00ebveshje bashk\u00ebpunimi me kryetarin e komun\u00ebs s\u00eb Ulqinit G\u00ebzim Hajdinaga Kryetari i Bashkis\u00eb s\u00eb\" \/>\n<meta property=\"og:url\" content=\"https:\/\/www.visit-ulcinj.com\/blog\/2010\/07\/15\/durresi-dhe-ulqini-marreveshje-per-turizmin\/\" \/>\n<meta property=\"og:site_name\" content=\"Lajme nga Ulqini\" \/>\n<meta property=\"article:published_time\" content=\"2010-07-15T18:44:40+00:00\" \/>\n<meta property=\"og:image\" content=\"http:\/\/www.visit-ulcinj.com\/blog\/wp-content\/uploads\/2010\/07\/Vangjush-Dako-_-Gezim-Hajdinaga.jpg\" \/>\n<meta name=\"twitter:label1\" content=\"Written by\" \/>\n\t<meta name=\"twitter:data1\" content=\"ulqini\" \/>\n\t<meta name=\"twitter:label2\" content=\"Est. reading time\" \/>\n\t<meta name=\"twitter:data2\" content=\"3 minutes\" \/>\n<script type=\"application\/ld+json\" class=\"yoast-schema-graph\">{\"@context\":\"https:\/\/schema.org\",\"@graph\":[{\"@type\":\"WebSite\",\"@id\":\"https:\/\/www.visit-ulcinj.com\/blog\/#website\",\"url\":\"https:\/\/www.visit-ulcinj.com\/blog\/\",\"name\":\"Lajme nga Ulqini\",\"description\":\"Lajme,Vijesti,Ulqini,Ulqin,Crna Gora,Mali i Zi\",\"potentialAction\":[{\"@type\":\"SearchAction\",\"target\":{\"@type\":\"EntryPoint\",\"urlTemplate\":\"https:\/\/www.visit-ulcinj.com\/blog\/?s={search_term_string}\"},\"query-input\":\"required name=search_term_string\"}],\"inLanguage\":\"en-US\"},{\"@type\":\"ImageObject\",\"inLanguage\":\"en-US\",\"@id\":\"https:\/\/www.visit-ulcinj.com\/blog\/2010\/07\/15\/durresi-dhe-ulqini-marreveshje-per-turizmin\/#primaryimage\",\"url\":\"https:\/\/www.visit-ulcinj.com\/blog\/wp-content\/uploads\/2010\/07\/Vangjush-Dako-_-Gezim-Hajdinaga.jpg\",\"contentUrl\":\"https:\/\/www.visit-ulcinj.com\/blog\/wp-content\/uploads\/2010\/07\/Vangjush-Dako-_-Gezim-Hajdinaga.jpg\",\"width\":\"490\",\"height\":\"333\"},{\"@type\":\"WebPage\",\"@id\":\"https:\/\/www.visit-ulcinj.com\/blog\/2010\/07\/15\/durresi-dhe-ulqini-marreveshje-per-turizmin\/#webpage\",\"url\":\"https:\/\/www.visit-ulcinj.com\/blog\/2010\/07\/15\/durresi-dhe-ulqini-marreveshje-per-turizmin\/\",\"name\":\"Durr\u00ebsi dhe Ulqini, marr\u00ebveshje p\u00ebr turizmin - Lajme nga Ulqini\",\"isPartOf\":{\"@id\":\"https:\/\/www.visit-ulcinj.com\/blog\/#website\"},\"primaryImageOfPage\":{\"@id\":\"https:\/\/www.visit-ulcinj.com\/blog\/2010\/07\/15\/durresi-dhe-ulqini-marreveshje-per-turizmin\/#primaryimage\"},\"datePublished\":\"2010-07-15T18:44:40+00:00\",\"dateModified\":\"2010-07-15T18:44:40+00:00\",\"author\":{\"@id\":\"https:\/\/www.visit-ulcinj.com\/blog\/#\/schema\/person\/dcab619c614d3038751c63bc2aadc06d\"},\"description\":\"Kryebashkiaku i Durr\u00ebsit Vangjush Dako n\u00ebnshkruan marr\u00ebveshje bashk\u00ebpunimi me kryetarin e komun\u00ebs s\u00eb Ulqinit G\u00ebzim Hajdinaga Kryetari i Bashkis\u00eb s\u00eb\",\"breadcrumb\":{\"@id\":\"https:\/\/www.visit-ulcinj.com\/blog\/2010\/07\/15\/durresi-dhe-ulqini-marreveshje-per-turizmin\/#breadcrumb\"},\"inLanguage\":\"en-US\",\"potentialAction\":[{\"@type\":\"ReadAction\",\"target\":[\"https:\/\/www.visit-ulcinj.com\/blog\/2010\/07\/15\/durresi-dhe-ulqini-marreveshje-per-turizmin\/\"]}]},{\"@type\":\"BreadcrumbList\",\"@id\":\"https:\/\/www.visit-ulcinj.com\/blog\/2010\/07\/15\/durresi-dhe-ulqini-marreveshje-per-turizmin\/#breadcrumb\",\"itemListElement\":[{\"@type\":\"ListItem\",\"position\":1,\"name\":\"Durr\u00ebsi dhe Ulqini, marr\u00ebveshje p\u00ebr turizmin\"}]},{\"@type\":\"Person\",\"@id\":\"https:\/\/www.visit-ulcinj.com\/blog\/#\/schema\/person\/dcab619c614d3038751c63bc2aadc06d\",\"name\":\"ulqini\",\"sameAs\":[\"http:\/\/www.visit-ulcinj.com\"],\"url\":\"https:\/\/www.visit-ulcinj.com\/blog\/author\/admin\/\"}]}<\/script>\n<!-- \/ Yoast SEO plugin. -->","yoast_head_json":{"title":"Durr\u00ebsi dhe Ulqini, marr\u00ebveshje p\u00ebr turizmin - Lajme nga Ulqini","description":"Kryebashkiaku i Durr\u00ebsit Vangjush Dako n\u00ebnshkruan marr\u00ebveshje bashk\u00ebpunimi me kryetarin e komun\u00ebs s\u00eb Ulqinit G\u00ebzim Hajdinaga Kryetari i Bashkis\u00eb s\u00eb","robots":{"index":"index","follow":"follow","max-snippet":"max-snippet:-1","max-image-preview":"max-image-preview:large","max-video-preview":"max-video-preview:-1"},"canonical":"https:\/\/www.visit-ulcinj.com\/blog\/2010\/07\/15\/durresi-dhe-ulqini-marreveshje-per-turizmin\/","og_locale":"en_US","og_type":"article","og_title":"Durr\u00ebsi dhe Ulqini, marr\u00ebveshje p\u00ebr turizmin - Lajme nga Ulqini","og_description":"Kryebashkiaku i Durr\u00ebsit Vangjush Dako n\u00ebnshkruan marr\u00ebveshje bashk\u00ebpunimi me kryetarin e komun\u00ebs s\u00eb Ulqinit G\u00ebzim Hajdinaga Kryetari i Bashkis\u00eb s\u00eb","og_url":"https:\/\/www.visit-ulcinj.com\/blog\/2010\/07\/15\/durresi-dhe-ulqini-marreveshje-per-turizmin\/","og_site_name":"Lajme nga Ulqini","article_published_time":"2010-07-15T18:44:40+00:00","og_image":[{"url":"http:\/\/www.visit-ulcinj.com\/blog\/wp-content\/uploads\/2010\/07\/Vangjush-Dako-_-Gezim-Hajdinaga.jpg"}],"twitter_misc":{"Written by":"ulqini","Est. reading time":"3 minutes"},"schema":{"@context":"https:\/\/schema.org","@graph":[{"@type":"WebSite","@id":"https:\/\/www.visit-ulcinj.com\/blog\/#website","url":"https:\/\/www.visit-ulcinj.com\/blog\/","name":"Lajme nga Ulqini","description":"Lajme,Vijesti,Ulqini,Ulqin,Crna Gora,Mali i Zi","potentialAction":[{"@type":"SearchAction","target":{"@type":"EntryPoint","urlTemplate":"https:\/\/www.visit-ulcinj.com\/blog\/?s={search_term_string}"},"query-input":"required name=search_term_string"}],"inLanguage":"en-US"},{"@type":"ImageObject","inLanguage":"en-US","@id":"https:\/\/www.visit-ulcinj.com\/blog\/2010\/07\/15\/durresi-dhe-ulqini-marreveshje-per-turizmin\/#primaryimage","url":"https:\/\/www.visit-ulcinj.com\/blog\/wp-content\/uploads\/2010\/07\/Vangjush-Dako-_-Gezim-Hajdinaga.jpg","contentUrl":"https:\/\/www.visit-ulcinj.com\/blog\/wp-content\/uploads\/2010\/07\/Vangjush-Dako-_-Gezim-Hajdinaga.jpg","width":"490","height":"333"},{"@type":"WebPage","@id":"https:\/\/www.visit-ulcinj.com\/blog\/2010\/07\/15\/durresi-dhe-ulqini-marreveshje-per-turizmin\/#webpage","url":"https:\/\/www.visit-ulcinj.com\/blog\/2010\/07\/15\/durresi-dhe-ulqini-marreveshje-per-turizmin\/","name":"Durr\u00ebsi dhe Ulqini, marr\u00ebveshje p\u00ebr turizmin - Lajme nga Ulqini","isPartOf":{"@id":"https:\/\/www.visit-ulcinj.com\/blog\/#website"},"primaryImageOfPage":{"@id":"https:\/\/www.visit-ulcinj.com\/blog\/2010\/07\/15\/durresi-dhe-ulqini-marreveshje-per-turizmin\/#primaryimage"},"datePublished":"2010-07-15T18:44:40+00:00","dateModified":"2010-07-15T18:44:40+00:00","author":{"@id":"https:\/\/www.visit-ulcinj.com\/blog\/#\/schema\/person\/dcab619c614d3038751c63bc2aadc06d"},"description":"Kryebashkiaku i Durr\u00ebsit Vangjush Dako n\u00ebnshkruan marr\u00ebveshje bashk\u00ebpunimi me kryetarin e komun\u00ebs s\u00eb Ulqinit G\u00ebzim Hajdinaga Kryetari i Bashkis\u00eb s\u00eb","breadcrumb":{"@id":"https:\/\/www.visit-ulcinj.com\/blog\/2010\/07\/15\/durresi-dhe-ulqini-marreveshje-per-turizmin\/#breadcrumb"},"inLanguage":"en-US","potentialAction":[{"@type":"ReadAction","target":["https:\/\/www.visit-ulcinj.com\/blog\/2010\/07\/15\/durresi-dhe-ulqini-marreveshje-per-turizmin\/"]}]},{"@type":"BreadcrumbList","@id":"https:\/\/www.visit-ulcinj.com\/blog\/2010\/07\/15\/durresi-dhe-ulqini-marreveshje-per-turizmin\/#breadcrumb","itemListElement":[{"@type":"ListItem","position":1,"name":"Durr\u00ebsi dhe Ulqini, marr\u00ebveshje p\u00ebr turizmin"}]},{"@type":"Person","@id":"https:\/\/www.visit-ulcinj.com\/blog\/#\/schema\/person\/dcab619c614d3038751c63bc2aadc06d","name":"ulqini","sameAs":["http:\/\/www.visit-ulcinj.com"],"url":"https:\/\/www.visit-ulcinj.com\/blog\/author\/admin\/"}]}},"jetpack_featured_media_url":"","jetpack_sharing_enabled":true,"jetpack_shortlink":"https:\/\/wp.me\/pe6lTn-9eV","_links":{"self":[{"href":"https:\/\/www.visit-ulcinj.com\/blog\/wp-json\/wp\/v2\/posts\/35521"}],"collection":[{"href":"https:\/\/www.visit-ulcinj.com\/blog\/wp-json\/wp\/v2\/posts"}],"about":[{"href":"https:\/\/www.visit-ulcinj.com\/blog\/wp-json\/wp\/v2\/types\/post"}],"author":[{"embeddable":true,"href":"https:\/\/www.visit-ulcinj.com\/blog\/wp-json\/wp\/v2\/users\/1"}],"replies":[{"embeddable":true,"href":"https:\/\/www.visit-ulcinj.com\/blog\/wp-json\/wp\/v2\/comments?post=35521"}],"version-history":[{"count":0,"href":"https:\/\/www.visit-ulcinj.com\/blog\/wp-json\/wp\/v2\/posts\/35521\/revisions"}],"wp:attachment":[{"href":"https:\/\/www.visit-ulcinj.com\/blog\/wp-json\/wp\/v2\/media?parent=35521"}],"wp:term":[{"taxonomy":"category","embeddable":true,"href":"https:\/\/www.visit-ulcinj.com\/blog\/wp-json\/wp\/v2\/categories?post=35521"},{"taxonomy":"post_tag","embeddable":true,"href":"https:\/\/www.visit-ulcinj.com\/blog\/wp-json\/wp\/v2\/tags?post=35521"}],"curies":[{"name":"wp","href":"https:\/\/api.w.org\/{rel}","templated":true}]}}