{"id":35529,"date":"2010-07-15T22:54:11","date_gmt":"2010-07-15T20:54:11","guid":{"rendered":"http:\/\/www.visit-ulcinj.com\/blog\/?p=35529"},"modified":"2010-07-15T22:54:11","modified_gmt":"2010-07-15T20:54:11","slug":"shqiptaret-ne-mal-te-zi-duan-mandate-te-garantuara-ne-parlament","status":"publish","type":"post","link":"https:\/\/www.visit-ulcinj.com\/blog\/2010\/07\/15\/shqiptaret-ne-mal-te-zi-duan-mandate-te-garantuara-ne-parlament\/","title":{"rendered":"Shqiptar\u00ebt n\u00eb Mal t\u00eb Zi duan mandate t\u00eb garantuara n\u00eb Parlament"},"content":{"rendered":"<p><a href=\"http:\/\/www.visit-ulcinj.com\/blog\/wp-content\/uploads\/2010\/07\/Mehmet-Bardhi-_ULQIN.jpg\"><img loading=\"lazy\" class=\"alignleft size-full wp-image-35530\" title=\"Mehmet-Bardhi-_ULQIN\" src=\"http:\/\/www.visit-ulcinj.com\/blog\/wp-content\/uploads\/2010\/07\/Mehmet-Bardhi-_ULQIN.jpg\" alt=\"Mehmet-Bardhi-_ULQIN\" width=\"490\" height=\"367\" \/><\/a>Podgoric\u00eb, 14 korrik &#8211; Partit\u00eb nacionale shqiptare n\u00eb Malin e Zi edhe sot e gjith\u00eb dit\u00ebn mendojn\u00eb se modeli i tyre i p\u00ebrfaq\u00ebsimit autentik t\u00eb pakicave n\u00eb Parlament \u00ebsht\u00eb zgjidhja e vetme dhe m\u00eb e mir\u00eb. Nga k\u00ebto q\u00ebndrime thon\u00eb se nuk do t\u00eb heqin dor\u00eb as n\u00eb pun\u00ebn e ardhshme t\u00eb grupit punues p\u00ebr harmonizimin e legjislatur\u00ebs s\u00eb re zgjedhore me Kushtetut\u00ebn.<br \/>\nK\u00ebshtu shprehet kryetari i Lidhjes Demokratike n\u00eb Mal t\u00eb Zi \/LD n\u00eb MZ\/, Mehmet Bardhi, deputet i k\u00ebsaj partie n\u00eb Kuvendin e Malit t\u00eb Zi. Ai thot\u00eb se q\u00ebndrimi i partive politike shqiptare q\u00eb nga fillimi ka qen\u00eb shum\u00eb i qart\u00eb, t\u00eb mbesin n\u00eb fuqi zgjidhjet ekzistuese, sipas t\u00eb cilave shqiptar\u00ebt kan\u00eb t\u00eb drejt\u00eb n\u00eb mandatet e garantuara, si dhe mbetja e konceptit t\u00eb ekzistimit t\u00eb vendeve t\u00eb posa\u00e7me zgjedhore.<br \/>\n\u201cNe, kaher\u00eb e kemi kumtuar q\u00ebndrimin ton\u00eb lidhur me realizimin e t\u00eb drejtave t\u00eb shqiptar\u00ebve si popull autokton n\u00eb Mal t\u00eb Zi, konkretisht n\u00eb pjes\u00ebn e p\u00ebrfaq\u00ebsimit politik. Mendojm\u00eb se vet\u00ebm zgjidhja q\u00eb propozojm\u00eb ne \u00ebsht\u00eb e drejt\u00eb. Propozimet tjera, n\u00eb fakt, do t\u00eb thot\u00eb shmangie p\u00ebr t\u00eb realizuar t\u00eb drejtat e shqiptar\u00ebve\u201c, citon KosovaLive Bardhin.<br \/>\nAi shton se disa individ\u00eb n\u00eb sken\u00ebn politike \u201cpo shesin mend\u201d, duke u p\u00ebrpjekur t\u00eb sigurojn\u00eb shumic\u00ebn e dy t\u00eb tretave. Arritja e k\u00ebsaj mase, nuk do t\u00eb thot\u00eb se, sipas automatizmit ndonj\u00eb \u00e7\u00ebshtje zgjidhjet n\u00eb m\u00ebnyr\u00eb t\u00eb drejt\u00eb.<br \/>\n\u201cMe monopol edhe me makinerin\u00eb e gisht\u00ebrinjve nuk zgjidhen t\u00eb drejtat nacionale. Duhet arsye, gatishm\u00ebri p\u00ebr marr\u00ebveshje q\u00eb t\u00eb gjejm\u00eb koncensusin politik, n\u00eb m\u00ebnyr\u00eb q\u00eb problemet t\u00eb mos mbesin t\u00eb pazgjidhur\u201d, t\u00ebrheq v\u00ebrejtjen ky deputet shqiptar, politikani m\u00eb i vjet\u00ebr shqiptar n\u00eb Malin e Zi.<br \/>\nBardhi ka n\u00ebnvizuar se shqiptar\u00ebt nuk k\u00ebrkojn\u00eb asgj\u00eb tjet\u00ebr p\u00ebrve\u00e7 se t\u00eb ken\u00eb p\u00ebrfaq\u00ebsuesit e tyre autentik\u00eb n\u00eb Parlament.<br \/>\n\u201cShqiptar\u00ebt t\u00eb zgjedhin kend t\u00eb duan, topall apo i verb\u00ebr, por t\u00eb mos jet\u00eb sipas diktatit t\u00eb partis\u00eb n\u00eb pushtet\u201d, porosit lideri i Lidhjes Demokratike n\u00eb Mal t\u00eb Zi.<br \/>\nGrupi punues p\u00ebr hartimin e legjislatur\u00ebs s\u00eb re zgjedhore, jav\u00ebn e ardhme vazhdon pun\u00ebn. Koordinatori i k\u00ebsaj trupe, Miodrag Vukoviq, funksionar i lart\u00eb i Partis\u00eb Demokratike t\u00eb Socialist\u00ebve t\u00eb Milo Gjukanoviqit ka shpreh optimiz\u00ebm se do t\u00eb mund t\u00eb p\u00ebrfundoj\u00eb me sukses harmonizimi deri n\u00eb fund t\u00eb k\u00ebtij muaji. Afati i k\u00ebtij procesi \u00ebsht\u00eb fundi i k\u00ebtij viti, por deri m\u00eb tash tre afate kan\u00eb d\u00ebshtuar.<\/p>\n<p><strong>KOHA NET<\/strong><\/p>\n","protected":false},"excerpt":{"rendered":"<p>Podgoric\u00eb, 14 korrik &#8211; Partit\u00eb nacionale shqiptare n\u00eb Malin e Zi edhe sot e gjith\u00eb dit\u00ebn mendojn\u00eb se modeli i tyre i p\u00ebrfaq\u00ebsimit autentik t\u00eb pakicave n\u00eb Parlament \u00ebsht\u00eb zgjidhja e vetme dhe m\u00eb e mir\u00eb. Nga k\u00ebto q\u00ebndrime thon\u00eb se nuk do t\u00eb heqin dor\u00eb as n\u00eb pun\u00ebn e ardhshme t\u00eb grupit punues p\u00ebr [&hellip;]<\/p>\n","protected":false},"author":1,"featured_media":0,"comment_status":"open","ping_status":"closed","sticky":false,"template":"","format":"standard","meta":{"spay_email":"","jetpack_publicize_message":"","jetpack_is_tweetstorm":false,"jetpack_publicize_feature_enabled":true},"categories":[11],"tags":[95,347],"jetpack_publicize_connections":[],"yoast_head":"<!-- This site is optimized with the Yoast SEO plugin v19.1 - https:\/\/yoast.com\/wordpress\/plugins\/seo\/ -->\n<title>Shqiptar\u00ebt n\u00eb Mal t\u00eb Zi duan mandate t\u00eb garantuara n\u00eb Parlament - Lajme nga Ulqini<\/title>\n<meta name=\"description\" content=\"Podgoric\u00eb, 14 korrik - Partit\u00eb nacionale shqiptare n\u00eb Malin e Zi edhe sot e gjith\u00eb dit\u00ebn mendojn\u00eb se modeli i tyre i p\u00ebrfaq\u00ebsimit autentik t\u00eb pakicave n\u00eb\" \/>\n<meta name=\"robots\" content=\"index, follow, max-snippet:-1, max-image-preview:large, max-video-preview:-1\" \/>\n<link rel=\"canonical\" href=\"https:\/\/www.visit-ulcinj.com\/blog\/2010\/07\/15\/shqiptaret-ne-mal-te-zi-duan-mandate-te-garantuara-ne-parlament\/\" \/>\n<meta property=\"og:locale\" content=\"en_US\" \/>\n<meta property=\"og:type\" content=\"article\" \/>\n<meta property=\"og:title\" content=\"Shqiptar\u00ebt n\u00eb Mal t\u00eb Zi duan mandate t\u00eb garantuara n\u00eb Parlament - Lajme nga Ulqini\" \/>\n<meta property=\"og:description\" content=\"Podgoric\u00eb, 14 korrik - Partit\u00eb nacionale shqiptare n\u00eb Malin e Zi edhe sot e gjith\u00eb dit\u00ebn mendojn\u00eb se modeli i tyre i p\u00ebrfaq\u00ebsimit autentik t\u00eb pakicave n\u00eb\" \/>\n<meta property=\"og:url\" content=\"https:\/\/www.visit-ulcinj.com\/blog\/2010\/07\/15\/shqiptaret-ne-mal-te-zi-duan-mandate-te-garantuara-ne-parlament\/\" \/>\n<meta property=\"og:site_name\" content=\"Lajme nga Ulqini\" \/>\n<meta property=\"article:published_time\" content=\"2010-07-15T20:54:11+00:00\" \/>\n<meta property=\"og:image\" content=\"http:\/\/www.visit-ulcinj.com\/blog\/wp-content\/uploads\/2010\/07\/Mehmet-Bardhi-_ULQIN.jpg\" \/>\n<meta name=\"twitter:label1\" content=\"Written by\" \/>\n\t<meta name=\"twitter:data1\" content=\"ulqini\" \/>\n\t<meta name=\"twitter:label2\" content=\"Est. reading time\" \/>\n\t<meta name=\"twitter:data2\" content=\"2 minutes\" \/>\n<script type=\"application\/ld+json\" class=\"yoast-schema-graph\">{\"@context\":\"https:\/\/schema.org\",\"@graph\":[{\"@type\":\"WebSite\",\"@id\":\"https:\/\/www.visit-ulcinj.com\/blog\/#website\",\"url\":\"https:\/\/www.visit-ulcinj.com\/blog\/\",\"name\":\"Lajme nga Ulqini\",\"description\":\"Lajme,Vijesti,Ulqini,Ulqin,Crna Gora,Mali i Zi\",\"potentialAction\":[{\"@type\":\"SearchAction\",\"target\":{\"@type\":\"EntryPoint\",\"urlTemplate\":\"https:\/\/www.visit-ulcinj.com\/blog\/?s={search_term_string}\"},\"query-input\":\"required name=search_term_string\"}],\"inLanguage\":\"en-US\"},{\"@type\":\"ImageObject\",\"inLanguage\":\"en-US\",\"@id\":\"https:\/\/www.visit-ulcinj.com\/blog\/2010\/07\/15\/shqiptaret-ne-mal-te-zi-duan-mandate-te-garantuara-ne-parlament\/#primaryimage\",\"url\":\"https:\/\/www.visit-ulcinj.com\/blog\/wp-content\/uploads\/2010\/07\/Mehmet-Bardhi-_ULQIN.jpg\",\"contentUrl\":\"https:\/\/www.visit-ulcinj.com\/blog\/wp-content\/uploads\/2010\/07\/Mehmet-Bardhi-_ULQIN.jpg\",\"width\":\"574\",\"height\":\"367\"},{\"@type\":\"WebPage\",\"@id\":\"https:\/\/www.visit-ulcinj.com\/blog\/2010\/07\/15\/shqiptaret-ne-mal-te-zi-duan-mandate-te-garantuara-ne-parlament\/#webpage\",\"url\":\"https:\/\/www.visit-ulcinj.com\/blog\/2010\/07\/15\/shqiptaret-ne-mal-te-zi-duan-mandate-te-garantuara-ne-parlament\/\",\"name\":\"Shqiptar\u00ebt n\u00eb Mal t\u00eb Zi duan mandate t\u00eb garantuara n\u00eb Parlament - Lajme nga Ulqini\",\"isPartOf\":{\"@id\":\"https:\/\/www.visit-ulcinj.com\/blog\/#website\"},\"primaryImageOfPage\":{\"@id\":\"https:\/\/www.visit-ulcinj.com\/blog\/2010\/07\/15\/shqiptaret-ne-mal-te-zi-duan-mandate-te-garantuara-ne-parlament\/#primaryimage\"},\"datePublished\":\"2010-07-15T20:54:11+00:00\",\"dateModified\":\"2010-07-15T20:54:11+00:00\",\"author\":{\"@id\":\"https:\/\/www.visit-ulcinj.com\/blog\/#\/schema\/person\/dcab619c614d3038751c63bc2aadc06d\"},\"description\":\"Podgoric\u00eb, 14 korrik - Partit\u00eb nacionale shqiptare n\u00eb Malin e Zi edhe sot e gjith\u00eb dit\u00ebn mendojn\u00eb se modeli i tyre i p\u00ebrfaq\u00ebsimit autentik t\u00eb pakicave n\u00eb\",\"breadcrumb\":{\"@id\":\"https:\/\/www.visit-ulcinj.com\/blog\/2010\/07\/15\/shqiptaret-ne-mal-te-zi-duan-mandate-te-garantuara-ne-parlament\/#breadcrumb\"},\"inLanguage\":\"en-US\",\"potentialAction\":[{\"@type\":\"ReadAction\",\"target\":[\"https:\/\/www.visit-ulcinj.com\/blog\/2010\/07\/15\/shqiptaret-ne-mal-te-zi-duan-mandate-te-garantuara-ne-parlament\/\"]}]},{\"@type\":\"BreadcrumbList\",\"@id\":\"https:\/\/www.visit-ulcinj.com\/blog\/2010\/07\/15\/shqiptaret-ne-mal-te-zi-duan-mandate-te-garantuara-ne-parlament\/#breadcrumb\",\"itemListElement\":[{\"@type\":\"ListItem\",\"position\":1,\"name\":\"Shqiptar\u00ebt n\u00eb Mal t\u00eb Zi duan mandate t\u00eb garantuara n\u00eb Parlament\"}]},{\"@type\":\"Person\",\"@id\":\"https:\/\/www.visit-ulcinj.com\/blog\/#\/schema\/person\/dcab619c614d3038751c63bc2aadc06d\",\"name\":\"ulqini\",\"sameAs\":[\"http:\/\/www.visit-ulcinj.com\"],\"url\":\"https:\/\/www.visit-ulcinj.com\/blog\/author\/admin\/\"}]}<\/script>\n<!-- \/ Yoast SEO plugin. -->","yoast_head_json":{"title":"Shqiptar\u00ebt n\u00eb Mal t\u00eb Zi duan mandate t\u00eb garantuara n\u00eb Parlament - Lajme nga Ulqini","description":"Podgoric\u00eb, 14 korrik - Partit\u00eb nacionale shqiptare n\u00eb Malin e Zi edhe sot e gjith\u00eb dit\u00ebn mendojn\u00eb se modeli i tyre i p\u00ebrfaq\u00ebsimit autentik t\u00eb pakicave n\u00eb","robots":{"index":"index","follow":"follow","max-snippet":"max-snippet:-1","max-image-preview":"max-image-preview:large","max-video-preview":"max-video-preview:-1"},"canonical":"https:\/\/www.visit-ulcinj.com\/blog\/2010\/07\/15\/shqiptaret-ne-mal-te-zi-duan-mandate-te-garantuara-ne-parlament\/","og_locale":"en_US","og_type":"article","og_title":"Shqiptar\u00ebt n\u00eb Mal t\u00eb Zi duan mandate t\u00eb garantuara n\u00eb Parlament - Lajme nga Ulqini","og_description":"Podgoric\u00eb, 14 korrik - Partit\u00eb nacionale shqiptare n\u00eb Malin e Zi edhe sot e gjith\u00eb dit\u00ebn mendojn\u00eb se modeli i tyre i p\u00ebrfaq\u00ebsimit autentik t\u00eb pakicave n\u00eb","og_url":"https:\/\/www.visit-ulcinj.com\/blog\/2010\/07\/15\/shqiptaret-ne-mal-te-zi-duan-mandate-te-garantuara-ne-parlament\/","og_site_name":"Lajme nga Ulqini","article_published_time":"2010-07-15T20:54:11+00:00","og_image":[{"url":"http:\/\/www.visit-ulcinj.com\/blog\/wp-content\/uploads\/2010\/07\/Mehmet-Bardhi-_ULQIN.jpg"}],"twitter_misc":{"Written by":"ulqini","Est. reading time":"2 minutes"},"schema":{"@context":"https:\/\/schema.org","@graph":[{"@type":"WebSite","@id":"https:\/\/www.visit-ulcinj.com\/blog\/#website","url":"https:\/\/www.visit-ulcinj.com\/blog\/","name":"Lajme nga Ulqini","description":"Lajme,Vijesti,Ulqini,Ulqin,Crna Gora,Mali i Zi","potentialAction":[{"@type":"SearchAction","target":{"@type":"EntryPoint","urlTemplate":"https:\/\/www.visit-ulcinj.com\/blog\/?s={search_term_string}"},"query-input":"required name=search_term_string"}],"inLanguage":"en-US"},{"@type":"ImageObject","inLanguage":"en-US","@id":"https:\/\/www.visit-ulcinj.com\/blog\/2010\/07\/15\/shqiptaret-ne-mal-te-zi-duan-mandate-te-garantuara-ne-parlament\/#primaryimage","url":"https:\/\/www.visit-ulcinj.com\/blog\/wp-content\/uploads\/2010\/07\/Mehmet-Bardhi-_ULQIN.jpg","contentUrl":"https:\/\/www.visit-ulcinj.com\/blog\/wp-content\/uploads\/2010\/07\/Mehmet-Bardhi-_ULQIN.jpg","width":"574","height":"367"},{"@type":"WebPage","@id":"https:\/\/www.visit-ulcinj.com\/blog\/2010\/07\/15\/shqiptaret-ne-mal-te-zi-duan-mandate-te-garantuara-ne-parlament\/#webpage","url":"https:\/\/www.visit-ulcinj.com\/blog\/2010\/07\/15\/shqiptaret-ne-mal-te-zi-duan-mandate-te-garantuara-ne-parlament\/","name":"Shqiptar\u00ebt n\u00eb Mal t\u00eb Zi duan mandate t\u00eb garantuara n\u00eb Parlament - Lajme nga Ulqini","isPartOf":{"@id":"https:\/\/www.visit-ulcinj.com\/blog\/#website"},"primaryImageOfPage":{"@id":"https:\/\/www.visit-ulcinj.com\/blog\/2010\/07\/15\/shqiptaret-ne-mal-te-zi-duan-mandate-te-garantuara-ne-parlament\/#primaryimage"},"datePublished":"2010-07-15T20:54:11+00:00","dateModified":"2010-07-15T20:54:11+00:00","author":{"@id":"https:\/\/www.visit-ulcinj.com\/blog\/#\/schema\/person\/dcab619c614d3038751c63bc2aadc06d"},"description":"Podgoric\u00eb, 14 korrik - Partit\u00eb nacionale shqiptare n\u00eb Malin e Zi edhe sot e gjith\u00eb dit\u00ebn mendojn\u00eb se modeli i tyre i p\u00ebrfaq\u00ebsimit autentik t\u00eb pakicave n\u00eb","breadcrumb":{"@id":"https:\/\/www.visit-ulcinj.com\/blog\/2010\/07\/15\/shqiptaret-ne-mal-te-zi-duan-mandate-te-garantuara-ne-parlament\/#breadcrumb"},"inLanguage":"en-US","potentialAction":[{"@type":"ReadAction","target":["https:\/\/www.visit-ulcinj.com\/blog\/2010\/07\/15\/shqiptaret-ne-mal-te-zi-duan-mandate-te-garantuara-ne-parlament\/"]}]},{"@type":"BreadcrumbList","@id":"https:\/\/www.visit-ulcinj.com\/blog\/2010\/07\/15\/shqiptaret-ne-mal-te-zi-duan-mandate-te-garantuara-ne-parlament\/#breadcrumb","itemListElement":[{"@type":"ListItem","position":1,"name":"Shqiptar\u00ebt n\u00eb Mal t\u00eb Zi duan mandate t\u00eb garantuara n\u00eb Parlament"}]},{"@type":"Person","@id":"https:\/\/www.visit-ulcinj.com\/blog\/#\/schema\/person\/dcab619c614d3038751c63bc2aadc06d","name":"ulqini","sameAs":["http:\/\/www.visit-ulcinj.com"],"url":"https:\/\/www.visit-ulcinj.com\/blog\/author\/admin\/"}]}},"jetpack_featured_media_url":"","jetpack_sharing_enabled":true,"jetpack_shortlink":"https:\/\/wp.me\/pe6lTn-9f3","_links":{"self":[{"href":"https:\/\/www.visit-ulcinj.com\/blog\/wp-json\/wp\/v2\/posts\/35529"}],"collection":[{"href":"https:\/\/www.visit-ulcinj.com\/blog\/wp-json\/wp\/v2\/posts"}],"about":[{"href":"https:\/\/www.visit-ulcinj.com\/blog\/wp-json\/wp\/v2\/types\/post"}],"author":[{"embeddable":true,"href":"https:\/\/www.visit-ulcinj.com\/blog\/wp-json\/wp\/v2\/users\/1"}],"replies":[{"embeddable":true,"href":"https:\/\/www.visit-ulcinj.com\/blog\/wp-json\/wp\/v2\/comments?post=35529"}],"version-history":[{"count":0,"href":"https:\/\/www.visit-ulcinj.com\/blog\/wp-json\/wp\/v2\/posts\/35529\/revisions"}],"wp:attachment":[{"href":"https:\/\/www.visit-ulcinj.com\/blog\/wp-json\/wp\/v2\/media?parent=35529"}],"wp:term":[{"taxonomy":"category","embeddable":true,"href":"https:\/\/www.visit-ulcinj.com\/blog\/wp-json\/wp\/v2\/categories?post=35529"},{"taxonomy":"post_tag","embeddable":true,"href":"https:\/\/www.visit-ulcinj.com\/blog\/wp-json\/wp\/v2\/tags?post=35529"}],"curies":[{"name":"wp","href":"https:\/\/api.w.org\/{rel}","templated":true}]}}