{"id":35535,"date":"2010-07-16T13:24:32","date_gmt":"2010-07-16T11:24:32","guid":{"rendered":"http:\/\/www.visit-ulcinj.com\/blog\/?p=35535"},"modified":"2010-07-16T13:43:33","modified_gmt":"2010-07-16T11:43:33","slug":"u-ulcinju-jos-nije-konstituisan-parlament","status":"publish","type":"post","link":"https:\/\/www.visit-ulcinj.com\/blog\/2010\/07\/16\/u-ulcinju-jos-nije-konstituisan-parlament\/","title":{"rendered":"U Ulcinju jo\u0161 nije konstituisan parlament &#8211; Video"},"content":{"rendered":"<p><strong><img loading=\"lazy\" class=\"alignleft\" title=\"U Ulcinju jo\u0161 nije konstituisan parlament\" src=\"http:\/\/www.visit-ulcinj.com\/blog\/wp-content\/uploads\/2010\/07\/Vlast-Ulcinja_DUA_DPS_SDP_PDP-2.jpg\" alt=\"\" width=\"490\" height=\"353\" \/>Klju?no mjesto predsjednika Skup\u0161tine<\/strong><br \/>\nUlcinj &#8211; Ni nakon 53 dana od odr\u017eavanja lokalnih izbora u Ulcinju, jo\u0161 nije konstituisan lokalni parlament. Pregovori su po?eli jo\u0161 krajem maja, ali nijesu zavr\u0161eni. O?ekuje se formiranje vlasti u koaliciji DPS \u2013 DUA &#8211; Partije demokratskog prosperiteta i SDP. Prema zakonskim okvirima, vlast se mora formirati najkasnije do 23. jula.<br \/>\nPredsjednik op\u0161tinskog odbora DPS, Lui? \u0160krelja za Pobjedu ka\u017ee, da za sada, situacija nije optimisti?ka jer SDP ko?i pregovore.<br \/>\n&#8211; SDP insistira na mjestu predsjednika skup\u0161tine, a imaju dva mandata. Po rasporedu u skup\u0161tini za ovo mjesto potrebno je 17 mandata, a mi imamo 16 u koaliciji sa DUA i PDP \u2013 ka\u017ee \u0160krelja.<br \/>\n\u0160ef ulcinjskog SDP Selim Resulbegovi? za Pobjedu ka\u017ee da ?e ta partija insistirati na svojim zahtjevima.<br \/>\n&#8211; Smatramo da ?e koalicija biti stabilnija ako budemo imali mjesto predsjednika parlamenta \u2013 ka\u017ee Resulbegovi?.<br \/>\nIako se jo\u0161 ne nazire rje\u0161enje, lideri ulcinjskih odbora DPS i SDP ipak uvjeravaju da ?e sporazum biti postignut do zakonskog roka.<br \/>\nNa lokalnim izborima, koji su odr\u017eani u najju\u017enijoj crnogorskoj op\u0161tini 23. maja, koalicija DPS &#8211; DUA je osvojila 14 mandata, FORCA 11 mandata, SDP, PDP i udru\u017eena opozicija po dva, a Gra?anska inicijativa Perspektiva i koalicija DS-DJA po jedan mandat. Ulcinjski parlament broji 33 odbornika.<br \/>\n<strong><br \/>\nA. \u017divanovi?<br \/>\n<a href=\"http:\/\/www.pobjeda.co.me\/citanje.php?datum=2010-07-15&amp;id=188453\" target=\"_blank\">Pobjeda<\/a><\/strong><\/p>\n<p><strong>Video Arhiva TV Vijesti<br \/>\n[flv width=&#8221;490&#8243; height=&#8221;390&#8243;]http:\/\/a54.video2.blip.tv\/7720004121255\/Rtvvijesti-nacisto070510151.flv[\/flv]<\/strong><\/p>\n","protected":false},"excerpt":{"rendered":"<p>Klju?no mjesto predsjednika Skup\u0161tine Ulcinj &#8211; Ni nakon 53 dana od odr\u017eavanja lokalnih izbora u Ulcinju, jo\u0161 nije konstituisan lokalni parlament. Pregovori su po?eli jo\u0161 krajem maja, ali nijesu zavr\u0161eni. O?ekuje se formiranje vlasti u koaliciji DPS \u2013 DUA &#8211; Partije demokratskog prosperiteta i SDP. Prema zakonskim okvirima, vlast se mora formirati najkasnije do 23. [&hellip;]<\/p>\n","protected":false},"author":1,"featured_media":0,"comment_status":"open","ping_status":"closed","sticky":false,"template":"","format":"standard","meta":{"spay_email":"","jetpack_publicize_message":"","jetpack_is_tweetstorm":false,"jetpack_publicize_feature_enabled":true},"categories":[8337],"tags":[4174,14905,4260,14904],"jetpack_publicize_connections":[],"yoast_head":"<!-- This site is optimized with the Yoast SEO plugin v19.1 - https:\/\/yoast.com\/wordpress\/plugins\/seo\/ -->\n<title>U Ulcinju jo\u0161 nije konstituisan parlament - Video - Lajme nga Ulqini<\/title>\n<meta name=\"description\" content=\"Klju?no mjesto predsjednika Skup\u0161tine Ulcinj - Ni nakon 53 dana od odr\u017eavanja lokalnih izbora u Ulcinju, jo\u0161 nije konstituisan lokalni parlament.\" \/>\n<meta name=\"robots\" content=\"index, follow, max-snippet:-1, max-image-preview:large, max-video-preview:-1\" \/>\n<link rel=\"canonical\" href=\"https:\/\/www.visit-ulcinj.com\/blog\/2010\/07\/16\/u-ulcinju-jos-nije-konstituisan-parlament\/\" \/>\n<meta property=\"og:locale\" content=\"en_US\" \/>\n<meta property=\"og:type\" content=\"article\" \/>\n<meta property=\"og:title\" content=\"U Ulcinju jo\u0161 nije konstituisan parlament - Video - Lajme nga Ulqini\" \/>\n<meta property=\"og:description\" content=\"Klju?no mjesto predsjednika Skup\u0161tine Ulcinj - Ni nakon 53 dana od odr\u017eavanja lokalnih izbora u Ulcinju, jo\u0161 nije konstituisan lokalni parlament.\" \/>\n<meta property=\"og:url\" content=\"https:\/\/www.visit-ulcinj.com\/blog\/2010\/07\/16\/u-ulcinju-jos-nije-konstituisan-parlament\/\" \/>\n<meta property=\"og:site_name\" content=\"Lajme nga Ulqini\" \/>\n<meta property=\"article:published_time\" content=\"2010-07-16T11:24:32+00:00\" \/>\n<meta property=\"article:modified_time\" content=\"2010-07-16T11:43:33+00:00\" \/>\n<meta property=\"og:image\" content=\"http:\/\/www.visit-ulcinj.com\/blog\/wp-content\/uploads\/2010\/07\/Vlast-Ulcinja_DUA_DPS_SDP_PDP-2.jpg\" \/>\n<meta name=\"twitter:label1\" content=\"Written by\" \/>\n\t<meta name=\"twitter:data1\" content=\"ulqini\" \/>\n\t<meta name=\"twitter:label2\" content=\"Est. reading time\" \/>\n\t<meta name=\"twitter:data2\" content=\"1 minute\" \/>\n<script type=\"application\/ld+json\" class=\"yoast-schema-graph\">{\"@context\":\"https:\/\/schema.org\",\"@graph\":[{\"@type\":\"WebSite\",\"@id\":\"https:\/\/www.visit-ulcinj.com\/blog\/#website\",\"url\":\"https:\/\/www.visit-ulcinj.com\/blog\/\",\"name\":\"Lajme nga Ulqini\",\"description\":\"Lajme,Vijesti,Ulqini,Ulqin,Crna Gora,Mali i Zi\",\"potentialAction\":[{\"@type\":\"SearchAction\",\"target\":{\"@type\":\"EntryPoint\",\"urlTemplate\":\"https:\/\/www.visit-ulcinj.com\/blog\/?s={search_term_string}\"},\"query-input\":\"required name=search_term_string\"}],\"inLanguage\":\"en-US\"},{\"@type\":\"ImageObject\",\"inLanguage\":\"en-US\",\"@id\":\"https:\/\/www.visit-ulcinj.com\/blog\/2010\/07\/16\/u-ulcinju-jos-nije-konstituisan-parlament\/#primaryimage\",\"url\":\"https:\/\/www.visit-ulcinj.com\/blog\/wp-content\/uploads\/2010\/07\/Vlast-Ulcinja_DUA_DPS_SDP_PDP-2.jpg\",\"contentUrl\":\"https:\/\/www.visit-ulcinj.com\/blog\/wp-content\/uploads\/2010\/07\/Vlast-Ulcinja_DUA_DPS_SDP_PDP-2.jpg\",\"width\":\"490\",\"height\":\"353\"},{\"@type\":\"WebPage\",\"@id\":\"https:\/\/www.visit-ulcinj.com\/blog\/2010\/07\/16\/u-ulcinju-jos-nije-konstituisan-parlament\/#webpage\",\"url\":\"https:\/\/www.visit-ulcinj.com\/blog\/2010\/07\/16\/u-ulcinju-jos-nije-konstituisan-parlament\/\",\"name\":\"U Ulcinju jo\u0161 nije konstituisan parlament - Video - Lajme nga Ulqini\",\"isPartOf\":{\"@id\":\"https:\/\/www.visit-ulcinj.com\/blog\/#website\"},\"primaryImageOfPage\":{\"@id\":\"https:\/\/www.visit-ulcinj.com\/blog\/2010\/07\/16\/u-ulcinju-jos-nije-konstituisan-parlament\/#primaryimage\"},\"datePublished\":\"2010-07-16T11:24:32+00:00\",\"dateModified\":\"2010-07-16T11:43:33+00:00\",\"author\":{\"@id\":\"https:\/\/www.visit-ulcinj.com\/blog\/#\/schema\/person\/dcab619c614d3038751c63bc2aadc06d\"},\"description\":\"Klju?no mjesto predsjednika Skup\u0161tine Ulcinj - Ni nakon 53 dana od odr\u017eavanja lokalnih izbora u Ulcinju, jo\u0161 nije konstituisan lokalni parlament.\",\"breadcrumb\":{\"@id\":\"https:\/\/www.visit-ulcinj.com\/blog\/2010\/07\/16\/u-ulcinju-jos-nije-konstituisan-parlament\/#breadcrumb\"},\"inLanguage\":\"en-US\",\"potentialAction\":[{\"@type\":\"ReadAction\",\"target\":[\"https:\/\/www.visit-ulcinj.com\/blog\/2010\/07\/16\/u-ulcinju-jos-nije-konstituisan-parlament\/\"]}]},{\"@type\":\"BreadcrumbList\",\"@id\":\"https:\/\/www.visit-ulcinj.com\/blog\/2010\/07\/16\/u-ulcinju-jos-nije-konstituisan-parlament\/#breadcrumb\",\"itemListElement\":[{\"@type\":\"ListItem\",\"position\":1,\"name\":\"U Ulcinju jo\u0161 nije konstituisan parlament &#8211; Video\"}]},{\"@type\":\"Person\",\"@id\":\"https:\/\/www.visit-ulcinj.com\/blog\/#\/schema\/person\/dcab619c614d3038751c63bc2aadc06d\",\"name\":\"ulqini\",\"sameAs\":[\"http:\/\/www.visit-ulcinj.com\"],\"url\":\"https:\/\/www.visit-ulcinj.com\/blog\/author\/admin\/\"}]}<\/script>\n<!-- \/ Yoast SEO plugin. -->","yoast_head_json":{"title":"U Ulcinju jo\u0161 nije konstituisan parlament - Video - Lajme nga Ulqini","description":"Klju?no mjesto predsjednika Skup\u0161tine Ulcinj - Ni nakon 53 dana od odr\u017eavanja lokalnih izbora u Ulcinju, jo\u0161 nije konstituisan lokalni parlament.","robots":{"index":"index","follow":"follow","max-snippet":"max-snippet:-1","max-image-preview":"max-image-preview:large","max-video-preview":"max-video-preview:-1"},"canonical":"https:\/\/www.visit-ulcinj.com\/blog\/2010\/07\/16\/u-ulcinju-jos-nije-konstituisan-parlament\/","og_locale":"en_US","og_type":"article","og_title":"U Ulcinju jo\u0161 nije konstituisan parlament - Video - Lajme nga Ulqini","og_description":"Klju?no mjesto predsjednika Skup\u0161tine Ulcinj - Ni nakon 53 dana od odr\u017eavanja lokalnih izbora u Ulcinju, jo\u0161 nije konstituisan lokalni parlament.","og_url":"https:\/\/www.visit-ulcinj.com\/blog\/2010\/07\/16\/u-ulcinju-jos-nije-konstituisan-parlament\/","og_site_name":"Lajme nga Ulqini","article_published_time":"2010-07-16T11:24:32+00:00","article_modified_time":"2010-07-16T11:43:33+00:00","og_image":[{"url":"http:\/\/www.visit-ulcinj.com\/blog\/wp-content\/uploads\/2010\/07\/Vlast-Ulcinja_DUA_DPS_SDP_PDP-2.jpg"}],"twitter_misc":{"Written by":"ulqini","Est. reading time":"1 minute"},"schema":{"@context":"https:\/\/schema.org","@graph":[{"@type":"WebSite","@id":"https:\/\/www.visit-ulcinj.com\/blog\/#website","url":"https:\/\/www.visit-ulcinj.com\/blog\/","name":"Lajme nga Ulqini","description":"Lajme,Vijesti,Ulqini,Ulqin,Crna Gora,Mali i Zi","potentialAction":[{"@type":"SearchAction","target":{"@type":"EntryPoint","urlTemplate":"https:\/\/www.visit-ulcinj.com\/blog\/?s={search_term_string}"},"query-input":"required name=search_term_string"}],"inLanguage":"en-US"},{"@type":"ImageObject","inLanguage":"en-US","@id":"https:\/\/www.visit-ulcinj.com\/blog\/2010\/07\/16\/u-ulcinju-jos-nije-konstituisan-parlament\/#primaryimage","url":"https:\/\/www.visit-ulcinj.com\/blog\/wp-content\/uploads\/2010\/07\/Vlast-Ulcinja_DUA_DPS_SDP_PDP-2.jpg","contentUrl":"https:\/\/www.visit-ulcinj.com\/blog\/wp-content\/uploads\/2010\/07\/Vlast-Ulcinja_DUA_DPS_SDP_PDP-2.jpg","width":"490","height":"353"},{"@type":"WebPage","@id":"https:\/\/www.visit-ulcinj.com\/blog\/2010\/07\/16\/u-ulcinju-jos-nije-konstituisan-parlament\/#webpage","url":"https:\/\/www.visit-ulcinj.com\/blog\/2010\/07\/16\/u-ulcinju-jos-nije-konstituisan-parlament\/","name":"U Ulcinju jo\u0161 nije konstituisan parlament - Video - Lajme nga Ulqini","isPartOf":{"@id":"https:\/\/www.visit-ulcinj.com\/blog\/#website"},"primaryImageOfPage":{"@id":"https:\/\/www.visit-ulcinj.com\/blog\/2010\/07\/16\/u-ulcinju-jos-nije-konstituisan-parlament\/#primaryimage"},"datePublished":"2010-07-16T11:24:32+00:00","dateModified":"2010-07-16T11:43:33+00:00","author":{"@id":"https:\/\/www.visit-ulcinj.com\/blog\/#\/schema\/person\/dcab619c614d3038751c63bc2aadc06d"},"description":"Klju?no mjesto predsjednika Skup\u0161tine Ulcinj - Ni nakon 53 dana od odr\u017eavanja lokalnih izbora u Ulcinju, jo\u0161 nije konstituisan lokalni parlament.","breadcrumb":{"@id":"https:\/\/www.visit-ulcinj.com\/blog\/2010\/07\/16\/u-ulcinju-jos-nije-konstituisan-parlament\/#breadcrumb"},"inLanguage":"en-US","potentialAction":[{"@type":"ReadAction","target":["https:\/\/www.visit-ulcinj.com\/blog\/2010\/07\/16\/u-ulcinju-jos-nije-konstituisan-parlament\/"]}]},{"@type":"BreadcrumbList","@id":"https:\/\/www.visit-ulcinj.com\/blog\/2010\/07\/16\/u-ulcinju-jos-nije-konstituisan-parlament\/#breadcrumb","itemListElement":[{"@type":"ListItem","position":1,"name":"U Ulcinju jo\u0161 nije konstituisan parlament &#8211; Video"}]},{"@type":"Person","@id":"https:\/\/www.visit-ulcinj.com\/blog\/#\/schema\/person\/dcab619c614d3038751c63bc2aadc06d","name":"ulqini","sameAs":["http:\/\/www.visit-ulcinj.com"],"url":"https:\/\/www.visit-ulcinj.com\/blog\/author\/admin\/"}]}},"jetpack_featured_media_url":"","jetpack_sharing_enabled":true,"jetpack_shortlink":"https:\/\/wp.me\/pe6lTn-9f9","_links":{"self":[{"href":"https:\/\/www.visit-ulcinj.com\/blog\/wp-json\/wp\/v2\/posts\/35535"}],"collection":[{"href":"https:\/\/www.visit-ulcinj.com\/blog\/wp-json\/wp\/v2\/posts"}],"about":[{"href":"https:\/\/www.visit-ulcinj.com\/blog\/wp-json\/wp\/v2\/types\/post"}],"author":[{"embeddable":true,"href":"https:\/\/www.visit-ulcinj.com\/blog\/wp-json\/wp\/v2\/users\/1"}],"replies":[{"embeddable":true,"href":"https:\/\/www.visit-ulcinj.com\/blog\/wp-json\/wp\/v2\/comments?post=35535"}],"version-history":[{"count":0,"href":"https:\/\/www.visit-ulcinj.com\/blog\/wp-json\/wp\/v2\/posts\/35535\/revisions"}],"wp:attachment":[{"href":"https:\/\/www.visit-ulcinj.com\/blog\/wp-json\/wp\/v2\/media?parent=35535"}],"wp:term":[{"taxonomy":"category","embeddable":true,"href":"https:\/\/www.visit-ulcinj.com\/blog\/wp-json\/wp\/v2\/categories?post=35535"},{"taxonomy":"post_tag","embeddable":true,"href":"https:\/\/www.visit-ulcinj.com\/blog\/wp-json\/wp\/v2\/tags?post=35535"}],"curies":[{"name":"wp","href":"https:\/\/api.w.org\/{rel}","templated":true}]}}