{"id":35540,"date":"2010-07-16T19:00:06","date_gmt":"2010-07-16T17:00:06","guid":{"rendered":"http:\/\/www.visit-ulcinj.com\/blog\/?p=35540"},"modified":"2010-07-16T19:07:54","modified_gmt":"2010-07-16T17:07:54","slug":"ismet-karamanaga-ne-radio-elite","status":"publish","type":"post","link":"https:\/\/www.visit-ulcinj.com\/blog\/2010\/07\/16\/ismet-karamanaga-ne-radio-elite\/","title":{"rendered":"Ismet Karamanaga n\u00eb Radio Elit\u00eb"},"content":{"rendered":"<p><a href=\"http:\/\/www.visit-ulcinj.com\/blog\/wp-content\/uploads\/2010\/07\/Ismet-Karamanaga-ne-Radio-Elit\u00eb.2.jpg\"><img loading=\"lazy\" class=\"alignleft size-full wp-image-35541\" title=\"Ismet Karamanaga ne Radio Elit\u00eb.2\" src=\"http:\/\/www.visit-ulcinj.com\/blog\/wp-content\/uploads\/2010\/07\/Ismet-Karamanaga-ne-Radio-Elit\u00eb.2.jpg\" alt=\"Ismet Karamanaga ne Radio Elit\u00eb.2\" width=\"490\" height=\"390\" \/><\/a>Radio&#8221; Elita&#8221; \u00ebsht\u00eb Radio e par\u00eb e pavarur private n\u00eb Ulqin. E themeluar n\u00eb vitin 2003, dhe e udh\u00ebhequr nga dy gazetar\u00eb t\u00eb njohur, Vera dhe Zenel Katana, kjo radio prej vitesh \u00ebsht\u00eb b\u00ebr\u00eb nj\u00eb nd\u00ebr radiot m\u00eb t\u00eb njohura n\u00eb hapsir\u00ebn mbar\u00ebshqiptare dhe m\u00eb gj\u00ebr\u00eb. Radio Elita \u00ebsht\u00eb e njohur p\u00ebr larmin\u00eb e emisioneve n\u00eb fusha t\u00eb ndryshme. Nep\u00ebrmes ksaj radioje kan\u00eb defilluar dhe kan\u00eb qen\u00eb t\u00eb pranish\u00ebm, studius t\u00eb fushave t\u00eb ndryshme, eksperte dhe njoh\u00ebs t\u00eb situatave. Personazh\u00eb t\u00eb njohur nga politika, arti dhe kultura, turizmi, sporti dhe n\u00eb lami t\u00eb ndryshme nga vendi dhe nga bota kan\u00eb marr\u00eb pjes\u00eb n\u00eb emisione t\u00eb organizuar nga Radio Elita&#8230;Mendoj se r\u00ebnd\u00ebsi t\u00eb ve\u00e7ante Radio Elita i kushton emisioneve q\u00eb kan\u00eb t\u00eb bejn\u00eb m\u00eb trash\u00ebgimine kulturore t\u00eb qytetit t\u00eb Ulqinit.<br \/>\nKalaja 2500 vje\u00e7are me nj\u00eb trashigmi t\u00eb fam\u00ebshme, si p\u00ebrmendore kulturo historike e kategoris\u00eb s\u00eb par\u00eb, por edhe Shasi apo Sva\u00e7i, krojet dhe nonumente t\u00eb shumta jan\u00eb b\u00ebr\u00eb objekt shqyrtimi n\u00eb emisionet e k\u00ebsaj radioje. \u00c7do gj\u00eb g\u00ebrshetohet me muzik\u00eb t\u00eb zgjedhur me shum\u00eb shije. Radio Elita, \u00ebsht\u00eb nj\u00eb radio q\u00eb p\u00eblqehet shum\u00eb jo vet\u00ebm nga qytetar\u00ebt e Ulqinit por edhe nga nj\u00eb num\u00ebr i madh\u00eb i mysafier\u00ebve t\u00eb cil\u00ebt kan\u00eb d\u00ebgjuar p\u00ebr realizime t\u00eb sukseshme q\u00eb ka b\u00ebr\u00eb, ve\u00e7mas ata q\u00eb lidhen me personalitete t\u00eb ndryshme bot\u00ebrore q\u00eb kan\u00eb kaluar dhe kan\u00eb vizituar Ulqinin si Arnold v. Harf, etj.<br \/>\nPo ashtu dua t\u00eb theksoj se Vera dhe Zenel Katana, edhe n\u00eb shkoll\u00ebn e mesme jan\u00eb dalluar, dhe prandaj jam i mendimit si profesori i tyre, se nuk \u00ebsht\u00eb p\u00ebr t\u00eb \u00e7uditur pse Radio Elita funkcionon me kaq\u00eb sukses\u00eb.<br \/>\nM\u00eb n\u00eb fund dua t\u00eb them\u00eb edhe di\u00e7ka , \u00e7ka duhet t\u00eb p\u00ebrmendet dhe t\u00eb theksohet. Si pas mendimit tim modest, Zenel Katana \u00ebsht\u00eb nj\u00eb nd\u00ebr moderatotet m\u00eb t\u00eb mir\u00eb jo vet\u00ebm n\u00eb Mal t\u00eb Zi , por edhe m\u00eb gj\u00ebr\u00eb. Njoh\u00ebs dhe studius i mir\u00eb i gjuh\u00ebs Shqipe, flet\u00eb dhe reciton m\u00eb nj\u00eb gjuh\u00eb t\u00eb past\u00ebrt dhe t\u00eb bukur..N\u00eb emisione t\u00eb Radio Elit\u00ebs ku flitet p\u00ebr Kalan\u00eb ton\u00eb,.. n\u00eb hapje soleme t\u00eb Sken\u00ebs verore, n\u00eb Sheshin e Servantesit, n\u00eb Panairin e librit, n\u00eb Festivale t\u00eb muzik\u00ebs p\u00ebr f\u00ebmi dhe n\u00eb \u00e7do shfaqe &#8230; gjithmon\u00eb \u00ebsht\u00eb dhe duhet t\u00eb jet\u00eb i pranish\u00ebm z\u00ebri i Zenel Katan\u00ebs, sepse, ai m\u00eb z\u00ebrin e tij pasuron dhe e ngrit gjith\u00e7ka me lart\u00eb.<\/p>\n<h3><span><a href=\"http:\/\/www.facebook.com\/profile.php?id=1359492972\">Ismet Karamanaga Facebook<\/a><\/span><\/h3>\n<p><span>\n\t\t<style type=\"text\/css\">\n\t\t\t#gallery-1 {\n\t\t\t\tmargin: auto;\n\t\t\t}\n\t\t\t#gallery-1 .gallery-item {\n\t\t\t\tfloat: left;\n\t\t\t\tmargin-top: 10px;\n\t\t\t\ttext-align: center;\n\t\t\t\twidth: 33%;\n\t\t\t}\n\t\t\t#gallery-1 img {\n\t\t\t\tborder: 2px solid #cfcfcf;\n\t\t\t}\n\t\t\t#gallery-1 .gallery-caption {\n\t\t\t\tmargin-left: 0;\n\t\t\t}\n\t\t\t\/* see gallery_shortcode() in wp-includes\/media.php *\/\n\t\t<\/style>\n\t\t<div id='gallery-1' class='gallery galleryid-35540 gallery-columns-3 gallery-size-thumbnail'><dl class='gallery-item'>\n\t\t\t<dt class='gallery-icon '>\n\t\t\t\t<a href='https:\/\/www.visit-ulcinj.com\/blog\/wp-content\/uploads\/2010\/07\/Ismet-Karamanaga-ne-Radio-Elit\u00c3\u00ab.2.jpg'><img width=\"1\" height=\"1\" src=\"https:\/\/www.visit-ulcinj.com\/blog\/wp-content\/uploads\/2010\/07\/Ismet-Karamanaga-ne-Radio-Elit\u00c3\u00ab.2.jpg\" class=\"attachment-thumbnail size-thumbnail\" alt=\"\" loading=\"lazy\" \/><\/a>\n\t\t\t<\/dt><\/dl><dl class='gallery-item'>\n\t\t\t<dt class='gallery-icon '>\n\t\t\t\t<a href='https:\/\/www.visit-ulcinj.com\/blog\/wp-content\/uploads\/2010\/07\/Ismet-Karamanaga-ne-Radio-Elit\u00c3\u00ab.1.jpg'><img width=\"1\" height=\"1\" src=\"https:\/\/www.visit-ulcinj.com\/blog\/wp-content\/uploads\/2010\/07\/Ismet-Karamanaga-ne-Radio-Elit\u00c3\u00ab.1.jpg\" class=\"attachment-thumbnail size-thumbnail\" alt=\"\" loading=\"lazy\" \/><\/a>\n\t\t\t<\/dt><\/dl><dl class='gallery-item'>\n\t\t\t<dt class='gallery-icon '>\n\t\t\t\t<a href='https:\/\/www.visit-ulcinj.com\/blog\/wp-content\/uploads\/2010\/07\/Ismet-Karamanaga-ne-Radio-Elit\u00c3\u00ab.jpg'><img width=\"1\" height=\"1\" src=\"https:\/\/www.visit-ulcinj.com\/blog\/wp-content\/uploads\/2010\/07\/Ismet-Karamanaga-ne-Radio-Elit\u00c3\u00ab.jpg\" class=\"attachment-thumbnail size-thumbnail\" alt=\"\" loading=\"lazy\" \/><\/a>\n\t\t\t<\/dt><\/dl><br style=\"clear: both\" \/>\n\t\t<\/div>\n<br \/>\n[flv width=&#8221;490&#8243; height=&#8221;390&#8243;]http:\/\/www.hoteldolcino.com\/video\/zaweb.flv[\/flv]<br \/>\n<\/span><\/p>\n","protected":false},"excerpt":{"rendered":"<p>Radio&#8221; Elita&#8221; \u00ebsht\u00eb Radio e par\u00eb e pavarur private n\u00eb Ulqin. E themeluar n\u00eb vitin 2003, dhe e udh\u00ebhequr nga dy gazetar\u00eb t\u00eb njohur, Vera dhe Zenel Katana, kjo radio prej vitesh \u00ebsht\u00eb b\u00ebr\u00eb nj\u00eb nd\u00ebr radiot m\u00eb t\u00eb njohura n\u00eb hapsir\u00ebn mbar\u00ebshqiptare dhe m\u00eb gj\u00ebr\u00eb. Radio Elita \u00ebsht\u00eb e njohur p\u00ebr larmin\u00eb e emisioneve [&hellip;]<\/p>\n","protected":false},"author":1,"featured_media":0,"comment_status":"open","ping_status":"closed","sticky":false,"template":"","format":"standard","meta":{"spay_email":"","jetpack_publicize_message":"","jetpack_is_tweetstorm":false,"jetpack_publicize_feature_enabled":true},"categories":[13],"tags":[306,14906,200,18,14907],"jetpack_publicize_connections":[],"yoast_head":"<!-- This site is optimized with the Yoast SEO plugin v19.1 - https:\/\/yoast.com\/wordpress\/plugins\/seo\/ -->\n<title>Ismet Karamanaga n\u00eb Radio Elit\u00eb - Lajme nga Ulqini<\/title>\n<meta name=\"description\" content=\"Radio&quot; Elita&quot; \u00ebsht\u00eb Radio e par\u00eb e pavarur private n\u00eb Ulqin. E themeluar n\u00eb vitin 2003, dhe e udh\u00ebhequr nga dy gazetar\u00eb t\u00eb njohur, Vera dhe Zenel Katana,\" \/>\n<meta name=\"robots\" content=\"index, follow, max-snippet:-1, max-image-preview:large, max-video-preview:-1\" \/>\n<link rel=\"canonical\" href=\"https:\/\/www.visit-ulcinj.com\/blog\/2010\/07\/16\/ismet-karamanaga-ne-radio-elite\/\" \/>\n<meta property=\"og:locale\" content=\"en_US\" \/>\n<meta property=\"og:type\" content=\"article\" \/>\n<meta property=\"og:title\" content=\"Ismet Karamanaga n\u00eb Radio Elit\u00eb - Lajme nga Ulqini\" \/>\n<meta property=\"og:description\" content=\"Radio&quot; Elita&quot; \u00ebsht\u00eb Radio e par\u00eb e pavarur private n\u00eb Ulqin. E themeluar n\u00eb vitin 2003, dhe e udh\u00ebhequr nga dy gazetar\u00eb t\u00eb njohur, Vera dhe Zenel Katana,\" \/>\n<meta property=\"og:url\" content=\"https:\/\/www.visit-ulcinj.com\/blog\/2010\/07\/16\/ismet-karamanaga-ne-radio-elite\/\" \/>\n<meta property=\"og:site_name\" content=\"Lajme nga Ulqini\" \/>\n<meta property=\"article:published_time\" content=\"2010-07-16T17:00:06+00:00\" \/>\n<meta property=\"article:modified_time\" content=\"2010-07-16T17:07:54+00:00\" \/>\n<meta property=\"og:image\" content=\"https:\/\/www.visit-ulcinj.com\/blog\/wp-content\/uploads\/2010\/07\/Ismet-Karamanaga-ne-Radio-Elit\u00c3\u00ab.2.jpg\" \/>\n<meta name=\"twitter:label1\" content=\"Written by\" \/>\n\t<meta name=\"twitter:data1\" content=\"ulqini\" \/>\n\t<meta name=\"twitter:label2\" content=\"Est. reading time\" \/>\n\t<meta name=\"twitter:data2\" content=\"2 minutes\" \/>\n<script type=\"application\/ld+json\" class=\"yoast-schema-graph\">{\"@context\":\"https:\/\/schema.org\",\"@graph\":[{\"@type\":\"WebSite\",\"@id\":\"https:\/\/www.visit-ulcinj.com\/blog\/#website\",\"url\":\"https:\/\/www.visit-ulcinj.com\/blog\/\",\"name\":\"Lajme nga Ulqini\",\"description\":\"Lajme,Vijesti,Ulqini,Ulqin,Crna Gora,Mali i Zi\",\"potentialAction\":[{\"@type\":\"SearchAction\",\"target\":{\"@type\":\"EntryPoint\",\"urlTemplate\":\"https:\/\/www.visit-ulcinj.com\/blog\/?s={search_term_string}\"},\"query-input\":\"required name=search_term_string\"}],\"inLanguage\":\"en-US\"},{\"@type\":\"WebPage\",\"@id\":\"https:\/\/www.visit-ulcinj.com\/blog\/2010\/07\/16\/ismet-karamanaga-ne-radio-elite\/#webpage\",\"url\":\"https:\/\/www.visit-ulcinj.com\/blog\/2010\/07\/16\/ismet-karamanaga-ne-radio-elite\/\",\"name\":\"Ismet Karamanaga n\u00eb Radio Elit\u00eb - Lajme nga Ulqini\",\"isPartOf\":{\"@id\":\"https:\/\/www.visit-ulcinj.com\/blog\/#website\"},\"datePublished\":\"2010-07-16T17:00:06+00:00\",\"dateModified\":\"2010-07-16T17:07:54+00:00\",\"author\":{\"@id\":\"https:\/\/www.visit-ulcinj.com\/blog\/#\/schema\/person\/dcab619c614d3038751c63bc2aadc06d\"},\"description\":\"Radio\\\" Elita\\\" \u00ebsht\u00eb Radio e par\u00eb e pavarur private n\u00eb Ulqin. E themeluar n\u00eb vitin 2003, dhe e udh\u00ebhequr nga dy gazetar\u00eb t\u00eb njohur, Vera dhe Zenel Katana,\",\"breadcrumb\":{\"@id\":\"https:\/\/www.visit-ulcinj.com\/blog\/2010\/07\/16\/ismet-karamanaga-ne-radio-elite\/#breadcrumb\"},\"inLanguage\":\"en-US\",\"potentialAction\":[{\"@type\":\"ReadAction\",\"target\":[\"https:\/\/www.visit-ulcinj.com\/blog\/2010\/07\/16\/ismet-karamanaga-ne-radio-elite\/\"]}]},{\"@type\":\"BreadcrumbList\",\"@id\":\"https:\/\/www.visit-ulcinj.com\/blog\/2010\/07\/16\/ismet-karamanaga-ne-radio-elite\/#breadcrumb\",\"itemListElement\":[{\"@type\":\"ListItem\",\"position\":1,\"name\":\"Ismet Karamanaga n\u00eb Radio Elit\u00eb\"}]},{\"@type\":\"Person\",\"@id\":\"https:\/\/www.visit-ulcinj.com\/blog\/#\/schema\/person\/dcab619c614d3038751c63bc2aadc06d\",\"name\":\"ulqini\",\"sameAs\":[\"http:\/\/www.visit-ulcinj.com\"],\"url\":\"https:\/\/www.visit-ulcinj.com\/blog\/author\/admin\/\"}]}<\/script>\n<!-- \/ Yoast SEO plugin. -->","yoast_head_json":{"title":"Ismet Karamanaga n\u00eb Radio Elit\u00eb - Lajme nga Ulqini","description":"Radio\" Elita\" \u00ebsht\u00eb Radio e par\u00eb e pavarur private n\u00eb Ulqin. E themeluar n\u00eb vitin 2003, dhe e udh\u00ebhequr nga dy gazetar\u00eb t\u00eb njohur, Vera dhe Zenel Katana,","robots":{"index":"index","follow":"follow","max-snippet":"max-snippet:-1","max-image-preview":"max-image-preview:large","max-video-preview":"max-video-preview:-1"},"canonical":"https:\/\/www.visit-ulcinj.com\/blog\/2010\/07\/16\/ismet-karamanaga-ne-radio-elite\/","og_locale":"en_US","og_type":"article","og_title":"Ismet Karamanaga n\u00eb Radio Elit\u00eb - Lajme nga Ulqini","og_description":"Radio\" Elita\" \u00ebsht\u00eb Radio e par\u00eb e pavarur private n\u00eb Ulqin. E themeluar n\u00eb vitin 2003, dhe e udh\u00ebhequr nga dy gazetar\u00eb t\u00eb njohur, Vera dhe Zenel Katana,","og_url":"https:\/\/www.visit-ulcinj.com\/blog\/2010\/07\/16\/ismet-karamanaga-ne-radio-elite\/","og_site_name":"Lajme nga Ulqini","article_published_time":"2010-07-16T17:00:06+00:00","article_modified_time":"2010-07-16T17:07:54+00:00","og_image":[{"url":"https:\/\/www.visit-ulcinj.com\/blog\/wp-content\/uploads\/2010\/07\/Ismet-Karamanaga-ne-Radio-Elit\u00c3\u00ab.2.jpg"}],"twitter_misc":{"Written by":"ulqini","Est. reading time":"2 minutes"},"schema":{"@context":"https:\/\/schema.org","@graph":[{"@type":"WebSite","@id":"https:\/\/www.visit-ulcinj.com\/blog\/#website","url":"https:\/\/www.visit-ulcinj.com\/blog\/","name":"Lajme nga Ulqini","description":"Lajme,Vijesti,Ulqini,Ulqin,Crna Gora,Mali i Zi","potentialAction":[{"@type":"SearchAction","target":{"@type":"EntryPoint","urlTemplate":"https:\/\/www.visit-ulcinj.com\/blog\/?s={search_term_string}"},"query-input":"required name=search_term_string"}],"inLanguage":"en-US"},{"@type":"WebPage","@id":"https:\/\/www.visit-ulcinj.com\/blog\/2010\/07\/16\/ismet-karamanaga-ne-radio-elite\/#webpage","url":"https:\/\/www.visit-ulcinj.com\/blog\/2010\/07\/16\/ismet-karamanaga-ne-radio-elite\/","name":"Ismet Karamanaga n\u00eb Radio Elit\u00eb - Lajme nga Ulqini","isPartOf":{"@id":"https:\/\/www.visit-ulcinj.com\/blog\/#website"},"datePublished":"2010-07-16T17:00:06+00:00","dateModified":"2010-07-16T17:07:54+00:00","author":{"@id":"https:\/\/www.visit-ulcinj.com\/blog\/#\/schema\/person\/dcab619c614d3038751c63bc2aadc06d"},"description":"Radio\" Elita\" \u00ebsht\u00eb Radio e par\u00eb e pavarur private n\u00eb Ulqin. E themeluar n\u00eb vitin 2003, dhe e udh\u00ebhequr nga dy gazetar\u00eb t\u00eb njohur, Vera dhe Zenel Katana,","breadcrumb":{"@id":"https:\/\/www.visit-ulcinj.com\/blog\/2010\/07\/16\/ismet-karamanaga-ne-radio-elite\/#breadcrumb"},"inLanguage":"en-US","potentialAction":[{"@type":"ReadAction","target":["https:\/\/www.visit-ulcinj.com\/blog\/2010\/07\/16\/ismet-karamanaga-ne-radio-elite\/"]}]},{"@type":"BreadcrumbList","@id":"https:\/\/www.visit-ulcinj.com\/blog\/2010\/07\/16\/ismet-karamanaga-ne-radio-elite\/#breadcrumb","itemListElement":[{"@type":"ListItem","position":1,"name":"Ismet Karamanaga n\u00eb Radio Elit\u00eb"}]},{"@type":"Person","@id":"https:\/\/www.visit-ulcinj.com\/blog\/#\/schema\/person\/dcab619c614d3038751c63bc2aadc06d","name":"ulqini","sameAs":["http:\/\/www.visit-ulcinj.com"],"url":"https:\/\/www.visit-ulcinj.com\/blog\/author\/admin\/"}]}},"jetpack_featured_media_url":"","jetpack_sharing_enabled":true,"jetpack_shortlink":"https:\/\/wp.me\/pe6lTn-9fe","_links":{"self":[{"href":"https:\/\/www.visit-ulcinj.com\/blog\/wp-json\/wp\/v2\/posts\/35540"}],"collection":[{"href":"https:\/\/www.visit-ulcinj.com\/blog\/wp-json\/wp\/v2\/posts"}],"about":[{"href":"https:\/\/www.visit-ulcinj.com\/blog\/wp-json\/wp\/v2\/types\/post"}],"author":[{"embeddable":true,"href":"https:\/\/www.visit-ulcinj.com\/blog\/wp-json\/wp\/v2\/users\/1"}],"replies":[{"embeddable":true,"href":"https:\/\/www.visit-ulcinj.com\/blog\/wp-json\/wp\/v2\/comments?post=35540"}],"version-history":[{"count":0,"href":"https:\/\/www.visit-ulcinj.com\/blog\/wp-json\/wp\/v2\/posts\/35540\/revisions"}],"wp:attachment":[{"href":"https:\/\/www.visit-ulcinj.com\/blog\/wp-json\/wp\/v2\/media?parent=35540"}],"wp:term":[{"taxonomy":"category","embeddable":true,"href":"https:\/\/www.visit-ulcinj.com\/blog\/wp-json\/wp\/v2\/categories?post=35540"},{"taxonomy":"post_tag","embeddable":true,"href":"https:\/\/www.visit-ulcinj.com\/blog\/wp-json\/wp\/v2\/tags?post=35540"}],"curies":[{"name":"wp","href":"https:\/\/api.w.org\/{rel}","templated":true}]}}