{"id":35546,"date":"2010-07-16T20:09:36","date_gmt":"2010-07-16T18:09:36","guid":{"rendered":"http:\/\/www.visit-ulcinj.com\/blog\/?p=35546"},"modified":"2010-07-16T20:21:27","modified_gmt":"2010-07-16T18:21:27","slug":"pirro-cako-divorci-i-veshtire-kur-ke-femije","status":"publish","type":"post","link":"https:\/\/www.visit-ulcinj.com\/blog\/2010\/07\/16\/pirro-cako-divorci-i-veshtire-kur-ke-femije\/","title":{"rendered":"Pirro \u00c7ako: Divorci i veshtire kur ke femije"},"content":{"rendered":"<p><a href=\"http:\/\/www.visit-ulcinj.com\/blog\/wp-content\/uploads\/2010\/07\/pirro-cako-me-djalin.jpg\"><img loading=\"lazy\" class=\"alignleft size-full wp-image-35547\" title=\"pirro-cako-me-djalin\" src=\"http:\/\/www.visit-ulcinj.com\/blog\/wp-content\/uploads\/2010\/07\/pirro-cako-me-djalin.jpg\" alt=\"pirro-cako-me-djalin\" width=\"490\" height=\"347\" \/><\/a>Ai nuk kishte dashur t\u00eb fliste asnj\u00ebher\u00eb p\u00ebr ndarjen e tij me bashk\u00ebshorten. Por tashm\u00eb, p\u00ebr kantautorin Pirro \u00c7ako, divorci me ish-bashk\u00ebshorten, sopranon Inva Mula, \u00ebsht\u00eb nj\u00eb fakt i pashmangsh\u00ebm. N\u00eb nj\u00eb intervist\u00eb t\u00eb dh\u00ebn\u00eb dy dit\u00eb m\u00eb par\u00eb p\u00ebr Genta Pop\u00ebn n\u00eb emisionin \u201cPasdite n\u00eb Top Channel\u201d, Pirro ka komentuar ndjesin\u00eb e divorcit t\u00eb tij.<br \/>\nVitet e fundit \u00ebsht\u00eb shtuar numri i divorceve n\u00eb Shqip\u00ebri. Ju si e shihni k\u00ebt\u00eb fenomen?<br \/>\nDivorci \u00ebsht\u00eb nj\u00eb fenomen fatkeq, gjithmon\u00eb e m\u00eb shum\u00eb n\u00eb rritje sidomos tek ne. Para viteve \u201890 nuk ka qen\u00eb shum\u00eb prezent, pasi ashtu ka qen\u00eb edhe koha. Diktatura kishte luajtur rolin e vet. N\u00eb bot\u00eb \u00ebsht\u00eb nj\u00eb fenomen i zakonsh\u00ebm si\u00e7 e quajn\u00eb, si heqja e apandesitit, megjithat\u00eb i mir\u00eb nuk \u00ebsht\u00eb si fenomen. Ky \u00ebsht\u00eb mendimi im personal, mir\u00eb \u00ebsht\u00eb t\u00eb mos ndodh\u00eb, por kur ndodh nuk \u00ebsht\u00eb se b\u00ebhet me qejf, b\u00ebhet me sforco. \u00cbsht\u00eb nj\u00eb domosdoshm\u00ebri kur vjen nj\u00eb pik\u00eb q\u00eb n\u00eb \u00e7ift nuk gjendet m\u00eb ai ekuilibri.<br \/>\nUn\u00eb mendoj q\u00eb nj\u00eb \u00e7ift bashkohet me d\u00ebshir\u00eb dhe nuk mendoj se ndahet p\u00ebr nj\u00eb kapri\u00e7o apo sepse d\u00ebshira mungon, por sepse nuk funksionon di\u00e7ka. K\u00ebshtu ndarja \u00ebsht\u00eb nj\u00eb histori m\u00eb vete, q\u00eb un\u00eb e mendoj si nj\u00eb domosdoshm\u00ebri q\u00eb vjen, por sidomos n\u00eb \u00e7iftet q\u00eb kan\u00eb f\u00ebmij\u00eb, ka probleme, ku situata nd\u00ebrlikohet edhe m\u00eb shum\u00eb. Kur ka edhe f\u00ebmij\u00eb n\u00eb mes, aty \u00ebsht\u00eb pjesa q\u00eb e vuan m\u00eb shum\u00eb sepse mendon q\u00eb \u00ebsht\u00eb f\u00ebmija n\u00eb mes. Prandaj thash\u00eb dhe n\u00eb fillim, e mir\u00eb nuk \u00ebsht\u00eb, por kur vjen, asnj\u00eb nuk ndahet sepse gjith\u00e7ka shkon mir\u00eb, por ndahen kur di\u00e7ka nuk shkon. Prandaj kur b\u00ebhet domosdoshm\u00ebri, mendoj q\u00eb quhet teknikisht e pazgjidhshme. Dhe kur vjen n\u00eb k\u00ebt\u00eb pik\u00eb b\u00ebhet edhe ndarja, prandaj nuk ka asnj\u00eb gj\u00eb q\u00eb vjen kaq natyralisht.<\/p>\n<p><strong>A paragjykohen t\u00eb divorcuarit?<\/strong><\/p>\n<p>Un\u00eb 2 vjet kam q\u00eb jam kthyer n\u00eb k\u00ebt\u00eb shoq\u00ebri dhe shoq\u00ebria shqiptare ka b\u00ebr\u00eb progreset e veta, por ka dhe shum\u00eb anarshi. K\u00ebtu gjen fenomene shum\u00eb t\u00eb \u00e7uditshme, q\u00eb un\u00eb nuk do t\u00eb doja t\u2019i p\u00ebrmendja aspak, por them se p\u00ebr sa i p\u00ebrket divorcit, ka shum\u00eb lloj divorcesh. K\u00ebtu n\u00eb Shqip\u00ebri \u00ebsht\u00eb nj\u00eb fenomen q\u00eb ndarja \u00ebsht\u00eb \u00e7\u00ebshtje xhelozie nga ana e femrave m\u00eb shum\u00eb, kur d\u00ebgjojn\u00eb q\u00eb burri ka nj\u00eb lidhje. Kjo ndodh n\u00eb gjith\u00eb bot\u00ebn, por n\u00eb Shqip\u00ebri \u00ebsht\u00eb shum\u00eb masive koh\u00ebt e fundit, k\u00ebshtu q\u00eb ky fenomen mendoj q\u00eb nuk mund t\u00eb ndalohet sepse tashm\u00eb thash\u00eb, njer\u00ebzit k\u00ebrkojn\u00eb nj\u00eb ndryshim kur di\u00e7ka nuk shkon n\u00eb \u00e7ift.<\/p>\n<p><strong>P\u00ebrmes k\u00ebng\u00ebs \u00ebsht\u00eb par\u00eb m\u00eb normale ndarja?<\/strong><\/p>\n<p>K\u00ebng\u00ebt e mia flasin kryesisht p\u00ebr dashurin\u00eb, p\u00ebr pjes\u00ebn m\u00eb t\u00eb bukur t\u00eb jet\u00ebs, pasi ndarja \u00ebsht\u00eb fenomen negativ. Un\u00eb jetoj me nostalgjin\u00eb, m\u00eb p\u00eblqen, nuk jam nostalgjik por m\u00eb p\u00eblqen nostalgjia, rikthehem tek vetja dhe kjo m\u00eb ndihmon t\u00eb jem me k\u00ebmb\u00eb n\u00eb tok\u00eb.<\/p>\n<p><strong>Sa e zbeh kalimi i viteve dashurin\u00eb?<\/strong><\/p>\n<p>Tani n\u00eb rastin tim kjo nuk do koment. Po t\u00eb flas p\u00ebr t\u00eb tjer\u00ebt, nuk di t\u00eb them. P\u00ebr veten time, un\u00eb mendoj q\u00eb dashuria nuk zbehet kaq thjesht. Dashuria z\u00ebvend\u00ebsohet me respekt, me shum\u00eb gj\u00ebra t\u00eb tjera n\u00eb familje, nuk flas p\u00ebr marr\u00ebdh\u00ebnie 2-3 vje\u00e7are. Flas p\u00ebr lidhje t\u00eb r\u00ebnd\u00ebsishme n\u00eb jet\u00eb. Ajo nuk zbehet, sigurisht humbet vibracionet, humbet at\u00eb freskin\u00eb q\u00eb \u00ebsht\u00eb n\u00eb fillim fare, ky \u00ebsht\u00eb fakt, por fiton disa vlera t\u00eb tjera t\u00eb r\u00ebnd\u00ebsishme; lidhesh me nj\u00eb person dhe fillon e merr prej tij, merr nga nj\u00ebri-tjetri, fillon e ngjajn\u00eb nj\u00ebri me tjetrin, marrin nga nj\u00ebri-tjetri &#8211; kjo pastaj \u00ebsht\u00eb nj\u00eb pjes\u00eb e dashuris\u00eb. Me kalimin e viteve, n\u00ebse do t\u00eb flisja un\u00eb n\u00eb k\u00ebt\u00eb moment, \u00ebsht\u00eb v\u00ebshtir\u00eb q\u00eb nj\u00eb njeri, t\u00eb pakt\u00ebn un\u00eb n\u00eb mosh\u00ebn time t\u00eb dashuroj tani si\u00e7 kam dashuruar 20 vje\u00e7. \u00c7do gj\u00eb lidhet edhe me hormone, ka koh\u00ebn e vet, tani jemi edhe m\u00eb t\u00eb programuar kur dashurojm\u00eb, sepse futet logjika, kontrolli n\u00eb vetvete, b\u00ebhen ca llogarira ose nuk t\u00eb p\u00eblqen asnj\u00eb gj\u00eb. Me kalimin e mosh\u00ebs njeriu b\u00ebhet shum\u00eb m\u00eb i koklavitur, fillon e dalin huqe. Kur \u00ebsht\u00eb i ri, dashuria i vjen shum\u00eb spontanisht dhe ka komplet nj\u00eb tjet\u00ebr er\u00eb, ndjesi tjet\u00ebr.<\/p>\n<p><strong>Bluetooth<br \/>\n<\/p>\n<p><!--YouTube Error: bad URL entered--><br \/>\n<\/strong><\/p>\n<p><strong> <\/strong><\/p>\n<p><strong> <\/strong><\/p>\n","protected":false},"excerpt":{"rendered":"<p>Ai nuk kishte dashur t\u00eb fliste asnj\u00ebher\u00eb p\u00ebr ndarjen e tij me bashk\u00ebshorten. Por tashm\u00eb, p\u00ebr kantautorin Pirro \u00c7ako, divorci me ish-bashk\u00ebshorten, sopranon Inva Mula, \u00ebsht\u00eb nj\u00eb fakt i pashmangsh\u00ebm. N\u00eb nj\u00eb intervist\u00eb t\u00eb dh\u00ebn\u00eb dy dit\u00eb m\u00eb par\u00eb p\u00ebr Genta Pop\u00ebn n\u00eb emisionin \u201cPasdite n\u00eb Top Channel\u201d, Pirro ka komentuar ndjesin\u00eb e divorcit t\u00eb [&hellip;]<\/p>\n","protected":false},"author":1,"featured_media":0,"comment_status":"open","ping_status":"closed","sticky":false,"template":"","format":"standard","meta":{"spay_email":"","jetpack_publicize_message":"","jetpack_is_tweetstorm":false,"jetpack_publicize_feature_enabled":true},"categories":[1],"tags":[7415,7419],"jetpack_publicize_connections":[],"yoast_head":"<!-- This site is optimized with the Yoast SEO plugin v19.1 - https:\/\/yoast.com\/wordpress\/plugins\/seo\/ -->\n<title>Pirro \u00c7ako: Divorci i veshtire kur ke femije - Lajme nga Ulqini<\/title>\n<meta name=\"description\" content=\"Ai nuk kishte dashur t\u00eb fliste asnj\u00ebher\u00eb p\u00ebr ndarjen e tij me bashk\u00ebshorten. Por tashm\u00eb, p\u00ebr kantautorin Pirro \u00c7ako, divorci me ish-bashk\u00ebshorten,\" \/>\n<meta name=\"robots\" content=\"index, follow, max-snippet:-1, max-image-preview:large, max-video-preview:-1\" \/>\n<link rel=\"canonical\" href=\"https:\/\/www.visit-ulcinj.com\/blog\/2010\/07\/16\/pirro-cako-divorci-i-veshtire-kur-ke-femije\/\" \/>\n<meta property=\"og:locale\" content=\"en_US\" \/>\n<meta property=\"og:type\" content=\"article\" \/>\n<meta property=\"og:title\" content=\"Pirro \u00c7ako: Divorci i veshtire kur ke femije - Lajme nga Ulqini\" \/>\n<meta property=\"og:description\" content=\"Ai nuk kishte dashur t\u00eb fliste asnj\u00ebher\u00eb p\u00ebr ndarjen e tij me bashk\u00ebshorten. Por tashm\u00eb, p\u00ebr kantautorin Pirro \u00c7ako, divorci me ish-bashk\u00ebshorten,\" \/>\n<meta property=\"og:url\" content=\"https:\/\/www.visit-ulcinj.com\/blog\/2010\/07\/16\/pirro-cako-divorci-i-veshtire-kur-ke-femije\/\" \/>\n<meta property=\"og:site_name\" content=\"Lajme nga Ulqini\" \/>\n<meta property=\"article:published_time\" content=\"2010-07-16T18:09:36+00:00\" \/>\n<meta property=\"article:modified_time\" content=\"2010-07-16T18:21:27+00:00\" \/>\n<meta property=\"og:image\" content=\"https:\/\/www.visit-ulcinj.com\/blog\/wp-content\/uploads\/2010\/07\/pirro-cako-me-djalin-150x150.jpg\" \/>\n<meta name=\"twitter:label1\" content=\"Written by\" \/>\n\t<meta name=\"twitter:data1\" content=\"ulqini\" \/>\n\t<meta name=\"twitter:label2\" content=\"Est. reading time\" \/>\n\t<meta name=\"twitter:data2\" content=\"4 minutes\" \/>\n<script type=\"application\/ld+json\" class=\"yoast-schema-graph\">{\"@context\":\"https:\/\/schema.org\",\"@graph\":[{\"@type\":\"WebSite\",\"@id\":\"https:\/\/www.visit-ulcinj.com\/blog\/#website\",\"url\":\"https:\/\/www.visit-ulcinj.com\/blog\/\",\"name\":\"Lajme nga Ulqini\",\"description\":\"Lajme,Vijesti,Ulqini,Ulqin,Crna Gora,Mali i Zi\",\"potentialAction\":[{\"@type\":\"SearchAction\",\"target\":{\"@type\":\"EntryPoint\",\"urlTemplate\":\"https:\/\/www.visit-ulcinj.com\/blog\/?s={search_term_string}\"},\"query-input\":\"required name=search_term_string\"}],\"inLanguage\":\"en-US\"},{\"@type\":\"ImageObject\",\"inLanguage\":\"en-US\",\"@id\":\"https:\/\/www.visit-ulcinj.com\/blog\/2010\/07\/16\/pirro-cako-divorci-i-veshtire-kur-ke-femije\/#primaryimage\",\"url\":\"http:\/\/www.visit-ulcinj.com\/blog\/wp-content\/uploads\/2010\/07\/pirro-cako-me-djalin.jpg\",\"contentUrl\":\"http:\/\/www.visit-ulcinj.com\/blog\/wp-content\/uploads\/2010\/07\/pirro-cako-me-djalin.jpg\"},{\"@type\":\"WebPage\",\"@id\":\"https:\/\/www.visit-ulcinj.com\/blog\/2010\/07\/16\/pirro-cako-divorci-i-veshtire-kur-ke-femije\/#webpage\",\"url\":\"https:\/\/www.visit-ulcinj.com\/blog\/2010\/07\/16\/pirro-cako-divorci-i-veshtire-kur-ke-femije\/\",\"name\":\"Pirro \u00c7ako: Divorci i veshtire kur ke femije - Lajme nga Ulqini\",\"isPartOf\":{\"@id\":\"https:\/\/www.visit-ulcinj.com\/blog\/#website\"},\"primaryImageOfPage\":{\"@id\":\"https:\/\/www.visit-ulcinj.com\/blog\/2010\/07\/16\/pirro-cako-divorci-i-veshtire-kur-ke-femije\/#primaryimage\"},\"datePublished\":\"2010-07-16T18:09:36+00:00\",\"dateModified\":\"2010-07-16T18:21:27+00:00\",\"author\":{\"@id\":\"https:\/\/www.visit-ulcinj.com\/blog\/#\/schema\/person\/dcab619c614d3038751c63bc2aadc06d\"},\"description\":\"Ai nuk kishte dashur t\u00eb fliste asnj\u00ebher\u00eb p\u00ebr ndarjen e tij me bashk\u00ebshorten. Por tashm\u00eb, p\u00ebr kantautorin Pirro \u00c7ako, divorci me ish-bashk\u00ebshorten,\",\"breadcrumb\":{\"@id\":\"https:\/\/www.visit-ulcinj.com\/blog\/2010\/07\/16\/pirro-cako-divorci-i-veshtire-kur-ke-femije\/#breadcrumb\"},\"inLanguage\":\"en-US\",\"potentialAction\":[{\"@type\":\"ReadAction\",\"target\":[\"https:\/\/www.visit-ulcinj.com\/blog\/2010\/07\/16\/pirro-cako-divorci-i-veshtire-kur-ke-femije\/\"]}]},{\"@type\":\"BreadcrumbList\",\"@id\":\"https:\/\/www.visit-ulcinj.com\/blog\/2010\/07\/16\/pirro-cako-divorci-i-veshtire-kur-ke-femije\/#breadcrumb\",\"itemListElement\":[{\"@type\":\"ListItem\",\"position\":1,\"name\":\"Pirro \u00c7ako: Divorci i veshtire kur ke femije\"}]},{\"@type\":\"Person\",\"@id\":\"https:\/\/www.visit-ulcinj.com\/blog\/#\/schema\/person\/dcab619c614d3038751c63bc2aadc06d\",\"name\":\"ulqini\",\"sameAs\":[\"http:\/\/www.visit-ulcinj.com\"],\"url\":\"https:\/\/www.visit-ulcinj.com\/blog\/author\/admin\/\"}]}<\/script>\n<!-- \/ Yoast SEO plugin. -->","yoast_head_json":{"title":"Pirro \u00c7ako: Divorci i veshtire kur ke femije - Lajme nga Ulqini","description":"Ai nuk kishte dashur t\u00eb fliste asnj\u00ebher\u00eb p\u00ebr ndarjen e tij me bashk\u00ebshorten. Por tashm\u00eb, p\u00ebr kantautorin Pirro \u00c7ako, divorci me ish-bashk\u00ebshorten,","robots":{"index":"index","follow":"follow","max-snippet":"max-snippet:-1","max-image-preview":"max-image-preview:large","max-video-preview":"max-video-preview:-1"},"canonical":"https:\/\/www.visit-ulcinj.com\/blog\/2010\/07\/16\/pirro-cako-divorci-i-veshtire-kur-ke-femije\/","og_locale":"en_US","og_type":"article","og_title":"Pirro \u00c7ako: Divorci i veshtire kur ke femije - Lajme nga Ulqini","og_description":"Ai nuk kishte dashur t\u00eb fliste asnj\u00ebher\u00eb p\u00ebr ndarjen e tij me bashk\u00ebshorten. Por tashm\u00eb, p\u00ebr kantautorin Pirro \u00c7ako, divorci me ish-bashk\u00ebshorten,","og_url":"https:\/\/www.visit-ulcinj.com\/blog\/2010\/07\/16\/pirro-cako-divorci-i-veshtire-kur-ke-femije\/","og_site_name":"Lajme nga Ulqini","article_published_time":"2010-07-16T18:09:36+00:00","article_modified_time":"2010-07-16T18:21:27+00:00","og_image":[{"url":"https:\/\/www.visit-ulcinj.com\/blog\/wp-content\/uploads\/2010\/07\/pirro-cako-me-djalin-150x150.jpg"}],"twitter_misc":{"Written by":"ulqini","Est. reading time":"4 minutes"},"schema":{"@context":"https:\/\/schema.org","@graph":[{"@type":"WebSite","@id":"https:\/\/www.visit-ulcinj.com\/blog\/#website","url":"https:\/\/www.visit-ulcinj.com\/blog\/","name":"Lajme nga Ulqini","description":"Lajme,Vijesti,Ulqini,Ulqin,Crna Gora,Mali i Zi","potentialAction":[{"@type":"SearchAction","target":{"@type":"EntryPoint","urlTemplate":"https:\/\/www.visit-ulcinj.com\/blog\/?s={search_term_string}"},"query-input":"required name=search_term_string"}],"inLanguage":"en-US"},{"@type":"ImageObject","inLanguage":"en-US","@id":"https:\/\/www.visit-ulcinj.com\/blog\/2010\/07\/16\/pirro-cako-divorci-i-veshtire-kur-ke-femije\/#primaryimage","url":"http:\/\/www.visit-ulcinj.com\/blog\/wp-content\/uploads\/2010\/07\/pirro-cako-me-djalin.jpg","contentUrl":"http:\/\/www.visit-ulcinj.com\/blog\/wp-content\/uploads\/2010\/07\/pirro-cako-me-djalin.jpg"},{"@type":"WebPage","@id":"https:\/\/www.visit-ulcinj.com\/blog\/2010\/07\/16\/pirro-cako-divorci-i-veshtire-kur-ke-femije\/#webpage","url":"https:\/\/www.visit-ulcinj.com\/blog\/2010\/07\/16\/pirro-cako-divorci-i-veshtire-kur-ke-femije\/","name":"Pirro \u00c7ako: Divorci i veshtire kur ke femije - Lajme nga Ulqini","isPartOf":{"@id":"https:\/\/www.visit-ulcinj.com\/blog\/#website"},"primaryImageOfPage":{"@id":"https:\/\/www.visit-ulcinj.com\/blog\/2010\/07\/16\/pirro-cako-divorci-i-veshtire-kur-ke-femije\/#primaryimage"},"datePublished":"2010-07-16T18:09:36+00:00","dateModified":"2010-07-16T18:21:27+00:00","author":{"@id":"https:\/\/www.visit-ulcinj.com\/blog\/#\/schema\/person\/dcab619c614d3038751c63bc2aadc06d"},"description":"Ai nuk kishte dashur t\u00eb fliste asnj\u00ebher\u00eb p\u00ebr ndarjen e tij me bashk\u00ebshorten. Por tashm\u00eb, p\u00ebr kantautorin Pirro \u00c7ako, divorci me ish-bashk\u00ebshorten,","breadcrumb":{"@id":"https:\/\/www.visit-ulcinj.com\/blog\/2010\/07\/16\/pirro-cako-divorci-i-veshtire-kur-ke-femije\/#breadcrumb"},"inLanguage":"en-US","potentialAction":[{"@type":"ReadAction","target":["https:\/\/www.visit-ulcinj.com\/blog\/2010\/07\/16\/pirro-cako-divorci-i-veshtire-kur-ke-femije\/"]}]},{"@type":"BreadcrumbList","@id":"https:\/\/www.visit-ulcinj.com\/blog\/2010\/07\/16\/pirro-cako-divorci-i-veshtire-kur-ke-femije\/#breadcrumb","itemListElement":[{"@type":"ListItem","position":1,"name":"Pirro \u00c7ako: Divorci i veshtire kur ke femije"}]},{"@type":"Person","@id":"https:\/\/www.visit-ulcinj.com\/blog\/#\/schema\/person\/dcab619c614d3038751c63bc2aadc06d","name":"ulqini","sameAs":["http:\/\/www.visit-ulcinj.com"],"url":"https:\/\/www.visit-ulcinj.com\/blog\/author\/admin\/"}]}},"jetpack_featured_media_url":"","jetpack_sharing_enabled":true,"jetpack_shortlink":"https:\/\/wp.me\/pe6lTn-9fk","_links":{"self":[{"href":"https:\/\/www.visit-ulcinj.com\/blog\/wp-json\/wp\/v2\/posts\/35546"}],"collection":[{"href":"https:\/\/www.visit-ulcinj.com\/blog\/wp-json\/wp\/v2\/posts"}],"about":[{"href":"https:\/\/www.visit-ulcinj.com\/blog\/wp-json\/wp\/v2\/types\/post"}],"author":[{"embeddable":true,"href":"https:\/\/www.visit-ulcinj.com\/blog\/wp-json\/wp\/v2\/users\/1"}],"replies":[{"embeddable":true,"href":"https:\/\/www.visit-ulcinj.com\/blog\/wp-json\/wp\/v2\/comments?post=35546"}],"version-history":[{"count":0,"href":"https:\/\/www.visit-ulcinj.com\/blog\/wp-json\/wp\/v2\/posts\/35546\/revisions"}],"wp:attachment":[{"href":"https:\/\/www.visit-ulcinj.com\/blog\/wp-json\/wp\/v2\/media?parent=35546"}],"wp:term":[{"taxonomy":"category","embeddable":true,"href":"https:\/\/www.visit-ulcinj.com\/blog\/wp-json\/wp\/v2\/categories?post=35546"},{"taxonomy":"post_tag","embeddable":true,"href":"https:\/\/www.visit-ulcinj.com\/blog\/wp-json\/wp\/v2\/tags?post=35546"}],"curies":[{"name":"wp","href":"https:\/\/api.w.org\/{rel}","templated":true}]}}