{"id":3555,"date":"2008-09-23T13:37:27","date_gmt":"2008-09-23T18:37:27","guid":{"rendered":"http:\/\/www.visit-ulcinj.com\/blog\/?p=3555"},"modified":"2008-10-17T14:16:54","modified_gmt":"2008-10-17T19:16:54","slug":"vujanoviq-mali-i-zi-do-te-shprehet-per-kosoven-gjate-tetorit","status":"publish","type":"post","link":"https:\/\/www.visit-ulcinj.com\/blog\/2008\/09\/23\/vujanoviq-mali-i-zi-do-te-shprehet-per-kosoven-gjate-tetorit\/","title":{"rendered":"Vujanoviq: Mali i Zi do t\u00eb shprehet p\u00ebr Kosov\u00ebn gjat\u00eb tetorit"},"content":{"rendered":"<p><a href=\"http:\/\/www.visit-ulcinj.com\/blog\/wp-content\/uploads\/2008\/09\/vujanovic_dinosa.jpg\"><img loading=\"lazy\" class=\"alignleft size-medium wp-image-3556\" title=\"MONTENEGRO-ELECTIONS\/\" src=\"http:\/\/www.visit-ulcinj.com\/blog\/wp-content\/uploads\/2008\/09\/vujanovic_dinosa-300x205.jpg\" alt=\"\" width=\"300\" height=\"205\" srcset=\"https:\/\/www.visit-ulcinj.com\/blog\/wp-content\/uploads\/2008\/09\/vujanovic_dinosa-300x205.jpg 300w, https:\/\/www.visit-ulcinj.com\/blog\/wp-content\/uploads\/2008\/09\/vujanovic_dinosa.jpg 610w\" sizes=\"(max-width: 300px) 100vw, 300px\" \/><\/a>Podgoric\u00eb, 23 shtator &#8211; Mali i Zi para tetorit nuk do t\u00eb shprehet p\u00ebr nism\u00ebn e Serbis\u00eb q\u00eb Gjykata Nd\u00ebrkomb\u00ebtare e Drejt\u00ebsis\u00eb t\u00eb shqyrtoj\u00eb legalitetin e shpalljes s\u00eb pavar\u00ebsis\u00eb s\u00eb Kosov\u00ebs ka deklaruar mbr\u00ebm\u00eb Presidenti malazez Filip Vujamoviq. &#8220;Duke ndjekur at\u00eb q\u00eb \u00ebsht\u00eb q\u00ebndrim i p\u00ebrgjegjsh\u00ebm dhe i vemendsh\u00ebm t\u00eb qeveris\u00eb malazeze ndaj k\u00ebsaj \u00e7\u00ebshtjeje, kam shprehur bindjen se nuk duhet b\u00ebr\u00eb t\u00eb ditur m\u00eb her\u00ebt q\u00ebndrimet shtet\u00ebrore t\u00eb Malit t\u00eb Zi dhe se duhet pritur koh\u00ebn e duhur&#8221;, ka th\u00ebn\u00eb Vujanoviq mbr\u00ebm\u00eb p\u00ebr TV e Malit t\u00eb Zi pas takimit me kryesuesin e Asambles\u00eb s\u00eb P\u00ebrgjithshme t\u00eb Kombeve t\u00eb Baahkuara Migel d&#8217;Eskot Brokman. Vujanoviq konsideron se duhet pritur q\u00eb kjo tem\u00eb (Kosova) t\u00eb vehet n\u00eb rend dite n\u00eb gjat\u00eb tetorit. &#8220;Ne at\u00ebher\u00eb edhe do t\u00eb b\u00ebjm\u00eb t\u00eb ditur q\u00ebndrimin ton\u00eb&#8221;, ka th\u00ebn\u00eb Vujanoviq.<br \/>\n<strong>Burimi \/ QIK<\/strong><\/p>\n<p style=\"text-align: center;\"><a href=\"http:\/\/www.visit-ulcinj.com\/blog\/wp-content\/uploads\/2008\/09\/klubi-i-basketbollit-ulqini.jpg\"><img loading=\"lazy\" class=\"aligncenter size-medium wp-image-3400\" title=\"klubi-i-basketbollit-ulqini\" src=\"http:\/\/www.visit-ulcinj.com\/blog\/wp-content\/uploads\/2008\/09\/klubi-i-basketbollit-ulqini.jpg\" alt=\"\" width=\"400\" height=\"250\" \/><\/a><\/p>\n","protected":false},"excerpt":{"rendered":"<p>Podgoric\u00eb, 23 shtator &#8211; Mali i Zi para tetorit nuk do t\u00eb shprehet p\u00ebr nism\u00ebn e Serbis\u00eb q\u00eb Gjykata Nd\u00ebrkomb\u00ebtare e Drejt\u00ebsis\u00eb t\u00eb shqyrtoj\u00eb legalitetin e shpalljes s\u00eb pavar\u00ebsis\u00eb s\u00eb Kosov\u00ebs ka deklaruar mbr\u00ebm\u00eb Presidenti malazez Filip Vujamoviq. &#8220;Duke ndjekur at\u00eb q\u00eb \u00ebsht\u00eb q\u00ebndrim i p\u00ebrgjegjsh\u00ebm dhe i vemendsh\u00ebm t\u00eb qeveris\u00eb malazeze ndaj k\u00ebsaj \u00e7\u00ebshtjeje, [&hellip;]<\/p>\n","protected":false},"author":1,"featured_media":0,"comment_status":"open","ping_status":"closed","sticky":false,"template":"","format":"standard","meta":{"spay_email":"","jetpack_publicize_message":"","jetpack_is_tweetstorm":false,"jetpack_publicize_feature_enabled":true},"categories":[8],"tags":[95,1855],"jetpack_publicize_connections":[],"yoast_head":"<!-- This site is optimized with the Yoast SEO plugin v19.1 - https:\/\/yoast.com\/wordpress\/plugins\/seo\/ -->\n<title>Vujanoviq: Mali i Zi do t\u00eb shprehet p\u00ebr Kosov\u00ebn gjat\u00eb tetorit - Lajme nga Ulqini<\/title>\n<meta name=\"description\" content=\"Podgoric\u00eb, 23 shtator - Mali i Zi para tetorit nuk do t\u00eb shprehet p\u00ebr nism\u00ebn e Serbis\u00eb q\u00eb Gjykata Nd\u00ebrkomb\u00ebtare e Drejt\u00ebsis\u00eb t\u00eb shqyrtoj\u00eb legalitetin e\" \/>\n<meta name=\"robots\" content=\"index, follow, max-snippet:-1, max-image-preview:large, max-video-preview:-1\" \/>\n<link rel=\"canonical\" href=\"https:\/\/www.visit-ulcinj.com\/blog\/2008\/09\/23\/vujanoviq-mali-i-zi-do-te-shprehet-per-kosoven-gjate-tetorit\/\" \/>\n<meta property=\"og:locale\" content=\"en_US\" \/>\n<meta property=\"og:type\" content=\"article\" \/>\n<meta property=\"og:title\" content=\"Vujanoviq: Mali i Zi do t\u00eb shprehet p\u00ebr Kosov\u00ebn gjat\u00eb tetorit - Lajme nga Ulqini\" \/>\n<meta property=\"og:description\" content=\"Podgoric\u00eb, 23 shtator - Mali i Zi para tetorit nuk do t\u00eb shprehet p\u00ebr nism\u00ebn e Serbis\u00eb q\u00eb Gjykata Nd\u00ebrkomb\u00ebtare e Drejt\u00ebsis\u00eb t\u00eb shqyrtoj\u00eb legalitetin e\" \/>\n<meta property=\"og:url\" content=\"https:\/\/www.visit-ulcinj.com\/blog\/2008\/09\/23\/vujanoviq-mali-i-zi-do-te-shprehet-per-kosoven-gjate-tetorit\/\" \/>\n<meta property=\"og:site_name\" content=\"Lajme nga Ulqini\" \/>\n<meta property=\"article:published_time\" content=\"2008-09-23T18:37:27+00:00\" \/>\n<meta property=\"article:modified_time\" content=\"2008-10-17T19:16:54+00:00\" \/>\n<meta property=\"og:image\" content=\"http:\/\/www.visit-ulcinj.com\/blog\/wp-content\/uploads\/2008\/09\/vujanovic_dinosa-300x205.jpg\" \/>\n<meta name=\"twitter:label1\" content=\"Written by\" \/>\n\t<meta name=\"twitter:data1\" content=\"ulqini\" \/>\n\t<meta name=\"twitter:label2\" content=\"Est. reading time\" \/>\n\t<meta name=\"twitter:data2\" content=\"1 minute\" \/>\n<script type=\"application\/ld+json\" class=\"yoast-schema-graph\">{\"@context\":\"https:\/\/schema.org\",\"@graph\":[{\"@type\":\"WebSite\",\"@id\":\"https:\/\/www.visit-ulcinj.com\/blog\/#website\",\"url\":\"https:\/\/www.visit-ulcinj.com\/blog\/\",\"name\":\"Lajme nga Ulqini\",\"description\":\"Lajme,Vijesti,Ulqini,Ulqin,Crna Gora,Mali i Zi\",\"potentialAction\":[{\"@type\":\"SearchAction\",\"target\":{\"@type\":\"EntryPoint\",\"urlTemplate\":\"https:\/\/www.visit-ulcinj.com\/blog\/?s={search_term_string}\"},\"query-input\":\"required name=search_term_string\"}],\"inLanguage\":\"en-US\"},{\"@type\":\"ImageObject\",\"inLanguage\":\"en-US\",\"@id\":\"https:\/\/www.visit-ulcinj.com\/blog\/2008\/09\/23\/vujanoviq-mali-i-zi-do-te-shprehet-per-kosoven-gjate-tetorit\/#primaryimage\",\"url\":\"http:\/\/www.visit-ulcinj.com\/blog\/wp-content\/uploads\/2008\/09\/vujanovic_dinosa-300x205.jpg\",\"contentUrl\":\"http:\/\/www.visit-ulcinj.com\/blog\/wp-content\/uploads\/2008\/09\/vujanovic_dinosa-300x205.jpg\"},{\"@type\":\"WebPage\",\"@id\":\"https:\/\/www.visit-ulcinj.com\/blog\/2008\/09\/23\/vujanoviq-mali-i-zi-do-te-shprehet-per-kosoven-gjate-tetorit\/#webpage\",\"url\":\"https:\/\/www.visit-ulcinj.com\/blog\/2008\/09\/23\/vujanoviq-mali-i-zi-do-te-shprehet-per-kosoven-gjate-tetorit\/\",\"name\":\"Vujanoviq: Mali i Zi do t\u00eb shprehet p\u00ebr Kosov\u00ebn gjat\u00eb tetorit - Lajme nga Ulqini\",\"isPartOf\":{\"@id\":\"https:\/\/www.visit-ulcinj.com\/blog\/#website\"},\"primaryImageOfPage\":{\"@id\":\"https:\/\/www.visit-ulcinj.com\/blog\/2008\/09\/23\/vujanoviq-mali-i-zi-do-te-shprehet-per-kosoven-gjate-tetorit\/#primaryimage\"},\"datePublished\":\"2008-09-23T18:37:27+00:00\",\"dateModified\":\"2008-10-17T19:16:54+00:00\",\"author\":{\"@id\":\"https:\/\/www.visit-ulcinj.com\/blog\/#\/schema\/person\/dcab619c614d3038751c63bc2aadc06d\"},\"description\":\"Podgoric\u00eb, 23 shtator - Mali i Zi para tetorit nuk do t\u00eb shprehet p\u00ebr nism\u00ebn e Serbis\u00eb q\u00eb Gjykata Nd\u00ebrkomb\u00ebtare e Drejt\u00ebsis\u00eb t\u00eb shqyrtoj\u00eb legalitetin e\",\"breadcrumb\":{\"@id\":\"https:\/\/www.visit-ulcinj.com\/blog\/2008\/09\/23\/vujanoviq-mali-i-zi-do-te-shprehet-per-kosoven-gjate-tetorit\/#breadcrumb\"},\"inLanguage\":\"en-US\",\"potentialAction\":[{\"@type\":\"ReadAction\",\"target\":[\"https:\/\/www.visit-ulcinj.com\/blog\/2008\/09\/23\/vujanoviq-mali-i-zi-do-te-shprehet-per-kosoven-gjate-tetorit\/\"]}]},{\"@type\":\"BreadcrumbList\",\"@id\":\"https:\/\/www.visit-ulcinj.com\/blog\/2008\/09\/23\/vujanoviq-mali-i-zi-do-te-shprehet-per-kosoven-gjate-tetorit\/#breadcrumb\",\"itemListElement\":[{\"@type\":\"ListItem\",\"position\":1,\"name\":\"Vujanoviq: Mali i Zi do t\u00eb shprehet p\u00ebr Kosov\u00ebn gjat\u00eb tetorit\"}]},{\"@type\":\"Person\",\"@id\":\"https:\/\/www.visit-ulcinj.com\/blog\/#\/schema\/person\/dcab619c614d3038751c63bc2aadc06d\",\"name\":\"ulqini\",\"sameAs\":[\"http:\/\/www.visit-ulcinj.com\"],\"url\":\"https:\/\/www.visit-ulcinj.com\/blog\/author\/admin\/\"}]}<\/script>\n<!-- \/ Yoast SEO plugin. -->","yoast_head_json":{"title":"Vujanoviq: Mali i Zi do t\u00eb shprehet p\u00ebr Kosov\u00ebn gjat\u00eb tetorit - Lajme nga Ulqini","description":"Podgoric\u00eb, 23 shtator - Mali i Zi para tetorit nuk do t\u00eb shprehet p\u00ebr nism\u00ebn e Serbis\u00eb q\u00eb Gjykata Nd\u00ebrkomb\u00ebtare e Drejt\u00ebsis\u00eb t\u00eb shqyrtoj\u00eb legalitetin e","robots":{"index":"index","follow":"follow","max-snippet":"max-snippet:-1","max-image-preview":"max-image-preview:large","max-video-preview":"max-video-preview:-1"},"canonical":"https:\/\/www.visit-ulcinj.com\/blog\/2008\/09\/23\/vujanoviq-mali-i-zi-do-te-shprehet-per-kosoven-gjate-tetorit\/","og_locale":"en_US","og_type":"article","og_title":"Vujanoviq: Mali i Zi do t\u00eb shprehet p\u00ebr Kosov\u00ebn gjat\u00eb tetorit - Lajme nga Ulqini","og_description":"Podgoric\u00eb, 23 shtator - Mali i Zi para tetorit nuk do t\u00eb shprehet p\u00ebr nism\u00ebn e Serbis\u00eb q\u00eb Gjykata Nd\u00ebrkomb\u00ebtare e Drejt\u00ebsis\u00eb t\u00eb shqyrtoj\u00eb legalitetin e","og_url":"https:\/\/www.visit-ulcinj.com\/blog\/2008\/09\/23\/vujanoviq-mali-i-zi-do-te-shprehet-per-kosoven-gjate-tetorit\/","og_site_name":"Lajme nga Ulqini","article_published_time":"2008-09-23T18:37:27+00:00","article_modified_time":"2008-10-17T19:16:54+00:00","og_image":[{"url":"http:\/\/www.visit-ulcinj.com\/blog\/wp-content\/uploads\/2008\/09\/vujanovic_dinosa-300x205.jpg"}],"twitter_misc":{"Written by":"ulqini","Est. reading time":"1 minute"},"schema":{"@context":"https:\/\/schema.org","@graph":[{"@type":"WebSite","@id":"https:\/\/www.visit-ulcinj.com\/blog\/#website","url":"https:\/\/www.visit-ulcinj.com\/blog\/","name":"Lajme nga Ulqini","description":"Lajme,Vijesti,Ulqini,Ulqin,Crna Gora,Mali i Zi","potentialAction":[{"@type":"SearchAction","target":{"@type":"EntryPoint","urlTemplate":"https:\/\/www.visit-ulcinj.com\/blog\/?s={search_term_string}"},"query-input":"required name=search_term_string"}],"inLanguage":"en-US"},{"@type":"ImageObject","inLanguage":"en-US","@id":"https:\/\/www.visit-ulcinj.com\/blog\/2008\/09\/23\/vujanoviq-mali-i-zi-do-te-shprehet-per-kosoven-gjate-tetorit\/#primaryimage","url":"http:\/\/www.visit-ulcinj.com\/blog\/wp-content\/uploads\/2008\/09\/vujanovic_dinosa-300x205.jpg","contentUrl":"http:\/\/www.visit-ulcinj.com\/blog\/wp-content\/uploads\/2008\/09\/vujanovic_dinosa-300x205.jpg"},{"@type":"WebPage","@id":"https:\/\/www.visit-ulcinj.com\/blog\/2008\/09\/23\/vujanoviq-mali-i-zi-do-te-shprehet-per-kosoven-gjate-tetorit\/#webpage","url":"https:\/\/www.visit-ulcinj.com\/blog\/2008\/09\/23\/vujanoviq-mali-i-zi-do-te-shprehet-per-kosoven-gjate-tetorit\/","name":"Vujanoviq: Mali i Zi do t\u00eb shprehet p\u00ebr Kosov\u00ebn gjat\u00eb tetorit - Lajme nga Ulqini","isPartOf":{"@id":"https:\/\/www.visit-ulcinj.com\/blog\/#website"},"primaryImageOfPage":{"@id":"https:\/\/www.visit-ulcinj.com\/blog\/2008\/09\/23\/vujanoviq-mali-i-zi-do-te-shprehet-per-kosoven-gjate-tetorit\/#primaryimage"},"datePublished":"2008-09-23T18:37:27+00:00","dateModified":"2008-10-17T19:16:54+00:00","author":{"@id":"https:\/\/www.visit-ulcinj.com\/blog\/#\/schema\/person\/dcab619c614d3038751c63bc2aadc06d"},"description":"Podgoric\u00eb, 23 shtator - Mali i Zi para tetorit nuk do t\u00eb shprehet p\u00ebr nism\u00ebn e Serbis\u00eb q\u00eb Gjykata Nd\u00ebrkomb\u00ebtare e Drejt\u00ebsis\u00eb t\u00eb shqyrtoj\u00eb legalitetin e","breadcrumb":{"@id":"https:\/\/www.visit-ulcinj.com\/blog\/2008\/09\/23\/vujanoviq-mali-i-zi-do-te-shprehet-per-kosoven-gjate-tetorit\/#breadcrumb"},"inLanguage":"en-US","potentialAction":[{"@type":"ReadAction","target":["https:\/\/www.visit-ulcinj.com\/blog\/2008\/09\/23\/vujanoviq-mali-i-zi-do-te-shprehet-per-kosoven-gjate-tetorit\/"]}]},{"@type":"BreadcrumbList","@id":"https:\/\/www.visit-ulcinj.com\/blog\/2008\/09\/23\/vujanoviq-mali-i-zi-do-te-shprehet-per-kosoven-gjate-tetorit\/#breadcrumb","itemListElement":[{"@type":"ListItem","position":1,"name":"Vujanoviq: Mali i Zi do t\u00eb shprehet p\u00ebr Kosov\u00ebn gjat\u00eb tetorit"}]},{"@type":"Person","@id":"https:\/\/www.visit-ulcinj.com\/blog\/#\/schema\/person\/dcab619c614d3038751c63bc2aadc06d","name":"ulqini","sameAs":["http:\/\/www.visit-ulcinj.com"],"url":"https:\/\/www.visit-ulcinj.com\/blog\/author\/admin\/"}]}},"jetpack_featured_media_url":"","jetpack_sharing_enabled":true,"jetpack_shortlink":"https:\/\/wp.me\/pe6lTn-Vl","_links":{"self":[{"href":"https:\/\/www.visit-ulcinj.com\/blog\/wp-json\/wp\/v2\/posts\/3555"}],"collection":[{"href":"https:\/\/www.visit-ulcinj.com\/blog\/wp-json\/wp\/v2\/posts"}],"about":[{"href":"https:\/\/www.visit-ulcinj.com\/blog\/wp-json\/wp\/v2\/types\/post"}],"author":[{"embeddable":true,"href":"https:\/\/www.visit-ulcinj.com\/blog\/wp-json\/wp\/v2\/users\/1"}],"replies":[{"embeddable":true,"href":"https:\/\/www.visit-ulcinj.com\/blog\/wp-json\/wp\/v2\/comments?post=3555"}],"version-history":[{"count":0,"href":"https:\/\/www.visit-ulcinj.com\/blog\/wp-json\/wp\/v2\/posts\/3555\/revisions"}],"wp:attachment":[{"href":"https:\/\/www.visit-ulcinj.com\/blog\/wp-json\/wp\/v2\/media?parent=3555"}],"wp:term":[{"taxonomy":"category","embeddable":true,"href":"https:\/\/www.visit-ulcinj.com\/blog\/wp-json\/wp\/v2\/categories?post=3555"},{"taxonomy":"post_tag","embeddable":true,"href":"https:\/\/www.visit-ulcinj.com\/blog\/wp-json\/wp\/v2\/tags?post=3555"}],"curies":[{"name":"wp","href":"https:\/\/api.w.org\/{rel}","templated":true}]}}