{"id":35559,"date":"2010-07-16T21:50:11","date_gmt":"2010-07-16T19:50:11","guid":{"rendered":"http:\/\/www.visit-ulcinj.com\/blog\/?p=35559"},"modified":"2010-07-16T22:06:34","modified_gmt":"2010-07-16T20:06:34","slug":"kaltrina-selimi-bej-kenge-per-publikun-jo-per-konkurrence","status":"publish","type":"post","link":"https:\/\/www.visit-ulcinj.com\/blog\/2010\/07\/16\/kaltrina-selimi-bej-kenge-per-publikun-jo-per-konkurrence\/","title":{"rendered":"Kaltrina Selimi: Bej kenge per publikun, jo per konkurrence"},"content":{"rendered":"<p><a href=\"http:\/\/www.visit-ulcinj.com\/blog\/wp-content\/uploads\/2010\/07\/Kaltrina-Selimi.2.jpg\"><img loading=\"lazy\" class=\"alignleft size-full wp-image-35560\" title=\"Kaltrina Selimi.2\" src=\"http:\/\/www.visit-ulcinj.com\/blog\/wp-content\/uploads\/2010\/07\/Kaltrina-Selimi.2.jpg\" alt=\"Kaltrina Selimi.2\" width=\"360\" height=\"620\" \/><\/a>Do t\u00eb vij\u00eb sot n\u00eb \u201cBluetooth\u201d me sharmin dhe eleganc\u00ebn q\u00eb gjithmon\u00eb e kan\u00eb shoq\u00ebruar, nj\u00eb nga z\u00ebrat m\u00eb t\u00eb ve\u00e7ant\u00eb t\u00eb sken\u00ebs kosovare\u2026T\u00eb gjith\u00eb e njohin si k\u00ebng\u00ebtaren e hiteve, pasi ajo q\u00ebllon gjithmon\u00eb n\u00eb shenj\u00eb me k\u00ebng\u00ebt q\u00eb sjell p\u00ebr publikun shqiptar. K\u00ebng\u00ebtarja e suksesshme nga Kosova, Kaltrina Selimi rr\u00ebfen sot arsyet e munges\u00ebs s\u00eb saj gjat\u00eb k\u00ebsaj kohe n\u00eb tregun muzikor\u2026Por jo vet\u00ebm kaq, pritet q\u00eb s\u00eb shpejti ajo t\u2019i g\u00ebzoj\u00eb t\u00eb gjitha fansat e saj me k\u00ebng\u00ebn m\u00eb t\u00eb re, s\u00eb cil\u00ebs ka n\u00eb plan t\u2019i realizoj\u00eb edhe nj\u00eb videoklip\u2026N\u00eb aspektin privat, Kaltrina \u00ebsht\u00eb lumturisht e fejuar me Dritonin, por megjithat\u00eb martesa nuk b\u00ebn pjes\u00eb n\u00eb planet e saj afatshkurtra. Lexoni n\u00eb vijim t\u00eb k\u00ebsaj interviste detajet m\u00eb t\u00eb reja nga jeta e k\u00ebng\u00ebtares Kaltrina Selimi.<br \/>\nS\u00eb fundmi \u00ebsht\u00eb ndjer\u00eb mungesa juaj me klipe n\u00eb televizionet shqiptare. Pse kjo munges\u00eb?<br \/>\nKjo munges\u00eb \u00ebsht\u00eb ndjer\u00eb pasi un\u00eb q\u00ebndrova p\u00ebr dy muaj n\u00eb Lond\u00ebr, plus k\u00ebsaj m\u00eb mori shum\u00eb koh\u00eb dhe p\u00ebrzgjedhja e k\u00ebng\u00ebs.<br \/>\nA keni realizuar ndonj\u00eb k\u00ebng\u00eb gjat\u00eb k\u00ebsaj kohe?<br \/>\nPo, k\u00ebnga k\u00ebto dit\u00eb sapo ka p\u00ebrfunduar dhe \u00ebsht\u00eb punuar nga kompozitori Florent Boshnjaku dhe tekstshkruesi Mit\u2019hat Sadiku.<br \/>\nVera \u00ebsht\u00eb nj\u00eb stin\u00eb ku prodhohen shum\u00eb klipe. Sa i trembet konkurrenc\u00ebs Kaltrina?<br \/>\n\u00cbsht\u00eb e v\u00ebrtet\u00eb q\u00eb konkurrenca \u00ebsht\u00eb shum\u00eb e madhe, por un\u00eb gjithmon\u00eb kam punuar n\u00eb m\u00ebnyr\u00ebn time dhe jam munduar gjithmon\u00eb t\u00eb b\u00ebj m\u00eb t\u00eb mir\u00ebn e kjo, jo p\u00ebr shkak t\u00eb konkurrenc\u00ebs, por q\u00eb publikut tim t\u2019i ofroj di\u00e7ka t\u00eb mir\u00eb, di\u00e7ka cil\u00ebsore.<br \/>\nCilat jan\u00eb rivalet e tua n\u00eb muzik\u00eb?<br \/>\nShum\u00eb sinqerisht ask\u00ebnd s\u2019e konsideroj rivale dhe me t\u00eb gjitha koleget e mia kam marr\u00ebdh\u00ebnie shum\u00eb t\u00eb mira dhe mendoj se secila nga ne e ka publikun e vet dhe nuk ka arsye ta konsiderojm\u00eb nj\u00ebra-tjetr\u00ebn rivale.<br \/>\nK\u00eb nga koleget konsideroni mike?<br \/>\nMe t\u00eb gjitha kam raporte shum\u00eb t\u00eb mira, por kuptohet se me disa jam m\u00eb e lidhur.<br \/>\nCilat jan\u00eb planet tuaja m\u00eb t\u00eb af\u00ebrta p\u00ebr sa i p\u00ebrket muzik\u00ebs?<br \/>\nJam n\u00eb bisedime me disa produksione p\u00ebr nj\u00eb videoklip t\u00eb ri dhe besoj q\u00eb shum\u00eb shpejt do e realizoj.<br \/>\nJetuat n\u00eb Lond\u00ebr p\u00ebr nj\u00eb koh\u00eb t\u00eb gjat\u00eb, cila ishte arsyeja?<br \/>\nUn\u00eb vazhdoj t\u00eb jetoj n\u00eb Prishtin\u00eb, nd\u00ebrsa n\u00eb Lond\u00ebr kam qen\u00eb thjesht si vizitore, edhe pse k\u00ebsaj radhe m\u00eb gjat\u00eb se zakonisht.<br \/>\nN\u00eb mediat shqiptare \u00ebsht\u00eb p\u00ebrfolur gjat\u00eb lidhja juaj me Dritonin. Tashm\u00eb ju jeni fejuar. A keni b\u00ebr\u00eb plane p\u00ebr martes\u00eb?<br \/>\nN\u00eb realitet jam fejuar me Dritonin dhe kjo ka ndodhur n\u00eb shtator t\u00eb vitit t\u00eb kaluar dhe asnj\u00ebher\u00eb nuk kam fshehur asgj\u00eb nga lidhja ime. Patjet\u00ebr q\u00eb do t\u00eb ket\u00eb martes\u00eb, por nuk b\u00ebn pjes\u00eb n\u00eb planet tona afatshkurtra.<br \/>\nE keni p\u00ebrfytyruar veten me fustan t\u00eb bardh\u00eb?<br \/>\nBesoj q\u00eb jo vet\u00ebm un\u00eb, por \u00e7do vajz\u00eb e paramendon veten me fustan t\u00eb bardh\u00eb. Si\u00e7 e kuptuat, un\u00eb mezi po pres ta vesh sepse k\u00ebt\u00eb d\u00ebshir\u00eb e kam pasur gjithmon\u00eb.<br \/>\nCili \u00ebsht\u00eb mashkulli ideal sipas jush?<br \/>\nNjeri perfekt nuk ka, por Dritoni ka shum\u00eb veti q\u00eb mua m\u00eb p\u00eblqejn\u00eb dhe lirisht mund t\u00eb them se e kam gjetur mashkullin e zemr\u00ebs ashtu si\u00e7 e kam dashur.<br \/>\nP\u00ebr sa i p\u00ebrket karrier\u00ebs suaj muzikore, sa ka ndikuar ai n\u00eb t\u00eb?<br \/>\nM\u00eb jep shum\u00eb forc\u00eb p\u00ebr t\u00eb vazhduar m\u00eb tej, kur dihet se muzika \u00ebsht\u00eb nj\u00eb profesion q\u00eb t\u00eb jep shum\u00eb stres, pasi k\u00ebrkon shum\u00eb pun\u00eb dhe angazhim\u2026 Pastaj, ne q\u00eb i takojm\u00eb k\u00ebtij profesioni kemi shum\u00eb pak jet\u00eb private, por gjithsesi Dritoni m\u00eb ka mb\u00ebshtetur dhe mir\u00ebkuptuar pa mas\u00eb.<br \/>\nA ju sugjeron ai ndonj\u00ebher\u00eb p\u00ebr k\u00ebng\u00ebt dhe klipet?<br \/>\nEdhe pse nuk i p\u00ebrket bot\u00ebs s\u00eb artit, ka nj\u00eb shije t\u00eb mir\u00eb p\u00ebr muzik\u00ebn dhe me k\u00ebnaq\u00ebsi i pranoj sugjerimet e tij.<br \/>\nI d\u00ebgjoni mendimet e tij, apo b\u00ebni at\u00eb \u00e7far\u00eb ju p\u00eblqeni?<br \/>\nKuptohet q\u00eb un\u00eb dhe im v\u00eblla ia kemi marr\u00eb dor\u00ebn tashm\u00eb k\u00ebsaj pune, por gjithsesi i marr parasysh edhe mendimet e tij.<br \/>\nP\u00ebr \u00e7\u2019arsye do t\u00eb hiqnit dor\u00eb nga muzika?<br \/>\nVet\u00ebm p\u00ebr shkak t\u00eb familjes, n\u00ebse \u00ebsht\u00eb nevoja.<br \/>\nKeni b\u00ebr\u00eb plane p\u00ebr pushime gjat\u00eb k\u00ebsaj vere?<br \/>\nPo, besoj q\u00eb do shkoj p\u00ebr pushime n\u00eb shtator, por ende nuk kam vendosur se ku.<br \/>\nSi ju p\u00eblqen ta kaloni koh\u00ebn e lir\u00eb?<br \/>\nPadyshim duke q\u00ebndruar m\u00eb shum\u00eb me familjen.<\/p>\n<p><strong>Bluetooth<br \/>\n<br \/>\n<!--YouTube Error: bad URL entered--><\/strong><\/p>\n<p><strong> <\/strong><\/p>\n","protected":false},"excerpt":{"rendered":"<p>Do t\u00eb vij\u00eb sot n\u00eb \u201cBluetooth\u201d me sharmin dhe eleganc\u00ebn q\u00eb gjithmon\u00eb e kan\u00eb shoq\u00ebruar, nj\u00eb nga z\u00ebrat m\u00eb t\u00eb ve\u00e7ant\u00eb t\u00eb sken\u00ebs kosovare\u2026T\u00eb gjith\u00eb e njohin si k\u00ebng\u00ebtaren e hiteve, pasi ajo q\u00ebllon gjithmon\u00eb n\u00eb shenj\u00eb me k\u00ebng\u00ebt q\u00eb sjell p\u00ebr publikun shqiptar. K\u00ebng\u00ebtarja e suksesshme nga Kosova, Kaltrina Selimi rr\u00ebfen sot arsyet e [&hellip;]<\/p>\n","protected":false},"author":1,"featured_media":0,"comment_status":"open","ping_status":"closed","sticky":false,"template":"","format":"standard","meta":{"spay_email":"","jetpack_publicize_message":"","jetpack_is_tweetstorm":false,"jetpack_publicize_feature_enabled":true},"categories":[1],"tags":[5572],"jetpack_publicize_connections":[],"yoast_head":"<!-- This site is optimized with the Yoast SEO plugin v19.1 - https:\/\/yoast.com\/wordpress\/plugins\/seo\/ -->\n<title>Kaltrina Selimi: Bej kenge per publikun, jo per konkurrence - Lajme nga Ulqini<\/title>\n<meta name=\"description\" content=\"Do t\u00eb vij\u00eb sot n\u00eb \u201cBluetooth\u201d me sharmin dhe eleganc\u00ebn q\u00eb gjithmon\u00eb e kan\u00eb shoq\u00ebruar, nj\u00eb nga z\u00ebrat m\u00eb t\u00eb ve\u00e7ant\u00eb t\u00eb sken\u00ebs kosovare\u2026T\u00eb gjith\u00eb e njohin si\" \/>\n<meta name=\"robots\" content=\"index, follow, max-snippet:-1, max-image-preview:large, max-video-preview:-1\" \/>\n<link rel=\"canonical\" href=\"https:\/\/www.visit-ulcinj.com\/blog\/2010\/07\/16\/kaltrina-selimi-bej-kenge-per-publikun-jo-per-konkurrence\/\" \/>\n<meta property=\"og:locale\" content=\"en_US\" \/>\n<meta property=\"og:type\" content=\"article\" \/>\n<meta property=\"og:title\" content=\"Kaltrina Selimi: Bej kenge per publikun, jo per konkurrence - Lajme nga Ulqini\" \/>\n<meta property=\"og:description\" content=\"Do t\u00eb vij\u00eb sot n\u00eb \u201cBluetooth\u201d me sharmin dhe eleganc\u00ebn q\u00eb gjithmon\u00eb e kan\u00eb shoq\u00ebruar, nj\u00eb nga z\u00ebrat m\u00eb t\u00eb ve\u00e7ant\u00eb t\u00eb sken\u00ebs kosovare\u2026T\u00eb gjith\u00eb e njohin si\" \/>\n<meta property=\"og:url\" content=\"https:\/\/www.visit-ulcinj.com\/blog\/2010\/07\/16\/kaltrina-selimi-bej-kenge-per-publikun-jo-per-konkurrence\/\" \/>\n<meta property=\"og:site_name\" content=\"Lajme nga Ulqini\" \/>\n<meta property=\"article:published_time\" content=\"2010-07-16T19:50:11+00:00\" \/>\n<meta property=\"article:modified_time\" content=\"2010-07-16T20:06:34+00:00\" \/>\n<meta property=\"og:image\" content=\"https:\/\/www.visit-ulcinj.com\/blog\/wp-content\/uploads\/2010\/07\/Kaltrina-Selimi.2-150x150.jpg\" \/>\n<meta name=\"twitter:label1\" content=\"Written by\" \/>\n\t<meta name=\"twitter:data1\" content=\"ulqini\" \/>\n\t<meta name=\"twitter:label2\" content=\"Est. reading time\" \/>\n\t<meta name=\"twitter:data2\" content=\"4 minutes\" \/>\n<script type=\"application\/ld+json\" class=\"yoast-schema-graph\">{\"@context\":\"https:\/\/schema.org\",\"@graph\":[{\"@type\":\"WebSite\",\"@id\":\"https:\/\/www.visit-ulcinj.com\/blog\/#website\",\"url\":\"https:\/\/www.visit-ulcinj.com\/blog\/\",\"name\":\"Lajme nga Ulqini\",\"description\":\"Lajme,Vijesti,Ulqini,Ulqin,Crna Gora,Mali i Zi\",\"potentialAction\":[{\"@type\":\"SearchAction\",\"target\":{\"@type\":\"EntryPoint\",\"urlTemplate\":\"https:\/\/www.visit-ulcinj.com\/blog\/?s={search_term_string}\"},\"query-input\":\"required name=search_term_string\"}],\"inLanguage\":\"en-US\"},{\"@type\":\"ImageObject\",\"inLanguage\":\"en-US\",\"@id\":\"https:\/\/www.visit-ulcinj.com\/blog\/2010\/07\/16\/kaltrina-selimi-bej-kenge-per-publikun-jo-per-konkurrence\/#primaryimage\",\"url\":\"http:\/\/www.visit-ulcinj.com\/blog\/wp-content\/uploads\/2010\/07\/Kaltrina-Selimi.2.jpg\",\"contentUrl\":\"http:\/\/www.visit-ulcinj.com\/blog\/wp-content\/uploads\/2010\/07\/Kaltrina-Selimi.2.jpg\"},{\"@type\":\"WebPage\",\"@id\":\"https:\/\/www.visit-ulcinj.com\/blog\/2010\/07\/16\/kaltrina-selimi-bej-kenge-per-publikun-jo-per-konkurrence\/#webpage\",\"url\":\"https:\/\/www.visit-ulcinj.com\/blog\/2010\/07\/16\/kaltrina-selimi-bej-kenge-per-publikun-jo-per-konkurrence\/\",\"name\":\"Kaltrina Selimi: Bej kenge per publikun, jo per konkurrence - Lajme nga Ulqini\",\"isPartOf\":{\"@id\":\"https:\/\/www.visit-ulcinj.com\/blog\/#website\"},\"primaryImageOfPage\":{\"@id\":\"https:\/\/www.visit-ulcinj.com\/blog\/2010\/07\/16\/kaltrina-selimi-bej-kenge-per-publikun-jo-per-konkurrence\/#primaryimage\"},\"datePublished\":\"2010-07-16T19:50:11+00:00\",\"dateModified\":\"2010-07-16T20:06:34+00:00\",\"author\":{\"@id\":\"https:\/\/www.visit-ulcinj.com\/blog\/#\/schema\/person\/dcab619c614d3038751c63bc2aadc06d\"},\"description\":\"Do t\u00eb vij\u00eb sot n\u00eb \u201cBluetooth\u201d me sharmin dhe eleganc\u00ebn q\u00eb gjithmon\u00eb e kan\u00eb shoq\u00ebruar, nj\u00eb nga z\u00ebrat m\u00eb t\u00eb ve\u00e7ant\u00eb t\u00eb sken\u00ebs kosovare\u2026T\u00eb gjith\u00eb e njohin si\",\"breadcrumb\":{\"@id\":\"https:\/\/www.visit-ulcinj.com\/blog\/2010\/07\/16\/kaltrina-selimi-bej-kenge-per-publikun-jo-per-konkurrence\/#breadcrumb\"},\"inLanguage\":\"en-US\",\"potentialAction\":[{\"@type\":\"ReadAction\",\"target\":[\"https:\/\/www.visit-ulcinj.com\/blog\/2010\/07\/16\/kaltrina-selimi-bej-kenge-per-publikun-jo-per-konkurrence\/\"]}]},{\"@type\":\"BreadcrumbList\",\"@id\":\"https:\/\/www.visit-ulcinj.com\/blog\/2010\/07\/16\/kaltrina-selimi-bej-kenge-per-publikun-jo-per-konkurrence\/#breadcrumb\",\"itemListElement\":[{\"@type\":\"ListItem\",\"position\":1,\"name\":\"Kaltrina Selimi: Bej kenge per publikun, jo per konkurrence\"}]},{\"@type\":\"Person\",\"@id\":\"https:\/\/www.visit-ulcinj.com\/blog\/#\/schema\/person\/dcab619c614d3038751c63bc2aadc06d\",\"name\":\"ulqini\",\"sameAs\":[\"http:\/\/www.visit-ulcinj.com\"],\"url\":\"https:\/\/www.visit-ulcinj.com\/blog\/author\/admin\/\"}]}<\/script>\n<!-- \/ Yoast SEO plugin. -->","yoast_head_json":{"title":"Kaltrina Selimi: Bej kenge per publikun, jo per konkurrence - Lajme nga Ulqini","description":"Do t\u00eb vij\u00eb sot n\u00eb \u201cBluetooth\u201d me sharmin dhe eleganc\u00ebn q\u00eb gjithmon\u00eb e kan\u00eb shoq\u00ebruar, nj\u00eb nga z\u00ebrat m\u00eb t\u00eb ve\u00e7ant\u00eb t\u00eb sken\u00ebs kosovare\u2026T\u00eb gjith\u00eb e njohin si","robots":{"index":"index","follow":"follow","max-snippet":"max-snippet:-1","max-image-preview":"max-image-preview:large","max-video-preview":"max-video-preview:-1"},"canonical":"https:\/\/www.visit-ulcinj.com\/blog\/2010\/07\/16\/kaltrina-selimi-bej-kenge-per-publikun-jo-per-konkurrence\/","og_locale":"en_US","og_type":"article","og_title":"Kaltrina Selimi: Bej kenge per publikun, jo per konkurrence - Lajme nga Ulqini","og_description":"Do t\u00eb vij\u00eb sot n\u00eb \u201cBluetooth\u201d me sharmin dhe eleganc\u00ebn q\u00eb gjithmon\u00eb e kan\u00eb shoq\u00ebruar, nj\u00eb nga z\u00ebrat m\u00eb t\u00eb ve\u00e7ant\u00eb t\u00eb sken\u00ebs kosovare\u2026T\u00eb gjith\u00eb e njohin si","og_url":"https:\/\/www.visit-ulcinj.com\/blog\/2010\/07\/16\/kaltrina-selimi-bej-kenge-per-publikun-jo-per-konkurrence\/","og_site_name":"Lajme nga Ulqini","article_published_time":"2010-07-16T19:50:11+00:00","article_modified_time":"2010-07-16T20:06:34+00:00","og_image":[{"url":"https:\/\/www.visit-ulcinj.com\/blog\/wp-content\/uploads\/2010\/07\/Kaltrina-Selimi.2-150x150.jpg"}],"twitter_misc":{"Written by":"ulqini","Est. reading time":"4 minutes"},"schema":{"@context":"https:\/\/schema.org","@graph":[{"@type":"WebSite","@id":"https:\/\/www.visit-ulcinj.com\/blog\/#website","url":"https:\/\/www.visit-ulcinj.com\/blog\/","name":"Lajme nga Ulqini","description":"Lajme,Vijesti,Ulqini,Ulqin,Crna Gora,Mali i Zi","potentialAction":[{"@type":"SearchAction","target":{"@type":"EntryPoint","urlTemplate":"https:\/\/www.visit-ulcinj.com\/blog\/?s={search_term_string}"},"query-input":"required name=search_term_string"}],"inLanguage":"en-US"},{"@type":"ImageObject","inLanguage":"en-US","@id":"https:\/\/www.visit-ulcinj.com\/blog\/2010\/07\/16\/kaltrina-selimi-bej-kenge-per-publikun-jo-per-konkurrence\/#primaryimage","url":"http:\/\/www.visit-ulcinj.com\/blog\/wp-content\/uploads\/2010\/07\/Kaltrina-Selimi.2.jpg","contentUrl":"http:\/\/www.visit-ulcinj.com\/blog\/wp-content\/uploads\/2010\/07\/Kaltrina-Selimi.2.jpg"},{"@type":"WebPage","@id":"https:\/\/www.visit-ulcinj.com\/blog\/2010\/07\/16\/kaltrina-selimi-bej-kenge-per-publikun-jo-per-konkurrence\/#webpage","url":"https:\/\/www.visit-ulcinj.com\/blog\/2010\/07\/16\/kaltrina-selimi-bej-kenge-per-publikun-jo-per-konkurrence\/","name":"Kaltrina Selimi: Bej kenge per publikun, jo per konkurrence - Lajme nga Ulqini","isPartOf":{"@id":"https:\/\/www.visit-ulcinj.com\/blog\/#website"},"primaryImageOfPage":{"@id":"https:\/\/www.visit-ulcinj.com\/blog\/2010\/07\/16\/kaltrina-selimi-bej-kenge-per-publikun-jo-per-konkurrence\/#primaryimage"},"datePublished":"2010-07-16T19:50:11+00:00","dateModified":"2010-07-16T20:06:34+00:00","author":{"@id":"https:\/\/www.visit-ulcinj.com\/blog\/#\/schema\/person\/dcab619c614d3038751c63bc2aadc06d"},"description":"Do t\u00eb vij\u00eb sot n\u00eb \u201cBluetooth\u201d me sharmin dhe eleganc\u00ebn q\u00eb gjithmon\u00eb e kan\u00eb shoq\u00ebruar, nj\u00eb nga z\u00ebrat m\u00eb t\u00eb ve\u00e7ant\u00eb t\u00eb sken\u00ebs kosovare\u2026T\u00eb gjith\u00eb e njohin si","breadcrumb":{"@id":"https:\/\/www.visit-ulcinj.com\/blog\/2010\/07\/16\/kaltrina-selimi-bej-kenge-per-publikun-jo-per-konkurrence\/#breadcrumb"},"inLanguage":"en-US","potentialAction":[{"@type":"ReadAction","target":["https:\/\/www.visit-ulcinj.com\/blog\/2010\/07\/16\/kaltrina-selimi-bej-kenge-per-publikun-jo-per-konkurrence\/"]}]},{"@type":"BreadcrumbList","@id":"https:\/\/www.visit-ulcinj.com\/blog\/2010\/07\/16\/kaltrina-selimi-bej-kenge-per-publikun-jo-per-konkurrence\/#breadcrumb","itemListElement":[{"@type":"ListItem","position":1,"name":"Kaltrina Selimi: Bej kenge per publikun, jo per konkurrence"}]},{"@type":"Person","@id":"https:\/\/www.visit-ulcinj.com\/blog\/#\/schema\/person\/dcab619c614d3038751c63bc2aadc06d","name":"ulqini","sameAs":["http:\/\/www.visit-ulcinj.com"],"url":"https:\/\/www.visit-ulcinj.com\/blog\/author\/admin\/"}]}},"jetpack_featured_media_url":"","jetpack_sharing_enabled":true,"jetpack_shortlink":"https:\/\/wp.me\/pe6lTn-9fx","_links":{"self":[{"href":"https:\/\/www.visit-ulcinj.com\/blog\/wp-json\/wp\/v2\/posts\/35559"}],"collection":[{"href":"https:\/\/www.visit-ulcinj.com\/blog\/wp-json\/wp\/v2\/posts"}],"about":[{"href":"https:\/\/www.visit-ulcinj.com\/blog\/wp-json\/wp\/v2\/types\/post"}],"author":[{"embeddable":true,"href":"https:\/\/www.visit-ulcinj.com\/blog\/wp-json\/wp\/v2\/users\/1"}],"replies":[{"embeddable":true,"href":"https:\/\/www.visit-ulcinj.com\/blog\/wp-json\/wp\/v2\/comments?post=35559"}],"version-history":[{"count":0,"href":"https:\/\/www.visit-ulcinj.com\/blog\/wp-json\/wp\/v2\/posts\/35559\/revisions"}],"wp:attachment":[{"href":"https:\/\/www.visit-ulcinj.com\/blog\/wp-json\/wp\/v2\/media?parent=35559"}],"wp:term":[{"taxonomy":"category","embeddable":true,"href":"https:\/\/www.visit-ulcinj.com\/blog\/wp-json\/wp\/v2\/categories?post=35559"},{"taxonomy":"post_tag","embeddable":true,"href":"https:\/\/www.visit-ulcinj.com\/blog\/wp-json\/wp\/v2\/tags?post=35559"}],"curies":[{"name":"wp","href":"https:\/\/api.w.org\/{rel}","templated":true}]}}