{"id":35565,"date":"2010-07-16T22:32:46","date_gmt":"2010-07-16T20:32:46","guid":{"rendered":"http:\/\/www.visit-ulcinj.com\/blog\/?p=35565"},"modified":"2010-07-16T22:36:01","modified_gmt":"2010-07-16T20:36:01","slug":"soni-e-lidhur-fort-me-sicilianin","status":"publish","type":"post","link":"https:\/\/www.visit-ulcinj.com\/blog\/2010\/07\/16\/soni-e-lidhur-fort-me-sicilianin\/","title":{"rendered":"Soni, e lidhur fort me sicilianin"},"content":{"rendered":"<p><a href=\"http:\/\/www.visit-ulcinj.com\/blog\/wp-content\/uploads\/2010\/07\/Soni-e-lidhur-fort-me-sicilianin.jpg\"><img loading=\"lazy\" class=\"alignleft size-full wp-image-35566\" title=\"Soni, e lidhur fort me sicilianin\" src=\"http:\/\/www.visit-ulcinj.com\/blog\/wp-content\/uploads\/2010\/07\/Soni-e-lidhur-fort-me-sicilianin.jpg\" alt=\"Soni, e lidhur fort me sicilianin\" width=\"490\" height=\"366\" \/><\/a>Soni Malaj po t\u00eb mos jet\u00eb e pranishme n\u00eb Shqip\u00ebri, humbet! K\u00ebng\u00ebtares kjo i \u00ebsht\u00eb b\u00ebr\u00eb e ditur n\u00eb nj\u00eb emision t\u00eb njohur televiziv. K\u00ebt\u00eb her\u00eb, me sa duket, Soni \u00ebsht\u00eb n\u00eb nj\u00eb faz\u00eb tjet\u00ebr t\u00eb jet\u00ebs s\u00eb saj e nuk po merret shum\u00eb me &#8220;marketing&#8221; n\u00eb Shqip\u00ebri. E impenjuar &#8220;fort&#8221; me t\u00eb fejuarin e saj t\u00eb ri, sicilianin, balerinin Mirko, ajo po kalon disa koh\u00eb n\u00eb shtetin fqinj, thon\u00eb njoftimet duke iu referuar komunikimeve me k\u00ebng\u00ebtaren. Por jo rrall\u00eb Soni \u00ebsht\u00eb kritikuar n\u00eb periodiket fem\u00ebrore se &#8220;nuk di t\u00eb vishet&#8221;. N\u00eb nj\u00eb nga videot e saj ajo mban nj\u00eb fustan t\u00eb ngusht\u00eb blu, nj\u00eb peli\u00e7e sintetike bezh\u00eb t\u00eb gjat\u00eb, e cila ia tregon k\u00ebmb\u00ebt e shkurtra e shum\u00eb t\u00eb mbushura, dhe nj\u00eb \u00e7ant\u00eb ngjyr\u00eb roz\u00eb. Vet\u00ebm Soni ka guxim t\u00eb dal\u00eb k\u00ebshtu! Meq\u00eb Italia \u00ebsht\u00eb &#8220;sht\u00ebpia e madhe e mod\u00ebs&#8221;, t\u00eb shpresojm\u00eb q\u00eb k\u00ebng\u00ebtarja k\u00ebt\u00eb her\u00eb t\u00eb marr\u00eb disa nga nuancat artistike t\u00eb Italis\u00eb e t\u00eb jet\u00eb edhe n\u00eb trup e mirorganizuar, ashtu si n\u00eb fytyr\u00eb, pas nd\u00ebrhyrjeve.<\/p>\n<p><strong>Koha e re<br \/>\n<!--YouTube Error: bad URL entered--><\/strong><\/p>\n","protected":false},"excerpt":{"rendered":"<p>Soni Malaj po t\u00eb mos jet\u00eb e pranishme n\u00eb Shqip\u00ebri, humbet! K\u00ebng\u00ebtares kjo i \u00ebsht\u00eb b\u00ebr\u00eb e ditur n\u00eb nj\u00eb emision t\u00eb njohur televiziv. K\u00ebt\u00eb her\u00eb, me sa duket, Soni \u00ebsht\u00eb n\u00eb nj\u00eb faz\u00eb tjet\u00ebr t\u00eb jet\u00ebs s\u00eb saj e nuk po merret shum\u00eb me &#8220;marketing&#8221; n\u00eb Shqip\u00ebri. E impenjuar &#8220;fort&#8221; me t\u00eb fejuarin e [&hellip;]<\/p>\n","protected":false},"author":1,"featured_media":0,"comment_status":"open","ping_status":"closed","sticky":false,"template":"","format":"standard","meta":{"spay_email":"","jetpack_publicize_message":"","jetpack_is_tweetstorm":false,"jetpack_publicize_feature_enabled":true},"categories":[1],"tags":[4904],"jetpack_publicize_connections":[],"yoast_head":"<!-- This site is optimized with the Yoast SEO plugin v19.1 - https:\/\/yoast.com\/wordpress\/plugins\/seo\/ -->\n<title>Soni, e lidhur fort me sicilianin - Lajme nga Ulqini<\/title>\n<meta name=\"description\" content=\"Soni Malaj po t\u00eb mos jet\u00eb e pranishme n\u00eb Shqip\u00ebri, humbet! K\u00ebng\u00ebtares kjo i \u00ebsht\u00eb b\u00ebr\u00eb e ditur n\u00eb nj\u00eb emision t\u00eb njohur televiziv. K\u00ebt\u00eb her\u00eb, me sa duket,\" \/>\n<meta name=\"robots\" content=\"index, follow, max-snippet:-1, max-image-preview:large, max-video-preview:-1\" \/>\n<link rel=\"canonical\" href=\"https:\/\/www.visit-ulcinj.com\/blog\/2010\/07\/16\/soni-e-lidhur-fort-me-sicilianin\/\" \/>\n<meta property=\"og:locale\" content=\"en_US\" \/>\n<meta property=\"og:type\" content=\"article\" \/>\n<meta property=\"og:title\" content=\"Soni, e lidhur fort me sicilianin - Lajme nga Ulqini\" \/>\n<meta property=\"og:description\" content=\"Soni Malaj po t\u00eb mos jet\u00eb e pranishme n\u00eb Shqip\u00ebri, humbet! K\u00ebng\u00ebtares kjo i \u00ebsht\u00eb b\u00ebr\u00eb e ditur n\u00eb nj\u00eb emision t\u00eb njohur televiziv. K\u00ebt\u00eb her\u00eb, me sa duket,\" \/>\n<meta property=\"og:url\" content=\"https:\/\/www.visit-ulcinj.com\/blog\/2010\/07\/16\/soni-e-lidhur-fort-me-sicilianin\/\" \/>\n<meta property=\"og:site_name\" content=\"Lajme nga Ulqini\" \/>\n<meta property=\"article:published_time\" content=\"2010-07-16T20:32:46+00:00\" \/>\n<meta property=\"article:modified_time\" content=\"2010-07-16T20:36:01+00:00\" \/>\n<meta property=\"og:image\" content=\"http:\/\/www.visit-ulcinj.com\/blog\/wp-content\/uploads\/2010\/07\/Soni-e-lidhur-fort-me-sicilianin.jpg\" \/>\n<meta name=\"twitter:label1\" content=\"Written by\" \/>\n\t<meta name=\"twitter:data1\" content=\"ulqini\" \/>\n\t<meta name=\"twitter:label2\" content=\"Est. reading time\" \/>\n\t<meta name=\"twitter:data2\" content=\"1 minute\" \/>\n<script type=\"application\/ld+json\" class=\"yoast-schema-graph\">{\"@context\":\"https:\/\/schema.org\",\"@graph\":[{\"@type\":\"WebSite\",\"@id\":\"https:\/\/www.visit-ulcinj.com\/blog\/#website\",\"url\":\"https:\/\/www.visit-ulcinj.com\/blog\/\",\"name\":\"Lajme nga Ulqini\",\"description\":\"Lajme,Vijesti,Ulqini,Ulqin,Crna Gora,Mali i Zi\",\"potentialAction\":[{\"@type\":\"SearchAction\",\"target\":{\"@type\":\"EntryPoint\",\"urlTemplate\":\"https:\/\/www.visit-ulcinj.com\/blog\/?s={search_term_string}\"},\"query-input\":\"required name=search_term_string\"}],\"inLanguage\":\"en-US\"},{\"@type\":\"ImageObject\",\"inLanguage\":\"en-US\",\"@id\":\"https:\/\/www.visit-ulcinj.com\/blog\/2010\/07\/16\/soni-e-lidhur-fort-me-sicilianin\/#primaryimage\",\"url\":\"http:\/\/www.visit-ulcinj.com\/blog\/wp-content\/uploads\/2010\/07\/Soni-e-lidhur-fort-me-sicilianin.jpg\",\"contentUrl\":\"http:\/\/www.visit-ulcinj.com\/blog\/wp-content\/uploads\/2010\/07\/Soni-e-lidhur-fort-me-sicilianin.jpg\"},{\"@type\":\"WebPage\",\"@id\":\"https:\/\/www.visit-ulcinj.com\/blog\/2010\/07\/16\/soni-e-lidhur-fort-me-sicilianin\/#webpage\",\"url\":\"https:\/\/www.visit-ulcinj.com\/blog\/2010\/07\/16\/soni-e-lidhur-fort-me-sicilianin\/\",\"name\":\"Soni, e lidhur fort me sicilianin - Lajme nga Ulqini\",\"isPartOf\":{\"@id\":\"https:\/\/www.visit-ulcinj.com\/blog\/#website\"},\"primaryImageOfPage\":{\"@id\":\"https:\/\/www.visit-ulcinj.com\/blog\/2010\/07\/16\/soni-e-lidhur-fort-me-sicilianin\/#primaryimage\"},\"datePublished\":\"2010-07-16T20:32:46+00:00\",\"dateModified\":\"2010-07-16T20:36:01+00:00\",\"author\":{\"@id\":\"https:\/\/www.visit-ulcinj.com\/blog\/#\/schema\/person\/dcab619c614d3038751c63bc2aadc06d\"},\"description\":\"Soni Malaj po t\u00eb mos jet\u00eb e pranishme n\u00eb Shqip\u00ebri, humbet! K\u00ebng\u00ebtares kjo i \u00ebsht\u00eb b\u00ebr\u00eb e ditur n\u00eb nj\u00eb emision t\u00eb njohur televiziv. K\u00ebt\u00eb her\u00eb, me sa duket,\",\"breadcrumb\":{\"@id\":\"https:\/\/www.visit-ulcinj.com\/blog\/2010\/07\/16\/soni-e-lidhur-fort-me-sicilianin\/#breadcrumb\"},\"inLanguage\":\"en-US\",\"potentialAction\":[{\"@type\":\"ReadAction\",\"target\":[\"https:\/\/www.visit-ulcinj.com\/blog\/2010\/07\/16\/soni-e-lidhur-fort-me-sicilianin\/\"]}]},{\"@type\":\"BreadcrumbList\",\"@id\":\"https:\/\/www.visit-ulcinj.com\/blog\/2010\/07\/16\/soni-e-lidhur-fort-me-sicilianin\/#breadcrumb\",\"itemListElement\":[{\"@type\":\"ListItem\",\"position\":1,\"name\":\"Soni, e lidhur fort me sicilianin\"}]},{\"@type\":\"Person\",\"@id\":\"https:\/\/www.visit-ulcinj.com\/blog\/#\/schema\/person\/dcab619c614d3038751c63bc2aadc06d\",\"name\":\"ulqini\",\"sameAs\":[\"http:\/\/www.visit-ulcinj.com\"],\"url\":\"https:\/\/www.visit-ulcinj.com\/blog\/author\/admin\/\"}]}<\/script>\n<!-- \/ Yoast SEO plugin. -->","yoast_head_json":{"title":"Soni, e lidhur fort me sicilianin - Lajme nga Ulqini","description":"Soni Malaj po t\u00eb mos jet\u00eb e pranishme n\u00eb Shqip\u00ebri, humbet! K\u00ebng\u00ebtares kjo i \u00ebsht\u00eb b\u00ebr\u00eb e ditur n\u00eb nj\u00eb emision t\u00eb njohur televiziv. K\u00ebt\u00eb her\u00eb, me sa duket,","robots":{"index":"index","follow":"follow","max-snippet":"max-snippet:-1","max-image-preview":"max-image-preview:large","max-video-preview":"max-video-preview:-1"},"canonical":"https:\/\/www.visit-ulcinj.com\/blog\/2010\/07\/16\/soni-e-lidhur-fort-me-sicilianin\/","og_locale":"en_US","og_type":"article","og_title":"Soni, e lidhur fort me sicilianin - Lajme nga Ulqini","og_description":"Soni Malaj po t\u00eb mos jet\u00eb e pranishme n\u00eb Shqip\u00ebri, humbet! K\u00ebng\u00ebtares kjo i \u00ebsht\u00eb b\u00ebr\u00eb e ditur n\u00eb nj\u00eb emision t\u00eb njohur televiziv. K\u00ebt\u00eb her\u00eb, me sa duket,","og_url":"https:\/\/www.visit-ulcinj.com\/blog\/2010\/07\/16\/soni-e-lidhur-fort-me-sicilianin\/","og_site_name":"Lajme nga Ulqini","article_published_time":"2010-07-16T20:32:46+00:00","article_modified_time":"2010-07-16T20:36:01+00:00","og_image":[{"url":"http:\/\/www.visit-ulcinj.com\/blog\/wp-content\/uploads\/2010\/07\/Soni-e-lidhur-fort-me-sicilianin.jpg"}],"twitter_misc":{"Written by":"ulqini","Est. reading time":"1 minute"},"schema":{"@context":"https:\/\/schema.org","@graph":[{"@type":"WebSite","@id":"https:\/\/www.visit-ulcinj.com\/blog\/#website","url":"https:\/\/www.visit-ulcinj.com\/blog\/","name":"Lajme nga Ulqini","description":"Lajme,Vijesti,Ulqini,Ulqin,Crna Gora,Mali i Zi","potentialAction":[{"@type":"SearchAction","target":{"@type":"EntryPoint","urlTemplate":"https:\/\/www.visit-ulcinj.com\/blog\/?s={search_term_string}"},"query-input":"required name=search_term_string"}],"inLanguage":"en-US"},{"@type":"ImageObject","inLanguage":"en-US","@id":"https:\/\/www.visit-ulcinj.com\/blog\/2010\/07\/16\/soni-e-lidhur-fort-me-sicilianin\/#primaryimage","url":"http:\/\/www.visit-ulcinj.com\/blog\/wp-content\/uploads\/2010\/07\/Soni-e-lidhur-fort-me-sicilianin.jpg","contentUrl":"http:\/\/www.visit-ulcinj.com\/blog\/wp-content\/uploads\/2010\/07\/Soni-e-lidhur-fort-me-sicilianin.jpg"},{"@type":"WebPage","@id":"https:\/\/www.visit-ulcinj.com\/blog\/2010\/07\/16\/soni-e-lidhur-fort-me-sicilianin\/#webpage","url":"https:\/\/www.visit-ulcinj.com\/blog\/2010\/07\/16\/soni-e-lidhur-fort-me-sicilianin\/","name":"Soni, e lidhur fort me sicilianin - Lajme nga Ulqini","isPartOf":{"@id":"https:\/\/www.visit-ulcinj.com\/blog\/#website"},"primaryImageOfPage":{"@id":"https:\/\/www.visit-ulcinj.com\/blog\/2010\/07\/16\/soni-e-lidhur-fort-me-sicilianin\/#primaryimage"},"datePublished":"2010-07-16T20:32:46+00:00","dateModified":"2010-07-16T20:36:01+00:00","author":{"@id":"https:\/\/www.visit-ulcinj.com\/blog\/#\/schema\/person\/dcab619c614d3038751c63bc2aadc06d"},"description":"Soni Malaj po t\u00eb mos jet\u00eb e pranishme n\u00eb Shqip\u00ebri, humbet! K\u00ebng\u00ebtares kjo i \u00ebsht\u00eb b\u00ebr\u00eb e ditur n\u00eb nj\u00eb emision t\u00eb njohur televiziv. K\u00ebt\u00eb her\u00eb, me sa duket,","breadcrumb":{"@id":"https:\/\/www.visit-ulcinj.com\/blog\/2010\/07\/16\/soni-e-lidhur-fort-me-sicilianin\/#breadcrumb"},"inLanguage":"en-US","potentialAction":[{"@type":"ReadAction","target":["https:\/\/www.visit-ulcinj.com\/blog\/2010\/07\/16\/soni-e-lidhur-fort-me-sicilianin\/"]}]},{"@type":"BreadcrumbList","@id":"https:\/\/www.visit-ulcinj.com\/blog\/2010\/07\/16\/soni-e-lidhur-fort-me-sicilianin\/#breadcrumb","itemListElement":[{"@type":"ListItem","position":1,"name":"Soni, e lidhur fort me sicilianin"}]},{"@type":"Person","@id":"https:\/\/www.visit-ulcinj.com\/blog\/#\/schema\/person\/dcab619c614d3038751c63bc2aadc06d","name":"ulqini","sameAs":["http:\/\/www.visit-ulcinj.com"],"url":"https:\/\/www.visit-ulcinj.com\/blog\/author\/admin\/"}]}},"jetpack_featured_media_url":"","jetpack_sharing_enabled":true,"jetpack_shortlink":"https:\/\/wp.me\/pe6lTn-9fD","_links":{"self":[{"href":"https:\/\/www.visit-ulcinj.com\/blog\/wp-json\/wp\/v2\/posts\/35565"}],"collection":[{"href":"https:\/\/www.visit-ulcinj.com\/blog\/wp-json\/wp\/v2\/posts"}],"about":[{"href":"https:\/\/www.visit-ulcinj.com\/blog\/wp-json\/wp\/v2\/types\/post"}],"author":[{"embeddable":true,"href":"https:\/\/www.visit-ulcinj.com\/blog\/wp-json\/wp\/v2\/users\/1"}],"replies":[{"embeddable":true,"href":"https:\/\/www.visit-ulcinj.com\/blog\/wp-json\/wp\/v2\/comments?post=35565"}],"version-history":[{"count":0,"href":"https:\/\/www.visit-ulcinj.com\/blog\/wp-json\/wp\/v2\/posts\/35565\/revisions"}],"wp:attachment":[{"href":"https:\/\/www.visit-ulcinj.com\/blog\/wp-json\/wp\/v2\/media?parent=35565"}],"wp:term":[{"taxonomy":"category","embeddable":true,"href":"https:\/\/www.visit-ulcinj.com\/blog\/wp-json\/wp\/v2\/categories?post=35565"},{"taxonomy":"post_tag","embeddable":true,"href":"https:\/\/www.visit-ulcinj.com\/blog\/wp-json\/wp\/v2\/tags?post=35565"}],"curies":[{"name":"wp","href":"https:\/\/api.w.org\/{rel}","templated":true}]}}