{"id":35569,"date":"2010-07-16T22:56:33","date_gmt":"2010-07-16T20:56:33","guid":{"rendered":"http:\/\/www.visit-ulcinj.com\/blog\/?p=35569"},"modified":"2010-07-16T23:57:32","modified_gmt":"2010-07-16T21:57:32","slug":"ciljeta-pas-5-vjetesh-ministre%e2%80%a6","status":"publish","type":"post","link":"https:\/\/www.visit-ulcinj.com\/blog\/2010\/07\/16\/ciljeta-pas-5-vjetesh-ministre%e2%80%a6\/","title":{"rendered":"\u00c7iljeta, pas 5 vjet\u00ebsh, ministre\u2026!"},"content":{"rendered":"<p><a href=\"http:\/\/www.visit-ulcinj.com\/blog\/wp-content\/uploads\/2010\/07\/ciljeta_berisha.1.jpg\"><img loading=\"lazy\" class=\"alignleft size-full wp-image-35570\" title=\"ciljeta_berisha.1\" src=\"http:\/\/www.visit-ulcinj.com\/blog\/wp-content\/uploads\/2010\/07\/ciljeta_berisha.1.jpg\" alt=\"ciljeta_berisha.1\" width=\"490\" height=\"343\" \/><\/a>Tashm\u00eb ajo nuk e fsheh aspak se bindjet e saj politike jan\u00eb aq t\u00eb forta, sa e mendon t\u00eb ardhmen, pse jo, edhe duke drejtuar ndonj\u00eb dikaster t\u00eb r\u00ebnd\u00ebsish\u00ebm. Gjat\u00eb nj\u00eb interviste, \u00c7iljeta Xhilaga ka pohuar se ndoshta pas pes\u00eb vitesh d\u00ebshiron ta shoh\u00eb veten si ministre, por gjithmon\u00eb kjo mbetet nj\u00eb d\u00ebshir\u00eb, edhe pse artistja \u00ebsht\u00eb diplomuar pik\u00ebrisht p\u00ebr Shkenca Politike. Nd\u00ebrkaq ajo ka ndryshuar shum\u00eb edhe gard\u00ebrob\u00ebn e saj, nj\u00eb sakrific\u00eb jo e vog\u00ebl p\u00ebr politik\u00ebn. P\u00ebr sa i takon jet\u00ebs s\u00eb saj private, ajo vazhdon t\u00eb ndihet e lumtur, nd\u00ebrsa p\u00ebr planet e nj\u00eb martese t\u00eb mundshme, ajo shprehet se ndoshta mbas disa vjet\u00ebsh, at\u00ebher\u00eb kur t\u00eb ket\u00eb krijuar nj\u00eb garanci financiare, do t\u00eb vendos\u00eb p\u00ebr martes\u00ebn, pasi dasma tipike shqiptare b\u00ebn pjes\u00eb n\u00eb preferencat e k\u00ebng\u00ebtares.<\/p>\n<p>\n\t\t<style type=\"text\/css\">\n\t\t\t#gallery-1 {\n\t\t\t\tmargin: auto;\n\t\t\t}\n\t\t\t#gallery-1 .gallery-item {\n\t\t\t\tfloat: left;\n\t\t\t\tmargin-top: 10px;\n\t\t\t\ttext-align: center;\n\t\t\t\twidth: 33%;\n\t\t\t}\n\t\t\t#gallery-1 img {\n\t\t\t\tborder: 2px solid #cfcfcf;\n\t\t\t}\n\t\t\t#gallery-1 .gallery-caption {\n\t\t\t\tmargin-left: 0;\n\t\t\t}\n\t\t\t\/* see gallery_shortcode() in wp-includes\/media.php *\/\n\t\t<\/style>\n\t\t<div id='gallery-1' class='gallery galleryid-35569 gallery-columns-3 gallery-size-thumbnail'><dl class='gallery-item'>\n\t\t\t<dt class='gallery-icon landscape'>\n\t\t\t\t<a href='https:\/\/www.visit-ulcinj.com\/blog\/wp-content\/uploads\/2010\/07\/ciljeta-Xhilaga.jpg'><img width=\"150\" height=\"150\" src=\"https:\/\/www.visit-ulcinj.com\/blog\/wp-content\/uploads\/2010\/07\/ciljeta-Xhilaga-150x150.jpg\" class=\"attachment-thumbnail size-thumbnail\" alt=\"\" loading=\"lazy\" \/><\/a>\n\t\t\t<\/dt><\/dl>\n\t\t\t<br style='clear: both' \/>\n\t\t<\/div>\n<br \/>\n<!--YouTube Error: bad URL entered--><\/p>\n","protected":false},"excerpt":{"rendered":"<p>Tashm\u00eb ajo nuk e fsheh aspak se bindjet e saj politike jan\u00eb aq t\u00eb forta, sa e mendon t\u00eb ardhmen, pse jo, edhe duke drejtuar ndonj\u00eb dikaster t\u00eb r\u00ebnd\u00ebsish\u00ebm. Gjat\u00eb nj\u00eb interviste, \u00c7iljeta Xhilaga ka pohuar se ndoshta pas pes\u00eb vitesh d\u00ebshiron ta shoh\u00eb veten si ministre, por gjithmon\u00eb kjo mbetet nj\u00eb d\u00ebshir\u00eb, edhe pse [&hellip;]<\/p>\n","protected":false},"author":1,"featured_media":0,"comment_status":"open","ping_status":"closed","sticky":false,"template":"","format":"standard","meta":{"spay_email":"","jetpack_publicize_message":"","jetpack_is_tweetstorm":false,"jetpack_publicize_feature_enabled":true},"categories":[1],"tags":[5456],"jetpack_publicize_connections":[],"yoast_head":"<!-- This site is optimized with the Yoast SEO plugin v19.1 - https:\/\/yoast.com\/wordpress\/plugins\/seo\/ -->\n<title>\u00c7iljeta, pas 5 vjet\u00ebsh, ministre\u2026! - Lajme nga Ulqini<\/title>\n<meta name=\"description\" content=\"Tashm\u00eb ajo nuk e fsheh aspak se bindjet e saj politike jan\u00eb aq t\u00eb forta, sa e mendon t\u00eb ardhmen, pse jo, edhe duke drejtuar ndonj\u00eb dikaster t\u00eb\" \/>\n<meta name=\"robots\" content=\"index, follow, max-snippet:-1, max-image-preview:large, max-video-preview:-1\" \/>\n<link rel=\"canonical\" href=\"https:\/\/www.visit-ulcinj.com\/blog\/2010\/07\/16\/ciljeta-pas-5-vjetesh-ministre\u2026\/\" \/>\n<meta property=\"og:locale\" content=\"en_US\" \/>\n<meta property=\"og:type\" content=\"article\" \/>\n<meta property=\"og:title\" content=\"\u00c7iljeta, pas 5 vjet\u00ebsh, ministre\u2026! - Lajme nga Ulqini\" \/>\n<meta property=\"og:description\" content=\"Tashm\u00eb ajo nuk e fsheh aspak se bindjet e saj politike jan\u00eb aq t\u00eb forta, sa e mendon t\u00eb ardhmen, pse jo, edhe duke drejtuar ndonj\u00eb dikaster t\u00eb\" \/>\n<meta property=\"og:url\" content=\"https:\/\/www.visit-ulcinj.com\/blog\/2010\/07\/16\/ciljeta-pas-5-vjetesh-ministre\u2026\/\" \/>\n<meta property=\"og:site_name\" content=\"Lajme nga Ulqini\" \/>\n<meta property=\"article:published_time\" content=\"2010-07-16T20:56:33+00:00\" \/>\n<meta property=\"article:modified_time\" content=\"2010-07-16T21:57:32+00:00\" \/>\n<meta property=\"og:image\" content=\"https:\/\/www.visit-ulcinj.com\/blog\/wp-content\/uploads\/2010\/07\/ciljeta_berisha.1-150x150.jpg\" \/>\n<meta name=\"twitter:label1\" content=\"Written by\" \/>\n\t<meta name=\"twitter:data1\" content=\"ulqini\" \/>\n\t<meta name=\"twitter:label2\" content=\"Est. reading time\" \/>\n\t<meta name=\"twitter:data2\" content=\"1 minute\" \/>\n<script type=\"application\/ld+json\" class=\"yoast-schema-graph\">{\"@context\":\"https:\/\/schema.org\",\"@graph\":[{\"@type\":\"WebSite\",\"@id\":\"https:\/\/www.visit-ulcinj.com\/blog\/#website\",\"url\":\"https:\/\/www.visit-ulcinj.com\/blog\/\",\"name\":\"Lajme nga Ulqini\",\"description\":\"Lajme,Vijesti,Ulqini,Ulqin,Crna Gora,Mali i Zi\",\"potentialAction\":[{\"@type\":\"SearchAction\",\"target\":{\"@type\":\"EntryPoint\",\"urlTemplate\":\"https:\/\/www.visit-ulcinj.com\/blog\/?s={search_term_string}\"},\"query-input\":\"required name=search_term_string\"}],\"inLanguage\":\"en-US\"},{\"@type\":\"ImageObject\",\"inLanguage\":\"en-US\",\"@id\":\"https:\/\/www.visit-ulcinj.com\/blog\/2010\/07\/16\/ciljeta-pas-5-vjetesh-ministre%e2%80%a6\/#primaryimage\",\"url\":\"http:\/\/www.visit-ulcinj.com\/blog\/wp-content\/uploads\/2010\/07\/ciljeta_berisha.1.jpg\",\"contentUrl\":\"http:\/\/www.visit-ulcinj.com\/blog\/wp-content\/uploads\/2010\/07\/ciljeta_berisha.1.jpg\"},{\"@type\":\"WebPage\",\"@id\":\"https:\/\/www.visit-ulcinj.com\/blog\/2010\/07\/16\/ciljeta-pas-5-vjetesh-ministre%e2%80%a6\/#webpage\",\"url\":\"https:\/\/www.visit-ulcinj.com\/blog\/2010\/07\/16\/ciljeta-pas-5-vjetesh-ministre%e2%80%a6\/\",\"name\":\"\u00c7iljeta, pas 5 vjet\u00ebsh, ministre\u2026! - Lajme nga Ulqini\",\"isPartOf\":{\"@id\":\"https:\/\/www.visit-ulcinj.com\/blog\/#website\"},\"primaryImageOfPage\":{\"@id\":\"https:\/\/www.visit-ulcinj.com\/blog\/2010\/07\/16\/ciljeta-pas-5-vjetesh-ministre%e2%80%a6\/#primaryimage\"},\"datePublished\":\"2010-07-16T20:56:33+00:00\",\"dateModified\":\"2010-07-16T21:57:32+00:00\",\"author\":{\"@id\":\"https:\/\/www.visit-ulcinj.com\/blog\/#\/schema\/person\/dcab619c614d3038751c63bc2aadc06d\"},\"description\":\"Tashm\u00eb ajo nuk e fsheh aspak se bindjet e saj politike jan\u00eb aq t\u00eb forta, sa e mendon t\u00eb ardhmen, pse jo, edhe duke drejtuar ndonj\u00eb dikaster t\u00eb\",\"breadcrumb\":{\"@id\":\"https:\/\/www.visit-ulcinj.com\/blog\/2010\/07\/16\/ciljeta-pas-5-vjetesh-ministre%e2%80%a6\/#breadcrumb\"},\"inLanguage\":\"en-US\",\"potentialAction\":[{\"@type\":\"ReadAction\",\"target\":[\"https:\/\/www.visit-ulcinj.com\/blog\/2010\/07\/16\/ciljeta-pas-5-vjetesh-ministre%e2%80%a6\/\"]}]},{\"@type\":\"BreadcrumbList\",\"@id\":\"https:\/\/www.visit-ulcinj.com\/blog\/2010\/07\/16\/ciljeta-pas-5-vjetesh-ministre%e2%80%a6\/#breadcrumb\",\"itemListElement\":[{\"@type\":\"ListItem\",\"position\":1,\"name\":\"\u00c7iljeta, pas 5 vjet\u00ebsh, ministre\u2026!\"}]},{\"@type\":\"Person\",\"@id\":\"https:\/\/www.visit-ulcinj.com\/blog\/#\/schema\/person\/dcab619c614d3038751c63bc2aadc06d\",\"name\":\"ulqini\",\"sameAs\":[\"http:\/\/www.visit-ulcinj.com\"],\"url\":\"https:\/\/www.visit-ulcinj.com\/blog\/author\/admin\/\"}]}<\/script>\n<!-- \/ Yoast SEO plugin. -->","yoast_head_json":{"title":"\u00c7iljeta, pas 5 vjet\u00ebsh, ministre\u2026! - Lajme nga Ulqini","description":"Tashm\u00eb ajo nuk e fsheh aspak se bindjet e saj politike jan\u00eb aq t\u00eb forta, sa e mendon t\u00eb ardhmen, pse jo, edhe duke drejtuar ndonj\u00eb dikaster t\u00eb","robots":{"index":"index","follow":"follow","max-snippet":"max-snippet:-1","max-image-preview":"max-image-preview:large","max-video-preview":"max-video-preview:-1"},"canonical":"https:\/\/www.visit-ulcinj.com\/blog\/2010\/07\/16\/ciljeta-pas-5-vjetesh-ministre\u2026\/","og_locale":"en_US","og_type":"article","og_title":"\u00c7iljeta, pas 5 vjet\u00ebsh, ministre\u2026! - Lajme nga Ulqini","og_description":"Tashm\u00eb ajo nuk e fsheh aspak se bindjet e saj politike jan\u00eb aq t\u00eb forta, sa e mendon t\u00eb ardhmen, pse jo, edhe duke drejtuar ndonj\u00eb dikaster t\u00eb","og_url":"https:\/\/www.visit-ulcinj.com\/blog\/2010\/07\/16\/ciljeta-pas-5-vjetesh-ministre\u2026\/","og_site_name":"Lajme nga Ulqini","article_published_time":"2010-07-16T20:56:33+00:00","article_modified_time":"2010-07-16T21:57:32+00:00","og_image":[{"url":"https:\/\/www.visit-ulcinj.com\/blog\/wp-content\/uploads\/2010\/07\/ciljeta_berisha.1-150x150.jpg"}],"twitter_misc":{"Written by":"ulqini","Est. reading time":"1 minute"},"schema":{"@context":"https:\/\/schema.org","@graph":[{"@type":"WebSite","@id":"https:\/\/www.visit-ulcinj.com\/blog\/#website","url":"https:\/\/www.visit-ulcinj.com\/blog\/","name":"Lajme nga Ulqini","description":"Lajme,Vijesti,Ulqini,Ulqin,Crna Gora,Mali i Zi","potentialAction":[{"@type":"SearchAction","target":{"@type":"EntryPoint","urlTemplate":"https:\/\/www.visit-ulcinj.com\/blog\/?s={search_term_string}"},"query-input":"required name=search_term_string"}],"inLanguage":"en-US"},{"@type":"ImageObject","inLanguage":"en-US","@id":"https:\/\/www.visit-ulcinj.com\/blog\/2010\/07\/16\/ciljeta-pas-5-vjetesh-ministre%e2%80%a6\/#primaryimage","url":"http:\/\/www.visit-ulcinj.com\/blog\/wp-content\/uploads\/2010\/07\/ciljeta_berisha.1.jpg","contentUrl":"http:\/\/www.visit-ulcinj.com\/blog\/wp-content\/uploads\/2010\/07\/ciljeta_berisha.1.jpg"},{"@type":"WebPage","@id":"https:\/\/www.visit-ulcinj.com\/blog\/2010\/07\/16\/ciljeta-pas-5-vjetesh-ministre%e2%80%a6\/#webpage","url":"https:\/\/www.visit-ulcinj.com\/blog\/2010\/07\/16\/ciljeta-pas-5-vjetesh-ministre%e2%80%a6\/","name":"\u00c7iljeta, pas 5 vjet\u00ebsh, ministre\u2026! - Lajme nga Ulqini","isPartOf":{"@id":"https:\/\/www.visit-ulcinj.com\/blog\/#website"},"primaryImageOfPage":{"@id":"https:\/\/www.visit-ulcinj.com\/blog\/2010\/07\/16\/ciljeta-pas-5-vjetesh-ministre%e2%80%a6\/#primaryimage"},"datePublished":"2010-07-16T20:56:33+00:00","dateModified":"2010-07-16T21:57:32+00:00","author":{"@id":"https:\/\/www.visit-ulcinj.com\/blog\/#\/schema\/person\/dcab619c614d3038751c63bc2aadc06d"},"description":"Tashm\u00eb ajo nuk e fsheh aspak se bindjet e saj politike jan\u00eb aq t\u00eb forta, sa e mendon t\u00eb ardhmen, pse jo, edhe duke drejtuar ndonj\u00eb dikaster t\u00eb","breadcrumb":{"@id":"https:\/\/www.visit-ulcinj.com\/blog\/2010\/07\/16\/ciljeta-pas-5-vjetesh-ministre%e2%80%a6\/#breadcrumb"},"inLanguage":"en-US","potentialAction":[{"@type":"ReadAction","target":["https:\/\/www.visit-ulcinj.com\/blog\/2010\/07\/16\/ciljeta-pas-5-vjetesh-ministre%e2%80%a6\/"]}]},{"@type":"BreadcrumbList","@id":"https:\/\/www.visit-ulcinj.com\/blog\/2010\/07\/16\/ciljeta-pas-5-vjetesh-ministre%e2%80%a6\/#breadcrumb","itemListElement":[{"@type":"ListItem","position":1,"name":"\u00c7iljeta, pas 5 vjet\u00ebsh, ministre\u2026!"}]},{"@type":"Person","@id":"https:\/\/www.visit-ulcinj.com\/blog\/#\/schema\/person\/dcab619c614d3038751c63bc2aadc06d","name":"ulqini","sameAs":["http:\/\/www.visit-ulcinj.com"],"url":"https:\/\/www.visit-ulcinj.com\/blog\/author\/admin\/"}]}},"jetpack_featured_media_url":"","jetpack_sharing_enabled":true,"jetpack_shortlink":"https:\/\/wp.me\/pe6lTn-9fH","_links":{"self":[{"href":"https:\/\/www.visit-ulcinj.com\/blog\/wp-json\/wp\/v2\/posts\/35569"}],"collection":[{"href":"https:\/\/www.visit-ulcinj.com\/blog\/wp-json\/wp\/v2\/posts"}],"about":[{"href":"https:\/\/www.visit-ulcinj.com\/blog\/wp-json\/wp\/v2\/types\/post"}],"author":[{"embeddable":true,"href":"https:\/\/www.visit-ulcinj.com\/blog\/wp-json\/wp\/v2\/users\/1"}],"replies":[{"embeddable":true,"href":"https:\/\/www.visit-ulcinj.com\/blog\/wp-json\/wp\/v2\/comments?post=35569"}],"version-history":[{"count":0,"href":"https:\/\/www.visit-ulcinj.com\/blog\/wp-json\/wp\/v2\/posts\/35569\/revisions"}],"wp:attachment":[{"href":"https:\/\/www.visit-ulcinj.com\/blog\/wp-json\/wp\/v2\/media?parent=35569"}],"wp:term":[{"taxonomy":"category","embeddable":true,"href":"https:\/\/www.visit-ulcinj.com\/blog\/wp-json\/wp\/v2\/categories?post=35569"},{"taxonomy":"post_tag","embeddable":true,"href":"https:\/\/www.visit-ulcinj.com\/blog\/wp-json\/wp\/v2\/tags?post=35569"}],"curies":[{"name":"wp","href":"https:\/\/api.w.org\/{rel}","templated":true}]}}