{"id":35585,"date":"2010-07-17T10:57:28","date_gmt":"2010-07-17T08:57:28","guid":{"rendered":"http:\/\/www.visit-ulcinj.com\/blog\/?p=35585"},"modified":"2010-08-27T17:47:33","modified_gmt":"2010-08-27T15:47:33","slug":"ulqini-hap-dyert-per-edicionin-e-10-te-te-panairit-te-librit","status":"publish","type":"post","link":"https:\/\/www.visit-ulcinj.com\/blog\/2010\/07\/17\/ulqini-hap-dyert-per-edicionin-e-10-te-te-panairit-te-librit\/","title":{"rendered":"Panairi i librit n\u00eb Ulqin \u2013 nga 28 korrik deri m\u00eb 4 gusht"},"content":{"rendered":"<p><a href=\"http:\/\/www.visit-ulcinj.com\/blog\/wp-content\/uploads\/2010\/07\/Presidenti-Topi-dhe-Presidenti-Vujanovi\u00e7-p\u00ebrurojn\u00eb-hapjen-e-Panairit-IX-t\u00eb-Librit-Ulqin-2009.jpg\"><img loading=\"lazy\" class=\"alignleft size-full wp-image-35586\" title=\"Presidenti Topi dhe Presidenti Vujanovi\u00e7 p\u00ebrurojn\u00eb hapjen e Panairit IX t\u00eb Librit, Ulqin 2009\" src=\"http:\/\/www.visit-ulcinj.com\/blog\/wp-content\/uploads\/2010\/07\/Presidenti-Topi-dhe-Presidenti-Vujanovi\u00e7-p\u00ebrurojn\u00eb-hapjen-e-Panairit-IX-t\u00eb-Librit-Ulqin-2009.jpg\" alt=\"Presidenti Topi dhe Presidenti Vujanovi\u00e7 p\u00ebrurojn\u00eb hapjen e Panairit IX t\u00eb Librit, Ulqin 2009\" width=\"490\" height=\"390\" \/><\/a>TIRANE-Mbi 60 botues nga Shqip\u00ebria, Kosova, Maqedonia, Mali i Zi dhe Bosnje- Hercegovina do t\u00eb marrin pjes\u00eb n\u00eb Panairin tradicional t\u00eb Librit &#8220;Ulqini 2010&#8221;, q\u00eb do t\u00eb zhvillohet n\u00eb Ulqin (Mali i Zi) nga 28 korrik- 4 gusht, t\u00eb organizuar nga Bashkia e k\u00ebtij qyteti dhe Shoqata e Botuesve Shqiptar\u00eb.<\/p>\n<p>Mb\u00ebshtetur k\u00ebt\u00eb vit nga Komuna e Ulqinit, n\u00ebn kujdesin e kryetarit t\u00eb saj, G\u00ebzim Hajdinaga, panairi i sivjetsh\u00ebm \u00ebsht\u00eb i pari q\u00eb \u00e7el veprimtarit\u00eb me librin n\u00eb stin\u00ebn verore, p\u00ebr t&#8217;i hapur rrug\u00eb m\u00eb pas gjat\u00eb muajit gusht edhe panaireve t\u00eb librit n\u00eb qytetet e Jugut t\u00eb Shqip\u00ebris\u00eb, si Vlora e Saranda. Ve\u00e7 librave nga Shqip\u00ebria, Kosova e Maqedonia, do t\u00eb ekspozohen libra e do t\u00eb marrin pjes\u00eb botues edhe nga Mali i Zi, Bosnja e pakicat e tjera komb\u00ebtare t\u00eb k\u00ebsaj republike. N\u00eb Panairin e librit n\u00eb Ulqin parashikohet t\u00eb ekspozohen dhe t\u00eb ofrohen p\u00ebr shitje mbi 6.000 tituj librash, nga t\u00eb cilat mbi 500 jan\u00eb tituj t\u00eb rinj. Let\u00ebrsi artistike, autor\u00eb shqiptar\u00eb e t\u00eb huaj, histori, botime enciklopedike, guida turistike e harta t\u00eb \u00e7do lloji, let\u00ebrsi p\u00ebr f\u00ebmij\u00eb, fjalor\u00eb e metoda p\u00ebr m\u00ebsimin e shqipes dhe t\u00eb gjuh\u00ebve t\u00eb huaja, libra utilitar\u00eb p\u00ebr zanate e profesione t\u00eb ndryshme, albume e katalog\u00eb gjithfar\u00ebsh etj, do t\u00eb jen\u00eb librat e rinj q\u00eb do t\u00eb paraqiten para lexuesve ulqinak\u00eb e pushuesve t\u00eb huaj.<br \/>\nSikurse \u00e7do vit, Panairi i librit n\u00eb Ulqin edhe n\u00eb k\u00ebt\u00eb edicion t\u00eb 10-t\u00eb do t\u00eb ket\u00eb t\u00eb ftuar t\u00eb ve\u00e7ant\u00eb, personalitete nga fusha e kultur\u00ebs, akademike, administrata shtet\u00ebrore dhe politika. K\u00ebt\u00eb vit, t\u00eb ftuar t\u00eb ve\u00e7ant\u00eb dhe n\u00eb qend\u00ebr t\u00eb v\u00ebmendjes s\u00eb publikut bashk\u00eb me vepr\u00ebn e tyre do t\u00eb jet\u00eb shkrimtari Besnik Mustafaj nga Shqip\u00ebria dhe nj\u00eb shkrimtar i njohur nga Mali i Zi. Mbr\u00ebmja e dit\u00ebs s\u00eb dyt\u00eb dhe t\u00eb tret\u00eb t\u00eb panairit do t&#8217;u kushtohet ekskluzivisht autor\u00ebve q\u00eb me kontributin e tyre kan\u00eb botuar veprimtari akademike, p\u00ebr t\u00eb cil\u00ebt do t\u00eb flasin gjer\u00ebsisht studiuesit Piro Misha, akademiku Josif Papagjoni dhe botuesja Irena To\u00e7i etj. Panairi i sivjetsh\u00ebm \u00ebsht\u00eb i pari q\u00eb \u00e7el veprimtarit\u00eb me librin n\u00eb stin\u00ebn verore, p\u00ebr t&#8217;i hapur rrug\u00eb m\u00eb pas gjat\u00eb muajit gusht disa panaireve t\u00eb till\u00eb n\u00eb qytetet e Jugut n\u00eb Vlor\u00eb e Sarand\u00eb. N\u00eb vitet e kaluara shiritin e inaugurimit t\u00eb k\u00ebsaj veprimtarie e kan\u00eb prer\u00eb personalitete t\u00eb tilla si Drit\u00ebro Agolli, Rexhep Qosja, Ismail Kadare, Fatos Arapi, Fatos Kongoli, Ali Podrimja, Jevren Brkoviq, Luan Starova, Zuvdi Hoxhiq, Sreten Asanoviq,, ministrat e Kultur\u00ebs t\u00eb Shqip\u00ebris\u00eb e t\u00eb Malit t\u00eb Zi, akademik\u00eb e parlamentar\u00eb t\u00eb t\u00eb dy vendeve.<\/p>\n<p><strong>(d.b\/GSH\/BalkanWeb)<br \/>\n<!--YouTube Error: bad URL entered--><\/strong><\/p>\n","protected":false},"excerpt":{"rendered":"<p>TIRANE-Mbi 60 botues nga Shqip\u00ebria, Kosova, Maqedonia, Mali i Zi dhe Bosnje- Hercegovina do t\u00eb marrin pjes\u00eb n\u00eb Panairin tradicional t\u00eb Librit &#8220;Ulqini 2010&#8221;, q\u00eb do t\u00eb zhvillohet n\u00eb Ulqin (Mali i Zi) nga 28 korrik- 4 gusht, t\u00eb organizuar nga Bashkia e k\u00ebtij qyteti dhe Shoqata e Botuesve Shqiptar\u00eb. Mb\u00ebshtetur k\u00ebt\u00eb vit nga Komuna [&hellip;]<\/p>\n","protected":false},"author":1,"featured_media":0,"comment_status":"open","ping_status":"closed","sticky":false,"template":"","format":"standard","meta":{"spay_email":"","jetpack_publicize_message":"","jetpack_is_tweetstorm":false,"jetpack_publicize_feature_enabled":true},"categories":[4],"tags":[4542,14911,14912,14913,222,14919,4317,14914,14918,297,12179,14915,95,14910,14917,4316,14599,18,14916],"jetpack_publicize_connections":[],"yoast_head":"<!-- This site is optimized with the Yoast SEO plugin v19.1 - https:\/\/yoast.com\/wordpress\/plugins\/seo\/ -->\n<title>Panairi i librit n\u00eb Ulqin \u2013 nga 28 korrik deri m\u00eb 4 gusht - Lajme nga Ulqini<\/title>\n<meta name=\"description\" content=\"TIRANE-Mbi 60 botues nga Shqip\u00ebria, Kosova, Maqedonia, Mali i Zi dhe Bosnje- Hercegovina do t\u00eb marrin pjes\u00eb n\u00eb Panairin tradicional t\u00eb Librit &quot;Ulqini\" \/>\n<meta name=\"robots\" content=\"index, follow, max-snippet:-1, max-image-preview:large, max-video-preview:-1\" \/>\n<link rel=\"canonical\" href=\"https:\/\/www.visit-ulcinj.com\/blog\/2010\/07\/17\/ulqini-hap-dyert-per-edicionin-e-10-te-te-panairit-te-librit\/\" \/>\n<meta property=\"og:locale\" content=\"en_US\" \/>\n<meta property=\"og:type\" content=\"article\" \/>\n<meta property=\"og:title\" content=\"Panairi i librit n\u00eb Ulqin \u2013 nga 28 korrik deri m\u00eb 4 gusht - Lajme nga Ulqini\" \/>\n<meta property=\"og:description\" content=\"TIRANE-Mbi 60 botues nga Shqip\u00ebria, Kosova, Maqedonia, Mali i Zi dhe Bosnje- Hercegovina do t\u00eb marrin pjes\u00eb n\u00eb Panairin tradicional t\u00eb Librit &quot;Ulqini\" \/>\n<meta property=\"og:url\" content=\"https:\/\/www.visit-ulcinj.com\/blog\/2010\/07\/17\/ulqini-hap-dyert-per-edicionin-e-10-te-te-panairit-te-librit\/\" \/>\n<meta property=\"og:site_name\" content=\"Lajme nga Ulqini\" \/>\n<meta property=\"article:published_time\" content=\"2010-07-17T08:57:28+00:00\" \/>\n<meta property=\"article:modified_time\" content=\"2010-08-27T15:47:33+00:00\" \/>\n<meta name=\"twitter:label1\" content=\"Written by\" \/>\n\t<meta name=\"twitter:data1\" content=\"ulqini\" \/>\n\t<meta name=\"twitter:label2\" content=\"Est. reading time\" \/>\n\t<meta name=\"twitter:data2\" content=\"2 minutes\" \/>\n<script type=\"application\/ld+json\" class=\"yoast-schema-graph\">{\"@context\":\"https:\/\/schema.org\",\"@graph\":[{\"@type\":\"WebSite\",\"@id\":\"https:\/\/www.visit-ulcinj.com\/blog\/#website\",\"url\":\"https:\/\/www.visit-ulcinj.com\/blog\/\",\"name\":\"Lajme nga Ulqini\",\"description\":\"Lajme,Vijesti,Ulqini,Ulqin,Crna Gora,Mali i Zi\",\"potentialAction\":[{\"@type\":\"SearchAction\",\"target\":{\"@type\":\"EntryPoint\",\"urlTemplate\":\"https:\/\/www.visit-ulcinj.com\/blog\/?s={search_term_string}\"},\"query-input\":\"required name=search_term_string\"}],\"inLanguage\":\"en-US\"},{\"@type\":\"WebPage\",\"@id\":\"https:\/\/www.visit-ulcinj.com\/blog\/2010\/07\/17\/ulqini-hap-dyert-per-edicionin-e-10-te-te-panairit-te-librit\/#webpage\",\"url\":\"https:\/\/www.visit-ulcinj.com\/blog\/2010\/07\/17\/ulqini-hap-dyert-per-edicionin-e-10-te-te-panairit-te-librit\/\",\"name\":\"Panairi i librit n\u00eb Ulqin \u2013 nga 28 korrik deri m\u00eb 4 gusht - Lajme nga Ulqini\",\"isPartOf\":{\"@id\":\"https:\/\/www.visit-ulcinj.com\/blog\/#website\"},\"datePublished\":\"2010-07-17T08:57:28+00:00\",\"dateModified\":\"2010-08-27T15:47:33+00:00\",\"author\":{\"@id\":\"https:\/\/www.visit-ulcinj.com\/blog\/#\/schema\/person\/dcab619c614d3038751c63bc2aadc06d\"},\"description\":\"TIRANE-Mbi 60 botues nga Shqip\u00ebria, Kosova, Maqedonia, Mali i Zi dhe Bosnje- Hercegovina do t\u00eb marrin pjes\u00eb n\u00eb Panairin tradicional t\u00eb Librit \\\"Ulqini\",\"breadcrumb\":{\"@id\":\"https:\/\/www.visit-ulcinj.com\/blog\/2010\/07\/17\/ulqini-hap-dyert-per-edicionin-e-10-te-te-panairit-te-librit\/#breadcrumb\"},\"inLanguage\":\"en-US\",\"potentialAction\":[{\"@type\":\"ReadAction\",\"target\":[\"https:\/\/www.visit-ulcinj.com\/blog\/2010\/07\/17\/ulqini-hap-dyert-per-edicionin-e-10-te-te-panairit-te-librit\/\"]}]},{\"@type\":\"BreadcrumbList\",\"@id\":\"https:\/\/www.visit-ulcinj.com\/blog\/2010\/07\/17\/ulqini-hap-dyert-per-edicionin-e-10-te-te-panairit-te-librit\/#breadcrumb\",\"itemListElement\":[{\"@type\":\"ListItem\",\"position\":1,\"name\":\"Panairi i librit n\u00eb Ulqin \u2013 nga 28 korrik deri m\u00eb 4 gusht\"}]},{\"@type\":\"Person\",\"@id\":\"https:\/\/www.visit-ulcinj.com\/blog\/#\/schema\/person\/dcab619c614d3038751c63bc2aadc06d\",\"name\":\"ulqini\",\"sameAs\":[\"http:\/\/www.visit-ulcinj.com\"],\"url\":\"https:\/\/www.visit-ulcinj.com\/blog\/author\/admin\/\"}]}<\/script>\n<!-- \/ Yoast SEO plugin. -->","yoast_head_json":{"title":"Panairi i librit n\u00eb Ulqin \u2013 nga 28 korrik deri m\u00eb 4 gusht - Lajme nga Ulqini","description":"TIRANE-Mbi 60 botues nga Shqip\u00ebria, Kosova, Maqedonia, Mali i Zi dhe Bosnje- Hercegovina do t\u00eb marrin pjes\u00eb n\u00eb Panairin tradicional t\u00eb Librit \"Ulqini","robots":{"index":"index","follow":"follow","max-snippet":"max-snippet:-1","max-image-preview":"max-image-preview:large","max-video-preview":"max-video-preview:-1"},"canonical":"https:\/\/www.visit-ulcinj.com\/blog\/2010\/07\/17\/ulqini-hap-dyert-per-edicionin-e-10-te-te-panairit-te-librit\/","og_locale":"en_US","og_type":"article","og_title":"Panairi i librit n\u00eb Ulqin \u2013 nga 28 korrik deri m\u00eb 4 gusht - Lajme nga Ulqini","og_description":"TIRANE-Mbi 60 botues nga Shqip\u00ebria, Kosova, Maqedonia, Mali i Zi dhe Bosnje- Hercegovina do t\u00eb marrin pjes\u00eb n\u00eb Panairin tradicional t\u00eb Librit \"Ulqini","og_url":"https:\/\/www.visit-ulcinj.com\/blog\/2010\/07\/17\/ulqini-hap-dyert-per-edicionin-e-10-te-te-panairit-te-librit\/","og_site_name":"Lajme nga Ulqini","article_published_time":"2010-07-17T08:57:28+00:00","article_modified_time":"2010-08-27T15:47:33+00:00","twitter_misc":{"Written by":"ulqini","Est. reading time":"2 minutes"},"schema":{"@context":"https:\/\/schema.org","@graph":[{"@type":"WebSite","@id":"https:\/\/www.visit-ulcinj.com\/blog\/#website","url":"https:\/\/www.visit-ulcinj.com\/blog\/","name":"Lajme nga Ulqini","description":"Lajme,Vijesti,Ulqini,Ulqin,Crna Gora,Mali i Zi","potentialAction":[{"@type":"SearchAction","target":{"@type":"EntryPoint","urlTemplate":"https:\/\/www.visit-ulcinj.com\/blog\/?s={search_term_string}"},"query-input":"required name=search_term_string"}],"inLanguage":"en-US"},{"@type":"WebPage","@id":"https:\/\/www.visit-ulcinj.com\/blog\/2010\/07\/17\/ulqini-hap-dyert-per-edicionin-e-10-te-te-panairit-te-librit\/#webpage","url":"https:\/\/www.visit-ulcinj.com\/blog\/2010\/07\/17\/ulqini-hap-dyert-per-edicionin-e-10-te-te-panairit-te-librit\/","name":"Panairi i librit n\u00eb Ulqin \u2013 nga 28 korrik deri m\u00eb 4 gusht - Lajme nga Ulqini","isPartOf":{"@id":"https:\/\/www.visit-ulcinj.com\/blog\/#website"},"datePublished":"2010-07-17T08:57:28+00:00","dateModified":"2010-08-27T15:47:33+00:00","author":{"@id":"https:\/\/www.visit-ulcinj.com\/blog\/#\/schema\/person\/dcab619c614d3038751c63bc2aadc06d"},"description":"TIRANE-Mbi 60 botues nga Shqip\u00ebria, Kosova, Maqedonia, Mali i Zi dhe Bosnje- Hercegovina do t\u00eb marrin pjes\u00eb n\u00eb Panairin tradicional t\u00eb Librit \"Ulqini","breadcrumb":{"@id":"https:\/\/www.visit-ulcinj.com\/blog\/2010\/07\/17\/ulqini-hap-dyert-per-edicionin-e-10-te-te-panairit-te-librit\/#breadcrumb"},"inLanguage":"en-US","potentialAction":[{"@type":"ReadAction","target":["https:\/\/www.visit-ulcinj.com\/blog\/2010\/07\/17\/ulqini-hap-dyert-per-edicionin-e-10-te-te-panairit-te-librit\/"]}]},{"@type":"BreadcrumbList","@id":"https:\/\/www.visit-ulcinj.com\/blog\/2010\/07\/17\/ulqini-hap-dyert-per-edicionin-e-10-te-te-panairit-te-librit\/#breadcrumb","itemListElement":[{"@type":"ListItem","position":1,"name":"Panairi i librit n\u00eb Ulqin \u2013 nga 28 korrik deri m\u00eb 4 gusht"}]},{"@type":"Person","@id":"https:\/\/www.visit-ulcinj.com\/blog\/#\/schema\/person\/dcab619c614d3038751c63bc2aadc06d","name":"ulqini","sameAs":["http:\/\/www.visit-ulcinj.com"],"url":"https:\/\/www.visit-ulcinj.com\/blog\/author\/admin\/"}]}},"jetpack_featured_media_url":"","jetpack_sharing_enabled":true,"jetpack_shortlink":"https:\/\/wp.me\/pe6lTn-9fX","_links":{"self":[{"href":"https:\/\/www.visit-ulcinj.com\/blog\/wp-json\/wp\/v2\/posts\/35585"}],"collection":[{"href":"https:\/\/www.visit-ulcinj.com\/blog\/wp-json\/wp\/v2\/posts"}],"about":[{"href":"https:\/\/www.visit-ulcinj.com\/blog\/wp-json\/wp\/v2\/types\/post"}],"author":[{"embeddable":true,"href":"https:\/\/www.visit-ulcinj.com\/blog\/wp-json\/wp\/v2\/users\/1"}],"replies":[{"embeddable":true,"href":"https:\/\/www.visit-ulcinj.com\/blog\/wp-json\/wp\/v2\/comments?post=35585"}],"version-history":[{"count":0,"href":"https:\/\/www.visit-ulcinj.com\/blog\/wp-json\/wp\/v2\/posts\/35585\/revisions"}],"wp:attachment":[{"href":"https:\/\/www.visit-ulcinj.com\/blog\/wp-json\/wp\/v2\/media?parent=35585"}],"wp:term":[{"taxonomy":"category","embeddable":true,"href":"https:\/\/www.visit-ulcinj.com\/blog\/wp-json\/wp\/v2\/categories?post=35585"},{"taxonomy":"post_tag","embeddable":true,"href":"https:\/\/www.visit-ulcinj.com\/blog\/wp-json\/wp\/v2\/tags?post=35585"}],"curies":[{"name":"wp","href":"https:\/\/api.w.org\/{rel}","templated":true}]}}