{"id":3560,"date":"2008-09-24T12:22:18","date_gmt":"2008-09-24T17:22:18","guid":{"rendered":"http:\/\/www.visit-ulcinj.com\/blog\/?p=3560"},"modified":"2008-10-17T14:17:24","modified_gmt":"2008-10-17T19:17:24","slug":"njohja-e-kosoves-nga-mali-i-zi","status":"publish","type":"post","link":"https:\/\/www.visit-ulcinj.com\/blog\/2008\/09\/24\/njohja-e-kosoves-nga-mali-i-zi\/","title":{"rendered":"Njohja e Kosov\u00ebs nga Mali i Zi"},"content":{"rendered":"<p><a href=\"http:\/\/www.visit-ulcinj.com\/blog\/wp-content\/uploads\/2008\/09\/getattachment1-2.jpg\"><img loading=\"lazy\" class=\"alignleft size-medium wp-image-2993\" title=\"Pavar\u00ebsia e Kosov\u00ebs\" src=\"http:\/\/www.visit-ulcinj.com\/blog\/wp-content\/uploads\/2008\/09\/getattachment1-2.jpg\" alt=\"\" width=\"223\" height=\"236\" \/><\/a><strong>Nj\u00eb vendim i v\u00ebshtir\u00eb, por i r\u00ebnd\u00ebsish\u00ebm<\/strong><br \/>\nGjithsesi jemi t\u00eb vet\u00ebdijsh\u00ebm p\u00ebr faktin se Mali i Zi e merr me v\u00ebshtir\u00ebsi k\u00ebt\u00eb vendim, duke iu druajtur reagimeve t\u00eb brendshme dhe atyre t\u00eb Serbis\u00eb, e ndoshta edhe t\u00eb Rusis\u00eb.<br \/>\nPor gjithsesi shtetet duhet t\u00eb din\u00eb t\u00eb udh\u00ebhiqen nga racionaliteti dhe q\u00ebllimi p\u00ebr krijim t\u00eb mir\u00ebqenies p\u00ebr qytetar\u00ebt, sepse ky \u00ebsht\u00eb udh\u00ebkryqi dhe varet nga Mali i Zi se a d\u00ebshiron ta kap\u00ebrcej\u00eb apo ta zvarris\u00eb.<br \/>\nKosova, shteti m\u00eb i ri i bot\u00ebs, \u00ebsht\u00eb n\u00eb pritje t\u00eb njohjeve t\u00eb m\u00ebtutejshme. E &#8220;super- njohjet&#8221; tani m\u00eb duhet t\u00eb vijn\u00eb nga dy fqinj\u00ebt e saj, Mali i Zi dhe Maqedonia. Kurse drejt k\u00ebsaj njohjeje dhe p\u00ebrshpejtimit t\u00eb saj do t\u00eb ishte dashur t\u00eb punojm\u00eb ne pakicat shqiptare q\u00eb jetojm\u00eb n\u00eb k\u00ebto dy republika. Kjo p\u00ebr shum\u00eb arsye racionale dhe emocionale.<br \/>\nN\u00eb p\u00ebrb\u00ebrjen e qeverive t\u00eb k\u00ebtyre dy vendeve ka edhe shqiptar\u00eb t\u00eb dal\u00eb nga subjekte politike t\u00eb k\u00ebtij entiteti, prandaj \u00ebsht\u00eb e pritshme dhe e logjikshme q\u00eb njohja e pavar\u00ebsis\u00eb t\u00eb ndodh\u00eb sa m\u00eb par\u00eb.<br \/>\nNuk \u00ebsht\u00eb e kuptueshme q\u00eb disa nga politikan\u00ebt tan\u00eb t\u00eb l\u00ebshoj\u00eb deklarata t\u00eb her\u00ebpashershme sa p\u00ebr dekor dhe protokoll dhe kjo kryesisht kur pyeten nga gazetar\u00ebt, e t\u00eb mos ekzistoj\u00eb nj\u00eb q\u00ebndrim i koordinuar p\u00ebr \u00e7\u00ebshtjen madhore, shtetin e Kosov\u00ebs.<br \/>\nKosova shtet \u00ebsht\u00eb kontribut p\u00ebr paqen, kurse njohja e saj nga Mali i Zi dhe Maqedonia \u00ebsht\u00eb veprim normal i cili i kontribuon institucionalizimit t\u00eb marr\u00ebdh\u00ebnieve mes k\u00ebtyre shteteve t\u00eb cilat nd\u00ebr t\u00eb tjera jan\u00eb t\u00eb populluara edhe me shqiptar\u00eb.<br \/>\nT\u00eb gjith\u00eb e kemi kuptuar edhe mesazhin e t\u00eb jasht\u00ebmve, q\u00eb ishte mjaft i qart\u00eb dhe shum\u00eb pak diplomatik, se Mali i Zi, po deshi integrim, duhet ta njoh\u00eb Kosov\u00ebn. Mos Malit t\u00eb Zi nuk i duhet integrimi dhe ky vende nuk d\u00ebshiron t\u00eb hyj\u00eb sa m\u00eb par\u00eb n\u00eb rrjedha demokratike europiane? N\u00ebse pun\u00ebt q\u00ebndrojn\u00eb k\u00ebsisoji, at\u00ebher\u00eb s`kemi \u00e7ka t\u00eb shpresojm\u00eb, apo m\u00eb mir\u00eb t\u00eb them se lajmin e mir\u00eb se Mali i Zi d\u00ebshiron integrim t\u00eb shpejt\u00eb do t\u00eb jet\u00eb fakti i njohjes s\u00eb realitetit t\u00eb ri p\u00ebr ata q\u00eb kan\u00eb sy e vesh\u00eb, e ajo \u00ebsht\u00eb se Kosova \u00ebsht\u00eb shtet.<br \/>\nKush nuk beson n\u00eb k\u00ebt\u00eb le t\u00eb b\u00ebj\u00eb nj\u00eb vizit\u00eb n\u00eb k\u00ebt\u00eb vend dhe do t\u00eb bindet se atje shteti \u00ebsht\u00eb funksional dhe madje duke hedhur hapa t\u00eb m\u00ebdhenj drejt zhvillimit.<br \/>\nNd\u00ebrkoh\u00eb Mali i Zi nuk ndodhet para kurrfar\u00eb testit, por thjesht\u00eb t\u00eb vendos\u00eb marr\u00ebdh\u00ebnie t\u00eb sh\u00ebndosha me shtetin e ri fqinj, t\u00eb cilin e kan\u00eb njohur t\u00eb gjitha vendet e fuqishme dhe m\u00eb p\u00ebrparimtare bot\u00ebrore, ku shkollohen edhe nj\u00eb pjes\u00eb e qytetar\u00ebve t\u00eb saj.<br \/>\nGjithsesi jemi t\u00eb vet\u00ebdijsh\u00ebm p\u00ebr faktin se Mali i Zi e merr me v\u00ebshtir\u00ebsi k\u00ebt\u00eb vendim, duke iu druajtur reagimeve t\u00eb brendshme dhe atyre t\u00eb Serbis\u00eb, e ndoshta edhe t\u00eb Rusis\u00eb.<br \/>\nPor gjithsesi shtetet duhet t\u00eb din\u00eb t\u00eb udh\u00ebhiqen nga racionaliteti dhe q\u00ebllimi p\u00ebr krijim t\u00eb mir\u00ebqenies p\u00ebr qytetar\u00ebt, sepse ky \u00ebsht\u00eb udh\u00ebkryqi dhe varet nga Mali i Zi se a d\u00ebshiron ta kap\u00ebrcej\u00eb apo ta zvarris\u00eb.<br \/>\nShqiptar\u00ebt n\u00eb Mal t\u00eb Zi do t\u00eb ndihen m\u00eb t\u00eb \u00e7liruar, por meqen\u00ebse ne si pakic\u00eb nuk jemi m\u00ebsuar t\u00eb na b\u00ebhen favore, thjesht Mali i Zi k\u00ebt\u00eb le ta b\u00ebj\u00eb p\u00ebr veten e vet dhe t\u00eb gjith\u00eb sa m\u00eb par\u00eb t\u00eb takohemi n\u00eb Bashkimin Europian.<br \/>\nSi do q\u00eb t\u00eb jet\u00eb shpresojm\u00eb se njohja e Kosov\u00ebs nga Mali i Zi, Maqedonia dhe Greqia do vij\u00eb s\u00eb shpejti, e kjo gjithsesi do t\u00eb ishte shuplaka m\u00eb e r\u00ebnd\u00eb p\u00ebr Rusin\u00eb dhe satelitet e saj.<br \/>\n<strong>Robert Camaj<br \/>\nKoha Javore<\/strong><\/p>\n","protected":false},"excerpt":{"rendered":"<p>Nj\u00eb vendim i v\u00ebshtir\u00eb, por i r\u00ebnd\u00ebsish\u00ebm Gjithsesi jemi t\u00eb vet\u00ebdijsh\u00ebm p\u00ebr faktin se Mali i Zi e merr me v\u00ebshtir\u00ebsi k\u00ebt\u00eb vendim, duke iu druajtur reagimeve t\u00eb brendshme dhe atyre t\u00eb Serbis\u00eb, e ndoshta edhe t\u00eb Rusis\u00eb. Por gjithsesi shtetet duhet t\u00eb din\u00eb t\u00eb udh\u00ebhiqen nga racionaliteti dhe q\u00ebllimi p\u00ebr krijim t\u00eb mir\u00ebqenies p\u00ebr [&hellip;]<\/p>\n","protected":false},"author":1,"featured_media":0,"comment_status":"open","ping_status":"closed","sticky":false,"template":"","format":"standard","meta":{"spay_email":"","jetpack_publicize_message":"","jetpack_is_tweetstorm":false,"jetpack_publicize_feature_enabled":true},"categories":[6,12],"tags":[49,95],"jetpack_publicize_connections":[],"yoast_head":"<!-- This site is optimized with the Yoast SEO plugin v19.1 - https:\/\/yoast.com\/wordpress\/plugins\/seo\/ -->\n<title>Njohja e Kosov\u00ebs nga Mali i Zi - Lajme nga Ulqini<\/title>\n<meta name=\"description\" content=\"Nj\u00eb vendim i v\u00ebshtir\u00eb, por i r\u00ebnd\u00ebsish\u00ebm Gjithsesi jemi t\u00eb vet\u00ebdijsh\u00ebm p\u00ebr faktin se Mali i Zi e merr me v\u00ebshtir\u00ebsi k\u00ebt\u00eb vendim, duke iu druajtur\" \/>\n<meta name=\"robots\" content=\"index, follow, max-snippet:-1, max-image-preview:large, max-video-preview:-1\" \/>\n<link rel=\"canonical\" href=\"https:\/\/www.visit-ulcinj.com\/blog\/2008\/09\/24\/njohja-e-kosoves-nga-mali-i-zi\/\" \/>\n<meta property=\"og:locale\" content=\"en_US\" \/>\n<meta property=\"og:type\" content=\"article\" \/>\n<meta property=\"og:title\" content=\"Njohja e Kosov\u00ebs nga Mali i Zi - Lajme nga Ulqini\" \/>\n<meta property=\"og:description\" content=\"Nj\u00eb vendim i v\u00ebshtir\u00eb, por i r\u00ebnd\u00ebsish\u00ebm Gjithsesi jemi t\u00eb vet\u00ebdijsh\u00ebm p\u00ebr faktin se Mali i Zi e merr me v\u00ebshtir\u00ebsi k\u00ebt\u00eb vendim, duke iu druajtur\" \/>\n<meta property=\"og:url\" content=\"https:\/\/www.visit-ulcinj.com\/blog\/2008\/09\/24\/njohja-e-kosoves-nga-mali-i-zi\/\" \/>\n<meta property=\"og:site_name\" content=\"Lajme nga Ulqini\" \/>\n<meta property=\"article:published_time\" content=\"2008-09-24T17:22:18+00:00\" \/>\n<meta property=\"article:modified_time\" content=\"2008-10-17T19:17:24+00:00\" \/>\n<meta property=\"og:image\" content=\"http:\/\/www.visit-ulcinj.com\/blog\/wp-content\/uploads\/2008\/09\/getattachment1-2.jpg\" \/>\n<meta name=\"twitter:label1\" content=\"Written by\" \/>\n\t<meta name=\"twitter:data1\" content=\"ulqini\" \/>\n\t<meta name=\"twitter:label2\" content=\"Est. reading time\" \/>\n\t<meta name=\"twitter:data2\" content=\"3 minutes\" \/>\n<script type=\"application\/ld+json\" class=\"yoast-schema-graph\">{\"@context\":\"https:\/\/schema.org\",\"@graph\":[{\"@type\":\"WebSite\",\"@id\":\"https:\/\/www.visit-ulcinj.com\/blog\/#website\",\"url\":\"https:\/\/www.visit-ulcinj.com\/blog\/\",\"name\":\"Lajme nga Ulqini\",\"description\":\"Lajme,Vijesti,Ulqini,Ulqin,Crna Gora,Mali i Zi\",\"potentialAction\":[{\"@type\":\"SearchAction\",\"target\":{\"@type\":\"EntryPoint\",\"urlTemplate\":\"https:\/\/www.visit-ulcinj.com\/blog\/?s={search_term_string}\"},\"query-input\":\"required name=search_term_string\"}],\"inLanguage\":\"en-US\"},{\"@type\":\"ImageObject\",\"inLanguage\":\"en-US\",\"@id\":\"https:\/\/www.visit-ulcinj.com\/blog\/2008\/09\/24\/njohja-e-kosoves-nga-mali-i-zi\/#primaryimage\",\"url\":\"http:\/\/www.visit-ulcinj.com\/blog\/wp-content\/uploads\/2008\/09\/getattachment1-2.jpg\",\"contentUrl\":\"http:\/\/www.visit-ulcinj.com\/blog\/wp-content\/uploads\/2008\/09\/getattachment1-2.jpg\"},{\"@type\":\"WebPage\",\"@id\":\"https:\/\/www.visit-ulcinj.com\/blog\/2008\/09\/24\/njohja-e-kosoves-nga-mali-i-zi\/#webpage\",\"url\":\"https:\/\/www.visit-ulcinj.com\/blog\/2008\/09\/24\/njohja-e-kosoves-nga-mali-i-zi\/\",\"name\":\"Njohja e Kosov\u00ebs nga Mali i Zi - Lajme nga Ulqini\",\"isPartOf\":{\"@id\":\"https:\/\/www.visit-ulcinj.com\/blog\/#website\"},\"primaryImageOfPage\":{\"@id\":\"https:\/\/www.visit-ulcinj.com\/blog\/2008\/09\/24\/njohja-e-kosoves-nga-mali-i-zi\/#primaryimage\"},\"datePublished\":\"2008-09-24T17:22:18+00:00\",\"dateModified\":\"2008-10-17T19:17:24+00:00\",\"author\":{\"@id\":\"https:\/\/www.visit-ulcinj.com\/blog\/#\/schema\/person\/dcab619c614d3038751c63bc2aadc06d\"},\"description\":\"Nj\u00eb vendim i v\u00ebshtir\u00eb, por i r\u00ebnd\u00ebsish\u00ebm Gjithsesi jemi t\u00eb vet\u00ebdijsh\u00ebm p\u00ebr faktin se Mali i Zi e merr me v\u00ebshtir\u00ebsi k\u00ebt\u00eb vendim, duke iu druajtur\",\"breadcrumb\":{\"@id\":\"https:\/\/www.visit-ulcinj.com\/blog\/2008\/09\/24\/njohja-e-kosoves-nga-mali-i-zi\/#breadcrumb\"},\"inLanguage\":\"en-US\",\"potentialAction\":[{\"@type\":\"ReadAction\",\"target\":[\"https:\/\/www.visit-ulcinj.com\/blog\/2008\/09\/24\/njohja-e-kosoves-nga-mali-i-zi\/\"]}]},{\"@type\":\"BreadcrumbList\",\"@id\":\"https:\/\/www.visit-ulcinj.com\/blog\/2008\/09\/24\/njohja-e-kosoves-nga-mali-i-zi\/#breadcrumb\",\"itemListElement\":[{\"@type\":\"ListItem\",\"position\":1,\"name\":\"Njohja e Kosov\u00ebs nga Mali i Zi\"}]},{\"@type\":\"Person\",\"@id\":\"https:\/\/www.visit-ulcinj.com\/blog\/#\/schema\/person\/dcab619c614d3038751c63bc2aadc06d\",\"name\":\"ulqini\",\"sameAs\":[\"http:\/\/www.visit-ulcinj.com\"],\"url\":\"https:\/\/www.visit-ulcinj.com\/blog\/author\/admin\/\"}]}<\/script>\n<!-- \/ Yoast SEO plugin. -->","yoast_head_json":{"title":"Njohja e Kosov\u00ebs nga Mali i Zi - Lajme nga Ulqini","description":"Nj\u00eb vendim i v\u00ebshtir\u00eb, por i r\u00ebnd\u00ebsish\u00ebm Gjithsesi jemi t\u00eb vet\u00ebdijsh\u00ebm p\u00ebr faktin se Mali i Zi e merr me v\u00ebshtir\u00ebsi k\u00ebt\u00eb vendim, duke iu druajtur","robots":{"index":"index","follow":"follow","max-snippet":"max-snippet:-1","max-image-preview":"max-image-preview:large","max-video-preview":"max-video-preview:-1"},"canonical":"https:\/\/www.visit-ulcinj.com\/blog\/2008\/09\/24\/njohja-e-kosoves-nga-mali-i-zi\/","og_locale":"en_US","og_type":"article","og_title":"Njohja e Kosov\u00ebs nga Mali i Zi - Lajme nga Ulqini","og_description":"Nj\u00eb vendim i v\u00ebshtir\u00eb, por i r\u00ebnd\u00ebsish\u00ebm Gjithsesi jemi t\u00eb vet\u00ebdijsh\u00ebm p\u00ebr faktin se Mali i Zi e merr me v\u00ebshtir\u00ebsi k\u00ebt\u00eb vendim, duke iu druajtur","og_url":"https:\/\/www.visit-ulcinj.com\/blog\/2008\/09\/24\/njohja-e-kosoves-nga-mali-i-zi\/","og_site_name":"Lajme nga Ulqini","article_published_time":"2008-09-24T17:22:18+00:00","article_modified_time":"2008-10-17T19:17:24+00:00","og_image":[{"url":"http:\/\/www.visit-ulcinj.com\/blog\/wp-content\/uploads\/2008\/09\/getattachment1-2.jpg"}],"twitter_misc":{"Written by":"ulqini","Est. reading time":"3 minutes"},"schema":{"@context":"https:\/\/schema.org","@graph":[{"@type":"WebSite","@id":"https:\/\/www.visit-ulcinj.com\/blog\/#website","url":"https:\/\/www.visit-ulcinj.com\/blog\/","name":"Lajme nga Ulqini","description":"Lajme,Vijesti,Ulqini,Ulqin,Crna Gora,Mali i Zi","potentialAction":[{"@type":"SearchAction","target":{"@type":"EntryPoint","urlTemplate":"https:\/\/www.visit-ulcinj.com\/blog\/?s={search_term_string}"},"query-input":"required name=search_term_string"}],"inLanguage":"en-US"},{"@type":"ImageObject","inLanguage":"en-US","@id":"https:\/\/www.visit-ulcinj.com\/blog\/2008\/09\/24\/njohja-e-kosoves-nga-mali-i-zi\/#primaryimage","url":"http:\/\/www.visit-ulcinj.com\/blog\/wp-content\/uploads\/2008\/09\/getattachment1-2.jpg","contentUrl":"http:\/\/www.visit-ulcinj.com\/blog\/wp-content\/uploads\/2008\/09\/getattachment1-2.jpg"},{"@type":"WebPage","@id":"https:\/\/www.visit-ulcinj.com\/blog\/2008\/09\/24\/njohja-e-kosoves-nga-mali-i-zi\/#webpage","url":"https:\/\/www.visit-ulcinj.com\/blog\/2008\/09\/24\/njohja-e-kosoves-nga-mali-i-zi\/","name":"Njohja e Kosov\u00ebs nga Mali i Zi - Lajme nga Ulqini","isPartOf":{"@id":"https:\/\/www.visit-ulcinj.com\/blog\/#website"},"primaryImageOfPage":{"@id":"https:\/\/www.visit-ulcinj.com\/blog\/2008\/09\/24\/njohja-e-kosoves-nga-mali-i-zi\/#primaryimage"},"datePublished":"2008-09-24T17:22:18+00:00","dateModified":"2008-10-17T19:17:24+00:00","author":{"@id":"https:\/\/www.visit-ulcinj.com\/blog\/#\/schema\/person\/dcab619c614d3038751c63bc2aadc06d"},"description":"Nj\u00eb vendim i v\u00ebshtir\u00eb, por i r\u00ebnd\u00ebsish\u00ebm Gjithsesi jemi t\u00eb vet\u00ebdijsh\u00ebm p\u00ebr faktin se Mali i Zi e merr me v\u00ebshtir\u00ebsi k\u00ebt\u00eb vendim, duke iu druajtur","breadcrumb":{"@id":"https:\/\/www.visit-ulcinj.com\/blog\/2008\/09\/24\/njohja-e-kosoves-nga-mali-i-zi\/#breadcrumb"},"inLanguage":"en-US","potentialAction":[{"@type":"ReadAction","target":["https:\/\/www.visit-ulcinj.com\/blog\/2008\/09\/24\/njohja-e-kosoves-nga-mali-i-zi\/"]}]},{"@type":"BreadcrumbList","@id":"https:\/\/www.visit-ulcinj.com\/blog\/2008\/09\/24\/njohja-e-kosoves-nga-mali-i-zi\/#breadcrumb","itemListElement":[{"@type":"ListItem","position":1,"name":"Njohja e Kosov\u00ebs nga Mali i Zi"}]},{"@type":"Person","@id":"https:\/\/www.visit-ulcinj.com\/blog\/#\/schema\/person\/dcab619c614d3038751c63bc2aadc06d","name":"ulqini","sameAs":["http:\/\/www.visit-ulcinj.com"],"url":"https:\/\/www.visit-ulcinj.com\/blog\/author\/admin\/"}]}},"jetpack_featured_media_url":"","jetpack_sharing_enabled":true,"jetpack_shortlink":"https:\/\/wp.me\/pe6lTn-Vq","_links":{"self":[{"href":"https:\/\/www.visit-ulcinj.com\/blog\/wp-json\/wp\/v2\/posts\/3560"}],"collection":[{"href":"https:\/\/www.visit-ulcinj.com\/blog\/wp-json\/wp\/v2\/posts"}],"about":[{"href":"https:\/\/www.visit-ulcinj.com\/blog\/wp-json\/wp\/v2\/types\/post"}],"author":[{"embeddable":true,"href":"https:\/\/www.visit-ulcinj.com\/blog\/wp-json\/wp\/v2\/users\/1"}],"replies":[{"embeddable":true,"href":"https:\/\/www.visit-ulcinj.com\/blog\/wp-json\/wp\/v2\/comments?post=3560"}],"version-history":[{"count":0,"href":"https:\/\/www.visit-ulcinj.com\/blog\/wp-json\/wp\/v2\/posts\/3560\/revisions"}],"wp:attachment":[{"href":"https:\/\/www.visit-ulcinj.com\/blog\/wp-json\/wp\/v2\/media?parent=3560"}],"wp:term":[{"taxonomy":"category","embeddable":true,"href":"https:\/\/www.visit-ulcinj.com\/blog\/wp-json\/wp\/v2\/categories?post=3560"},{"taxonomy":"post_tag","embeddable":true,"href":"https:\/\/www.visit-ulcinj.com\/blog\/wp-json\/wp\/v2\/tags?post=3560"}],"curies":[{"name":"wp","href":"https:\/\/api.w.org\/{rel}","templated":true}]}}