{"id":35619,"date":"2010-07-19T09:28:20","date_gmt":"2010-07-19T07:28:20","guid":{"rendered":"http:\/\/www.visit-ulcinj.com\/blog\/?p=35619"},"modified":"2010-07-19T09:36:18","modified_gmt":"2010-07-19T07:36:18","slug":"leter-e-derguar-kk-te-sdp-se","status":"publish","type":"post","link":"https:\/\/www.visit-ulcinj.com\/blog\/2010\/07\/19\/leter-e-derguar-kk-te-sdp-se\/","title":{"rendered":"Leter e derguar KK te SDP-se"},"content":{"rendered":"<p><a href=\"http:\/\/www.visit-ulcinj.com\/blog\/wp-content\/uploads\/2010\/07\/Cungu_Forca-ho?e-sa-SDP-om-da-preuzme-Ulcinj.jpg\"><img loading=\"lazy\" class=\"alignleft size-full wp-image-35608\" title=\"Cungu_Forca ho?e sa SDP-om da preuzme Ulcinj\" src=\"http:\/\/www.visit-ulcinj.com\/blog\/wp-content\/uploads\/2010\/07\/Cungu_Forca-ho?e-sa-SDP-om-da-preuzme-Ulcinj.jpg\" alt=\"Cungu_Forca ho?e sa SDP-om da preuzme Ulcinj\" width=\"330\" height=\"600\" \/><\/a><\/p>\n<p><strong>PARTIA SOCIAL DEMOKRATIKE &#8211; K\u00cbSHILLI KOMUNAL \u2013 ULQIN<\/strong><\/p>\n<p><strong>Ulqin, m\u00eb 16.07.2010<br \/>\nNr: 104 \/ 10<br \/>\n<\/strong><strong><br \/>\nL\u00ebnda: Urgjenc\u00eb p\u00ebr p\u00ebrgjigje n\u00eb ofert\u00eb p\u00ebr formimin e shumic\u00ebs parlamentare t\u00eb KK t\u00eb Ulqinit<br \/>\nAttn.: Kryetarit, z. Selim Resulbegoviq<br \/>\n<\/strong><strong><br \/>\nI nderuari z. Resulbegoviq,<\/strong><\/p>\n<p>Bazuar n\u00eb k\u00ebrkes\u00ebn tuaj, me dat\u00eb 26 maj t\u00eb k\u00ebtij viti Forca e Re Demokratike ju ka dor\u00ebzuar\u00a0 nj\u00eb marr\u00ebveshje t\u00eb n\u00ebnshkruar dhe t\u00eb protokuluar nga Forca dhe nga tre subjekte tjer\u00eb politik q\u00eb n\u00eb zgjedhjet lokale t\u00eb 23 majit kemi siguruar 15 mandate. Dy mandatet tuaja shtes\u00eb, si\u00e7 keni konstatuar, jan\u00eb\u00a0 t\u00eb mjaftuesh\u00ebm p\u00ebr nj\u00eb\u00a0 shumic\u00ebs t\u00eb re parlamentare.<\/p>\n<p><strong>Pas k\u00ebsaj\u00eb, me date 02.06.2010 ju kemi d\u00ebrguar edhe nj\u00eb\u00a0 Ofert\u00eb\u00a0 formale shtes\u00eb p\u00ebr koalicion, mir\u00ebpo ende nuk kemi\u00a0 marr\u00eb nj\u00eb p\u00ebrgjigje.<\/strong><\/p>\n<p>Gjat fushat\u00ebs\u00a0 zgjedhore t\u00eb gjith\u00eb p\u00ebrfaq\u00ebsuesit e partis\u00eb s\u00eb juaj jan\u00eb treguar kritik ndaj pushtetit aktual dhe premtimet q\u00eb i keni b\u00ebr\u00eb\u00a0 p\u00ebr nj\u00eb qeverisje ndryshe me duar t\u00eb pastra si dhe\u00a0 kritikat ndaj paaft\u00ebsis\u00eb s\u00eb kryetarit t\u00eb komun\u00ebs Hajdinaga, na kan\u00eb nxitur q\u00eb t\u00eb besojm\u00eb n\u00eb sinqeritetin dhe korrekt\u00ebsin\u00eb e juaj.<\/p>\n<p><strong>Prandaj interesi i juaj q\u00eb t\u00eb b\u00ebni koalicion me opozit\u00eb nuk na ka befasuar.<\/strong><\/p>\n<p>Duke patur parasysh faktin q\u00eb ne s\u00eb shpejti\u00a0 do t\u00eb mbajm\u00eb mbledhjen e K\u00ebshillit qendror t\u00eb Forc\u00ebs p\u00ebr t\u00eb diskutuar veprimtarit\u00eb e partis\u00eb son\u00eb p\u00ebr muajt n\u00eb vijim, dhe se me 23 korrik skadon afati ligjor p\u00ebr formimin e shumic\u00ebs parlamentare, k\u00ebrkojm\u00eb q\u00eb deri me 20 Korrik ,p\u00ebr shkak t\u00eb korrekt\u00ebsis\u00eb dhe profesionalizmit, t\u2019na d\u00ebrgoni p\u00ebrgjigje p\u00ebrfundimtare, t\u00eb shkruar, lidhur me ofert\u00ebn p\u00ebr koalicion.<\/p>\n<p>Me nderime,<br \/>\n<strong><br \/>\nForca e Re Demokratike \u2013 FORCA,<br \/>\nKryetari, Nazif Cungu<\/strong><\/p>\n","protected":false},"excerpt":{"rendered":"<p>PARTIA SOCIAL DEMOKRATIKE &#8211; K\u00cbSHILLI KOMUNAL \u2013 ULQIN Ulqin, m\u00eb 16.07.2010 Nr: 104 \/ 10 L\u00ebnda: Urgjenc\u00eb p\u00ebr p\u00ebrgjigje n\u00eb ofert\u00eb p\u00ebr formimin e shumic\u00ebs parlamentare t\u00eb KK t\u00eb Ulqinit Attn.: Kryetarit, z. Selim Resulbegoviq I nderuari z. Resulbegoviq, Bazuar n\u00eb k\u00ebrkes\u00ebn tuaj, me dat\u00eb 26 maj t\u00eb k\u00ebtij viti Forca e Re Demokratike ju [&hellip;]<\/p>\n","protected":false},"author":1,"featured_media":0,"comment_status":"open","ping_status":"closed","sticky":false,"template":"","format":"standard","meta":{"spay_email":"","jetpack_publicize_message":"","jetpack_is_tweetstorm":false,"jetpack_publicize_feature_enabled":true},"categories":[1],"tags":[874,503,118,14387,200,18],"jetpack_publicize_connections":[],"yoast_head":"<!-- This site is optimized with the Yoast SEO plugin v19.1 - https:\/\/yoast.com\/wordpress\/plugins\/seo\/ -->\n<title>Leter e derguar KK te SDP-se - Lajme nga Ulqini<\/title>\n<meta name=\"description\" content=\"PARTIA SOCIAL DEMOKRATIKE - K\u00cbSHILLI KOMUNAL \u2013 ULQIN Ulqin, m\u00eb 16.07.2010 Nr: 104 \/ 10 L\u00ebnda: Urgjenc\u00eb p\u00ebr p\u00ebrgjigje n\u00eb ofert\u00eb p\u00ebr formimin e shumic\u00ebs\" \/>\n<meta name=\"robots\" content=\"index, follow, max-snippet:-1, max-image-preview:large, max-video-preview:-1\" \/>\n<link rel=\"canonical\" href=\"https:\/\/www.visit-ulcinj.com\/blog\/2010\/07\/19\/leter-e-derguar-kk-te-sdp-se\/\" \/>\n<meta property=\"og:locale\" content=\"en_US\" \/>\n<meta property=\"og:type\" content=\"article\" \/>\n<meta property=\"og:title\" content=\"Leter e derguar KK te SDP-se - Lajme nga Ulqini\" \/>\n<meta property=\"og:description\" content=\"PARTIA SOCIAL DEMOKRATIKE - K\u00cbSHILLI KOMUNAL \u2013 ULQIN Ulqin, m\u00eb 16.07.2010 Nr: 104 \/ 10 L\u00ebnda: Urgjenc\u00eb p\u00ebr p\u00ebrgjigje n\u00eb ofert\u00eb p\u00ebr formimin e shumic\u00ebs\" \/>\n<meta property=\"og:url\" content=\"https:\/\/www.visit-ulcinj.com\/blog\/2010\/07\/19\/leter-e-derguar-kk-te-sdp-se\/\" \/>\n<meta property=\"og:site_name\" content=\"Lajme nga Ulqini\" \/>\n<meta property=\"article:published_time\" content=\"2010-07-19T07:28:20+00:00\" \/>\n<meta property=\"article:modified_time\" content=\"2010-07-19T07:36:18+00:00\" \/>\n<meta property=\"og:image\" content=\"http:\/\/www.visit-ulcinj.com\/blog\/wp-content\/uploads\/2010\/07\/Cungu_Forca-ho?e-sa-SDP-om-da-preuzme-Ulcinj.jpg\" \/>\n<meta name=\"twitter:label1\" content=\"Written by\" \/>\n\t<meta name=\"twitter:data1\" content=\"ulqini\" \/>\n\t<meta name=\"twitter:label2\" content=\"Est. reading time\" \/>\n\t<meta name=\"twitter:data2\" content=\"1 minute\" \/>\n<script type=\"application\/ld+json\" class=\"yoast-schema-graph\">{\"@context\":\"https:\/\/schema.org\",\"@graph\":[{\"@type\":\"WebSite\",\"@id\":\"https:\/\/www.visit-ulcinj.com\/blog\/#website\",\"url\":\"https:\/\/www.visit-ulcinj.com\/blog\/\",\"name\":\"Lajme nga Ulqini\",\"description\":\"Lajme,Vijesti,Ulqini,Ulqin,Crna Gora,Mali i Zi\",\"potentialAction\":[{\"@type\":\"SearchAction\",\"target\":{\"@type\":\"EntryPoint\",\"urlTemplate\":\"https:\/\/www.visit-ulcinj.com\/blog\/?s={search_term_string}\"},\"query-input\":\"required name=search_term_string\"}],\"inLanguage\":\"en-US\"},{\"@type\":\"ImageObject\",\"inLanguage\":\"en-US\",\"@id\":\"https:\/\/www.visit-ulcinj.com\/blog\/2010\/07\/19\/leter-e-derguar-kk-te-sdp-se\/#primaryimage\",\"url\":\"http:\/\/www.visit-ulcinj.com\/blog\/wp-content\/uploads\/2010\/07\/Cungu_Forca-ho?e-sa-SDP-om-da-preuzme-Ulcinj.jpg\",\"contentUrl\":\"http:\/\/www.visit-ulcinj.com\/blog\/wp-content\/uploads\/2010\/07\/Cungu_Forca-ho?e-sa-SDP-om-da-preuzme-Ulcinj.jpg\"},{\"@type\":\"WebPage\",\"@id\":\"https:\/\/www.visit-ulcinj.com\/blog\/2010\/07\/19\/leter-e-derguar-kk-te-sdp-se\/#webpage\",\"url\":\"https:\/\/www.visit-ulcinj.com\/blog\/2010\/07\/19\/leter-e-derguar-kk-te-sdp-se\/\",\"name\":\"Leter e derguar KK te SDP-se - Lajme nga Ulqini\",\"isPartOf\":{\"@id\":\"https:\/\/www.visit-ulcinj.com\/blog\/#website\"},\"primaryImageOfPage\":{\"@id\":\"https:\/\/www.visit-ulcinj.com\/blog\/2010\/07\/19\/leter-e-derguar-kk-te-sdp-se\/#primaryimage\"},\"datePublished\":\"2010-07-19T07:28:20+00:00\",\"dateModified\":\"2010-07-19T07:36:18+00:00\",\"author\":{\"@id\":\"https:\/\/www.visit-ulcinj.com\/blog\/#\/schema\/person\/dcab619c614d3038751c63bc2aadc06d\"},\"description\":\"PARTIA SOCIAL DEMOKRATIKE - K\u00cbSHILLI KOMUNAL \u2013 ULQIN Ulqin, m\u00eb 16.07.2010 Nr: 104 \/ 10 L\u00ebnda: Urgjenc\u00eb p\u00ebr p\u00ebrgjigje n\u00eb ofert\u00eb p\u00ebr formimin e shumic\u00ebs\",\"breadcrumb\":{\"@id\":\"https:\/\/www.visit-ulcinj.com\/blog\/2010\/07\/19\/leter-e-derguar-kk-te-sdp-se\/#breadcrumb\"},\"inLanguage\":\"en-US\",\"potentialAction\":[{\"@type\":\"ReadAction\",\"target\":[\"https:\/\/www.visit-ulcinj.com\/blog\/2010\/07\/19\/leter-e-derguar-kk-te-sdp-se\/\"]}]},{\"@type\":\"BreadcrumbList\",\"@id\":\"https:\/\/www.visit-ulcinj.com\/blog\/2010\/07\/19\/leter-e-derguar-kk-te-sdp-se\/#breadcrumb\",\"itemListElement\":[{\"@type\":\"ListItem\",\"position\":1,\"name\":\"Leter e derguar KK te SDP-se\"}]},{\"@type\":\"Person\",\"@id\":\"https:\/\/www.visit-ulcinj.com\/blog\/#\/schema\/person\/dcab619c614d3038751c63bc2aadc06d\",\"name\":\"ulqini\",\"sameAs\":[\"http:\/\/www.visit-ulcinj.com\"],\"url\":\"https:\/\/www.visit-ulcinj.com\/blog\/author\/admin\/\"}]}<\/script>\n<!-- \/ Yoast SEO plugin. -->","yoast_head_json":{"title":"Leter e derguar KK te SDP-se - Lajme nga Ulqini","description":"PARTIA SOCIAL DEMOKRATIKE - K\u00cbSHILLI KOMUNAL \u2013 ULQIN Ulqin, m\u00eb 16.07.2010 Nr: 104 \/ 10 L\u00ebnda: Urgjenc\u00eb p\u00ebr p\u00ebrgjigje n\u00eb ofert\u00eb p\u00ebr formimin e shumic\u00ebs","robots":{"index":"index","follow":"follow","max-snippet":"max-snippet:-1","max-image-preview":"max-image-preview:large","max-video-preview":"max-video-preview:-1"},"canonical":"https:\/\/www.visit-ulcinj.com\/blog\/2010\/07\/19\/leter-e-derguar-kk-te-sdp-se\/","og_locale":"en_US","og_type":"article","og_title":"Leter e derguar KK te SDP-se - Lajme nga Ulqini","og_description":"PARTIA SOCIAL DEMOKRATIKE - K\u00cbSHILLI KOMUNAL \u2013 ULQIN Ulqin, m\u00eb 16.07.2010 Nr: 104 \/ 10 L\u00ebnda: Urgjenc\u00eb p\u00ebr p\u00ebrgjigje n\u00eb ofert\u00eb p\u00ebr formimin e shumic\u00ebs","og_url":"https:\/\/www.visit-ulcinj.com\/blog\/2010\/07\/19\/leter-e-derguar-kk-te-sdp-se\/","og_site_name":"Lajme nga Ulqini","article_published_time":"2010-07-19T07:28:20+00:00","article_modified_time":"2010-07-19T07:36:18+00:00","og_image":[{"url":"http:\/\/www.visit-ulcinj.com\/blog\/wp-content\/uploads\/2010\/07\/Cungu_Forca-ho?e-sa-SDP-om-da-preuzme-Ulcinj.jpg"}],"twitter_misc":{"Written by":"ulqini","Est. reading time":"1 minute"},"schema":{"@context":"https:\/\/schema.org","@graph":[{"@type":"WebSite","@id":"https:\/\/www.visit-ulcinj.com\/blog\/#website","url":"https:\/\/www.visit-ulcinj.com\/blog\/","name":"Lajme nga Ulqini","description":"Lajme,Vijesti,Ulqini,Ulqin,Crna Gora,Mali i Zi","potentialAction":[{"@type":"SearchAction","target":{"@type":"EntryPoint","urlTemplate":"https:\/\/www.visit-ulcinj.com\/blog\/?s={search_term_string}"},"query-input":"required name=search_term_string"}],"inLanguage":"en-US"},{"@type":"ImageObject","inLanguage":"en-US","@id":"https:\/\/www.visit-ulcinj.com\/blog\/2010\/07\/19\/leter-e-derguar-kk-te-sdp-se\/#primaryimage","url":"http:\/\/www.visit-ulcinj.com\/blog\/wp-content\/uploads\/2010\/07\/Cungu_Forca-ho?e-sa-SDP-om-da-preuzme-Ulcinj.jpg","contentUrl":"http:\/\/www.visit-ulcinj.com\/blog\/wp-content\/uploads\/2010\/07\/Cungu_Forca-ho?e-sa-SDP-om-da-preuzme-Ulcinj.jpg"},{"@type":"WebPage","@id":"https:\/\/www.visit-ulcinj.com\/blog\/2010\/07\/19\/leter-e-derguar-kk-te-sdp-se\/#webpage","url":"https:\/\/www.visit-ulcinj.com\/blog\/2010\/07\/19\/leter-e-derguar-kk-te-sdp-se\/","name":"Leter e derguar KK te SDP-se - Lajme nga Ulqini","isPartOf":{"@id":"https:\/\/www.visit-ulcinj.com\/blog\/#website"},"primaryImageOfPage":{"@id":"https:\/\/www.visit-ulcinj.com\/blog\/2010\/07\/19\/leter-e-derguar-kk-te-sdp-se\/#primaryimage"},"datePublished":"2010-07-19T07:28:20+00:00","dateModified":"2010-07-19T07:36:18+00:00","author":{"@id":"https:\/\/www.visit-ulcinj.com\/blog\/#\/schema\/person\/dcab619c614d3038751c63bc2aadc06d"},"description":"PARTIA SOCIAL DEMOKRATIKE - K\u00cbSHILLI KOMUNAL \u2013 ULQIN Ulqin, m\u00eb 16.07.2010 Nr: 104 \/ 10 L\u00ebnda: Urgjenc\u00eb p\u00ebr p\u00ebrgjigje n\u00eb ofert\u00eb p\u00ebr formimin e shumic\u00ebs","breadcrumb":{"@id":"https:\/\/www.visit-ulcinj.com\/blog\/2010\/07\/19\/leter-e-derguar-kk-te-sdp-se\/#breadcrumb"},"inLanguage":"en-US","potentialAction":[{"@type":"ReadAction","target":["https:\/\/www.visit-ulcinj.com\/blog\/2010\/07\/19\/leter-e-derguar-kk-te-sdp-se\/"]}]},{"@type":"BreadcrumbList","@id":"https:\/\/www.visit-ulcinj.com\/blog\/2010\/07\/19\/leter-e-derguar-kk-te-sdp-se\/#breadcrumb","itemListElement":[{"@type":"ListItem","position":1,"name":"Leter e derguar KK te SDP-se"}]},{"@type":"Person","@id":"https:\/\/www.visit-ulcinj.com\/blog\/#\/schema\/person\/dcab619c614d3038751c63bc2aadc06d","name":"ulqini","sameAs":["http:\/\/www.visit-ulcinj.com"],"url":"https:\/\/www.visit-ulcinj.com\/blog\/author\/admin\/"}]}},"jetpack_featured_media_url":"","jetpack_sharing_enabled":true,"jetpack_shortlink":"https:\/\/wp.me\/pe6lTn-9gv","_links":{"self":[{"href":"https:\/\/www.visit-ulcinj.com\/blog\/wp-json\/wp\/v2\/posts\/35619"}],"collection":[{"href":"https:\/\/www.visit-ulcinj.com\/blog\/wp-json\/wp\/v2\/posts"}],"about":[{"href":"https:\/\/www.visit-ulcinj.com\/blog\/wp-json\/wp\/v2\/types\/post"}],"author":[{"embeddable":true,"href":"https:\/\/www.visit-ulcinj.com\/blog\/wp-json\/wp\/v2\/users\/1"}],"replies":[{"embeddable":true,"href":"https:\/\/www.visit-ulcinj.com\/blog\/wp-json\/wp\/v2\/comments?post=35619"}],"version-history":[{"count":0,"href":"https:\/\/www.visit-ulcinj.com\/blog\/wp-json\/wp\/v2\/posts\/35619\/revisions"}],"wp:attachment":[{"href":"https:\/\/www.visit-ulcinj.com\/blog\/wp-json\/wp\/v2\/media?parent=35619"}],"wp:term":[{"taxonomy":"category","embeddable":true,"href":"https:\/\/www.visit-ulcinj.com\/blog\/wp-json\/wp\/v2\/categories?post=35619"},{"taxonomy":"post_tag","embeddable":true,"href":"https:\/\/www.visit-ulcinj.com\/blog\/wp-json\/wp\/v2\/tags?post=35619"}],"curies":[{"name":"wp","href":"https:\/\/api.w.org\/{rel}","templated":true}]}}