{"id":3562,"date":"2008-09-24T13:17:25","date_gmt":"2008-09-24T18:17:25","guid":{"rendered":"http:\/\/www.visit-ulcinj.com\/blog\/?p=3562"},"modified":"2008-10-17T14:17:42","modified_gmt":"2008-10-17T19:17:42","slug":"vujanovic-zatvorio-njujorsku-berzu-gledaj-video-snimak","status":"publish","type":"post","link":"https:\/\/www.visit-ulcinj.com\/blog\/2008\/09\/24\/vujanovic-zatvorio-njujorsku-berzu-gledaj-video-snimak\/","title":{"rendered":"Vujanovi? zatvorio Njujor\u0161ku berzu gledaj video snimak"},"content":{"rendered":"<p><a href=\"http:\/\/www.visit-ulcinj.com\/blog\/wp-content\/uploads\/2008\/09\/president_of_montenegro_at_nyse_922-2.jpg\"><img loading=\"lazy\" class=\"alignleft size-medium wp-image-3563\" title=\"president_of_montenegro_at_nyse_922-2\" src=\"http:\/\/www.visit-ulcinj.com\/blog\/wp-content\/uploads\/2008\/09\/president_of_montenegro_at_nyse_922-2.jpg\" alt=\"\" width=\"386\" height=\"252\" \/><\/a>VA\u0160INGTON &#8211; Predsjednik Crne Gore Filip Vujanovi?, koji predvodi crnogorsku delegaciju na 63. zasjedanju Ujedinjenih nacija u Njujorku, je jedan od rijetkih zvani?nika iz cijelog svijeta kome je ju?e ukazana ?ast da uklju?i zvono koje simboli?no ozna?ava zatvaranje Njujor\u0161ke berze.<br \/>\nTokom vi\u0161e susreta crnogorskoj delegaciji saop\u0161tena je podr\u0161ka Crnoj Gori na putu evropskih integracija i ocjena da na tom putu Crna Gora dobro napreduje.<br \/>\nPredsjednik Vujanovi? se, izme?u ostalih, sreo i sa turskim predsjednikom Abdulahom Gulom a njihova zajedni?ka ocjena je da su odnosi dvije zemlje veoma dobri.<br \/>\n&#8211; Turska je jedna od prvih dr\u017eava koja je priznala Crnu Goru i mislim da postoji mogu?nost za ja?anje saradnje naro?ito u ekonomiji. Vjerujem da mnogi investitori \u017eele da ula\u017eu u Crnu Goru &#8211; kazao je turski predsjednik i naglasio da je to zbog toga \u0161to je Crna Gora veoma atraktivna zemlja.<br \/>\n&#8211; Hrvatska i Crna Gora imaju zajedni?ku evropsku budu?nost i sara?iva?e na putu evropskih i evroatlantskih integracija saglasili su se hrvatski premijer Ivo Sanader i predsjednik Vujanovi? i zaklju?ili da ?e se pitanja zaostala iz pro\u0161losti rje\u0161avati konsenzusom dvije dr\u017eave.<br \/>\n&#8211; Hrvatska i Crna Gora imaju zajedni?ku budu?nost u ujedinjenoj Evropi i u NATO-u, kazao je Sanader.<br \/>\n&#8211; Bez obzira na to \u0161to Hrvatska nije ?lanica za nas je veoma va\u017eno \u0161to razumije da je Crnoj Gori potrebna aplikacija u toku ove godine &#8211; kazao je Vujanovi? i naglasio da da je tome posve?ena ne samo crnogorska dr\u017eava ve? i dru\u0161tvo u cjelini.<br \/>\nVujanovi? je dodao da je i ?lanstvo u Akcionom planu za ?lanstvo u NATO jo\u0161 jedan cilj Crne Gore.<br \/>\n&#8211; Ono \u0161to je na\u0161a orijentacija to je NATO integracija, kazao je on.<br \/>\nMinistar inostranih poslova Crne Gore Milan Ro?en razgovarao je sa albanskim kolegom Ljujzimom Ba\u0161om, kao i sa predsjedavaju?im OEBS-a Ficem Aleksandrom Stubom, koji je ocijenio da Crna Gora dobro napreduje na putu evropskih integracija.<br \/>\n&#8211; Imao sam dobre razgovore sa crnogorskim ministrom inostranih poslova, zaklju?ili smo da Crna Gora ispunjavaju?i obaveze iz Sporazuma o stabilizaciji i pridru\u017eivanju dobro napreduje ka Evropskoj uniji, kazao je Stub.<br \/>\nPrema rije?ima Ro?ena predsjedavaju?i OEBS-a Aleksandar Stub je pozitivno okarakterisao napredak Crne Gore u evropske integracije i izrazio o?ekivanja da ?e Crna Gora napraviti dalji progres.<br \/>\nJu?e su u Ujedinjenim nacijama bile poja?ane mjere bezbijednosti, ali i interesovanje medija zbog dolaska ameri?kog predsjednika D\u017eord\u017ea Bu\u0161a, koji govori na glavnoj debati zasjedanja Generalne skup\u0161tine Ujedinjenih nacija, prenijela je televizija Crne Gore.<br \/>\n<strong>S.Raspopovi?<br \/>\nIzvor \/ Republika<\/strong><br \/>\n<a class=\"aligncenter\" href=\"http:\/\/\"><object classid=\"clsid:d27cdb6e-ae6d-11cf-96b8-444553540000\" width=\"450\" height=\"300\" codebase=\"http:\/\/download.macromedia.com\/pub\/shockwave\/cabs\/flash\/swflash.cab#version=6,0,40,0\"><param name=\"src\" value=\"http:\/\/www.nyse.com\/attachment\/Cbell_20080922.swf\" \/><\/object><\/a><\/p>\n<p style=\"text-align: center;\"><a href=\"http:\/\/www.visit-ulcinj.com\/?rub=taxicobi\"><br \/>\n<\/a><\/p>\n","protected":false},"excerpt":{"rendered":"<p>VA\u0160INGTON &#8211; Predsjednik Crne Gore Filip Vujanovi?, koji predvodi crnogorsku delegaciju na 63. zasjedanju Ujedinjenih nacija u Njujorku, je jedan od rijetkih zvani?nika iz cijelog svijeta kome je ju?e ukazana ?ast da uklju?i zvono koje simboli?no ozna?ava zatvaranje Njujor\u0161ke berze. Tokom vi\u0161e susreta crnogorskoj delegaciji saop\u0161tena je podr\u0161ka Crnoj Gori na putu evropskih integracija i [&hellip;]<\/p>\n","protected":false},"author":1,"featured_media":0,"comment_status":"open","ping_status":"closed","sticky":false,"template":"","format":"standard","meta":{"spay_email":"","jetpack_publicize_message":"","jetpack_is_tweetstorm":false,"jetpack_publicize_feature_enabled":true},"categories":[10,1],"tags":[20,1855],"jetpack_publicize_connections":[],"yoast_head":"<!-- This site is optimized with the Yoast SEO plugin v19.1 - https:\/\/yoast.com\/wordpress\/plugins\/seo\/ -->\n<title>Vujanovi? zatvorio Njujor\u0161ku berzu gledaj video snimak - Lajme nga Ulqini<\/title>\n<meta name=\"description\" content=\"VA\u0160INGTON - Predsjednik Crne Gore Filip Vujanovi?, koji predvodi crnogorsku delegaciju na 63. zasjedanju Ujedinjenih nacija u Njujorku, je jedan od\" \/>\n<meta name=\"robots\" content=\"index, follow, max-snippet:-1, max-image-preview:large, max-video-preview:-1\" \/>\n<link rel=\"canonical\" href=\"https:\/\/www.visit-ulcinj.com\/blog\/2008\/09\/24\/vujanovic-zatvorio-njujorsku-berzu-gledaj-video-snimak\/\" \/>\n<meta property=\"og:locale\" content=\"en_US\" \/>\n<meta property=\"og:type\" content=\"article\" \/>\n<meta property=\"og:title\" content=\"Vujanovi? zatvorio Njujor\u0161ku berzu gledaj video snimak - Lajme nga Ulqini\" \/>\n<meta property=\"og:description\" content=\"VA\u0160INGTON - Predsjednik Crne Gore Filip Vujanovi?, koji predvodi crnogorsku delegaciju na 63. zasjedanju Ujedinjenih nacija u Njujorku, je jedan od\" \/>\n<meta property=\"og:url\" content=\"https:\/\/www.visit-ulcinj.com\/blog\/2008\/09\/24\/vujanovic-zatvorio-njujorsku-berzu-gledaj-video-snimak\/\" \/>\n<meta property=\"og:site_name\" content=\"Lajme nga Ulqini\" \/>\n<meta property=\"article:published_time\" content=\"2008-09-24T18:17:25+00:00\" \/>\n<meta property=\"article:modified_time\" content=\"2008-10-17T19:17:42+00:00\" \/>\n<meta property=\"og:image\" content=\"http:\/\/www.visit-ulcinj.com\/blog\/wp-content\/uploads\/2008\/09\/president_of_montenegro_at_nyse_922-2.jpg\" \/>\n<meta name=\"twitter:label1\" content=\"Written by\" \/>\n\t<meta name=\"twitter:data1\" content=\"ulqini\" \/>\n\t<meta name=\"twitter:label2\" content=\"Est. reading time\" \/>\n\t<meta name=\"twitter:data2\" content=\"2 minutes\" \/>\n<script type=\"application\/ld+json\" class=\"yoast-schema-graph\">{\"@context\":\"https:\/\/schema.org\",\"@graph\":[{\"@type\":\"WebSite\",\"@id\":\"https:\/\/www.visit-ulcinj.com\/blog\/#website\",\"url\":\"https:\/\/www.visit-ulcinj.com\/blog\/\",\"name\":\"Lajme nga Ulqini\",\"description\":\"Lajme,Vijesti,Ulqini,Ulqin,Crna Gora,Mali i Zi\",\"potentialAction\":[{\"@type\":\"SearchAction\",\"target\":{\"@type\":\"EntryPoint\",\"urlTemplate\":\"https:\/\/www.visit-ulcinj.com\/blog\/?s={search_term_string}\"},\"query-input\":\"required name=search_term_string\"}],\"inLanguage\":\"en-US\"},{\"@type\":\"ImageObject\",\"inLanguage\":\"en-US\",\"@id\":\"https:\/\/www.visit-ulcinj.com\/blog\/2008\/09\/24\/vujanovic-zatvorio-njujorsku-berzu-gledaj-video-snimak\/#primaryimage\",\"url\":\"http:\/\/www.visit-ulcinj.com\/blog\/wp-content\/uploads\/2008\/09\/president_of_montenegro_at_nyse_922-2.jpg\",\"contentUrl\":\"http:\/\/www.visit-ulcinj.com\/blog\/wp-content\/uploads\/2008\/09\/president_of_montenegro_at_nyse_922-2.jpg\"},{\"@type\":\"WebPage\",\"@id\":\"https:\/\/www.visit-ulcinj.com\/blog\/2008\/09\/24\/vujanovic-zatvorio-njujorsku-berzu-gledaj-video-snimak\/#webpage\",\"url\":\"https:\/\/www.visit-ulcinj.com\/blog\/2008\/09\/24\/vujanovic-zatvorio-njujorsku-berzu-gledaj-video-snimak\/\",\"name\":\"Vujanovi? zatvorio Njujor\u0161ku berzu gledaj video snimak - Lajme nga Ulqini\",\"isPartOf\":{\"@id\":\"https:\/\/www.visit-ulcinj.com\/blog\/#website\"},\"primaryImageOfPage\":{\"@id\":\"https:\/\/www.visit-ulcinj.com\/blog\/2008\/09\/24\/vujanovic-zatvorio-njujorsku-berzu-gledaj-video-snimak\/#primaryimage\"},\"datePublished\":\"2008-09-24T18:17:25+00:00\",\"dateModified\":\"2008-10-17T19:17:42+00:00\",\"author\":{\"@id\":\"https:\/\/www.visit-ulcinj.com\/blog\/#\/schema\/person\/dcab619c614d3038751c63bc2aadc06d\"},\"description\":\"VA\u0160INGTON - Predsjednik Crne Gore Filip Vujanovi?, koji predvodi crnogorsku delegaciju na 63. zasjedanju Ujedinjenih nacija u Njujorku, je jedan od\",\"breadcrumb\":{\"@id\":\"https:\/\/www.visit-ulcinj.com\/blog\/2008\/09\/24\/vujanovic-zatvorio-njujorsku-berzu-gledaj-video-snimak\/#breadcrumb\"},\"inLanguage\":\"en-US\",\"potentialAction\":[{\"@type\":\"ReadAction\",\"target\":[\"https:\/\/www.visit-ulcinj.com\/blog\/2008\/09\/24\/vujanovic-zatvorio-njujorsku-berzu-gledaj-video-snimak\/\"]}]},{\"@type\":\"BreadcrumbList\",\"@id\":\"https:\/\/www.visit-ulcinj.com\/blog\/2008\/09\/24\/vujanovic-zatvorio-njujorsku-berzu-gledaj-video-snimak\/#breadcrumb\",\"itemListElement\":[{\"@type\":\"ListItem\",\"position\":1,\"name\":\"Vujanovi? zatvorio Njujor\u0161ku berzu gledaj video snimak\"}]},{\"@type\":\"Person\",\"@id\":\"https:\/\/www.visit-ulcinj.com\/blog\/#\/schema\/person\/dcab619c614d3038751c63bc2aadc06d\",\"name\":\"ulqini\",\"sameAs\":[\"http:\/\/www.visit-ulcinj.com\"],\"url\":\"https:\/\/www.visit-ulcinj.com\/blog\/author\/admin\/\"}]}<\/script>\n<!-- \/ Yoast SEO plugin. -->","yoast_head_json":{"title":"Vujanovi? zatvorio Njujor\u0161ku berzu gledaj video snimak - Lajme nga Ulqini","description":"VA\u0160INGTON - Predsjednik Crne Gore Filip Vujanovi?, koji predvodi crnogorsku delegaciju na 63. zasjedanju Ujedinjenih nacija u Njujorku, je jedan od","robots":{"index":"index","follow":"follow","max-snippet":"max-snippet:-1","max-image-preview":"max-image-preview:large","max-video-preview":"max-video-preview:-1"},"canonical":"https:\/\/www.visit-ulcinj.com\/blog\/2008\/09\/24\/vujanovic-zatvorio-njujorsku-berzu-gledaj-video-snimak\/","og_locale":"en_US","og_type":"article","og_title":"Vujanovi? zatvorio Njujor\u0161ku berzu gledaj video snimak - Lajme nga Ulqini","og_description":"VA\u0160INGTON - Predsjednik Crne Gore Filip Vujanovi?, koji predvodi crnogorsku delegaciju na 63. zasjedanju Ujedinjenih nacija u Njujorku, je jedan od","og_url":"https:\/\/www.visit-ulcinj.com\/blog\/2008\/09\/24\/vujanovic-zatvorio-njujorsku-berzu-gledaj-video-snimak\/","og_site_name":"Lajme nga Ulqini","article_published_time":"2008-09-24T18:17:25+00:00","article_modified_time":"2008-10-17T19:17:42+00:00","og_image":[{"url":"http:\/\/www.visit-ulcinj.com\/blog\/wp-content\/uploads\/2008\/09\/president_of_montenegro_at_nyse_922-2.jpg"}],"twitter_misc":{"Written by":"ulqini","Est. reading time":"2 minutes"},"schema":{"@context":"https:\/\/schema.org","@graph":[{"@type":"WebSite","@id":"https:\/\/www.visit-ulcinj.com\/blog\/#website","url":"https:\/\/www.visit-ulcinj.com\/blog\/","name":"Lajme nga Ulqini","description":"Lajme,Vijesti,Ulqini,Ulqin,Crna Gora,Mali i Zi","potentialAction":[{"@type":"SearchAction","target":{"@type":"EntryPoint","urlTemplate":"https:\/\/www.visit-ulcinj.com\/blog\/?s={search_term_string}"},"query-input":"required name=search_term_string"}],"inLanguage":"en-US"},{"@type":"ImageObject","inLanguage":"en-US","@id":"https:\/\/www.visit-ulcinj.com\/blog\/2008\/09\/24\/vujanovic-zatvorio-njujorsku-berzu-gledaj-video-snimak\/#primaryimage","url":"http:\/\/www.visit-ulcinj.com\/blog\/wp-content\/uploads\/2008\/09\/president_of_montenegro_at_nyse_922-2.jpg","contentUrl":"http:\/\/www.visit-ulcinj.com\/blog\/wp-content\/uploads\/2008\/09\/president_of_montenegro_at_nyse_922-2.jpg"},{"@type":"WebPage","@id":"https:\/\/www.visit-ulcinj.com\/blog\/2008\/09\/24\/vujanovic-zatvorio-njujorsku-berzu-gledaj-video-snimak\/#webpage","url":"https:\/\/www.visit-ulcinj.com\/blog\/2008\/09\/24\/vujanovic-zatvorio-njujorsku-berzu-gledaj-video-snimak\/","name":"Vujanovi? zatvorio Njujor\u0161ku berzu gledaj video snimak - Lajme nga Ulqini","isPartOf":{"@id":"https:\/\/www.visit-ulcinj.com\/blog\/#website"},"primaryImageOfPage":{"@id":"https:\/\/www.visit-ulcinj.com\/blog\/2008\/09\/24\/vujanovic-zatvorio-njujorsku-berzu-gledaj-video-snimak\/#primaryimage"},"datePublished":"2008-09-24T18:17:25+00:00","dateModified":"2008-10-17T19:17:42+00:00","author":{"@id":"https:\/\/www.visit-ulcinj.com\/blog\/#\/schema\/person\/dcab619c614d3038751c63bc2aadc06d"},"description":"VA\u0160INGTON - Predsjednik Crne Gore Filip Vujanovi?, koji predvodi crnogorsku delegaciju na 63. zasjedanju Ujedinjenih nacija u Njujorku, je jedan od","breadcrumb":{"@id":"https:\/\/www.visit-ulcinj.com\/blog\/2008\/09\/24\/vujanovic-zatvorio-njujorsku-berzu-gledaj-video-snimak\/#breadcrumb"},"inLanguage":"en-US","potentialAction":[{"@type":"ReadAction","target":["https:\/\/www.visit-ulcinj.com\/blog\/2008\/09\/24\/vujanovic-zatvorio-njujorsku-berzu-gledaj-video-snimak\/"]}]},{"@type":"BreadcrumbList","@id":"https:\/\/www.visit-ulcinj.com\/blog\/2008\/09\/24\/vujanovic-zatvorio-njujorsku-berzu-gledaj-video-snimak\/#breadcrumb","itemListElement":[{"@type":"ListItem","position":1,"name":"Vujanovi? zatvorio Njujor\u0161ku berzu gledaj video snimak"}]},{"@type":"Person","@id":"https:\/\/www.visit-ulcinj.com\/blog\/#\/schema\/person\/dcab619c614d3038751c63bc2aadc06d","name":"ulqini","sameAs":["http:\/\/www.visit-ulcinj.com"],"url":"https:\/\/www.visit-ulcinj.com\/blog\/author\/admin\/"}]}},"jetpack_featured_media_url":"","jetpack_sharing_enabled":true,"jetpack_shortlink":"https:\/\/wp.me\/pe6lTn-Vs","_links":{"self":[{"href":"https:\/\/www.visit-ulcinj.com\/blog\/wp-json\/wp\/v2\/posts\/3562"}],"collection":[{"href":"https:\/\/www.visit-ulcinj.com\/blog\/wp-json\/wp\/v2\/posts"}],"about":[{"href":"https:\/\/www.visit-ulcinj.com\/blog\/wp-json\/wp\/v2\/types\/post"}],"author":[{"embeddable":true,"href":"https:\/\/www.visit-ulcinj.com\/blog\/wp-json\/wp\/v2\/users\/1"}],"replies":[{"embeddable":true,"href":"https:\/\/www.visit-ulcinj.com\/blog\/wp-json\/wp\/v2\/comments?post=3562"}],"version-history":[{"count":0,"href":"https:\/\/www.visit-ulcinj.com\/blog\/wp-json\/wp\/v2\/posts\/3562\/revisions"}],"wp:attachment":[{"href":"https:\/\/www.visit-ulcinj.com\/blog\/wp-json\/wp\/v2\/media?parent=3562"}],"wp:term":[{"taxonomy":"category","embeddable":true,"href":"https:\/\/www.visit-ulcinj.com\/blog\/wp-json\/wp\/v2\/categories?post=3562"},{"taxonomy":"post_tag","embeddable":true,"href":"https:\/\/www.visit-ulcinj.com\/blog\/wp-json\/wp\/v2\/tags?post=3562"}],"curies":[{"name":"wp","href":"https:\/\/api.w.org\/{rel}","templated":true}]}}