{"id":35624,"date":"2010-07-19T14:05:26","date_gmt":"2010-07-19T12:05:26","guid":{"rendered":"http:\/\/www.visit-ulcinj.com\/blog\/?p=35624"},"modified":"2010-07-19T14:10:32","modified_gmt":"2010-07-19T12:10:32","slug":"aksidenti-tragjik-hajdinaga-telegram-ngushellimi-berishes","status":"publish","type":"post","link":"https:\/\/www.visit-ulcinj.com\/blog\/2010\/07\/19\/aksidenti-tragjik-hajdinaga-telegram-ngushellimi-berishes\/","title":{"rendered":"Aksidenti tragjik &#8211; Hajdinaga telegram ngush\u00ebllimi Berish\u00ebs"},"content":{"rendered":"<p><strong><a href=\"http:\/\/www.visit-ulcinj.com\/blog\/wp-content\/uploads\/2010\/07\/Aksidenti-tragjik-Hajdinaga-telegram-ngush\u00ebllimi-Berish\u00ebs.jpg\"><img loading=\"lazy\" class=\"alignleft size-full wp-image-35625\" title=\"Aksidenti tragjik Hajdinaga telegram ngush\u00ebllimi Berish\u00ebs\" src=\"http:\/\/www.visit-ulcinj.com\/blog\/wp-content\/uploads\/2010\/07\/Aksidenti-tragjik-Hajdinaga-telegram-ngush\u00ebllimi-Berish\u00ebs.jpg\" alt=\"Aksidenti tragjik Hajdinaga telegram ngush\u00ebllimi Berish\u00ebs\" width=\"490\" height=\"370\" \/><\/a>Telegram ngushellimi kryeministrit Berisha<\/strong><\/p>\n<p>Kreytari i Komun\u00ebs s\u00eb Ulqinit G\u00ebzim Hajdinaga i d\u00ebrgoi nj\u00eb telegram ngush\u00ebllimi kryeministrit t\u00eb Shqip\u00ebris\u00eb Sali Berish\u00ebs me rastin e aksidentit tragjik ku 14 qytetar\u00eb humb\u00ebn jet\u00ebn.<\/p>\n<p>N\u00eb telegram nd\u00ebr t\u00eb tjera thuhet: ky lajm \u00ebsht\u00eb p\u00ebrjetuar me pik\u00ebllim t\u00eb thell\u00eb n\u00eb Ulqin dhe tek t\u00eb gjith\u00eb shqiptar\u00ebt n\u00eb Mal t\u00eb Zi. N\u00eb k\u00ebto \u00e7aste t\u00eb v\u00ebshtira ju shprehim solidaritet dhe marrim pjes\u00eb n\u00eb dhimbjen e familjar\u00ebve p\u00ebr humbjen e m\u00eb t\u00eb dashur\u00ebve t\u00eb tyre.<\/p>\n<p><strong>Municipality of Ulcinj \/ Ulqin<br \/>\nArsllan Hajdinaga<br \/>\n<\/strong><\/p>\n<p><strong>VIDEO TOP CHANNEL<br \/>\n[flv width=&#8221;490&#8243; height=&#8221;390&#8243;]http:\/\/video1.top-channel.tv\/18754796\/flv\/kronika\/pukastpare.flv[\/flv]<\/strong><\/p>\n","protected":false},"excerpt":{"rendered":"<p>Telegram ngushellimi kryeministrit Berisha Kreytari i Komun\u00ebs s\u00eb Ulqinit G\u00ebzim Hajdinaga i d\u00ebrgoi nj\u00eb telegram ngush\u00ebllimi kryeministrit t\u00eb Shqip\u00ebris\u00eb Sali Berish\u00ebs me rastin e aksidentit tragjik ku 14 qytetar\u00eb humb\u00ebn jet\u00ebn. N\u00eb telegram nd\u00ebr t\u00eb tjera thuhet: ky lajm \u00ebsht\u00eb p\u00ebrjetuar me pik\u00ebllim t\u00eb thell\u00eb n\u00eb Ulqin dhe tek t\u00eb gjith\u00eb shqiptar\u00ebt n\u00eb Mal t\u00eb [&hellip;]<\/p>\n","protected":false},"author":1,"featured_media":0,"comment_status":"open","ping_status":"closed","sticky":false,"template":"","format":"standard","meta":{"spay_email":"","jetpack_publicize_message":"","jetpack_is_tweetstorm":false,"jetpack_publicize_feature_enabled":true},"categories":[1],"tags":[14927,222,14924,14925,14926,200,18],"jetpack_publicize_connections":[],"yoast_head":"<!-- This site is optimized with the Yoast SEO plugin v19.1 - https:\/\/yoast.com\/wordpress\/plugins\/seo\/ -->\n<title>Aksidenti tragjik - Hajdinaga telegram ngush\u00ebllimi Berish\u00ebs - Lajme nga Ulqini<\/title>\n<meta name=\"description\" content=\"Telegram ngushellimi kryeministrit Berisha Kreytari i Komun\u00ebs s\u00eb Ulqinit G\u00ebzim Hajdinaga i d\u00ebrgoi nj\u00eb telegram ngush\u00ebllimi kryeministrit t\u00eb Shqip\u00ebris\u00eb\" \/>\n<meta name=\"robots\" content=\"index, follow, max-snippet:-1, max-image-preview:large, max-video-preview:-1\" \/>\n<link rel=\"canonical\" href=\"https:\/\/www.visit-ulcinj.com\/blog\/2010\/07\/19\/aksidenti-tragjik-hajdinaga-telegram-ngushellimi-berishes\/\" \/>\n<meta property=\"og:locale\" content=\"en_US\" \/>\n<meta property=\"og:type\" content=\"article\" \/>\n<meta property=\"og:title\" content=\"Aksidenti tragjik - Hajdinaga telegram ngush\u00ebllimi Berish\u00ebs - Lajme nga Ulqini\" \/>\n<meta property=\"og:description\" content=\"Telegram ngushellimi kryeministrit Berisha Kreytari i Komun\u00ebs s\u00eb Ulqinit G\u00ebzim Hajdinaga i d\u00ebrgoi nj\u00eb telegram ngush\u00ebllimi kryeministrit t\u00eb Shqip\u00ebris\u00eb\" \/>\n<meta property=\"og:url\" content=\"https:\/\/www.visit-ulcinj.com\/blog\/2010\/07\/19\/aksidenti-tragjik-hajdinaga-telegram-ngushellimi-berishes\/\" \/>\n<meta property=\"og:site_name\" content=\"Lajme nga Ulqini\" \/>\n<meta property=\"article:published_time\" content=\"2010-07-19T12:05:26+00:00\" \/>\n<meta property=\"article:modified_time\" content=\"2010-07-19T12:10:32+00:00\" \/>\n<meta name=\"twitter:label1\" content=\"Written by\" \/>\n\t<meta name=\"twitter:data1\" content=\"ulqini\" \/>\n\t<meta name=\"twitter:label2\" content=\"Est. reading time\" \/>\n\t<meta name=\"twitter:data2\" content=\"1 minute\" \/>\n<script type=\"application\/ld+json\" class=\"yoast-schema-graph\">{\"@context\":\"https:\/\/schema.org\",\"@graph\":[{\"@type\":\"WebSite\",\"@id\":\"https:\/\/www.visit-ulcinj.com\/blog\/#website\",\"url\":\"https:\/\/www.visit-ulcinj.com\/blog\/\",\"name\":\"Lajme nga Ulqini\",\"description\":\"Lajme,Vijesti,Ulqini,Ulqin,Crna Gora,Mali i Zi\",\"potentialAction\":[{\"@type\":\"SearchAction\",\"target\":{\"@type\":\"EntryPoint\",\"urlTemplate\":\"https:\/\/www.visit-ulcinj.com\/blog\/?s={search_term_string}\"},\"query-input\":\"required name=search_term_string\"}],\"inLanguage\":\"en-US\"},{\"@type\":\"WebPage\",\"@id\":\"https:\/\/www.visit-ulcinj.com\/blog\/2010\/07\/19\/aksidenti-tragjik-hajdinaga-telegram-ngushellimi-berishes\/#webpage\",\"url\":\"https:\/\/www.visit-ulcinj.com\/blog\/2010\/07\/19\/aksidenti-tragjik-hajdinaga-telegram-ngushellimi-berishes\/\",\"name\":\"Aksidenti tragjik - Hajdinaga telegram ngush\u00ebllimi Berish\u00ebs - Lajme nga Ulqini\",\"isPartOf\":{\"@id\":\"https:\/\/www.visit-ulcinj.com\/blog\/#website\"},\"datePublished\":\"2010-07-19T12:05:26+00:00\",\"dateModified\":\"2010-07-19T12:10:32+00:00\",\"author\":{\"@id\":\"https:\/\/www.visit-ulcinj.com\/blog\/#\/schema\/person\/dcab619c614d3038751c63bc2aadc06d\"},\"description\":\"Telegram ngushellimi kryeministrit Berisha Kreytari i Komun\u00ebs s\u00eb Ulqinit G\u00ebzim Hajdinaga i d\u00ebrgoi nj\u00eb telegram ngush\u00ebllimi kryeministrit t\u00eb Shqip\u00ebris\u00eb\",\"breadcrumb\":{\"@id\":\"https:\/\/www.visit-ulcinj.com\/blog\/2010\/07\/19\/aksidenti-tragjik-hajdinaga-telegram-ngushellimi-berishes\/#breadcrumb\"},\"inLanguage\":\"en-US\",\"potentialAction\":[{\"@type\":\"ReadAction\",\"target\":[\"https:\/\/www.visit-ulcinj.com\/blog\/2010\/07\/19\/aksidenti-tragjik-hajdinaga-telegram-ngushellimi-berishes\/\"]}]},{\"@type\":\"BreadcrumbList\",\"@id\":\"https:\/\/www.visit-ulcinj.com\/blog\/2010\/07\/19\/aksidenti-tragjik-hajdinaga-telegram-ngushellimi-berishes\/#breadcrumb\",\"itemListElement\":[{\"@type\":\"ListItem\",\"position\":1,\"name\":\"Aksidenti tragjik &#8211; Hajdinaga telegram ngush\u00ebllimi Berish\u00ebs\"}]},{\"@type\":\"Person\",\"@id\":\"https:\/\/www.visit-ulcinj.com\/blog\/#\/schema\/person\/dcab619c614d3038751c63bc2aadc06d\",\"name\":\"ulqini\",\"sameAs\":[\"http:\/\/www.visit-ulcinj.com\"],\"url\":\"https:\/\/www.visit-ulcinj.com\/blog\/author\/admin\/\"}]}<\/script>\n<!-- \/ Yoast SEO plugin. -->","yoast_head_json":{"title":"Aksidenti tragjik - Hajdinaga telegram ngush\u00ebllimi Berish\u00ebs - Lajme nga Ulqini","description":"Telegram ngushellimi kryeministrit Berisha Kreytari i Komun\u00ebs s\u00eb Ulqinit G\u00ebzim Hajdinaga i d\u00ebrgoi nj\u00eb telegram ngush\u00ebllimi kryeministrit t\u00eb Shqip\u00ebris\u00eb","robots":{"index":"index","follow":"follow","max-snippet":"max-snippet:-1","max-image-preview":"max-image-preview:large","max-video-preview":"max-video-preview:-1"},"canonical":"https:\/\/www.visit-ulcinj.com\/blog\/2010\/07\/19\/aksidenti-tragjik-hajdinaga-telegram-ngushellimi-berishes\/","og_locale":"en_US","og_type":"article","og_title":"Aksidenti tragjik - Hajdinaga telegram ngush\u00ebllimi Berish\u00ebs - Lajme nga Ulqini","og_description":"Telegram ngushellimi kryeministrit Berisha Kreytari i Komun\u00ebs s\u00eb Ulqinit G\u00ebzim Hajdinaga i d\u00ebrgoi nj\u00eb telegram ngush\u00ebllimi kryeministrit t\u00eb Shqip\u00ebris\u00eb","og_url":"https:\/\/www.visit-ulcinj.com\/blog\/2010\/07\/19\/aksidenti-tragjik-hajdinaga-telegram-ngushellimi-berishes\/","og_site_name":"Lajme nga Ulqini","article_published_time":"2010-07-19T12:05:26+00:00","article_modified_time":"2010-07-19T12:10:32+00:00","twitter_misc":{"Written by":"ulqini","Est. reading time":"1 minute"},"schema":{"@context":"https:\/\/schema.org","@graph":[{"@type":"WebSite","@id":"https:\/\/www.visit-ulcinj.com\/blog\/#website","url":"https:\/\/www.visit-ulcinj.com\/blog\/","name":"Lajme nga Ulqini","description":"Lajme,Vijesti,Ulqini,Ulqin,Crna Gora,Mali i Zi","potentialAction":[{"@type":"SearchAction","target":{"@type":"EntryPoint","urlTemplate":"https:\/\/www.visit-ulcinj.com\/blog\/?s={search_term_string}"},"query-input":"required name=search_term_string"}],"inLanguage":"en-US"},{"@type":"WebPage","@id":"https:\/\/www.visit-ulcinj.com\/blog\/2010\/07\/19\/aksidenti-tragjik-hajdinaga-telegram-ngushellimi-berishes\/#webpage","url":"https:\/\/www.visit-ulcinj.com\/blog\/2010\/07\/19\/aksidenti-tragjik-hajdinaga-telegram-ngushellimi-berishes\/","name":"Aksidenti tragjik - Hajdinaga telegram ngush\u00ebllimi Berish\u00ebs - Lajme nga Ulqini","isPartOf":{"@id":"https:\/\/www.visit-ulcinj.com\/blog\/#website"},"datePublished":"2010-07-19T12:05:26+00:00","dateModified":"2010-07-19T12:10:32+00:00","author":{"@id":"https:\/\/www.visit-ulcinj.com\/blog\/#\/schema\/person\/dcab619c614d3038751c63bc2aadc06d"},"description":"Telegram ngushellimi kryeministrit Berisha Kreytari i Komun\u00ebs s\u00eb Ulqinit G\u00ebzim Hajdinaga i d\u00ebrgoi nj\u00eb telegram ngush\u00ebllimi kryeministrit t\u00eb Shqip\u00ebris\u00eb","breadcrumb":{"@id":"https:\/\/www.visit-ulcinj.com\/blog\/2010\/07\/19\/aksidenti-tragjik-hajdinaga-telegram-ngushellimi-berishes\/#breadcrumb"},"inLanguage":"en-US","potentialAction":[{"@type":"ReadAction","target":["https:\/\/www.visit-ulcinj.com\/blog\/2010\/07\/19\/aksidenti-tragjik-hajdinaga-telegram-ngushellimi-berishes\/"]}]},{"@type":"BreadcrumbList","@id":"https:\/\/www.visit-ulcinj.com\/blog\/2010\/07\/19\/aksidenti-tragjik-hajdinaga-telegram-ngushellimi-berishes\/#breadcrumb","itemListElement":[{"@type":"ListItem","position":1,"name":"Aksidenti tragjik &#8211; Hajdinaga telegram ngush\u00ebllimi Berish\u00ebs"}]},{"@type":"Person","@id":"https:\/\/www.visit-ulcinj.com\/blog\/#\/schema\/person\/dcab619c614d3038751c63bc2aadc06d","name":"ulqini","sameAs":["http:\/\/www.visit-ulcinj.com"],"url":"https:\/\/www.visit-ulcinj.com\/blog\/author\/admin\/"}]}},"jetpack_featured_media_url":"","jetpack_sharing_enabled":true,"jetpack_shortlink":"https:\/\/wp.me\/pe6lTn-9gA","_links":{"self":[{"href":"https:\/\/www.visit-ulcinj.com\/blog\/wp-json\/wp\/v2\/posts\/35624"}],"collection":[{"href":"https:\/\/www.visit-ulcinj.com\/blog\/wp-json\/wp\/v2\/posts"}],"about":[{"href":"https:\/\/www.visit-ulcinj.com\/blog\/wp-json\/wp\/v2\/types\/post"}],"author":[{"embeddable":true,"href":"https:\/\/www.visit-ulcinj.com\/blog\/wp-json\/wp\/v2\/users\/1"}],"replies":[{"embeddable":true,"href":"https:\/\/www.visit-ulcinj.com\/blog\/wp-json\/wp\/v2\/comments?post=35624"}],"version-history":[{"count":0,"href":"https:\/\/www.visit-ulcinj.com\/blog\/wp-json\/wp\/v2\/posts\/35624\/revisions"}],"wp:attachment":[{"href":"https:\/\/www.visit-ulcinj.com\/blog\/wp-json\/wp\/v2\/media?parent=35624"}],"wp:term":[{"taxonomy":"category","embeddable":true,"href":"https:\/\/www.visit-ulcinj.com\/blog\/wp-json\/wp\/v2\/categories?post=35624"},{"taxonomy":"post_tag","embeddable":true,"href":"https:\/\/www.visit-ulcinj.com\/blog\/wp-json\/wp\/v2\/tags?post=35624"}],"curies":[{"name":"wp","href":"https:\/\/api.w.org\/{rel}","templated":true}]}}