{"id":35629,"date":"2010-07-31T08:05:22","date_gmt":"2010-07-31T06:05:22","guid":{"rendered":"http:\/\/www.visit-ulcinj.com\/blog\/?p=35629"},"modified":"2010-07-31T08:31:56","modified_gmt":"2010-07-31T06:31:56","slug":"kumtes-e-knsh-per-mendimin-e-gjnd-per-kosoven","status":"publish","type":"post","link":"https:\/\/www.visit-ulcinj.com\/blog\/2010\/07\/31\/kumtes-e-knsh-per-mendimin-e-gjnd-per-kosoven\/","title":{"rendered":"Kumtes e KNSH p\u00ebr mendimin e GJND p\u00ebr Kosov\u00ebn"},"content":{"rendered":"<p><strong><img loading=\"lazy\" class=\"alignleft size-full wp-image-30494\" title=\"K\u00cbSHILLI NACIONAL I SHQIPTAR\u00cbVE N\u00cb MALIN E ZI\" src=\"http:\/\/www.visit-ulcinj.com\/blog\/wp-content\/uploads\/2010\/02\/K\u00c3\u2039SHILLI-NACIONAL-I-SHQIPTAR\u00c3\u2039VE-N\u00c3\u2039-MALIN-E-ZI.jpg\" alt=\"\" width=\"490\" height=\"351\" \/>K\u00cbSHILLI NACIONAL I SHQIPTAR\u00cbVE N\u00cb MALIN E ZI<\/strong><\/p>\n<p><strong>NACIONALNI SAVJET ALBANACA U CRNOJ GORI<\/strong><\/p>\n<p><strong>ALBANIAN\u00a0 NATIONAL COUNCIL IN MONTENEGRO<\/strong><\/p>\n<p><strong>Nr. 36 \/ 10<\/strong><\/p>\n<p><strong>Ulqin, m\u00eb\u00a0 26. 07. 2010<\/strong><\/p>\n<p>K<strong>UMTES\u00cb\u00a0 P\u00cbR\u00a0 OPINION<\/strong><\/p>\n<p>K\u00ebshilli Nacional i Shqiptar\u00ebve n\u00eb Malin e Zi, p\u00ebrsh\u00ebndet Mendimin e Gjykat\u00ebs Nd\u00ebrkomb\u00ebtare\u00a0 t\u00eb Drejt\u00ebsis\u00eb n\u00eb Hag\u00eb e cila u shpreh, pro Ligj\u00ebshm\u00ebris\u00eb s\u00eb Pamvarsis\u00eb s\u00eb Kosov\u00ebs.<\/p>\n<p>KNSH vler\u00ebson se mendimi i GjND-s\u00eb si Institucion ma i lart\u00eb i Drejt\u00ebsis\u00eb Nd\u00ebrkomb\u00ebtare, e vulosi p\u00ebrfundimisht, \u00a0luft\u00ebn e drejt\u00eb e t\u00eb mundimshme qindravje\u00e7are t\u00eb popullit t\u00eb Kosov\u00ebs dhe udh\u00ebheq\u00ebsve t\u00eb saj, p\u00ebr liri e pavar\u00ebsi, q\u00eb solli \u00a0formimin e Shtetit \u00a0t\u00eb Pavarur t\u00eb \u00a0Kosov\u00ebs,\u00a0 dhe hap\u00eb rrug\u00eb p\u00ebr njohje t\u00eb reja t\u00eb Kosov\u00ebs- shtet .<\/p>\n<p>Mendimi i GJND-s\u00eb, p\u00ebrve\u00e7 rikonfirmimit t\u00eb s\u00eb Drejt\u00ebs Nd\u00ebrkomb\u00ebtare t\u00eb shpalljes s\u00eb Pavar\u00ebsis\u00eb s\u00eb Kosov\u00ebs dhe integritetit teritorial t\u00eb saj, hap nj\u00eb perspektiv\u00eb t\u00eb re, p\u00ebr Kosov\u00ebn e rajonin, por edhe p\u00ebr t\u00eb gjith\u00eb shqiptar\u00ebt n\u00eb p\u00ebrgjith\u00ebsi.<\/p>\n<p>Me k\u00ebt\u00eb opinion t\u00eb Gjykat\u00ebs Nd\u00ebrkomb\u00ebtare , perspektiva Europiane dhe Euroatlantike e Kosov\u00ebs \u00ebsht\u00eb e padiskutueshme.<\/p>\n<p>Urojm\u00eb q\u00eb populli i Kosov\u00ebs dhe\u00a0 udh\u00ebheq\u00ebsia e\u00a0 saj, q\u00eb prej \u00a0sot, edhe m\u00eb me p\u00ebrkushtim t\u00eb punojn\u00eb p\u00ebr forcimin e Institucioneve t\u00eb shtetit, sepse vet\u00ebm \u00a0e till\u00eb , Kosova do t\u00eb jet\u00eb partner \u00a0me Shtetet demokratike t\u00eb bot\u00ebs, q\u00eb e p\u00ebrkrahin.<\/p>\n<p>Prandaj, ne shqiptar\u00ebt n\u00eb Malin e Zi ashtu sikur t\u00eb gjith\u00eb shqiptar\u00ebt kudo jan\u00eb, g\u00ebzohemi\u00a0 p\u00ebr Kosov\u00ebn, \u00a0dhe \u00a0me plot \u00a0t\u00eb drejt\u00eb presim \u00a0p\u00ebrkrahjen e saj, n\u00eb favor t\u00eb mbrojtjes , afirmimit dhe realizimit\u00a0 i t\u00eb drejtave tona \u00a0nacionale, \u00a0kulturore \u00a0dhe interesave t\u00eb tjera t\u00eb shqiptar\u00ebve si popull autokton n\u00eb trojet e veta etnike \u00a0n\u00eb Malin e Zi.<\/p>\n<p>Me k\u00ebt\u00eb rast KNSH, telegram urimi i ka d\u00ebrguar Presidentit t\u00eb Kosov\u00ebs, z.Fatmir Sejdiut; Kryeparlamentarit , z.Jakup Krasniqi dhe Kryeministrit ,z.Hashim Tha\u00e7i.<\/p>\n<p><strong>Kryetari,<\/strong><\/p>\n<p><strong>Tahir\u00a0 Tahiri<\/strong><\/p>\n","protected":false},"excerpt":{"rendered":"<p>K\u00cbSHILLI NACIONAL I SHQIPTAR\u00cbVE N\u00cb MALIN E ZI NACIONALNI SAVJET ALBANACA U CRNOJ GORI ALBANIAN\u00a0 NATIONAL COUNCIL IN MONTENEGRO Nr. 36 \/ 10 Ulqin, m\u00eb\u00a0 26. 07. 2010 KUMTES\u00cb\u00a0 P\u00cbR\u00a0 OPINION K\u00ebshilli Nacional i Shqiptar\u00ebve n\u00eb Malin e Zi, p\u00ebrsh\u00ebndet Mendimin e Gjykat\u00ebs Nd\u00ebrkomb\u00ebtare\u00a0 t\u00eb Drejt\u00ebsis\u00eb n\u00eb Hag\u00eb e cila u shpreh, pro Ligj\u00ebshm\u00ebris\u00eb s\u00eb [&hellip;]<\/p>\n","protected":false},"author":1,"featured_media":0,"comment_status":"open","ping_status":"closed","sticky":false,"template":"","format":"standard","meta":{"spay_email":"","jetpack_publicize_message":"","jetpack_is_tweetstorm":false,"jetpack_publicize_feature_enabled":true},"categories":[11],"tags":[5913,18],"jetpack_publicize_connections":[],"yoast_head":"<!-- This site is optimized with the Yoast SEO plugin v19.1 - https:\/\/yoast.com\/wordpress\/plugins\/seo\/ -->\n<title>Kumtes e KNSH p\u00ebr mendimin e GJND p\u00ebr Kosov\u00ebn - Lajme nga Ulqini<\/title>\n<meta name=\"description\" content=\"K\u00cbSHILLI NACIONAL I SHQIPTAR\u00cbVE N\u00cb MALIN E ZI NACIONALNI SAVJET ALBANACA U CRNOJ GORI ALBANIAN\u00a0 NATIONAL COUNCIL IN MONTENEGRO Nr. 36 \/ 10 Ulqin, m\u00eb\u00a0 26.\" \/>\n<meta name=\"robots\" content=\"index, follow, max-snippet:-1, max-image-preview:large, max-video-preview:-1\" \/>\n<link rel=\"canonical\" href=\"https:\/\/www.visit-ulcinj.com\/blog\/2010\/07\/31\/kumtes-e-knsh-per-mendimin-e-gjnd-per-kosoven\/\" \/>\n<meta property=\"og:locale\" content=\"en_US\" \/>\n<meta property=\"og:type\" content=\"article\" \/>\n<meta property=\"og:title\" content=\"Kumtes e KNSH p\u00ebr mendimin e GJND p\u00ebr Kosov\u00ebn - Lajme nga Ulqini\" \/>\n<meta property=\"og:description\" content=\"K\u00cbSHILLI NACIONAL I SHQIPTAR\u00cbVE N\u00cb MALIN E ZI NACIONALNI SAVJET ALBANACA U CRNOJ GORI ALBANIAN\u00a0 NATIONAL COUNCIL IN MONTENEGRO Nr. 36 \/ 10 Ulqin, m\u00eb\u00a0 26.\" \/>\n<meta property=\"og:url\" content=\"https:\/\/www.visit-ulcinj.com\/blog\/2010\/07\/31\/kumtes-e-knsh-per-mendimin-e-gjnd-per-kosoven\/\" \/>\n<meta property=\"og:site_name\" content=\"Lajme nga Ulqini\" \/>\n<meta property=\"article:published_time\" content=\"2010-07-31T06:05:22+00:00\" \/>\n<meta property=\"article:modified_time\" content=\"2010-07-31T06:31:56+00:00\" \/>\n<meta name=\"twitter:label1\" content=\"Written by\" \/>\n\t<meta name=\"twitter:data1\" content=\"ulqini\" \/>\n\t<meta name=\"twitter:label2\" content=\"Est. reading time\" \/>\n\t<meta name=\"twitter:data2\" content=\"2 minutes\" \/>\n<script type=\"application\/ld+json\" class=\"yoast-schema-graph\">{\"@context\":\"https:\/\/schema.org\",\"@graph\":[{\"@type\":\"WebSite\",\"@id\":\"https:\/\/www.visit-ulcinj.com\/blog\/#website\",\"url\":\"https:\/\/www.visit-ulcinj.com\/blog\/\",\"name\":\"Lajme nga Ulqini\",\"description\":\"Lajme,Vijesti,Ulqini,Ulqin,Crna Gora,Mali i Zi\",\"potentialAction\":[{\"@type\":\"SearchAction\",\"target\":{\"@type\":\"EntryPoint\",\"urlTemplate\":\"https:\/\/www.visit-ulcinj.com\/blog\/?s={search_term_string}\"},\"query-input\":\"required name=search_term_string\"}],\"inLanguage\":\"en-US\"},{\"@type\":\"WebPage\",\"@id\":\"https:\/\/www.visit-ulcinj.com\/blog\/2010\/07\/31\/kumtes-e-knsh-per-mendimin-e-gjnd-per-kosoven\/#webpage\",\"url\":\"https:\/\/www.visit-ulcinj.com\/blog\/2010\/07\/31\/kumtes-e-knsh-per-mendimin-e-gjnd-per-kosoven\/\",\"name\":\"Kumtes e KNSH p\u00ebr mendimin e GJND p\u00ebr Kosov\u00ebn - Lajme nga Ulqini\",\"isPartOf\":{\"@id\":\"https:\/\/www.visit-ulcinj.com\/blog\/#website\"},\"datePublished\":\"2010-07-31T06:05:22+00:00\",\"dateModified\":\"2010-07-31T06:31:56+00:00\",\"author\":{\"@id\":\"https:\/\/www.visit-ulcinj.com\/blog\/#\/schema\/person\/dcab619c614d3038751c63bc2aadc06d\"},\"description\":\"K\u00cbSHILLI NACIONAL I SHQIPTAR\u00cbVE N\u00cb MALIN E ZI NACIONALNI SAVJET ALBANACA U CRNOJ GORI ALBANIAN\u00a0 NATIONAL COUNCIL IN MONTENEGRO Nr. 36 \/ 10 Ulqin, m\u00eb\u00a0 26.\",\"breadcrumb\":{\"@id\":\"https:\/\/www.visit-ulcinj.com\/blog\/2010\/07\/31\/kumtes-e-knsh-per-mendimin-e-gjnd-per-kosoven\/#breadcrumb\"},\"inLanguage\":\"en-US\",\"potentialAction\":[{\"@type\":\"ReadAction\",\"target\":[\"https:\/\/www.visit-ulcinj.com\/blog\/2010\/07\/31\/kumtes-e-knsh-per-mendimin-e-gjnd-per-kosoven\/\"]}]},{\"@type\":\"BreadcrumbList\",\"@id\":\"https:\/\/www.visit-ulcinj.com\/blog\/2010\/07\/31\/kumtes-e-knsh-per-mendimin-e-gjnd-per-kosoven\/#breadcrumb\",\"itemListElement\":[{\"@type\":\"ListItem\",\"position\":1,\"name\":\"Kumtes e KNSH p\u00ebr mendimin e GJND p\u00ebr Kosov\u00ebn\"}]},{\"@type\":\"Person\",\"@id\":\"https:\/\/www.visit-ulcinj.com\/blog\/#\/schema\/person\/dcab619c614d3038751c63bc2aadc06d\",\"name\":\"ulqini\",\"sameAs\":[\"http:\/\/www.visit-ulcinj.com\"],\"url\":\"https:\/\/www.visit-ulcinj.com\/blog\/author\/admin\/\"}]}<\/script>\n<!-- \/ Yoast SEO plugin. -->","yoast_head_json":{"title":"Kumtes e KNSH p\u00ebr mendimin e GJND p\u00ebr Kosov\u00ebn - Lajme nga Ulqini","description":"K\u00cbSHILLI NACIONAL I SHQIPTAR\u00cbVE N\u00cb MALIN E ZI NACIONALNI SAVJET ALBANACA U CRNOJ GORI ALBANIAN\u00a0 NATIONAL COUNCIL IN MONTENEGRO Nr. 36 \/ 10 Ulqin, m\u00eb\u00a0 26.","robots":{"index":"index","follow":"follow","max-snippet":"max-snippet:-1","max-image-preview":"max-image-preview:large","max-video-preview":"max-video-preview:-1"},"canonical":"https:\/\/www.visit-ulcinj.com\/blog\/2010\/07\/31\/kumtes-e-knsh-per-mendimin-e-gjnd-per-kosoven\/","og_locale":"en_US","og_type":"article","og_title":"Kumtes e KNSH p\u00ebr mendimin e GJND p\u00ebr Kosov\u00ebn - Lajme nga Ulqini","og_description":"K\u00cbSHILLI NACIONAL I SHQIPTAR\u00cbVE N\u00cb MALIN E ZI NACIONALNI SAVJET ALBANACA U CRNOJ GORI ALBANIAN\u00a0 NATIONAL COUNCIL IN MONTENEGRO Nr. 36 \/ 10 Ulqin, m\u00eb\u00a0 26.","og_url":"https:\/\/www.visit-ulcinj.com\/blog\/2010\/07\/31\/kumtes-e-knsh-per-mendimin-e-gjnd-per-kosoven\/","og_site_name":"Lajme nga Ulqini","article_published_time":"2010-07-31T06:05:22+00:00","article_modified_time":"2010-07-31T06:31:56+00:00","twitter_misc":{"Written by":"ulqini","Est. reading time":"2 minutes"},"schema":{"@context":"https:\/\/schema.org","@graph":[{"@type":"WebSite","@id":"https:\/\/www.visit-ulcinj.com\/blog\/#website","url":"https:\/\/www.visit-ulcinj.com\/blog\/","name":"Lajme nga Ulqini","description":"Lajme,Vijesti,Ulqini,Ulqin,Crna Gora,Mali i Zi","potentialAction":[{"@type":"SearchAction","target":{"@type":"EntryPoint","urlTemplate":"https:\/\/www.visit-ulcinj.com\/blog\/?s={search_term_string}"},"query-input":"required name=search_term_string"}],"inLanguage":"en-US"},{"@type":"WebPage","@id":"https:\/\/www.visit-ulcinj.com\/blog\/2010\/07\/31\/kumtes-e-knsh-per-mendimin-e-gjnd-per-kosoven\/#webpage","url":"https:\/\/www.visit-ulcinj.com\/blog\/2010\/07\/31\/kumtes-e-knsh-per-mendimin-e-gjnd-per-kosoven\/","name":"Kumtes e KNSH p\u00ebr mendimin e GJND p\u00ebr Kosov\u00ebn - Lajme nga Ulqini","isPartOf":{"@id":"https:\/\/www.visit-ulcinj.com\/blog\/#website"},"datePublished":"2010-07-31T06:05:22+00:00","dateModified":"2010-07-31T06:31:56+00:00","author":{"@id":"https:\/\/www.visit-ulcinj.com\/blog\/#\/schema\/person\/dcab619c614d3038751c63bc2aadc06d"},"description":"K\u00cbSHILLI NACIONAL I SHQIPTAR\u00cbVE N\u00cb MALIN E ZI NACIONALNI SAVJET ALBANACA U CRNOJ GORI ALBANIAN\u00a0 NATIONAL COUNCIL IN MONTENEGRO Nr. 36 \/ 10 Ulqin, m\u00eb\u00a0 26.","breadcrumb":{"@id":"https:\/\/www.visit-ulcinj.com\/blog\/2010\/07\/31\/kumtes-e-knsh-per-mendimin-e-gjnd-per-kosoven\/#breadcrumb"},"inLanguage":"en-US","potentialAction":[{"@type":"ReadAction","target":["https:\/\/www.visit-ulcinj.com\/blog\/2010\/07\/31\/kumtes-e-knsh-per-mendimin-e-gjnd-per-kosoven\/"]}]},{"@type":"BreadcrumbList","@id":"https:\/\/www.visit-ulcinj.com\/blog\/2010\/07\/31\/kumtes-e-knsh-per-mendimin-e-gjnd-per-kosoven\/#breadcrumb","itemListElement":[{"@type":"ListItem","position":1,"name":"Kumtes e KNSH p\u00ebr mendimin e GJND p\u00ebr Kosov\u00ebn"}]},{"@type":"Person","@id":"https:\/\/www.visit-ulcinj.com\/blog\/#\/schema\/person\/dcab619c614d3038751c63bc2aadc06d","name":"ulqini","sameAs":["http:\/\/www.visit-ulcinj.com"],"url":"https:\/\/www.visit-ulcinj.com\/blog\/author\/admin\/"}]}},"jetpack_featured_media_url":"","jetpack_sharing_enabled":true,"jetpack_shortlink":"https:\/\/wp.me\/pe6lTn-9gF","_links":{"self":[{"href":"https:\/\/www.visit-ulcinj.com\/blog\/wp-json\/wp\/v2\/posts\/35629"}],"collection":[{"href":"https:\/\/www.visit-ulcinj.com\/blog\/wp-json\/wp\/v2\/posts"}],"about":[{"href":"https:\/\/www.visit-ulcinj.com\/blog\/wp-json\/wp\/v2\/types\/post"}],"author":[{"embeddable":true,"href":"https:\/\/www.visit-ulcinj.com\/blog\/wp-json\/wp\/v2\/users\/1"}],"replies":[{"embeddable":true,"href":"https:\/\/www.visit-ulcinj.com\/blog\/wp-json\/wp\/v2\/comments?post=35629"}],"version-history":[{"count":0,"href":"https:\/\/www.visit-ulcinj.com\/blog\/wp-json\/wp\/v2\/posts\/35629\/revisions"}],"wp:attachment":[{"href":"https:\/\/www.visit-ulcinj.com\/blog\/wp-json\/wp\/v2\/media?parent=35629"}],"wp:term":[{"taxonomy":"category","embeddable":true,"href":"https:\/\/www.visit-ulcinj.com\/blog\/wp-json\/wp\/v2\/categories?post=35629"},{"taxonomy":"post_tag","embeddable":true,"href":"https:\/\/www.visit-ulcinj.com\/blog\/wp-json\/wp\/v2\/tags?post=35629"}],"curies":[{"name":"wp","href":"https:\/\/api.w.org\/{rel}","templated":true}]}}