{"id":35636,"date":"2010-07-31T08:51:18","date_gmt":"2010-07-31T06:51:18","guid":{"rendered":"http:\/\/www.visit-ulcinj.com\/blog\/?p=35636"},"modified":"2010-08-15T21:17:32","modified_gmt":"2010-08-15T19:17:32","slug":"%e2%80%9ce-dua-qytetin-tim%e2%80%9d-per-mbrojtjen-e-ulqinit","status":"publish","type":"post","link":"https:\/\/www.visit-ulcinj.com\/blog\/2010\/07\/31\/%e2%80%9ce-dua-qytetin-tim%e2%80%9d-per-mbrojtjen-e-ulqinit\/","title":{"rendered":"\u201cE dua qytetin tim\u201d p\u00ebr mbrojtjen e Ulqinit &#8211; Video"},"content":{"rendered":"<p><strong><img loading=\"lazy\" class=\"alignleft size-full wp-image-35646\" title=\"E dua qytetin tim_ulqini\" src=\"http:\/\/www.visit-ulcinj.com\/blog\/wp-content\/uploads\/2010\/07\/E-dua-qytetin-tim_ulqini.jpg\" alt=\"\" width=\"490\" height=\"540\" \/>S<\/strong><strong>onte 31 korrik, n\u00eb Sht\u00ebpin\u00eb e Kultur\u00ebs n\u00eb Ulqin ato do t\u00eb prezantohen para  publikut vendas dhe pushuesve n\u00eb qytetin bregdetar.<\/strong><\/p>\n<p>\u201cE dua qytetin tim\u201d \u00ebsht\u00eb motoja e aktivitetit kulturo &#8211; ekologjik q\u00eb ka b\u00ebr\u00eb bashk\u00eb nj\u00eb grup aktivist\u00ebsh t\u00eb qytetit bregdetar t\u00eb Ulqinit. Nj\u00eb film i shkurt\u00ebr dokumentar i titulluar \u201cUlqini jemi ne\u201d, si dhe 46 fotografi, jan\u00eb rezultat i pun\u00ebs gati dyvje\u00e7are t\u00eb an\u00ebtar\u00ebve t\u00eb organizat\u00ebs \u201cGreen Step\u201d. Q\u00ebllimi i tyre \u00ebsht\u00eb q\u00eb krahas prezantimit t\u00eb bukurive t\u00eb k\u00ebtij qyteti, t\u00eb promovohet ruajtja e tyre. Bukurit\u00eb e detit Adriatik q\u00eb prekin qytetin e Ulqinit, Kalaja shekullore, shum\u00eb monumente t\u00eb tjera kulturore e deri tek fusha me ullinj, do t\u00eb pasqyrohen n\u00ebp\u00ebrmjet nj\u00eb vepre t\u00eb artit t\u00eb shtat\u00eb dhe imazheve fotografike. Mbr\u00ebmjen e s\u00eb shtun\u00ebs s\u00eb 31 korrikut, n\u00eb Sht\u00ebpin\u00eb e Kultur\u00ebs n\u00eb Ulqin ato do t\u00eb prezantohen para publikut vendas dhe pushuesve n\u00eb qytetin bregdetar.<br \/>\nGazmend \u00c7itaku, nj\u00ebri nga organizator\u00ebt e k\u00ebtij evenimenti, ka th\u00ebn\u00eb se me k\u00ebt\u00eb aktivitet po godasin dy her\u00eb.<br \/>\n\u201cN\u00eb nj\u00ebr\u00ebn an\u00eb kemi treguar t\u00eb mirat e vendit, e n\u00eb an\u00ebn tjet\u00ebr kemi synim t\u00eb p\u00ebrcjellim mesazh p\u00ebr ruajtjen e tyre\u201d, ka th\u00ebn\u00eb \u00c7itaku n\u00ebp\u00ebrmjet telefonit. Sipas tij, ana artistike e k\u00ebtij aktiviteti, dikujt mund t\u2019i p\u00eblqej\u00eb e dikujt jo, por p\u00ebr nj\u00eb gj\u00eb \u00ebsht\u00eb e sigurt.<br \/>\n\u201cMesazhi do t\u00eb jet\u00eb i fuqish\u00ebm p\u00ebr qytetar\u00ebt\u201d, ka th\u00ebn\u00eb ai.<br \/>\nFilmi i shkurt\u00ebr dokumentar, \u201cUlqini jemi ne\u201d, i shtrir\u00eb n\u00eb 17 minuta, sipas \u00c7itakut, nuk ka synim t\u00eb fitoj\u00eb ndonj\u00eb \u00e7mim p\u00ebr vlera artistike.<br \/>\n\u201cPor me k\u00ebt\u00eb film mundohemi t\u00eb kthejm\u00eb v\u00ebmendjen n\u00eb vlerat t\u00eb cilat i kemi dhe t\u00eb cilat p\u00ebr \u00e7do dit\u00eb po i humbasim\u201d, ka th\u00ebn\u00eb \u00c7itaku.<br \/>\nArijana Kurmemi, Xhelal Hoxha, Zharko Miroviq, Driton Malohoxhiq, Azra Kurmemi \u2013 Vukoviq, Zenepa Likoviq, Toni Lulgjuraj dhe Gazmend \u00c7itaku jan\u00eb okteti q\u00eb p\u00ebr dy vjet ia kishte v\u00ebn\u00eb vetes k\u00ebt\u00eb mision.<br \/>\nDuke b\u00ebr\u00eb p\u00ebr her\u00eb t\u00eb par\u00eb nj\u00eb gj\u00eb t\u00eb till\u00eb, ata nj\u00eb koh\u00eb t\u00eb gjat\u00eb jan\u00eb angazhuar p\u00ebr identifikimin e vlerave t\u00eb k\u00ebtij vendi.<br \/>\nTre t\u00eb fundit jan\u00eb ata q\u00eb me fotoaparatet e tyre kan\u00eb fokusuar gjith\u00e7ka q\u00eb u ka asociuar n\u00eb prezantimin dhe nevoj\u00ebn p\u00ebr ruajtjen e bukurive t\u00eb Ulqinit. Ekspozita fotografike me k\u00ebto imazhe do t\u00eb hapet krahas shfaqjes premier\u00eb t\u00eb \u201cUlqini jemi ne\u201d.<br \/>\n\u201cEdhe me k\u00ebt\u00eb kemi dashur t\u00eb t\u00ebrheqim v\u00ebmendjen p\u00ebr problemet tona ekologjike\u201d, ka th\u00ebn\u00eb \u00c7itaku.<br \/>\nGjat\u00eb k\u00ebsaj kohe, sipas tij, grupi ka punuar edhe p\u00ebr hartimin e nj\u00eb plani strategjik, i cili ka t\u00eb b\u00ebj\u00eb me vlerat ekologjike, kulturore dhe historike t\u00eb Ulqinit, e i cili do t\u2019i prezantohet Kuvendit Komunal.<\/p>\n<p><strong>KOHA NET<\/strong><\/p>\n<h2><a href=\"http:\/\/www.facebook.com\/album.php?aid=59717&amp;id=1627173018\">E  dua qytetin tim<\/a> &#8211; <a href=\"http:\/\/www.facebook.com\/profile.php?id=1627173018\">Gazmend  \u00c7itaku\u00a0 Facebook<br \/>\n<\/a><\/h2>\n<p><strong>\n\t\t<style type=\"text\/css\">\n\t\t\t#gallery-1 {\n\t\t\t\tmargin: auto;\n\t\t\t}\n\t\t\t#gallery-1 .gallery-item {\n\t\t\t\tfloat: left;\n\t\t\t\tmargin-top: 10px;\n\t\t\t\ttext-align: center;\n\t\t\t\twidth: 33%;\n\t\t\t}\n\t\t\t#gallery-1 img {\n\t\t\t\tborder: 2px solid #cfcfcf;\n\t\t\t}\n\t\t\t#gallery-1 .gallery-caption {\n\t\t\t\tmargin-left: 0;\n\t\t\t}\n\t\t\t\/* see gallery_shortcode() in wp-includes\/media.php *\/\n\t\t<\/style>\n\t\t<div id='gallery-1' class='gallery galleryid-35636 gallery-columns-3 gallery-size-thumbnail'><dl class='gallery-item'>\n\t\t\t<dt class='gallery-icon landscape'>\n\t\t\t\t<a href='https:\/\/www.visit-ulcinj.com\/blog\/wp-content\/uploads\/2010\/07\/E-dua-qytetin-tim_ulqini.jpg'><img width=\"150\" height=\"150\" src=\"https:\/\/www.visit-ulcinj.com\/blog\/wp-content\/uploads\/2010\/07\/E-dua-qytetin-tim_ulqini-150x150.jpg\" class=\"attachment-thumbnail size-thumbnail\" alt=\"\" loading=\"lazy\" \/><\/a>\n\t\t\t<\/dt><\/dl><dl class='gallery-item'>\n\t\t\t<dt class='gallery-icon landscape'>\n\t\t\t\t<a href='https:\/\/www.visit-ulcinj.com\/blog\/wp-content\/uploads\/2010\/07\/E-dua-qytetin-tim_Gazmend-Citaku-.1.jpg'><img width=\"150\" height=\"150\" src=\"https:\/\/www.visit-ulcinj.com\/blog\/wp-content\/uploads\/2010\/07\/E-dua-qytetin-tim_Gazmend-Citaku-.1-150x150.jpg\" class=\"attachment-thumbnail size-thumbnail\" alt=\"\" loading=\"lazy\" \/><\/a>\n\t\t\t<\/dt><\/dl><dl class='gallery-item'>\n\t\t\t<dt class='gallery-icon landscape'>\n\t\t\t\t<a href='https:\/\/www.visit-ulcinj.com\/blog\/wp-content\/uploads\/2010\/07\/E-dua-qytetin-tim_Gazmend-Citaku-.2.jpg'><img width=\"150\" height=\"150\" src=\"https:\/\/www.visit-ulcinj.com\/blog\/wp-content\/uploads\/2010\/07\/E-dua-qytetin-tim_Gazmend-Citaku-.2-150x150.jpg\" class=\"attachment-thumbnail size-thumbnail\" alt=\"\" loading=\"lazy\" \/><\/a>\n\t\t\t<\/dt><\/dl><br style=\"clear: both\" \/><dl class='gallery-item'>\n\t\t\t<dt class='gallery-icon landscape'>\n\t\t\t\t<a href='https:\/\/www.visit-ulcinj.com\/blog\/wp-content\/uploads\/2010\/07\/E-dua-qytetin-tim_Gazmend-Citaku-.3.jpg'><img width=\"150\" height=\"150\" src=\"https:\/\/www.visit-ulcinj.com\/blog\/wp-content\/uploads\/2010\/07\/E-dua-qytetin-tim_Gazmend-Citaku-.3-150x150.jpg\" class=\"attachment-thumbnail size-thumbnail\" alt=\"\" loading=\"lazy\" \/><\/a>\n\t\t\t<\/dt><\/dl><dl class='gallery-item'>\n\t\t\t<dt class='gallery-icon landscape'>\n\t\t\t\t<a href='https:\/\/www.visit-ulcinj.com\/blog\/wp-content\/uploads\/2010\/07\/E-dua-qytetin-tim_Gazmend-Citaku-.4.jpg'><img width=\"150\" height=\"150\" src=\"https:\/\/www.visit-ulcinj.com\/blog\/wp-content\/uploads\/2010\/07\/E-dua-qytetin-tim_Gazmend-Citaku-.4-150x150.jpg\" class=\"attachment-thumbnail size-thumbnail\" alt=\"\" loading=\"lazy\" \/><\/a>\n\t\t\t<\/dt><\/dl><dl class='gallery-item'>\n\t\t\t<dt class='gallery-icon landscape'>\n\t\t\t\t<a href='https:\/\/www.visit-ulcinj.com\/blog\/wp-content\/uploads\/2010\/07\/E-dua-qytetin-tim_Gazmend-Citaku-.5.jpg'><img width=\"150\" height=\"150\" src=\"https:\/\/www.visit-ulcinj.com\/blog\/wp-content\/uploads\/2010\/07\/E-dua-qytetin-tim_Gazmend-Citaku-.5-150x150.jpg\" class=\"attachment-thumbnail size-thumbnail\" alt=\"\" loading=\"lazy\" \/><\/a>\n\t\t\t<\/dt><\/dl><br style=\"clear: both\" \/><dl class='gallery-item'>\n\t\t\t<dt class='gallery-icon landscape'>\n\t\t\t\t<a href='https:\/\/www.visit-ulcinj.com\/blog\/wp-content\/uploads\/2010\/07\/E-dua-qytetin-tim_Gazmend-Citaku-.6.jpg'><img width=\"150\" height=\"150\" src=\"https:\/\/www.visit-ulcinj.com\/blog\/wp-content\/uploads\/2010\/07\/E-dua-qytetin-tim_Gazmend-Citaku-.6-150x150.jpg\" class=\"attachment-thumbnail size-thumbnail\" alt=\"\" loading=\"lazy\" \/><\/a>\n\t\t\t<\/dt><\/dl><dl class='gallery-item'>\n\t\t\t<dt class='gallery-icon landscape'>\n\t\t\t\t<a href='https:\/\/www.visit-ulcinj.com\/blog\/wp-content\/uploads\/2010\/07\/E-dua-qytetin-tim_Gazmend-Citaku-.7.jpg'><img width=\"150\" height=\"150\" src=\"https:\/\/www.visit-ulcinj.com\/blog\/wp-content\/uploads\/2010\/07\/E-dua-qytetin-tim_Gazmend-Citaku-.7-150x150.jpg\" class=\"attachment-thumbnail size-thumbnail\" alt=\"\" loading=\"lazy\" \/><\/a>\n\t\t\t<\/dt><\/dl><dl class='gallery-item'>\n\t\t\t<dt class='gallery-icon landscape'>\n\t\t\t\t<a href='https:\/\/www.visit-ulcinj.com\/blog\/wp-content\/uploads\/2010\/07\/E-dua-qytetin-tim_Gazmend-Citaku-.8.jpg'><img width=\"150\" height=\"150\" src=\"https:\/\/www.visit-ulcinj.com\/blog\/wp-content\/uploads\/2010\/07\/E-dua-qytetin-tim_Gazmend-Citaku-.8-150x150.jpg\" class=\"attachment-thumbnail size-thumbnail\" alt=\"\" loading=\"lazy\" \/><\/a>\n\t\t\t<\/dt><\/dl><br style=\"clear: both\" \/><dl class='gallery-item'>\n\t\t\t<dt class='gallery-icon landscape'>\n\t\t\t\t<a href='https:\/\/www.visit-ulcinj.com\/blog\/wp-content\/uploads\/2010\/07\/E-dua-qytetin-tim_Gazmend-Citaku-.9.jpg'><img width=\"150\" height=\"150\" src=\"https:\/\/www.visit-ulcinj.com\/blog\/wp-content\/uploads\/2010\/07\/E-dua-qytetin-tim_Gazmend-Citaku-.9-150x150.jpg\" class=\"attachment-thumbnail size-thumbnail\" alt=\"\" loading=\"lazy\" \/><\/a>\n\t\t\t<\/dt><\/dl><dl class='gallery-item'>\n\t\t\t<dt class='gallery-icon landscape'>\n\t\t\t\t<a href='https:\/\/www.visit-ulcinj.com\/blog\/wp-content\/uploads\/2010\/07\/E-dua-qytetin-tim_Gazmend-Citaku-.10.jpg'><img width=\"150\" height=\"150\" src=\"https:\/\/www.visit-ulcinj.com\/blog\/wp-content\/uploads\/2010\/07\/E-dua-qytetin-tim_Gazmend-Citaku-.10-150x150.jpg\" class=\"attachment-thumbnail size-thumbnail\" alt=\"\" loading=\"lazy\" \/><\/a>\n\t\t\t<\/dt><\/dl><dl class='gallery-item'>\n\t\t\t<dt class='gallery-icon landscape'>\n\t\t\t\t<a href='https:\/\/www.visit-ulcinj.com\/blog\/wp-content\/uploads\/2010\/07\/E-dua-qytetin-tim_Gazmend-Citaku-.11.jpg'><img width=\"150\" height=\"150\" src=\"https:\/\/www.visit-ulcinj.com\/blog\/wp-content\/uploads\/2010\/07\/E-dua-qytetin-tim_Gazmend-Citaku-.11-150x150.jpg\" class=\"attachment-thumbnail size-thumbnail\" alt=\"\" loading=\"lazy\" \/><\/a>\n\t\t\t<\/dt><\/dl><br style=\"clear: both\" \/>\n\t\t<\/div>\n<\/p>\n<h2><a href=\"http:\/\/www.facebook.com\/album.php?aid=59717&amp;id=1627173018\"><br \/>\n<\/a><a href=\"http:\/\/www.facebook.com\/profile.php?id=1627173018\"><\/a><\/h2>\n<p><object width=\"490\" height=\"384\"><param name=\"movie\" value=\"http:\/\/www.dailymotion.com\/swf\/video\/xegdom?background=%23171D1B&#038;foreground=%23F7FFFD&#038;highlight=%23FFC300&#038;autoPlay=1&#038;hideInfos=1&#038;width=480&#038;additionalInfos=0\"><\/param><param name=\"allowFullScreen\" value=\"true\"><\/param><param name=\"allowScriptAccess\" value=\"always\"><\/param><\/object><\/p>\n","protected":false},"excerpt":{"rendered":"<p>Sonte 31 korrik, n\u00eb Sht\u00ebpin\u00eb e Kultur\u00ebs n\u00eb Ulqin ato do t\u00eb prezantohen para publikut vendas dhe pushuesve n\u00eb qytetin bregdetar. \u201cE dua qytetin tim\u201d \u00ebsht\u00eb motoja e aktivitetit kulturo &#8211; ekologjik q\u00eb ka b\u00ebr\u00eb bashk\u00eb nj\u00eb grup aktivist\u00ebsh t\u00eb qytetit bregdetar t\u00eb Ulqinit. Nj\u00eb film i shkurt\u00ebr dokumentar i titulluar \u201cUlqini jemi ne\u201d, si [&hellip;]<\/p>\n","protected":false},"author":1,"featured_media":0,"comment_status":"open","ping_status":"closed","sticky":false,"template":"","format":"standard","meta":{"spay_email":"","jetpack_publicize_message":"","jetpack_is_tweetstorm":false,"jetpack_publicize_feature_enabled":true},"categories":[1,13],"tags":[14932,2735,14928,18],"jetpack_publicize_connections":[],"yoast_head":"<!-- This site is optimized with the Yoast SEO plugin v19.1 - https:\/\/yoast.com\/wordpress\/plugins\/seo\/ -->\n<title>\u201cE dua qytetin tim\u201d p\u00ebr mbrojtjen e Ulqinit - Video - Lajme nga Ulqini<\/title>\n<meta name=\"description\" content=\"Sonte 31 korrik, n\u00eb Sht\u00ebpin\u00eb e Kultur\u00ebs n\u00eb Ulqin ato do t\u00eb prezantohen para publikut vendas dhe pushuesve n\u00eb qytetin bregdetar. \u201cE dua qytetin tim\u201d \u00ebsht\u00eb\" \/>\n<meta name=\"robots\" content=\"index, follow, max-snippet:-1, max-image-preview:large, max-video-preview:-1\" \/>\n<link rel=\"canonical\" href=\"https:\/\/www.visit-ulcinj.com\/blog\/2010\/07\/31\/\u201ce-dua-qytetin-tim\u201d-per-mbrojtjen-e-ulqinit\/\" \/>\n<meta property=\"og:locale\" content=\"en_US\" \/>\n<meta property=\"og:type\" content=\"article\" \/>\n<meta property=\"og:title\" content=\"\u201cE dua qytetin tim\u201d p\u00ebr mbrojtjen e Ulqinit - Video - Lajme nga Ulqini\" \/>\n<meta property=\"og:description\" content=\"Sonte 31 korrik, n\u00eb Sht\u00ebpin\u00eb e Kultur\u00ebs n\u00eb Ulqin ato do t\u00eb prezantohen para publikut vendas dhe pushuesve n\u00eb qytetin bregdetar. \u201cE dua qytetin tim\u201d \u00ebsht\u00eb\" \/>\n<meta property=\"og:url\" content=\"https:\/\/www.visit-ulcinj.com\/blog\/2010\/07\/31\/\u201ce-dua-qytetin-tim\u201d-per-mbrojtjen-e-ulqinit\/\" \/>\n<meta property=\"og:site_name\" content=\"Lajme nga Ulqini\" \/>\n<meta property=\"article:published_time\" content=\"2010-07-31T06:51:18+00:00\" \/>\n<meta property=\"article:modified_time\" content=\"2010-08-15T19:17:32+00:00\" \/>\n<meta property=\"og:image\" content=\"https:\/\/www.visit-ulcinj.com\/blog\/wp-content\/uploads\/2010\/07\/E-dua-qytetin-tim_ulqini-150x150.jpg\" \/>\n<meta name=\"twitter:label1\" content=\"Written by\" \/>\n\t<meta name=\"twitter:data1\" content=\"ulqini\" \/>\n\t<meta name=\"twitter:label2\" content=\"Est. reading time\" \/>\n\t<meta name=\"twitter:data2\" content=\"2 minutes\" \/>\n<script type=\"application\/ld+json\" class=\"yoast-schema-graph\">{\"@context\":\"https:\/\/schema.org\",\"@graph\":[{\"@type\":\"WebSite\",\"@id\":\"https:\/\/www.visit-ulcinj.com\/blog\/#website\",\"url\":\"https:\/\/www.visit-ulcinj.com\/blog\/\",\"name\":\"Lajme nga Ulqini\",\"description\":\"Lajme,Vijesti,Ulqini,Ulqin,Crna Gora,Mali i Zi\",\"potentialAction\":[{\"@type\":\"SearchAction\",\"target\":{\"@type\":\"EntryPoint\",\"urlTemplate\":\"https:\/\/www.visit-ulcinj.com\/blog\/?s={search_term_string}\"},\"query-input\":\"required name=search_term_string\"}],\"inLanguage\":\"en-US\"},{\"@type\":\"ImageObject\",\"inLanguage\":\"en-US\",\"@id\":\"https:\/\/www.visit-ulcinj.com\/blog\/2010\/07\/31\/%e2%80%9ce-dua-qytetin-tim%e2%80%9d-per-mbrojtjen-e-ulqinit\/#primaryimage\",\"url\":\"https:\/\/www.visit-ulcinj.com\/blog\/wp-content\/uploads\/2010\/07\/E-dua-qytetin-tim_ulqini.jpg\",\"contentUrl\":\"https:\/\/www.visit-ulcinj.com\/blog\/wp-content\/uploads\/2010\/07\/E-dua-qytetin-tim_ulqini.jpg\",\"width\":\"720\",\"height\":\"540\"},{\"@type\":\"WebPage\",\"@id\":\"https:\/\/www.visit-ulcinj.com\/blog\/2010\/07\/31\/%e2%80%9ce-dua-qytetin-tim%e2%80%9d-per-mbrojtjen-e-ulqinit\/#webpage\",\"url\":\"https:\/\/www.visit-ulcinj.com\/blog\/2010\/07\/31\/%e2%80%9ce-dua-qytetin-tim%e2%80%9d-per-mbrojtjen-e-ulqinit\/\",\"name\":\"\u201cE dua qytetin tim\u201d p\u00ebr mbrojtjen e Ulqinit - Video - Lajme nga Ulqini\",\"isPartOf\":{\"@id\":\"https:\/\/www.visit-ulcinj.com\/blog\/#website\"},\"primaryImageOfPage\":{\"@id\":\"https:\/\/www.visit-ulcinj.com\/blog\/2010\/07\/31\/%e2%80%9ce-dua-qytetin-tim%e2%80%9d-per-mbrojtjen-e-ulqinit\/#primaryimage\"},\"datePublished\":\"2010-07-31T06:51:18+00:00\",\"dateModified\":\"2010-08-15T19:17:32+00:00\",\"author\":{\"@id\":\"https:\/\/www.visit-ulcinj.com\/blog\/#\/schema\/person\/dcab619c614d3038751c63bc2aadc06d\"},\"description\":\"Sonte 31 korrik, n\u00eb Sht\u00ebpin\u00eb e Kultur\u00ebs n\u00eb Ulqin ato do t\u00eb prezantohen para publikut vendas dhe pushuesve n\u00eb qytetin bregdetar. \u201cE dua qytetin tim\u201d \u00ebsht\u00eb\",\"breadcrumb\":{\"@id\":\"https:\/\/www.visit-ulcinj.com\/blog\/2010\/07\/31\/%e2%80%9ce-dua-qytetin-tim%e2%80%9d-per-mbrojtjen-e-ulqinit\/#breadcrumb\"},\"inLanguage\":\"en-US\",\"potentialAction\":[{\"@type\":\"ReadAction\",\"target\":[\"https:\/\/www.visit-ulcinj.com\/blog\/2010\/07\/31\/%e2%80%9ce-dua-qytetin-tim%e2%80%9d-per-mbrojtjen-e-ulqinit\/\"]}]},{\"@type\":\"BreadcrumbList\",\"@id\":\"https:\/\/www.visit-ulcinj.com\/blog\/2010\/07\/31\/%e2%80%9ce-dua-qytetin-tim%e2%80%9d-per-mbrojtjen-e-ulqinit\/#breadcrumb\",\"itemListElement\":[{\"@type\":\"ListItem\",\"position\":1,\"name\":\"\u201cE dua qytetin tim\u201d p\u00ebr mbrojtjen e Ulqinit &#8211; Video\"}]},{\"@type\":\"Person\",\"@id\":\"https:\/\/www.visit-ulcinj.com\/blog\/#\/schema\/person\/dcab619c614d3038751c63bc2aadc06d\",\"name\":\"ulqini\",\"sameAs\":[\"http:\/\/www.visit-ulcinj.com\"],\"url\":\"https:\/\/www.visit-ulcinj.com\/blog\/author\/admin\/\"}]}<\/script>\n<!-- \/ Yoast SEO plugin. -->","yoast_head_json":{"title":"\u201cE dua qytetin tim\u201d p\u00ebr mbrojtjen e Ulqinit - Video - Lajme nga Ulqini","description":"Sonte 31 korrik, n\u00eb Sht\u00ebpin\u00eb e Kultur\u00ebs n\u00eb Ulqin ato do t\u00eb prezantohen para publikut vendas dhe pushuesve n\u00eb qytetin bregdetar. \u201cE dua qytetin tim\u201d \u00ebsht\u00eb","robots":{"index":"index","follow":"follow","max-snippet":"max-snippet:-1","max-image-preview":"max-image-preview:large","max-video-preview":"max-video-preview:-1"},"canonical":"https:\/\/www.visit-ulcinj.com\/blog\/2010\/07\/31\/\u201ce-dua-qytetin-tim\u201d-per-mbrojtjen-e-ulqinit\/","og_locale":"en_US","og_type":"article","og_title":"\u201cE dua qytetin tim\u201d p\u00ebr mbrojtjen e Ulqinit - Video - Lajme nga Ulqini","og_description":"Sonte 31 korrik, n\u00eb Sht\u00ebpin\u00eb e Kultur\u00ebs n\u00eb Ulqin ato do t\u00eb prezantohen para publikut vendas dhe pushuesve n\u00eb qytetin bregdetar. \u201cE dua qytetin tim\u201d \u00ebsht\u00eb","og_url":"https:\/\/www.visit-ulcinj.com\/blog\/2010\/07\/31\/\u201ce-dua-qytetin-tim\u201d-per-mbrojtjen-e-ulqinit\/","og_site_name":"Lajme nga Ulqini","article_published_time":"2010-07-31T06:51:18+00:00","article_modified_time":"2010-08-15T19:17:32+00:00","og_image":[{"url":"https:\/\/www.visit-ulcinj.com\/blog\/wp-content\/uploads\/2010\/07\/E-dua-qytetin-tim_ulqini-150x150.jpg"}],"twitter_misc":{"Written by":"ulqini","Est. reading time":"2 minutes"},"schema":{"@context":"https:\/\/schema.org","@graph":[{"@type":"WebSite","@id":"https:\/\/www.visit-ulcinj.com\/blog\/#website","url":"https:\/\/www.visit-ulcinj.com\/blog\/","name":"Lajme nga Ulqini","description":"Lajme,Vijesti,Ulqini,Ulqin,Crna Gora,Mali i Zi","potentialAction":[{"@type":"SearchAction","target":{"@type":"EntryPoint","urlTemplate":"https:\/\/www.visit-ulcinj.com\/blog\/?s={search_term_string}"},"query-input":"required name=search_term_string"}],"inLanguage":"en-US"},{"@type":"ImageObject","inLanguage":"en-US","@id":"https:\/\/www.visit-ulcinj.com\/blog\/2010\/07\/31\/%e2%80%9ce-dua-qytetin-tim%e2%80%9d-per-mbrojtjen-e-ulqinit\/#primaryimage","url":"https:\/\/www.visit-ulcinj.com\/blog\/wp-content\/uploads\/2010\/07\/E-dua-qytetin-tim_ulqini.jpg","contentUrl":"https:\/\/www.visit-ulcinj.com\/blog\/wp-content\/uploads\/2010\/07\/E-dua-qytetin-tim_ulqini.jpg","width":"720","height":"540"},{"@type":"WebPage","@id":"https:\/\/www.visit-ulcinj.com\/blog\/2010\/07\/31\/%e2%80%9ce-dua-qytetin-tim%e2%80%9d-per-mbrojtjen-e-ulqinit\/#webpage","url":"https:\/\/www.visit-ulcinj.com\/blog\/2010\/07\/31\/%e2%80%9ce-dua-qytetin-tim%e2%80%9d-per-mbrojtjen-e-ulqinit\/","name":"\u201cE dua qytetin tim\u201d p\u00ebr mbrojtjen e Ulqinit - Video - Lajme nga Ulqini","isPartOf":{"@id":"https:\/\/www.visit-ulcinj.com\/blog\/#website"},"primaryImageOfPage":{"@id":"https:\/\/www.visit-ulcinj.com\/blog\/2010\/07\/31\/%e2%80%9ce-dua-qytetin-tim%e2%80%9d-per-mbrojtjen-e-ulqinit\/#primaryimage"},"datePublished":"2010-07-31T06:51:18+00:00","dateModified":"2010-08-15T19:17:32+00:00","author":{"@id":"https:\/\/www.visit-ulcinj.com\/blog\/#\/schema\/person\/dcab619c614d3038751c63bc2aadc06d"},"description":"Sonte 31 korrik, n\u00eb Sht\u00ebpin\u00eb e Kultur\u00ebs n\u00eb Ulqin ato do t\u00eb prezantohen para publikut vendas dhe pushuesve n\u00eb qytetin bregdetar. \u201cE dua qytetin tim\u201d \u00ebsht\u00eb","breadcrumb":{"@id":"https:\/\/www.visit-ulcinj.com\/blog\/2010\/07\/31\/%e2%80%9ce-dua-qytetin-tim%e2%80%9d-per-mbrojtjen-e-ulqinit\/#breadcrumb"},"inLanguage":"en-US","potentialAction":[{"@type":"ReadAction","target":["https:\/\/www.visit-ulcinj.com\/blog\/2010\/07\/31\/%e2%80%9ce-dua-qytetin-tim%e2%80%9d-per-mbrojtjen-e-ulqinit\/"]}]},{"@type":"BreadcrumbList","@id":"https:\/\/www.visit-ulcinj.com\/blog\/2010\/07\/31\/%e2%80%9ce-dua-qytetin-tim%e2%80%9d-per-mbrojtjen-e-ulqinit\/#breadcrumb","itemListElement":[{"@type":"ListItem","position":1,"name":"\u201cE dua qytetin tim\u201d p\u00ebr mbrojtjen e Ulqinit &#8211; Video"}]},{"@type":"Person","@id":"https:\/\/www.visit-ulcinj.com\/blog\/#\/schema\/person\/dcab619c614d3038751c63bc2aadc06d","name":"ulqini","sameAs":["http:\/\/www.visit-ulcinj.com"],"url":"https:\/\/www.visit-ulcinj.com\/blog\/author\/admin\/"}]}},"jetpack_featured_media_url":"","jetpack_sharing_enabled":true,"jetpack_shortlink":"https:\/\/wp.me\/pe6lTn-9gM","_links":{"self":[{"href":"https:\/\/www.visit-ulcinj.com\/blog\/wp-json\/wp\/v2\/posts\/35636"}],"collection":[{"href":"https:\/\/www.visit-ulcinj.com\/blog\/wp-json\/wp\/v2\/posts"}],"about":[{"href":"https:\/\/www.visit-ulcinj.com\/blog\/wp-json\/wp\/v2\/types\/post"}],"author":[{"embeddable":true,"href":"https:\/\/www.visit-ulcinj.com\/blog\/wp-json\/wp\/v2\/users\/1"}],"replies":[{"embeddable":true,"href":"https:\/\/www.visit-ulcinj.com\/blog\/wp-json\/wp\/v2\/comments?post=35636"}],"version-history":[{"count":0,"href":"https:\/\/www.visit-ulcinj.com\/blog\/wp-json\/wp\/v2\/posts\/35636\/revisions"}],"wp:attachment":[{"href":"https:\/\/www.visit-ulcinj.com\/blog\/wp-json\/wp\/v2\/media?parent=35636"}],"wp:term":[{"taxonomy":"category","embeddable":true,"href":"https:\/\/www.visit-ulcinj.com\/blog\/wp-json\/wp\/v2\/categories?post=35636"},{"taxonomy":"post_tag","embeddable":true,"href":"https:\/\/www.visit-ulcinj.com\/blog\/wp-json\/wp\/v2\/tags?post=35636"}],"curies":[{"name":"wp","href":"https:\/\/api.w.org\/{rel}","templated":true}]}}