{"id":35661,"date":"2010-08-02T09:56:38","date_gmt":"2010-08-02T07:56:38","guid":{"rendered":"http:\/\/www.visit-ulcinj.com\/blog\/?p=35661"},"modified":"2010-08-02T09:56:38","modified_gmt":"2010-08-02T07:56:38","slug":"forca-za-preispitivanje","status":"publish","type":"post","link":"https:\/\/www.visit-ulcinj.com\/blog\/2010\/08\/02\/forca-za-preispitivanje\/","title":{"rendered":"FORCA za preispitivanje"},"content":{"rendered":"<p><img loading=\"lazy\" class=\"alignleft size-full wp-image-35660\" title=\"GENCI NIMANBEGU_ulcinj\" src=\"http:\/\/www.visit-ulcinj.com\/blog\/wp-content\/uploads\/2010\/07\/GENCI-NIMANBEGU_ulcinj.jpg\" alt=\"\" width=\"490\" height=\"380\" \/>Albanske partije treba jo\u0161 jednom da preispitaju predlo\u017eene modele u izbornom zakonodavstvu i mo\u017eda ponude i konkretnija rje\u0161enja kada je u pitanju zastupljenost nacionalnih manjina, rekao je danas predstavnik albanske partije FORCA Genci Nimanbegu. Nimanbegu je rekao da je, na osnovu dosada\u0161njeg iskustva, te\u0161ko o?ekivati da ?e se u ljetnjem periodu izborno zakonodavstvo usaglasiti sa Ustavom.<\/p>\n<p>&#8220;O?ekujemo da ?e stav vladaju?e koalicije biti nepromijenjen, s tim da ?e eventualno do?i do nekog usagla\u0161avanja izme?u glavnih opozicionih partija sa pozicijom&#8221;, rekao je Nimanbegu agenciji MINA.<\/p>\n<p>U FORCI ?e, kako je kazao, ostati pri stavu da Predlog izbornog zakona nije u skladu sa Ustavom, ne samo kada su u pitanju ukidanje ste?enih prava ve? i o proporcionalnom zastupanju u dr\u017eavnim organima, prije svega u parlamentu.<\/p>\n<p>&#8220;Dono\u0161enje izbornih zakona u vezu sa usvajanjem kandidature Crne Gore za ?lanstvo u Evropskoj uniji je neracionalno, jer ima jo\u0161 zakona koji nijesu usagla\u0161eni sa najvi\u0161im pravnim aktom, tako da o?ekujemo da ?e izborni zakon biti tema vru?e jeseni&#8221;, rekao je Nimanbegu.<\/p>\n<p>On je rekao da albanske partije treba jo\u0161 jednom da pregledaju predlo\u017eene modele i da na taj na?in &#8220;mo\u017eda ponude i konkretnija rje\u0161enja, kada je u pitanju zastupljenost nacionalnih manjina&#8221;.<\/p>\n<p>&#8220;Prvenstveno mislim na zastupanje Hrvata i Bo\u0161njaka. Garantovanje Hrvatima jednog mandata, a ostalim nacionalnim manjinama ne, predstavlja nekonzistentnost utvr?enu na po?etku rada Radne grupe \u2013 da ne?e biti garantovanih mandata&#8221;, naveo je Nimanbegu.<\/p>\n<p>U FORCI razumiju specifi?nost hrvatske nacionalne manjine, ali, kako je rekao Nimanbegu, i specifi?nost albanske zajednice u Crnoj Gori jo\u0161 je ve?a zbog jezi?ke razli?itosti, a i autohtonosti ili teritorijalne zastupljenosti.<\/p>\n<p>&#8220;Zbog toga ne mogu biti zadr\u017eana postoje?a rje\u0161enja u predlogu zakona&#8221;, smatra on<\/p>\n<p>Nimanbegu je rekao da albanske partije u prvoj fazi nijesu \u017eeljele da daju rje\u0161enja za druge nacionalne manjine. &#8220;A, mo\u017eda, ako budemo postigli dogovor unutar albanskih politi?kih partija, da i za njih predla\u017eemo rje\u0161enja koja ?e za njih biti adekvatna&#8221;.<\/p>\n<p>&#8220;To ne bi zna?ilo da se usagla\u0161avanje vra?a na po?etak, ali potrebno je da se sjedne i da se na politi?kom nivou do?e do rje\u0161enja koje bi bilo prihvatljivo za ve?inu. Kompromisi su nu\u017eni, ali mi ne \u017eelimo da pravimo kompromise na nasim ste?enim pravima&#8221;, rekao je on.<\/p>\n<p>Kako je napomenuo, kada su ona bila predlo\u017eena Bo\u0161njacima, nijesu prihvatili, a Albanci ih nijesu \u017eeljeli samo za sebe, nego su bili tada politi?ki zreliji.<\/p>\n<p>Nimanbegu je rekao da predstavnici politi?kih partija moraju biti odgovorni i ne dovesti proces usagla\u0161avanja izbornog zakona sa Ustavom u blokadu.<\/p>\n<p>&#8220;Ali, Radna grupa je od po?etka imala izuzetno uzak mandat i ograni?aval?a rad time da Skup\u0161tini dodijeli samo jednu komponentu izbornog zakonodavstva, a ono treba znatno \u0161ire da se mijenja. Ima dosta preporuka koje ve?ina ne?e da primi, i to komplikuje proces usagla\u0161avanja&#8221;, kazao je Nimanbegu.<\/p>\n<p><strong>TVCG<\/strong><\/p>\n","protected":false},"excerpt":{"rendered":"<p>Albanske partije treba jo\u0161 jednom da preispitaju predlo\u017eene modele u izbornom zakonodavstvu i mo\u017eda ponude i konkretnija rje\u0161enja kada je u pitanju zastupljenost nacionalnih manjina, rekao je danas predstavnik albanske partije FORCA Genci Nimanbegu. Nimanbegu je rekao da je, na osnovu dosada\u0161njeg iskustva, te\u0161ko o?ekivati da ?e se u ljetnjem periodu izborno zakonodavstvo usaglasiti sa [&hellip;]<\/p>\n","protected":false},"author":1,"featured_media":0,"comment_status":"open","ping_status":"closed","sticky":false,"template":"","format":"standard","meta":{"spay_email":"","jetpack_publicize_message":"","jetpack_is_tweetstorm":false,"jetpack_publicize_feature_enabled":true},"categories":[8337],"tags":[117,4666,19],"jetpack_publicize_connections":[],"yoast_head":"<!-- This site is optimized with the Yoast SEO plugin v19.1 - https:\/\/yoast.com\/wordpress\/plugins\/seo\/ -->\n<title>FORCA za preispitivanje - Lajme nga Ulqini<\/title>\n<meta name=\"description\" content=\"Albanske partije treba jo\u0161 jednom da preispitaju predlo\u017eene modele u izbornom zakonodavstvu i mo\u017eda ponude i konkretnija rje\u0161enja kada je u pitanju\" \/>\n<meta name=\"robots\" content=\"index, follow, max-snippet:-1, max-image-preview:large, max-video-preview:-1\" \/>\n<link rel=\"canonical\" href=\"https:\/\/www.visit-ulcinj.com\/blog\/2010\/08\/02\/forca-za-preispitivanje\/\" \/>\n<meta property=\"og:locale\" content=\"en_US\" \/>\n<meta property=\"og:type\" content=\"article\" \/>\n<meta property=\"og:title\" content=\"FORCA za preispitivanje - Lajme nga Ulqini\" \/>\n<meta property=\"og:description\" content=\"Albanske partije treba jo\u0161 jednom da preispitaju predlo\u017eene modele u izbornom zakonodavstvu i mo\u017eda ponude i konkretnija rje\u0161enja kada je u pitanju\" \/>\n<meta property=\"og:url\" content=\"https:\/\/www.visit-ulcinj.com\/blog\/2010\/08\/02\/forca-za-preispitivanje\/\" \/>\n<meta property=\"og:site_name\" content=\"Lajme nga Ulqini\" \/>\n<meta property=\"article:published_time\" content=\"2010-08-02T07:56:38+00:00\" \/>\n<meta property=\"og:image\" content=\"http:\/\/www.visit-ulcinj.com\/blog\/wp-content\/uploads\/2010\/07\/GENCI-NIMANBEGU_ulcinj.jpg\" \/>\n<meta name=\"twitter:label1\" content=\"Written by\" \/>\n\t<meta name=\"twitter:data1\" content=\"ulqini\" \/>\n\t<meta name=\"twitter:label2\" content=\"Est. reading time\" \/>\n\t<meta name=\"twitter:data2\" content=\"3 minutes\" \/>\n<script type=\"application\/ld+json\" class=\"yoast-schema-graph\">{\"@context\":\"https:\/\/schema.org\",\"@graph\":[{\"@type\":\"WebSite\",\"@id\":\"https:\/\/www.visit-ulcinj.com\/blog\/#website\",\"url\":\"https:\/\/www.visit-ulcinj.com\/blog\/\",\"name\":\"Lajme nga Ulqini\",\"description\":\"Lajme,Vijesti,Ulqini,Ulqin,Crna Gora,Mali i Zi\",\"potentialAction\":[{\"@type\":\"SearchAction\",\"target\":{\"@type\":\"EntryPoint\",\"urlTemplate\":\"https:\/\/www.visit-ulcinj.com\/blog\/?s={search_term_string}\"},\"query-input\":\"required name=search_term_string\"}],\"inLanguage\":\"en-US\"},{\"@type\":\"ImageObject\",\"inLanguage\":\"en-US\",\"@id\":\"https:\/\/www.visit-ulcinj.com\/blog\/2010\/08\/02\/forca-za-preispitivanje\/#primaryimage\",\"url\":\"https:\/\/www.visit-ulcinj.com\/blog\/wp-content\/uploads\/2010\/07\/GENCI-NIMANBEGU_ulcinj.jpg\",\"contentUrl\":\"https:\/\/www.visit-ulcinj.com\/blog\/wp-content\/uploads\/2010\/07\/GENCI-NIMANBEGU_ulcinj.jpg\",\"width\":\"604\",\"height\":\"404\"},{\"@type\":\"WebPage\",\"@id\":\"https:\/\/www.visit-ulcinj.com\/blog\/2010\/08\/02\/forca-za-preispitivanje\/#webpage\",\"url\":\"https:\/\/www.visit-ulcinj.com\/blog\/2010\/08\/02\/forca-za-preispitivanje\/\",\"name\":\"FORCA za preispitivanje - Lajme nga Ulqini\",\"isPartOf\":{\"@id\":\"https:\/\/www.visit-ulcinj.com\/blog\/#website\"},\"primaryImageOfPage\":{\"@id\":\"https:\/\/www.visit-ulcinj.com\/blog\/2010\/08\/02\/forca-za-preispitivanje\/#primaryimage\"},\"datePublished\":\"2010-08-02T07:56:38+00:00\",\"dateModified\":\"2010-08-02T07:56:38+00:00\",\"author\":{\"@id\":\"https:\/\/www.visit-ulcinj.com\/blog\/#\/schema\/person\/dcab619c614d3038751c63bc2aadc06d\"},\"description\":\"Albanske partije treba jo\u0161 jednom da preispitaju predlo\u017eene modele u izbornom zakonodavstvu i mo\u017eda ponude i konkretnija rje\u0161enja kada je u pitanju\",\"breadcrumb\":{\"@id\":\"https:\/\/www.visit-ulcinj.com\/blog\/2010\/08\/02\/forca-za-preispitivanje\/#breadcrumb\"},\"inLanguage\":\"en-US\",\"potentialAction\":[{\"@type\":\"ReadAction\",\"target\":[\"https:\/\/www.visit-ulcinj.com\/blog\/2010\/08\/02\/forca-za-preispitivanje\/\"]}]},{\"@type\":\"BreadcrumbList\",\"@id\":\"https:\/\/www.visit-ulcinj.com\/blog\/2010\/08\/02\/forca-za-preispitivanje\/#breadcrumb\",\"itemListElement\":[{\"@type\":\"ListItem\",\"position\":1,\"name\":\"FORCA za preispitivanje\"}]},{\"@type\":\"Person\",\"@id\":\"https:\/\/www.visit-ulcinj.com\/blog\/#\/schema\/person\/dcab619c614d3038751c63bc2aadc06d\",\"name\":\"ulqini\",\"sameAs\":[\"http:\/\/www.visit-ulcinj.com\"],\"url\":\"https:\/\/www.visit-ulcinj.com\/blog\/author\/admin\/\"}]}<\/script>\n<!-- \/ Yoast SEO plugin. -->","yoast_head_json":{"title":"FORCA za preispitivanje - Lajme nga Ulqini","description":"Albanske partije treba jo\u0161 jednom da preispitaju predlo\u017eene modele u izbornom zakonodavstvu i mo\u017eda ponude i konkretnija rje\u0161enja kada je u pitanju","robots":{"index":"index","follow":"follow","max-snippet":"max-snippet:-1","max-image-preview":"max-image-preview:large","max-video-preview":"max-video-preview:-1"},"canonical":"https:\/\/www.visit-ulcinj.com\/blog\/2010\/08\/02\/forca-za-preispitivanje\/","og_locale":"en_US","og_type":"article","og_title":"FORCA za preispitivanje - Lajme nga Ulqini","og_description":"Albanske partije treba jo\u0161 jednom da preispitaju predlo\u017eene modele u izbornom zakonodavstvu i mo\u017eda ponude i konkretnija rje\u0161enja kada je u pitanju","og_url":"https:\/\/www.visit-ulcinj.com\/blog\/2010\/08\/02\/forca-za-preispitivanje\/","og_site_name":"Lajme nga Ulqini","article_published_time":"2010-08-02T07:56:38+00:00","og_image":[{"url":"http:\/\/www.visit-ulcinj.com\/blog\/wp-content\/uploads\/2010\/07\/GENCI-NIMANBEGU_ulcinj.jpg"}],"twitter_misc":{"Written by":"ulqini","Est. reading time":"3 minutes"},"schema":{"@context":"https:\/\/schema.org","@graph":[{"@type":"WebSite","@id":"https:\/\/www.visit-ulcinj.com\/blog\/#website","url":"https:\/\/www.visit-ulcinj.com\/blog\/","name":"Lajme nga Ulqini","description":"Lajme,Vijesti,Ulqini,Ulqin,Crna Gora,Mali i Zi","potentialAction":[{"@type":"SearchAction","target":{"@type":"EntryPoint","urlTemplate":"https:\/\/www.visit-ulcinj.com\/blog\/?s={search_term_string}"},"query-input":"required name=search_term_string"}],"inLanguage":"en-US"},{"@type":"ImageObject","inLanguage":"en-US","@id":"https:\/\/www.visit-ulcinj.com\/blog\/2010\/08\/02\/forca-za-preispitivanje\/#primaryimage","url":"https:\/\/www.visit-ulcinj.com\/blog\/wp-content\/uploads\/2010\/07\/GENCI-NIMANBEGU_ulcinj.jpg","contentUrl":"https:\/\/www.visit-ulcinj.com\/blog\/wp-content\/uploads\/2010\/07\/GENCI-NIMANBEGU_ulcinj.jpg","width":"604","height":"404"},{"@type":"WebPage","@id":"https:\/\/www.visit-ulcinj.com\/blog\/2010\/08\/02\/forca-za-preispitivanje\/#webpage","url":"https:\/\/www.visit-ulcinj.com\/blog\/2010\/08\/02\/forca-za-preispitivanje\/","name":"FORCA za preispitivanje - Lajme nga Ulqini","isPartOf":{"@id":"https:\/\/www.visit-ulcinj.com\/blog\/#website"},"primaryImageOfPage":{"@id":"https:\/\/www.visit-ulcinj.com\/blog\/2010\/08\/02\/forca-za-preispitivanje\/#primaryimage"},"datePublished":"2010-08-02T07:56:38+00:00","dateModified":"2010-08-02T07:56:38+00:00","author":{"@id":"https:\/\/www.visit-ulcinj.com\/blog\/#\/schema\/person\/dcab619c614d3038751c63bc2aadc06d"},"description":"Albanske partije treba jo\u0161 jednom da preispitaju predlo\u017eene modele u izbornom zakonodavstvu i mo\u017eda ponude i konkretnija rje\u0161enja kada je u pitanju","breadcrumb":{"@id":"https:\/\/www.visit-ulcinj.com\/blog\/2010\/08\/02\/forca-za-preispitivanje\/#breadcrumb"},"inLanguage":"en-US","potentialAction":[{"@type":"ReadAction","target":["https:\/\/www.visit-ulcinj.com\/blog\/2010\/08\/02\/forca-za-preispitivanje\/"]}]},{"@type":"BreadcrumbList","@id":"https:\/\/www.visit-ulcinj.com\/blog\/2010\/08\/02\/forca-za-preispitivanje\/#breadcrumb","itemListElement":[{"@type":"ListItem","position":1,"name":"FORCA za preispitivanje"}]},{"@type":"Person","@id":"https:\/\/www.visit-ulcinj.com\/blog\/#\/schema\/person\/dcab619c614d3038751c63bc2aadc06d","name":"ulqini","sameAs":["http:\/\/www.visit-ulcinj.com"],"url":"https:\/\/www.visit-ulcinj.com\/blog\/author\/admin\/"}]}},"jetpack_featured_media_url":"","jetpack_sharing_enabled":true,"jetpack_shortlink":"https:\/\/wp.me\/pe6lTn-9hb","_links":{"self":[{"href":"https:\/\/www.visit-ulcinj.com\/blog\/wp-json\/wp\/v2\/posts\/35661"}],"collection":[{"href":"https:\/\/www.visit-ulcinj.com\/blog\/wp-json\/wp\/v2\/posts"}],"about":[{"href":"https:\/\/www.visit-ulcinj.com\/blog\/wp-json\/wp\/v2\/types\/post"}],"author":[{"embeddable":true,"href":"https:\/\/www.visit-ulcinj.com\/blog\/wp-json\/wp\/v2\/users\/1"}],"replies":[{"embeddable":true,"href":"https:\/\/www.visit-ulcinj.com\/blog\/wp-json\/wp\/v2\/comments?post=35661"}],"version-history":[{"count":0,"href":"https:\/\/www.visit-ulcinj.com\/blog\/wp-json\/wp\/v2\/posts\/35661\/revisions"}],"wp:attachment":[{"href":"https:\/\/www.visit-ulcinj.com\/blog\/wp-json\/wp\/v2\/media?parent=35661"}],"wp:term":[{"taxonomy":"category","embeddable":true,"href":"https:\/\/www.visit-ulcinj.com\/blog\/wp-json\/wp\/v2\/categories?post=35661"},{"taxonomy":"post_tag","embeddable":true,"href":"https:\/\/www.visit-ulcinj.com\/blog\/wp-json\/wp\/v2\/tags?post=35661"}],"curies":[{"name":"wp","href":"https:\/\/api.w.org\/{rel}","templated":true}]}}