{"id":35713,"date":"2010-08-02T19:55:26","date_gmt":"2010-08-02T17:55:26","guid":{"rendered":"http:\/\/www.visit-ulcinj.com\/blog\/?p=35713"},"modified":"2010-08-02T19:55:26","modified_gmt":"2010-08-02T17:55:26","slug":"nora-dhe-tuna-nje-duet-i-nxehte","status":"publish","type":"post","link":"https:\/\/www.visit-ulcinj.com\/blog\/2010\/08\/02\/nora-dhe-tuna-nje-duet-i-nxehte\/","title":{"rendered":"Nora dhe Tuna, nj\u00eb duet i nxeht\u00eb"},"content":{"rendered":"<p><img loading=\"lazy\" class=\"alignleft\" title=\"NORA DHE TUNA\" src=\"http:\/\/www.visit-ulcinj.com\/blog\/wp-content\/uploads\/2010\/06\/Nora-dhe-Tuna.3.jpg\" alt=\"\" width=\"490\" height=\"590\" \/>Dy k\u00ebng\u00ebtar\u00ebt e njohura nj\u00ebra nga Shkupi dhe tjetra nga Kosova, Altuna Sejdiu dhe Nora Istrefi, d\u00ebshirojn\u00eb qe t\u2019u b\u00ebjn\u00eb nj\u00eb befasi fansave t\u00eb tyre duke iu dhuruar nj\u00eb \u2018duet t\u00eb nxeht\u00eb\u2019.<\/p>\n<p>Ende nuk dihet se ku do t\u00eb realizohet k\u00ebnga por sipas t\u00eb gjitha gjasave k\u00ebnga do t\u00eb realizohet n\u00eb studion e Florit, nd\u00ebrsa p\u00ebr tekstin e k\u00ebng\u00ebs do t\u00eb p\u00ebrkujdeset k\u00ebng\u00ebtarja Linda Halimi, thekson e p\u00ebrditshmja <em>Infopress<\/em>.<\/p>\n<p>Nd\u00ebrkoh\u00eb q\u00eb t\u00eb dyja k\u00ebng\u00ebtar\u00ebt po mendojn\u00eb edhe p\u00ebr duete t\u00eb tjera me emra t\u00eb njohur t\u00eb sken\u00ebs muzikore.<\/p>\n<p><strong>\/Telegrafi\/<br \/>\n<!--YouTube Error: bad URL entered--><\/strong><\/p>\n","protected":false},"excerpt":{"rendered":"<p>Dy k\u00ebng\u00ebtar\u00ebt e njohura nj\u00ebra nga Shkupi dhe tjetra nga Kosova, Altuna Sejdiu dhe Nora Istrefi, d\u00ebshirojn\u00eb qe t\u2019u b\u00ebjn\u00eb nj\u00eb befasi fansave t\u00eb tyre duke iu dhuruar nj\u00eb \u2018duet t\u00eb nxeht\u00eb\u2019. Ende nuk dihet se ku do t\u00eb realizohet k\u00ebnga por sipas t\u00eb gjitha gjasave k\u00ebnga do t\u00eb realizohet n\u00eb studion e Florit, nd\u00ebrsa [&hellip;]<\/p>\n","protected":false},"author":1,"featured_media":0,"comment_status":"open","ping_status":"closed","sticky":false,"template":"","format":"standard","meta":{"spay_email":"","jetpack_publicize_message":"","jetpack_is_tweetstorm":false,"jetpack_publicize_feature_enabled":true},"categories":[1],"tags":[14933],"jetpack_publicize_connections":[],"yoast_head":"<!-- This site is optimized with the Yoast SEO plugin v19.1 - https:\/\/yoast.com\/wordpress\/plugins\/seo\/ -->\n<title>Nora dhe Tuna, nj\u00eb duet i nxeht\u00eb - Lajme nga Ulqini<\/title>\n<meta name=\"description\" content=\"Dy k\u00ebng\u00ebtar\u00ebt e njohura nj\u00ebra nga Shkupi dhe tjetra nga Kosova, Altuna Sejdiu dhe Nora Istrefi, d\u00ebshirojn\u00eb qe t\u2019u b\u00ebjn\u00eb nj\u00eb befasi fansave t\u00eb tyre duke iu\" \/>\n<meta name=\"robots\" content=\"index, follow, max-snippet:-1, max-image-preview:large, max-video-preview:-1\" \/>\n<link rel=\"canonical\" href=\"https:\/\/www.visit-ulcinj.com\/blog\/2010\/08\/02\/nora-dhe-tuna-nje-duet-i-nxehte\/\" \/>\n<meta property=\"og:locale\" content=\"en_US\" \/>\n<meta property=\"og:type\" content=\"article\" \/>\n<meta property=\"og:title\" content=\"Nora dhe Tuna, nj\u00eb duet i nxeht\u00eb - Lajme nga Ulqini\" \/>\n<meta property=\"og:description\" content=\"Dy k\u00ebng\u00ebtar\u00ebt e njohura nj\u00ebra nga Shkupi dhe tjetra nga Kosova, Altuna Sejdiu dhe Nora Istrefi, d\u00ebshirojn\u00eb qe t\u2019u b\u00ebjn\u00eb nj\u00eb befasi fansave t\u00eb tyre duke iu\" \/>\n<meta property=\"og:url\" content=\"https:\/\/www.visit-ulcinj.com\/blog\/2010\/08\/02\/nora-dhe-tuna-nje-duet-i-nxehte\/\" \/>\n<meta property=\"og:site_name\" content=\"Lajme nga Ulqini\" \/>\n<meta property=\"article:published_time\" content=\"2010-08-02T17:55:26+00:00\" \/>\n<meta property=\"og:image\" content=\"http:\/\/www.visit-ulcinj.com\/blog\/wp-content\/uploads\/2010\/06\/Nora-dhe-Tuna.3.jpg\" \/>\n<meta name=\"twitter:label1\" content=\"Written by\" \/>\n\t<meta name=\"twitter:data1\" content=\"ulqini\" \/>\n\t<meta name=\"twitter:label2\" content=\"Est. reading time\" \/>\n\t<meta name=\"twitter:data2\" content=\"1 minute\" \/>\n<script type=\"application\/ld+json\" class=\"yoast-schema-graph\">{\"@context\":\"https:\/\/schema.org\",\"@graph\":[{\"@type\":\"WebSite\",\"@id\":\"https:\/\/www.visit-ulcinj.com\/blog\/#website\",\"url\":\"https:\/\/www.visit-ulcinj.com\/blog\/\",\"name\":\"Lajme nga Ulqini\",\"description\":\"Lajme,Vijesti,Ulqini,Ulqin,Crna Gora,Mali i Zi\",\"potentialAction\":[{\"@type\":\"SearchAction\",\"target\":{\"@type\":\"EntryPoint\",\"urlTemplate\":\"https:\/\/www.visit-ulcinj.com\/blog\/?s={search_term_string}\"},\"query-input\":\"required name=search_term_string\"}],\"inLanguage\":\"en-US\"},{\"@type\":\"ImageObject\",\"inLanguage\":\"en-US\",\"@id\":\"https:\/\/www.visit-ulcinj.com\/blog\/2010\/08\/02\/nora-dhe-tuna-nje-duet-i-nxehte\/#primaryimage\",\"url\":\"http:\/\/www.visit-ulcinj.com\/blog\/wp-content\/uploads\/2010\/06\/Nora-dhe-Tuna.3.jpg\",\"contentUrl\":\"http:\/\/www.visit-ulcinj.com\/blog\/wp-content\/uploads\/2010\/06\/Nora-dhe-Tuna.3.jpg\"},{\"@type\":\"WebPage\",\"@id\":\"https:\/\/www.visit-ulcinj.com\/blog\/2010\/08\/02\/nora-dhe-tuna-nje-duet-i-nxehte\/#webpage\",\"url\":\"https:\/\/www.visit-ulcinj.com\/blog\/2010\/08\/02\/nora-dhe-tuna-nje-duet-i-nxehte\/\",\"name\":\"Nora dhe Tuna, nj\u00eb duet i nxeht\u00eb - Lajme nga Ulqini\",\"isPartOf\":{\"@id\":\"https:\/\/www.visit-ulcinj.com\/blog\/#website\"},\"primaryImageOfPage\":{\"@id\":\"https:\/\/www.visit-ulcinj.com\/blog\/2010\/08\/02\/nora-dhe-tuna-nje-duet-i-nxehte\/#primaryimage\"},\"datePublished\":\"2010-08-02T17:55:26+00:00\",\"dateModified\":\"2010-08-02T17:55:26+00:00\",\"author\":{\"@id\":\"https:\/\/www.visit-ulcinj.com\/blog\/#\/schema\/person\/dcab619c614d3038751c63bc2aadc06d\"},\"description\":\"Dy k\u00ebng\u00ebtar\u00ebt e njohura nj\u00ebra nga Shkupi dhe tjetra nga Kosova, Altuna Sejdiu dhe Nora Istrefi, d\u00ebshirojn\u00eb qe t\u2019u b\u00ebjn\u00eb nj\u00eb befasi fansave t\u00eb tyre duke iu\",\"breadcrumb\":{\"@id\":\"https:\/\/www.visit-ulcinj.com\/blog\/2010\/08\/02\/nora-dhe-tuna-nje-duet-i-nxehte\/#breadcrumb\"},\"inLanguage\":\"en-US\",\"potentialAction\":[{\"@type\":\"ReadAction\",\"target\":[\"https:\/\/www.visit-ulcinj.com\/blog\/2010\/08\/02\/nora-dhe-tuna-nje-duet-i-nxehte\/\"]}]},{\"@type\":\"BreadcrumbList\",\"@id\":\"https:\/\/www.visit-ulcinj.com\/blog\/2010\/08\/02\/nora-dhe-tuna-nje-duet-i-nxehte\/#breadcrumb\",\"itemListElement\":[{\"@type\":\"ListItem\",\"position\":1,\"name\":\"Nora dhe Tuna, nj\u00eb duet i nxeht\u00eb\"}]},{\"@type\":\"Person\",\"@id\":\"https:\/\/www.visit-ulcinj.com\/blog\/#\/schema\/person\/dcab619c614d3038751c63bc2aadc06d\",\"name\":\"ulqini\",\"sameAs\":[\"http:\/\/www.visit-ulcinj.com\"],\"url\":\"https:\/\/www.visit-ulcinj.com\/blog\/author\/admin\/\"}]}<\/script>\n<!-- \/ Yoast SEO plugin. -->","yoast_head_json":{"title":"Nora dhe Tuna, nj\u00eb duet i nxeht\u00eb - Lajme nga Ulqini","description":"Dy k\u00ebng\u00ebtar\u00ebt e njohura nj\u00ebra nga Shkupi dhe tjetra nga Kosova, Altuna Sejdiu dhe Nora Istrefi, d\u00ebshirojn\u00eb qe t\u2019u b\u00ebjn\u00eb nj\u00eb befasi fansave t\u00eb tyre duke iu","robots":{"index":"index","follow":"follow","max-snippet":"max-snippet:-1","max-image-preview":"max-image-preview:large","max-video-preview":"max-video-preview:-1"},"canonical":"https:\/\/www.visit-ulcinj.com\/blog\/2010\/08\/02\/nora-dhe-tuna-nje-duet-i-nxehte\/","og_locale":"en_US","og_type":"article","og_title":"Nora dhe Tuna, nj\u00eb duet i nxeht\u00eb - Lajme nga Ulqini","og_description":"Dy k\u00ebng\u00ebtar\u00ebt e njohura nj\u00ebra nga Shkupi dhe tjetra nga Kosova, Altuna Sejdiu dhe Nora Istrefi, d\u00ebshirojn\u00eb qe t\u2019u b\u00ebjn\u00eb nj\u00eb befasi fansave t\u00eb tyre duke iu","og_url":"https:\/\/www.visit-ulcinj.com\/blog\/2010\/08\/02\/nora-dhe-tuna-nje-duet-i-nxehte\/","og_site_name":"Lajme nga Ulqini","article_published_time":"2010-08-02T17:55:26+00:00","og_image":[{"url":"http:\/\/www.visit-ulcinj.com\/blog\/wp-content\/uploads\/2010\/06\/Nora-dhe-Tuna.3.jpg"}],"twitter_misc":{"Written by":"ulqini","Est. reading time":"1 minute"},"schema":{"@context":"https:\/\/schema.org","@graph":[{"@type":"WebSite","@id":"https:\/\/www.visit-ulcinj.com\/blog\/#website","url":"https:\/\/www.visit-ulcinj.com\/blog\/","name":"Lajme nga Ulqini","description":"Lajme,Vijesti,Ulqini,Ulqin,Crna Gora,Mali i Zi","potentialAction":[{"@type":"SearchAction","target":{"@type":"EntryPoint","urlTemplate":"https:\/\/www.visit-ulcinj.com\/blog\/?s={search_term_string}"},"query-input":"required name=search_term_string"}],"inLanguage":"en-US"},{"@type":"ImageObject","inLanguage":"en-US","@id":"https:\/\/www.visit-ulcinj.com\/blog\/2010\/08\/02\/nora-dhe-tuna-nje-duet-i-nxehte\/#primaryimage","url":"http:\/\/www.visit-ulcinj.com\/blog\/wp-content\/uploads\/2010\/06\/Nora-dhe-Tuna.3.jpg","contentUrl":"http:\/\/www.visit-ulcinj.com\/blog\/wp-content\/uploads\/2010\/06\/Nora-dhe-Tuna.3.jpg"},{"@type":"WebPage","@id":"https:\/\/www.visit-ulcinj.com\/blog\/2010\/08\/02\/nora-dhe-tuna-nje-duet-i-nxehte\/#webpage","url":"https:\/\/www.visit-ulcinj.com\/blog\/2010\/08\/02\/nora-dhe-tuna-nje-duet-i-nxehte\/","name":"Nora dhe Tuna, nj\u00eb duet i nxeht\u00eb - Lajme nga Ulqini","isPartOf":{"@id":"https:\/\/www.visit-ulcinj.com\/blog\/#website"},"primaryImageOfPage":{"@id":"https:\/\/www.visit-ulcinj.com\/blog\/2010\/08\/02\/nora-dhe-tuna-nje-duet-i-nxehte\/#primaryimage"},"datePublished":"2010-08-02T17:55:26+00:00","dateModified":"2010-08-02T17:55:26+00:00","author":{"@id":"https:\/\/www.visit-ulcinj.com\/blog\/#\/schema\/person\/dcab619c614d3038751c63bc2aadc06d"},"description":"Dy k\u00ebng\u00ebtar\u00ebt e njohura nj\u00ebra nga Shkupi dhe tjetra nga Kosova, Altuna Sejdiu dhe Nora Istrefi, d\u00ebshirojn\u00eb qe t\u2019u b\u00ebjn\u00eb nj\u00eb befasi fansave t\u00eb tyre duke iu","breadcrumb":{"@id":"https:\/\/www.visit-ulcinj.com\/blog\/2010\/08\/02\/nora-dhe-tuna-nje-duet-i-nxehte\/#breadcrumb"},"inLanguage":"en-US","potentialAction":[{"@type":"ReadAction","target":["https:\/\/www.visit-ulcinj.com\/blog\/2010\/08\/02\/nora-dhe-tuna-nje-duet-i-nxehte\/"]}]},{"@type":"BreadcrumbList","@id":"https:\/\/www.visit-ulcinj.com\/blog\/2010\/08\/02\/nora-dhe-tuna-nje-duet-i-nxehte\/#breadcrumb","itemListElement":[{"@type":"ListItem","position":1,"name":"Nora dhe Tuna, nj\u00eb duet i nxeht\u00eb"}]},{"@type":"Person","@id":"https:\/\/www.visit-ulcinj.com\/blog\/#\/schema\/person\/dcab619c614d3038751c63bc2aadc06d","name":"ulqini","sameAs":["http:\/\/www.visit-ulcinj.com"],"url":"https:\/\/www.visit-ulcinj.com\/blog\/author\/admin\/"}]}},"jetpack_featured_media_url":"","jetpack_sharing_enabled":true,"jetpack_shortlink":"https:\/\/wp.me\/pe6lTn-9i1","_links":{"self":[{"href":"https:\/\/www.visit-ulcinj.com\/blog\/wp-json\/wp\/v2\/posts\/35713"}],"collection":[{"href":"https:\/\/www.visit-ulcinj.com\/blog\/wp-json\/wp\/v2\/posts"}],"about":[{"href":"https:\/\/www.visit-ulcinj.com\/blog\/wp-json\/wp\/v2\/types\/post"}],"author":[{"embeddable":true,"href":"https:\/\/www.visit-ulcinj.com\/blog\/wp-json\/wp\/v2\/users\/1"}],"replies":[{"embeddable":true,"href":"https:\/\/www.visit-ulcinj.com\/blog\/wp-json\/wp\/v2\/comments?post=35713"}],"version-history":[{"count":0,"href":"https:\/\/www.visit-ulcinj.com\/blog\/wp-json\/wp\/v2\/posts\/35713\/revisions"}],"wp:attachment":[{"href":"https:\/\/www.visit-ulcinj.com\/blog\/wp-json\/wp\/v2\/media?parent=35713"}],"wp:term":[{"taxonomy":"category","embeddable":true,"href":"https:\/\/www.visit-ulcinj.com\/blog\/wp-json\/wp\/v2\/categories?post=35713"},{"taxonomy":"post_tag","embeddable":true,"href":"https:\/\/www.visit-ulcinj.com\/blog\/wp-json\/wp\/v2\/tags?post=35713"}],"curies":[{"name":"wp","href":"https:\/\/api.w.org\/{rel}","templated":true}]}}