{"id":35717,"date":"2010-08-02T20:23:50","date_gmt":"2010-08-02T18:23:50","guid":{"rendered":"http:\/\/www.visit-ulcinj.com\/blog\/?p=35717"},"modified":"2010-08-02T20:23:50","modified_gmt":"2010-08-02T18:23:50","slug":"anjeza-branka-skenat-hot-me-te-dashurin-ne-plazh","status":"publish","type":"post","link":"https:\/\/www.visit-ulcinj.com\/blog\/2010\/08\/02\/anjeza-branka-skenat-hot-me-te-dashurin-ne-plazh\/","title":{"rendered":"Anjeza Branka, skenat hot me t\u00eb dashurin n\u00eb plazh"},"content":{"rendered":"<p><img loading=\"lazy\" class=\"alignleft size-full wp-image-35718\" title=\"Anjeza Branka\" src=\"http:\/\/www.visit-ulcinj.com\/blog\/wp-content\/uploads\/2010\/08\/Anjeza-Branka.jpg\" alt=\"\" width=\"490\" height=\"253\" \/>Ajo nuk ka hezituar asnj\u00ebher\u00eb t\u00eb b\u00ebj\u00eb dhe pranoj\u00eb gj\u00ebra q\u00eb koleget e saj do t\u2019i fshihnin dhe mbanin sekret sa m\u00eb shum\u00eb t\u00eb mundeshin. K\u00ebt\u00eb e ka b\u00ebr\u00eb q\u00ebkurse u kthye nga Gjermania dhe nisi karrier\u00ebn muzikore dhe vazhdon me po t\u00eb nj\u00ebjt\u00ebn m\u00ebnyr\u00eb edhe sot. Nuk e fsheh aspak se pasi i dha fund bashk\u00ebjetes\u00ebs me babain e djalit t\u00eb saj, ka nisur nj\u00eb lidhje t\u00eb fort\u00eb dashurie, t\u00eb cil\u00ebn po e jeton me intensitet t\u00eb plot\u00eb. Si shum\u00eb k\u00ebng\u00ebtar\u00eb t\u00eb tjer\u00eb, edhe k\u00ebt\u00eb sezon veror Anjeza Branka ka nisur turin e saj t\u00eb koncerteve n\u00eb plazhet e Shqip\u00ebris\u00eb. Fotot q\u00eb ju sjellim sot jan\u00eb pik\u00ebrisht ajo pjes\u00eb e padukshme e eventeve ku ajo merr pjes\u00eb. Pik\u00ebrisht n\u00eb hap\u00ebsir\u00ebn mes tyre, gjat\u00eb dit\u00ebs deti \u00ebsht\u00eb magneti q\u00eb e ka thithur at\u00eb me t\u00eb dashurin e saj. Plazh, diell, p\u00ebrqafime dhe poza t\u00eb nxehta e shfaqin Anjez\u00ebn n\u00eb vende si Saranda, Himara Dh\u00ebrmiu dhe Vlora, ku ajo ka k\u00ebnduar s\u00eb fundmi. Kjo tablo verore shoq\u00ebrohet edhe me nj\u00eb moment para nisjes s\u00eb nj\u00eb prej koncerteve, ku pasi \u00ebsht\u00eb b\u00ebr\u00eb gati p\u00ebr t\u00eb dal\u00eb n\u00eb sken\u00eb, i dashuri i saj i jep nj\u00eb t\u00eb puthur n\u00eb mes t\u00eb gjoksit n\u00eb shenj\u00eb bekimi. Nd\u00ebrsa nuk mungojn\u00eb edhe momente si me shoq\u00ebrin\u00eb, apo edhe nj\u00eb poz\u00eb me aktorin e humorit, Ceke beratin. Ajo q\u00eb bie n\u00eb sy \u00ebsht\u00eb edhe kolori q\u00eb ka marr\u00eb Anjeza n\u00eb dit\u00ebt e saj t\u00eb plazhit, por edhe forma e mir\u00eb trupore q\u00eb ajo g\u00ebzon si gjithmon\u00eb. Si\u00e7 kemi m\u00ebsuar ne t\u00eb \u201cBluetooth\u201d, historia e dashuris\u00eb p\u00ebr Anjeza Brank\u00ebn ka disa koh\u00eb q\u00eb ka nisur dhe djaloshi q\u00eb jetonte jasht\u00eb Shqip\u00ebris\u00eb, tashm\u00eb q\u00eb \u00ebsht\u00eb lidhur me k\u00ebng\u00ebtaren, duket se ka n\u00eb plan t\u00eb jetoj\u00eb n\u00eb Shqip\u00ebri p\u00ebrfundimisht. Aktualisht k\u00ebng\u00ebtarja shfaqet n\u00eb ekranet muzikore me k\u00ebng\u00ebn e saj t\u00eb fundit, \u201cTani e di\u201d, nd\u00ebrsa po p\u00ebrgatit edhe nj\u00eb t\u00eb re, q\u00eb do ta publikoj\u00eb s\u00eb shpejti.<\/p>\n<p><strong>Bluetooth<br \/>\n<!--YouTube Error: bad URL entered--><\/strong><\/p>\n","protected":false},"excerpt":{"rendered":"<p>Ajo nuk ka hezituar asnj\u00ebher\u00eb t\u00eb b\u00ebj\u00eb dhe pranoj\u00eb gj\u00ebra q\u00eb koleget e saj do t\u2019i fshihnin dhe mbanin sekret sa m\u00eb shum\u00eb t\u00eb mundeshin. K\u00ebt\u00eb e ka b\u00ebr\u00eb q\u00ebkurse u kthye nga Gjermania dhe nisi karrier\u00ebn muzikore dhe vazhdon me po t\u00eb nj\u00ebjt\u00ebn m\u00ebnyr\u00eb edhe sot. Nuk e fsheh aspak se pasi i dha [&hellip;]<\/p>\n","protected":false},"author":1,"featured_media":0,"comment_status":"open","ping_status":"closed","sticky":false,"template":"","format":"standard","meta":{"spay_email":"","jetpack_publicize_message":"","jetpack_is_tweetstorm":false,"jetpack_publicize_feature_enabled":true},"categories":[1],"tags":[14934],"jetpack_publicize_connections":[],"yoast_head":"<!-- This site is optimized with the Yoast SEO plugin v19.1 - https:\/\/yoast.com\/wordpress\/plugins\/seo\/ -->\n<title>Anjeza Branka, skenat hot me t\u00eb dashurin n\u00eb plazh - Lajme nga Ulqini<\/title>\n<meta name=\"description\" content=\"Ajo nuk ka hezituar asnj\u00ebher\u00eb t\u00eb b\u00ebj\u00eb dhe pranoj\u00eb gj\u00ebra q\u00eb koleget e saj do t\u2019i fshihnin dhe mbanin sekret sa m\u00eb shum\u00eb t\u00eb mundeshin. K\u00ebt\u00eb e ka b\u00ebr\u00eb\" \/>\n<meta name=\"robots\" content=\"index, follow, max-snippet:-1, max-image-preview:large, max-video-preview:-1\" \/>\n<link rel=\"canonical\" href=\"https:\/\/www.visit-ulcinj.com\/blog\/2010\/08\/02\/anjeza-branka-skenat-hot-me-te-dashurin-ne-plazh\/\" \/>\n<meta property=\"og:locale\" content=\"en_US\" \/>\n<meta property=\"og:type\" content=\"article\" \/>\n<meta property=\"og:title\" content=\"Anjeza Branka, skenat hot me t\u00eb dashurin n\u00eb plazh - Lajme nga Ulqini\" \/>\n<meta property=\"og:description\" content=\"Ajo nuk ka hezituar asnj\u00ebher\u00eb t\u00eb b\u00ebj\u00eb dhe pranoj\u00eb gj\u00ebra q\u00eb koleget e saj do t\u2019i fshihnin dhe mbanin sekret sa m\u00eb shum\u00eb t\u00eb mundeshin. K\u00ebt\u00eb e ka b\u00ebr\u00eb\" \/>\n<meta property=\"og:url\" content=\"https:\/\/www.visit-ulcinj.com\/blog\/2010\/08\/02\/anjeza-branka-skenat-hot-me-te-dashurin-ne-plazh\/\" \/>\n<meta property=\"og:site_name\" content=\"Lajme nga Ulqini\" \/>\n<meta property=\"article:published_time\" content=\"2010-08-02T18:23:50+00:00\" \/>\n<meta property=\"og:image\" content=\"http:\/\/www.visit-ulcinj.com\/blog\/wp-content\/uploads\/2010\/08\/Anjeza-Branka.jpg\" \/>\n<meta name=\"twitter:label1\" content=\"Written by\" \/>\n\t<meta name=\"twitter:data1\" content=\"ulqini\" \/>\n\t<meta name=\"twitter:label2\" content=\"Est. reading time\" \/>\n\t<meta name=\"twitter:data2\" content=\"2 minutes\" \/>\n<script type=\"application\/ld+json\" class=\"yoast-schema-graph\">{\"@context\":\"https:\/\/schema.org\",\"@graph\":[{\"@type\":\"WebSite\",\"@id\":\"https:\/\/www.visit-ulcinj.com\/blog\/#website\",\"url\":\"https:\/\/www.visit-ulcinj.com\/blog\/\",\"name\":\"Lajme nga Ulqini\",\"description\":\"Lajme,Vijesti,Ulqini,Ulqin,Crna Gora,Mali i Zi\",\"potentialAction\":[{\"@type\":\"SearchAction\",\"target\":{\"@type\":\"EntryPoint\",\"urlTemplate\":\"https:\/\/www.visit-ulcinj.com\/blog\/?s={search_term_string}\"},\"query-input\":\"required name=search_term_string\"}],\"inLanguage\":\"en-US\"},{\"@type\":\"ImageObject\",\"inLanguage\":\"en-US\",\"@id\":\"https:\/\/www.visit-ulcinj.com\/blog\/2010\/08\/02\/anjeza-branka-skenat-hot-me-te-dashurin-ne-plazh\/#primaryimage\",\"url\":\"http:\/\/www.visit-ulcinj.com\/blog\/wp-content\/uploads\/2010\/08\/Anjeza-Branka.jpg\",\"contentUrl\":\"http:\/\/www.visit-ulcinj.com\/blog\/wp-content\/uploads\/2010\/08\/Anjeza-Branka.jpg\"},{\"@type\":\"WebPage\",\"@id\":\"https:\/\/www.visit-ulcinj.com\/blog\/2010\/08\/02\/anjeza-branka-skenat-hot-me-te-dashurin-ne-plazh\/#webpage\",\"url\":\"https:\/\/www.visit-ulcinj.com\/blog\/2010\/08\/02\/anjeza-branka-skenat-hot-me-te-dashurin-ne-plazh\/\",\"name\":\"Anjeza Branka, skenat hot me t\u00eb dashurin n\u00eb plazh - Lajme nga Ulqini\",\"isPartOf\":{\"@id\":\"https:\/\/www.visit-ulcinj.com\/blog\/#website\"},\"primaryImageOfPage\":{\"@id\":\"https:\/\/www.visit-ulcinj.com\/blog\/2010\/08\/02\/anjeza-branka-skenat-hot-me-te-dashurin-ne-plazh\/#primaryimage\"},\"datePublished\":\"2010-08-02T18:23:50+00:00\",\"dateModified\":\"2010-08-02T18:23:50+00:00\",\"author\":{\"@id\":\"https:\/\/www.visit-ulcinj.com\/blog\/#\/schema\/person\/dcab619c614d3038751c63bc2aadc06d\"},\"description\":\"Ajo nuk ka hezituar asnj\u00ebher\u00eb t\u00eb b\u00ebj\u00eb dhe pranoj\u00eb gj\u00ebra q\u00eb koleget e saj do t\u2019i fshihnin dhe mbanin sekret sa m\u00eb shum\u00eb t\u00eb mundeshin. K\u00ebt\u00eb e ka b\u00ebr\u00eb\",\"breadcrumb\":{\"@id\":\"https:\/\/www.visit-ulcinj.com\/blog\/2010\/08\/02\/anjeza-branka-skenat-hot-me-te-dashurin-ne-plazh\/#breadcrumb\"},\"inLanguage\":\"en-US\",\"potentialAction\":[{\"@type\":\"ReadAction\",\"target\":[\"https:\/\/www.visit-ulcinj.com\/blog\/2010\/08\/02\/anjeza-branka-skenat-hot-me-te-dashurin-ne-plazh\/\"]}]},{\"@type\":\"BreadcrumbList\",\"@id\":\"https:\/\/www.visit-ulcinj.com\/blog\/2010\/08\/02\/anjeza-branka-skenat-hot-me-te-dashurin-ne-plazh\/#breadcrumb\",\"itemListElement\":[{\"@type\":\"ListItem\",\"position\":1,\"name\":\"Anjeza Branka, skenat hot me t\u00eb dashurin n\u00eb plazh\"}]},{\"@type\":\"Person\",\"@id\":\"https:\/\/www.visit-ulcinj.com\/blog\/#\/schema\/person\/dcab619c614d3038751c63bc2aadc06d\",\"name\":\"ulqini\",\"sameAs\":[\"http:\/\/www.visit-ulcinj.com\"],\"url\":\"https:\/\/www.visit-ulcinj.com\/blog\/author\/admin\/\"}]}<\/script>\n<!-- \/ Yoast SEO plugin. -->","yoast_head_json":{"title":"Anjeza Branka, skenat hot me t\u00eb dashurin n\u00eb plazh - Lajme nga Ulqini","description":"Ajo nuk ka hezituar asnj\u00ebher\u00eb t\u00eb b\u00ebj\u00eb dhe pranoj\u00eb gj\u00ebra q\u00eb koleget e saj do t\u2019i fshihnin dhe mbanin sekret sa m\u00eb shum\u00eb t\u00eb mundeshin. K\u00ebt\u00eb e ka b\u00ebr\u00eb","robots":{"index":"index","follow":"follow","max-snippet":"max-snippet:-1","max-image-preview":"max-image-preview:large","max-video-preview":"max-video-preview:-1"},"canonical":"https:\/\/www.visit-ulcinj.com\/blog\/2010\/08\/02\/anjeza-branka-skenat-hot-me-te-dashurin-ne-plazh\/","og_locale":"en_US","og_type":"article","og_title":"Anjeza Branka, skenat hot me t\u00eb dashurin n\u00eb plazh - Lajme nga Ulqini","og_description":"Ajo nuk ka hezituar asnj\u00ebher\u00eb t\u00eb b\u00ebj\u00eb dhe pranoj\u00eb gj\u00ebra q\u00eb koleget e saj do t\u2019i fshihnin dhe mbanin sekret sa m\u00eb shum\u00eb t\u00eb mundeshin. K\u00ebt\u00eb e ka b\u00ebr\u00eb","og_url":"https:\/\/www.visit-ulcinj.com\/blog\/2010\/08\/02\/anjeza-branka-skenat-hot-me-te-dashurin-ne-plazh\/","og_site_name":"Lajme nga Ulqini","article_published_time":"2010-08-02T18:23:50+00:00","og_image":[{"url":"http:\/\/www.visit-ulcinj.com\/blog\/wp-content\/uploads\/2010\/08\/Anjeza-Branka.jpg"}],"twitter_misc":{"Written by":"ulqini","Est. reading time":"2 minutes"},"schema":{"@context":"https:\/\/schema.org","@graph":[{"@type":"WebSite","@id":"https:\/\/www.visit-ulcinj.com\/blog\/#website","url":"https:\/\/www.visit-ulcinj.com\/blog\/","name":"Lajme nga Ulqini","description":"Lajme,Vijesti,Ulqini,Ulqin,Crna Gora,Mali i Zi","potentialAction":[{"@type":"SearchAction","target":{"@type":"EntryPoint","urlTemplate":"https:\/\/www.visit-ulcinj.com\/blog\/?s={search_term_string}"},"query-input":"required name=search_term_string"}],"inLanguage":"en-US"},{"@type":"ImageObject","inLanguage":"en-US","@id":"https:\/\/www.visit-ulcinj.com\/blog\/2010\/08\/02\/anjeza-branka-skenat-hot-me-te-dashurin-ne-plazh\/#primaryimage","url":"http:\/\/www.visit-ulcinj.com\/blog\/wp-content\/uploads\/2010\/08\/Anjeza-Branka.jpg","contentUrl":"http:\/\/www.visit-ulcinj.com\/blog\/wp-content\/uploads\/2010\/08\/Anjeza-Branka.jpg"},{"@type":"WebPage","@id":"https:\/\/www.visit-ulcinj.com\/blog\/2010\/08\/02\/anjeza-branka-skenat-hot-me-te-dashurin-ne-plazh\/#webpage","url":"https:\/\/www.visit-ulcinj.com\/blog\/2010\/08\/02\/anjeza-branka-skenat-hot-me-te-dashurin-ne-plazh\/","name":"Anjeza Branka, skenat hot me t\u00eb dashurin n\u00eb plazh - Lajme nga Ulqini","isPartOf":{"@id":"https:\/\/www.visit-ulcinj.com\/blog\/#website"},"primaryImageOfPage":{"@id":"https:\/\/www.visit-ulcinj.com\/blog\/2010\/08\/02\/anjeza-branka-skenat-hot-me-te-dashurin-ne-plazh\/#primaryimage"},"datePublished":"2010-08-02T18:23:50+00:00","dateModified":"2010-08-02T18:23:50+00:00","author":{"@id":"https:\/\/www.visit-ulcinj.com\/blog\/#\/schema\/person\/dcab619c614d3038751c63bc2aadc06d"},"description":"Ajo nuk ka hezituar asnj\u00ebher\u00eb t\u00eb b\u00ebj\u00eb dhe pranoj\u00eb gj\u00ebra q\u00eb koleget e saj do t\u2019i fshihnin dhe mbanin sekret sa m\u00eb shum\u00eb t\u00eb mundeshin. K\u00ebt\u00eb e ka b\u00ebr\u00eb","breadcrumb":{"@id":"https:\/\/www.visit-ulcinj.com\/blog\/2010\/08\/02\/anjeza-branka-skenat-hot-me-te-dashurin-ne-plazh\/#breadcrumb"},"inLanguage":"en-US","potentialAction":[{"@type":"ReadAction","target":["https:\/\/www.visit-ulcinj.com\/blog\/2010\/08\/02\/anjeza-branka-skenat-hot-me-te-dashurin-ne-plazh\/"]}]},{"@type":"BreadcrumbList","@id":"https:\/\/www.visit-ulcinj.com\/blog\/2010\/08\/02\/anjeza-branka-skenat-hot-me-te-dashurin-ne-plazh\/#breadcrumb","itemListElement":[{"@type":"ListItem","position":1,"name":"Anjeza Branka, skenat hot me t\u00eb dashurin n\u00eb plazh"}]},{"@type":"Person","@id":"https:\/\/www.visit-ulcinj.com\/blog\/#\/schema\/person\/dcab619c614d3038751c63bc2aadc06d","name":"ulqini","sameAs":["http:\/\/www.visit-ulcinj.com"],"url":"https:\/\/www.visit-ulcinj.com\/blog\/author\/admin\/"}]}},"jetpack_featured_media_url":"","jetpack_sharing_enabled":true,"jetpack_shortlink":"https:\/\/wp.me\/pe6lTn-9i5","_links":{"self":[{"href":"https:\/\/www.visit-ulcinj.com\/blog\/wp-json\/wp\/v2\/posts\/35717"}],"collection":[{"href":"https:\/\/www.visit-ulcinj.com\/blog\/wp-json\/wp\/v2\/posts"}],"about":[{"href":"https:\/\/www.visit-ulcinj.com\/blog\/wp-json\/wp\/v2\/types\/post"}],"author":[{"embeddable":true,"href":"https:\/\/www.visit-ulcinj.com\/blog\/wp-json\/wp\/v2\/users\/1"}],"replies":[{"embeddable":true,"href":"https:\/\/www.visit-ulcinj.com\/blog\/wp-json\/wp\/v2\/comments?post=35717"}],"version-history":[{"count":0,"href":"https:\/\/www.visit-ulcinj.com\/blog\/wp-json\/wp\/v2\/posts\/35717\/revisions"}],"wp:attachment":[{"href":"https:\/\/www.visit-ulcinj.com\/blog\/wp-json\/wp\/v2\/media?parent=35717"}],"wp:term":[{"taxonomy":"category","embeddable":true,"href":"https:\/\/www.visit-ulcinj.com\/blog\/wp-json\/wp\/v2\/categories?post=35717"},{"taxonomy":"post_tag","embeddable":true,"href":"https:\/\/www.visit-ulcinj.com\/blog\/wp-json\/wp\/v2\/tags?post=35717"}],"curies":[{"name":"wp","href":"https:\/\/api.w.org\/{rel}","templated":true}]}}