{"id":3573,"date":"2008-09-25T10:49:32","date_gmt":"2008-09-25T15:49:32","guid":{"rendered":"http:\/\/www.visit-ulcinj.com\/blog\/?p=3573"},"modified":"2008-10-17T14:17:55","modified_gmt":"2008-10-17T19:17:55","slug":"kumtese-forces-mosthemelimi-i-organizata-lokale-turistike-ne-ulqin","status":"publish","type":"post","link":"https:\/\/www.visit-ulcinj.com\/blog\/2008\/09\/25\/kumtese-forces-mosthemelimi-i-organizata-lokale-turistike-ne-ulqin\/","title":{"rendered":"Kumtes\u00eb e Forc\u00ebs s\u00eb re demokratike:(Mos)themelimi i Organizat\u00ebs lokale Turistike n\u00eb Ulqin"},"content":{"rendered":"<p><a href=\"http:\/\/www.visit-ulcinj.com\/blog\/wp-content\/uploads\/2008\/02\/forca-e-re-demokratike-logo.gif\"><img loading=\"lazy\" class=\"alignleft size-medium wp-image-417\" title=\"forca e re demokratike-logo\" src=\"http:\/\/www.visit-ulcinj.com\/blog\/wp-content\/uploads\/2008\/02\/forca-e-re-demokratike-logo.gif\" alt=\"\" width=\"200\" height=\"200\" \/><\/a><strong>Ligji mbi organizatat turistike \u00ebsht\u00eb miratuar ne fillim t\u00eb vitit 2004 dhe ishte obligim ligjor\u00eb i \u00e7do komun\u00eb t\u00eb themeloj\u00eb organizat\u00ebn lokale Turistike.<\/strong><br \/>\nKomuna e Ulqinit \u00ebsht\u00eb e vetmja komun\u00eb, n\u00eb Mal t\u00eb Zi, e cila nuk e zbatoj\u00a0 ligjin dhe nuk e formoi organizat\u00ebn turistike dhe me k\u00ebt\u00eb sjelli d\u00ebm t\u00eb madh qytetar\u00ebve, Komun\u00ebs dhe Republik\u00ebs.<br \/>\nArsyet p\u00ebr mos themelimin e k\u00ebsaj organizate zyrtarisht nuk jan\u00eb t\u00eb shpallur por mundet t\u00eb dyshohet se ajo \u00ebsht\u00eb vet\u00ebm p\u00ebr\u00a0 shfryt\u00ebzimin e paligjsh\u00ebm dhe t\u00eb paarsyesh\u00ebm t\u00eb mjeteve financiare.<br \/>\nP\u00ebr fat t\u00eb keq deri sot e k\u00ebsaj dite askush nuk e ndien veten p\u00ebrgjegj\u00ebs p\u00ebr d\u00ebmin i cili \u00ebsht\u00eb i pa kompensuesh\u00ebm.<br \/>\nVendimi p\u00ebr themelimin e organizat\u00ebs turistike, n\u00eb mbledhjen e kuvendit t\u00eb Ulqinit \u00ebsht\u00eb aprovuar n\u00eb N\u00ebntor t\u00eb vitit 2007. por ende nuk ka filluar zbatimi i k\u00ebtij vendim.<br \/>\nMe ket\u00eb vendim jan\u00eb caktuar t\u00eb ardhurat ligjore t\u00eb cil\u00ebt i takojn\u00eb organizat\u00ebs Turistike por k\u00ebto t\u00eb ardhura nuk realizohen dhe k\u00ebshtu Komuna e Ulqinit dhe Republika humbin mjete t\u00eb konsiderueshme.<br \/>\n<strong>Burimet finansiare kryesore t\u00eb Organizat\u00ebs turistike jan\u00eb:<br \/>\n&#8211;\u00a0\u00a0\u00a0 Taksa e banimit<br \/>\n&#8211;\u00a0\u00a0\u00a0 Taksa Turistike<br \/>\n&#8211;\u00a0\u00a0\u00a0 Taksa e piknikut<br \/>\n&#8211;\u00a0\u00a0\u00a0 Taksa e objekteve t\u00eb p\u00ebrkohshme <\/strong><br \/>\nNga t\u00eb gjitha k\u00ebto burime e vetmja taks\u00eb e cila paguhet \u00ebsht\u00eb taksa e banimit por edhe kjo\u00a0 n\u00eb m\u00ebnyr\u00eb t\u00eb paligjshme.<br \/>\nEdhe Revizori Republikan ka konstatuar se taksa e banimit n\u00eb Ulqin shpenzohet n\u00eb m\u00ebnyr\u00eb t\u00eb pa ligj\u00ebshme pra p\u00ebr shpenzime tjera e jo p\u00ebr at\u00eb se \u00e7ka jan\u00eb parapar\u00eb.<br \/>\nQytetar\u00ebt mashtrohen kinse organizata \u00ebsht\u00eb e themeluar. Bile, edhe ne panairin e turizmin n\u00eb Budv\u00eb, n\u00eb muajin shkurt t\u00eb k\u00ebtij viti ,me germa t\u00eb m\u00ebdha ishte e shkruar \u201cOrganizata Turistike Ulqin\u201d q\u00eb t\u00eb fitohet bindja q\u00eb kjo organizat\u00eb \u00ebsht\u00eb themeluar dhe funksionon.<br \/>\nT\u00eb nderuar, qytetar\u00eb, t\u00eb nderuar qiradh\u00ebn\u00ebs, t\u00eb nderuar hotelier,<br \/>\nMosfunksionimi i organizat\u00ebs lokale turistike, pagimi paushall dhe i paligjsh\u00ebm i\u00a0 taks\u00ebs s\u00eb banimit, shpenzimi i paligjsh\u00ebm i k\u00ebtyre mjeteve, mos vjelja e mjeteve n\u00eb baz\u00eb t\u00eb burimeve tjera ligjore, ven\u00eb n\u00eb dyshim p\u00ebrgatitjen e sezonit\u00a0 turistik p\u00ebr vitin 2009.<a href=\"http:\/\/www.visit-ulcinj.com\/blog\/wp-content\/uploads\/2008\/09\/verafillon.gif\"><img loading=\"lazy\" class=\"alignright size-medium wp-image-3575\" title=\"verafillon\" src=\"http:\/\/www.visit-ulcinj.com\/blog\/wp-content\/uploads\/2008\/09\/verafillon.gif\" alt=\"\" width=\"169\" height=\"152\" \/><\/a><br \/>\nKy reagim ka p\u00ebr q\u00ebllim q\u00eb edhe nj\u00ebher\u00eb t\u00eb t\u00ebrheq v\u00ebmendjen funksionar\u00ebve lokal q\u00eb t\u00eb mos mashtrojn\u00eb qytetar\u00ebt por t\u00eb zbatojn\u00eb vendimet dhe Ligjet, e n\u00eb koh\u00eb t\u00eb fillojn\u00eb p\u00ebrgatitjen p\u00ebr sezonit turistik 2009.<br \/>\nSezoni i dob\u00ebt turistik i k\u00ebtij viti, do t\u00eb ket\u00eb pasoja afatgjate dhe qytetar\u00ebt nuk do t\u00eb rezistojn\u00eb r\u00ebnien e\u00a0 vazhdueshme t\u00eb t\u00eb ardhurave nga turizmi.<br \/>\nT\u00eb gjith\u00eb ne synojm\u00eb t\u00eb kemi turiz\u00ebm elit\u00eb, por turizmi elit\u00eb k\u00ebrkon nj\u00eb strategji\u00a0 tjet\u00ebr dhe seriozitet. Sigurisht, nuk do zhvillojm\u00eb turiz\u00ebm elit\u00eb m\u00eb k\u00ebt\u00eb nivel past\u00ebrtie,me k\u00ebto rrug\u00eb,me ket\u00eb sistem t\u00eb kanalizimit dhe me k\u00ebto kapacitete turistike.<br \/>\nPushteti ekzekutiv i Ulqinit, me k\u00ebt\u00eb pap\u00ebrgjegj\u00ebsi, do t\u00eb bie qytetar\u00ebt tan\u00eb n\u00eb nj\u00eb situat\u00eb t\u00eb v\u00ebshtir dhe p\u00ebr k\u00ebt\u00eb arsye p\u00ebrs\u00ebri lusim organet p\u00ebrgjegj\u00ebse Republikane t\u00eb p\u00ebrcjellin situat\u00ebn n\u00eb Ulqinit dhe t\u00eb urdh\u00ebrojn\u00eb kryetarin e komun\u00ebs,z-ni Hajdinag\u00ebn, q\u00eb t\u00eb themeloj\u00eb organizat\u00ebn turistike, sepse Ulqini mund t\u00eb behet p\u00ebrs\u00ebri qyteti lider i turizmit t\u00eb Malit t\u00eb Zi.<\/p>\n<p style=\"text-align: left;\"><strong>Ulqin, me 25-09-2008<br \/>\nSh\u00ebrbimi informativ <\/strong><\/p>\n<!--YouTube Error: bad URL entered-->\n","protected":false},"excerpt":{"rendered":"<p>Ligji mbi organizatat turistike \u00ebsht\u00eb miratuar ne fillim t\u00eb vitit 2004 dhe ishte obligim ligjor\u00eb i \u00e7do komun\u00eb t\u00eb themeloj\u00eb organizat\u00ebn lokale Turistike. Komuna e Ulqinit \u00ebsht\u00eb e vetmja komun\u00eb, n\u00eb Mal t\u00eb Zi, e cila nuk e zbatoj\u00a0 ligjin dhe nuk e formoi organizat\u00ebn turistike dhe me k\u00ebt\u00eb sjelli d\u00ebm t\u00eb madh qytetar\u00ebve, Komun\u00ebs [&hellip;]<\/p>\n","protected":false},"author":1,"featured_media":0,"comment_status":"open","ping_status":"closed","sticky":false,"template":"","format":"standard","meta":{"spay_email":"","jetpack_publicize_message":"","jetpack_is_tweetstorm":false,"jetpack_publicize_feature_enabled":true},"categories":[1,6,15],"tags":[672,95,19,18],"jetpack_publicize_connections":[],"yoast_head":"<!-- This site is optimized with the Yoast SEO plugin v19.1 - https:\/\/yoast.com\/wordpress\/plugins\/seo\/ -->\n<title>Kumtes\u00eb e Forc\u00ebs s\u00eb re demokratike:(Mos)themelimi i Organizat\u00ebs lokale Turistike n\u00eb Ulqin - Lajme nga Ulqini<\/title>\n<meta name=\"description\" content=\"Ligji mbi organizatat turistike \u00ebsht\u00eb miratuar ne fillim t\u00eb vitit 2004 dhe ishte obligim ligjor\u00eb i \u00e7do komun\u00eb t\u00eb themeloj\u00eb organizat\u00ebn lokale Turistike.\" \/>\n<meta name=\"robots\" content=\"index, follow, max-snippet:-1, max-image-preview:large, max-video-preview:-1\" \/>\n<link rel=\"canonical\" href=\"https:\/\/www.visit-ulcinj.com\/blog\/2008\/09\/25\/kumtese-forces-mosthemelimi-i-organizata-lokale-turistike-ne-ulqin\/\" \/>\n<meta property=\"og:locale\" content=\"en_US\" \/>\n<meta property=\"og:type\" content=\"article\" \/>\n<meta property=\"og:title\" content=\"Kumtes\u00eb e Forc\u00ebs s\u00eb re demokratike:(Mos)themelimi i Organizat\u00ebs lokale Turistike n\u00eb Ulqin - Lajme nga Ulqini\" \/>\n<meta property=\"og:description\" content=\"Ligji mbi organizatat turistike \u00ebsht\u00eb miratuar ne fillim t\u00eb vitit 2004 dhe ishte obligim ligjor\u00eb i \u00e7do komun\u00eb t\u00eb themeloj\u00eb organizat\u00ebn lokale Turistike.\" \/>\n<meta property=\"og:url\" content=\"https:\/\/www.visit-ulcinj.com\/blog\/2008\/09\/25\/kumtese-forces-mosthemelimi-i-organizata-lokale-turistike-ne-ulqin\/\" \/>\n<meta property=\"og:site_name\" content=\"Lajme nga Ulqini\" \/>\n<meta property=\"article:published_time\" content=\"2008-09-25T15:49:32+00:00\" \/>\n<meta property=\"article:modified_time\" content=\"2008-10-17T19:17:55+00:00\" \/>\n<meta property=\"og:image\" content=\"http:\/\/www.visit-ulcinj.com\/blog\/wp-content\/uploads\/2008\/02\/forca-e-re-demokratike-logo.gif\" \/>\n<meta name=\"twitter:label1\" content=\"Written by\" \/>\n\t<meta name=\"twitter:data1\" content=\"ulqini\" \/>\n\t<meta name=\"twitter:label2\" content=\"Est. reading time\" \/>\n\t<meta name=\"twitter:data2\" content=\"3 minutes\" \/>\n<script type=\"application\/ld+json\" class=\"yoast-schema-graph\">{\"@context\":\"https:\/\/schema.org\",\"@graph\":[{\"@type\":\"WebSite\",\"@id\":\"https:\/\/www.visit-ulcinj.com\/blog\/#website\",\"url\":\"https:\/\/www.visit-ulcinj.com\/blog\/\",\"name\":\"Lajme nga Ulqini\",\"description\":\"Lajme,Vijesti,Ulqini,Ulqin,Crna Gora,Mali i Zi\",\"potentialAction\":[{\"@type\":\"SearchAction\",\"target\":{\"@type\":\"EntryPoint\",\"urlTemplate\":\"https:\/\/www.visit-ulcinj.com\/blog\/?s={search_term_string}\"},\"query-input\":\"required name=search_term_string\"}],\"inLanguage\":\"en-US\"},{\"@type\":\"ImageObject\",\"inLanguage\":\"en-US\",\"@id\":\"https:\/\/www.visit-ulcinj.com\/blog\/2008\/09\/25\/kumtese-forces-mosthemelimi-i-organizata-lokale-turistike-ne-ulqin\/#primaryimage\",\"url\":\"http:\/\/www.visit-ulcinj.com\/blog\/wp-content\/uploads\/2008\/02\/forca-e-re-demokratike-logo.gif\",\"contentUrl\":\"http:\/\/www.visit-ulcinj.com\/blog\/wp-content\/uploads\/2008\/02\/forca-e-re-demokratike-logo.gif\"},{\"@type\":\"WebPage\",\"@id\":\"https:\/\/www.visit-ulcinj.com\/blog\/2008\/09\/25\/kumtese-forces-mosthemelimi-i-organizata-lokale-turistike-ne-ulqin\/#webpage\",\"url\":\"https:\/\/www.visit-ulcinj.com\/blog\/2008\/09\/25\/kumtese-forces-mosthemelimi-i-organizata-lokale-turistike-ne-ulqin\/\",\"name\":\"Kumtes\u00eb e Forc\u00ebs s\u00eb re demokratike:(Mos)themelimi i Organizat\u00ebs lokale Turistike n\u00eb Ulqin - Lajme nga Ulqini\",\"isPartOf\":{\"@id\":\"https:\/\/www.visit-ulcinj.com\/blog\/#website\"},\"primaryImageOfPage\":{\"@id\":\"https:\/\/www.visit-ulcinj.com\/blog\/2008\/09\/25\/kumtese-forces-mosthemelimi-i-organizata-lokale-turistike-ne-ulqin\/#primaryimage\"},\"datePublished\":\"2008-09-25T15:49:32+00:00\",\"dateModified\":\"2008-10-17T19:17:55+00:00\",\"author\":{\"@id\":\"https:\/\/www.visit-ulcinj.com\/blog\/#\/schema\/person\/dcab619c614d3038751c63bc2aadc06d\"},\"description\":\"Ligji mbi organizatat turistike \u00ebsht\u00eb miratuar ne fillim t\u00eb vitit 2004 dhe ishte obligim ligjor\u00eb i \u00e7do komun\u00eb t\u00eb themeloj\u00eb organizat\u00ebn lokale Turistike.\",\"breadcrumb\":{\"@id\":\"https:\/\/www.visit-ulcinj.com\/blog\/2008\/09\/25\/kumtese-forces-mosthemelimi-i-organizata-lokale-turistike-ne-ulqin\/#breadcrumb\"},\"inLanguage\":\"en-US\",\"potentialAction\":[{\"@type\":\"ReadAction\",\"target\":[\"https:\/\/www.visit-ulcinj.com\/blog\/2008\/09\/25\/kumtese-forces-mosthemelimi-i-organizata-lokale-turistike-ne-ulqin\/\"]}]},{\"@type\":\"BreadcrumbList\",\"@id\":\"https:\/\/www.visit-ulcinj.com\/blog\/2008\/09\/25\/kumtese-forces-mosthemelimi-i-organizata-lokale-turistike-ne-ulqin\/#breadcrumb\",\"itemListElement\":[{\"@type\":\"ListItem\",\"position\":1,\"name\":\"Kumtes\u00eb e Forc\u00ebs s\u00eb re demokratike:(Mos)themelimi i Organizat\u00ebs lokale Turistike n\u00eb Ulqin\"}]},{\"@type\":\"Person\",\"@id\":\"https:\/\/www.visit-ulcinj.com\/blog\/#\/schema\/person\/dcab619c614d3038751c63bc2aadc06d\",\"name\":\"ulqini\",\"sameAs\":[\"http:\/\/www.visit-ulcinj.com\"],\"url\":\"https:\/\/www.visit-ulcinj.com\/blog\/author\/admin\/\"}]}<\/script>\n<!-- \/ Yoast SEO plugin. -->","yoast_head_json":{"title":"Kumtes\u00eb e Forc\u00ebs s\u00eb re demokratike:(Mos)themelimi i Organizat\u00ebs lokale Turistike n\u00eb Ulqin - Lajme nga Ulqini","description":"Ligji mbi organizatat turistike \u00ebsht\u00eb miratuar ne fillim t\u00eb vitit 2004 dhe ishte obligim ligjor\u00eb i \u00e7do komun\u00eb t\u00eb themeloj\u00eb organizat\u00ebn lokale Turistike.","robots":{"index":"index","follow":"follow","max-snippet":"max-snippet:-1","max-image-preview":"max-image-preview:large","max-video-preview":"max-video-preview:-1"},"canonical":"https:\/\/www.visit-ulcinj.com\/blog\/2008\/09\/25\/kumtese-forces-mosthemelimi-i-organizata-lokale-turistike-ne-ulqin\/","og_locale":"en_US","og_type":"article","og_title":"Kumtes\u00eb e Forc\u00ebs s\u00eb re demokratike:(Mos)themelimi i Organizat\u00ebs lokale Turistike n\u00eb Ulqin - Lajme nga Ulqini","og_description":"Ligji mbi organizatat turistike \u00ebsht\u00eb miratuar ne fillim t\u00eb vitit 2004 dhe ishte obligim ligjor\u00eb i \u00e7do komun\u00eb t\u00eb themeloj\u00eb organizat\u00ebn lokale Turistike.","og_url":"https:\/\/www.visit-ulcinj.com\/blog\/2008\/09\/25\/kumtese-forces-mosthemelimi-i-organizata-lokale-turistike-ne-ulqin\/","og_site_name":"Lajme nga Ulqini","article_published_time":"2008-09-25T15:49:32+00:00","article_modified_time":"2008-10-17T19:17:55+00:00","og_image":[{"url":"http:\/\/www.visit-ulcinj.com\/blog\/wp-content\/uploads\/2008\/02\/forca-e-re-demokratike-logo.gif"}],"twitter_misc":{"Written by":"ulqini","Est. reading time":"3 minutes"},"schema":{"@context":"https:\/\/schema.org","@graph":[{"@type":"WebSite","@id":"https:\/\/www.visit-ulcinj.com\/blog\/#website","url":"https:\/\/www.visit-ulcinj.com\/blog\/","name":"Lajme nga Ulqini","description":"Lajme,Vijesti,Ulqini,Ulqin,Crna Gora,Mali i Zi","potentialAction":[{"@type":"SearchAction","target":{"@type":"EntryPoint","urlTemplate":"https:\/\/www.visit-ulcinj.com\/blog\/?s={search_term_string}"},"query-input":"required name=search_term_string"}],"inLanguage":"en-US"},{"@type":"ImageObject","inLanguage":"en-US","@id":"https:\/\/www.visit-ulcinj.com\/blog\/2008\/09\/25\/kumtese-forces-mosthemelimi-i-organizata-lokale-turistike-ne-ulqin\/#primaryimage","url":"http:\/\/www.visit-ulcinj.com\/blog\/wp-content\/uploads\/2008\/02\/forca-e-re-demokratike-logo.gif","contentUrl":"http:\/\/www.visit-ulcinj.com\/blog\/wp-content\/uploads\/2008\/02\/forca-e-re-demokratike-logo.gif"},{"@type":"WebPage","@id":"https:\/\/www.visit-ulcinj.com\/blog\/2008\/09\/25\/kumtese-forces-mosthemelimi-i-organizata-lokale-turistike-ne-ulqin\/#webpage","url":"https:\/\/www.visit-ulcinj.com\/blog\/2008\/09\/25\/kumtese-forces-mosthemelimi-i-organizata-lokale-turistike-ne-ulqin\/","name":"Kumtes\u00eb e Forc\u00ebs s\u00eb re demokratike:(Mos)themelimi i Organizat\u00ebs lokale Turistike n\u00eb Ulqin - Lajme nga Ulqini","isPartOf":{"@id":"https:\/\/www.visit-ulcinj.com\/blog\/#website"},"primaryImageOfPage":{"@id":"https:\/\/www.visit-ulcinj.com\/blog\/2008\/09\/25\/kumtese-forces-mosthemelimi-i-organizata-lokale-turistike-ne-ulqin\/#primaryimage"},"datePublished":"2008-09-25T15:49:32+00:00","dateModified":"2008-10-17T19:17:55+00:00","author":{"@id":"https:\/\/www.visit-ulcinj.com\/blog\/#\/schema\/person\/dcab619c614d3038751c63bc2aadc06d"},"description":"Ligji mbi organizatat turistike \u00ebsht\u00eb miratuar ne fillim t\u00eb vitit 2004 dhe ishte obligim ligjor\u00eb i \u00e7do komun\u00eb t\u00eb themeloj\u00eb organizat\u00ebn lokale Turistike.","breadcrumb":{"@id":"https:\/\/www.visit-ulcinj.com\/blog\/2008\/09\/25\/kumtese-forces-mosthemelimi-i-organizata-lokale-turistike-ne-ulqin\/#breadcrumb"},"inLanguage":"en-US","potentialAction":[{"@type":"ReadAction","target":["https:\/\/www.visit-ulcinj.com\/blog\/2008\/09\/25\/kumtese-forces-mosthemelimi-i-organizata-lokale-turistike-ne-ulqin\/"]}]},{"@type":"BreadcrumbList","@id":"https:\/\/www.visit-ulcinj.com\/blog\/2008\/09\/25\/kumtese-forces-mosthemelimi-i-organizata-lokale-turistike-ne-ulqin\/#breadcrumb","itemListElement":[{"@type":"ListItem","position":1,"name":"Kumtes\u00eb e Forc\u00ebs s\u00eb re demokratike:(Mos)themelimi i Organizat\u00ebs lokale Turistike n\u00eb Ulqin"}]},{"@type":"Person","@id":"https:\/\/www.visit-ulcinj.com\/blog\/#\/schema\/person\/dcab619c614d3038751c63bc2aadc06d","name":"ulqini","sameAs":["http:\/\/www.visit-ulcinj.com"],"url":"https:\/\/www.visit-ulcinj.com\/blog\/author\/admin\/"}]}},"jetpack_featured_media_url":"","jetpack_sharing_enabled":true,"jetpack_shortlink":"https:\/\/wp.me\/pe6lTn-VD","_links":{"self":[{"href":"https:\/\/www.visit-ulcinj.com\/blog\/wp-json\/wp\/v2\/posts\/3573"}],"collection":[{"href":"https:\/\/www.visit-ulcinj.com\/blog\/wp-json\/wp\/v2\/posts"}],"about":[{"href":"https:\/\/www.visit-ulcinj.com\/blog\/wp-json\/wp\/v2\/types\/post"}],"author":[{"embeddable":true,"href":"https:\/\/www.visit-ulcinj.com\/blog\/wp-json\/wp\/v2\/users\/1"}],"replies":[{"embeddable":true,"href":"https:\/\/www.visit-ulcinj.com\/blog\/wp-json\/wp\/v2\/comments?post=3573"}],"version-history":[{"count":0,"href":"https:\/\/www.visit-ulcinj.com\/blog\/wp-json\/wp\/v2\/posts\/3573\/revisions"}],"wp:attachment":[{"href":"https:\/\/www.visit-ulcinj.com\/blog\/wp-json\/wp\/v2\/media?parent=3573"}],"wp:term":[{"taxonomy":"category","embeddable":true,"href":"https:\/\/www.visit-ulcinj.com\/blog\/wp-json\/wp\/v2\/categories?post=3573"},{"taxonomy":"post_tag","embeddable":true,"href":"https:\/\/www.visit-ulcinj.com\/blog\/wp-json\/wp\/v2\/tags?post=3573"}],"curies":[{"name":"wp","href":"https:\/\/api.w.org\/{rel}","templated":true}]}}