{"id":35734,"date":"2010-08-04T18:31:29","date_gmt":"2010-08-04T16:31:29","guid":{"rendered":"http:\/\/www.visit-ulcinj.com\/blog\/?p=35734"},"modified":"2010-08-08T18:56:36","modified_gmt":"2010-08-08T16:56:36","slug":"vizita-ambasadorit-kroat-ne-ulqin","status":"publish","type":"post","link":"https:\/\/www.visit-ulcinj.com\/blog\/2010\/08\/04\/vizita-ambasadorit-kroat-ne-ulqin\/","title":{"rendered":"Vizita ambasadorit kroat ne Ulqin"},"content":{"rendered":"<p><strong><img loading=\"lazy\" class=\"alignleft size-full wp-image-35735\" title=\"Peter Turcinovic_Nazif Cungu_ulcinj_picnik\" src=\"http:\/\/www.visit-ulcinj.com\/blog\/wp-content\/uploads\/2010\/08\/Peter-Turcinovic_Nazif-Cungu_ulcinj_picnik.jpg\" alt=\"\" width=\"490\" height=\"380\" \/>Ulqin, 03.08.2010<\/strong><\/p>\n<p>Ambasadori i Kroacis\u00eb zot\u00ebri Peter Turcinovic vizitoi Ulqinin me ftes\u00eb t\u00eb kryetarit t\u00eb partis\u00eb Forca zot\u00ebri Nazif Cungut dhe u njoftoi me pun\u00ebn, aktivitetet programore dhe q\u00ebllimet e partis\u00eb.<\/p>\n<p>V\u00ebmendje t\u00eb ve\u00e7ant\u00eb Forca ia dedikoi problemit t\u00eb pozit\u00ebs s\u00eb pakicave n\u00eb Mal t\u00eb Zi, dhe paraqiti q\u00ebndrimet e tyre n\u00eb m\u00ebnyr\u00eb q\u00eb t\u00eb p\u00ebrmir\u00ebsohet statusi i tyre duke ndjekur shembullin e vendeve ne regjion sikur Kroacia n\u00eb miratimin dhe zbatimin e ligjeve p\u00ebr bashk\u00ebsit\u00eb nacionale.<\/p>\n<p>Pas bisedimeve me udh\u00ebheqjen e partis\u00eb, ambasadori Tur?inovi? mbajti nj\u00eb prezantim para disa an\u00ebtar\u00ebve t\u00eb Forc\u00ebs dhe i njoftoi me procesin e integrimit n\u00eb Bashkimin Evropian dhe p\u00ebrcolli p\u00ebrvojat e Kroacis\u00eb n\u00eb k\u00ebt\u00eb drejtim. Ambasadori ishte e hapur edhe p\u00ebr pyetjet dhe komentet p\u00ebr t\u00eb gjith\u00eb t\u00eb pranishmit.<\/p>\n<p>Pas nj\u00eb takimi t\u00eb suksessh\u00ebm zot\u00ebri Turcinovic me krer\u00ebt e Forc\u00ebs vizitoi disa lokalitete t\u00eb Ulqinit sikur Valdanosi dhe Plazhi Madh.<\/p>\n<p><strong>Sh\u00ebrbimi Informativ i Forc\u00ebs<\/strong><\/p>\n<p><strong>\n\t\t<style type=\"text\/css\">\n\t\t\t#gallery-1 {\n\t\t\t\tmargin: auto;\n\t\t\t}\n\t\t\t#gallery-1 .gallery-item {\n\t\t\t\tfloat: left;\n\t\t\t\tmargin-top: 10px;\n\t\t\t\ttext-align: center;\n\t\t\t\twidth: 33%;\n\t\t\t}\n\t\t\t#gallery-1 img {\n\t\t\t\tborder: 2px solid #cfcfcf;\n\t\t\t}\n\t\t\t#gallery-1 .gallery-caption {\n\t\t\t\tmargin-left: 0;\n\t\t\t}\n\t\t\t\/* see gallery_shortcode() in wp-includes\/media.php *\/\n\t\t<\/style>\n\t\t<div id='gallery-1' class='gallery galleryid-35734 gallery-columns-3 gallery-size-thumbnail'><dl class='gallery-item'>\n\t\t\t<dt class='gallery-icon landscape'>\n\t\t\t\t<a href='https:\/\/www.visit-ulcinj.com\/blog\/wp-content\/uploads\/2010\/08\/Peter-Turcinovic_Nazif-Cungu_ulcinj_picnik.jpg'><img width=\"150\" height=\"150\" src=\"https:\/\/www.visit-ulcinj.com\/blog\/wp-content\/uploads\/2010\/08\/Peter-Turcinovic_Nazif-Cungu_ulcinj_picnik-150x150.jpg\" class=\"attachment-thumbnail size-thumbnail\" alt=\"\" loading=\"lazy\" \/><\/a>\n\t\t\t<\/dt><\/dl><dl class='gallery-item'>\n\t\t\t<dt class='gallery-icon landscape'>\n\t\t\t\t<a href='https:\/\/www.visit-ulcinj.com\/blog\/wp-content\/uploads\/2010\/08\/Peter-Turcinovic_Nazif-Cungu_ulcinj_ulqini_picnik.jpg'><img width=\"150\" height=\"150\" src=\"https:\/\/www.visit-ulcinj.com\/blog\/wp-content\/uploads\/2010\/08\/Peter-Turcinovic_Nazif-Cungu_ulcinj_ulqini_picnik-150x150.jpg\" class=\"attachment-thumbnail size-thumbnail\" alt=\"\" loading=\"lazy\" \/><\/a>\n\t\t\t<\/dt><\/dl><dl class='gallery-item'>\n\t\t\t<dt class='gallery-icon landscape'>\n\t\t\t\t<a href='https:\/\/www.visit-ulcinj.com\/blog\/wp-content\/uploads\/2010\/08\/Peter-Turcinovic_Nazif-Cungu_ulcinj_ulqini_.jpg'><img width=\"150\" height=\"150\" src=\"https:\/\/www.visit-ulcinj.com\/blog\/wp-content\/uploads\/2010\/08\/Peter-Turcinovic_Nazif-Cungu_ulcinj_ulqini_-150x150.jpg\" class=\"attachment-thumbnail size-thumbnail\" alt=\"\" loading=\"lazy\" \/><\/a>\n\t\t\t<\/dt><\/dl><br style=\"clear: both\" \/>\n\t\t<\/div>\n<br \/>\n<\/strong><\/p>\n","protected":false},"excerpt":{"rendered":"<p>Ulqin, 03.08.2010 Ambasadori i Kroacis\u00eb zot\u00ebri Peter Turcinovic vizitoi Ulqinin me ftes\u00eb t\u00eb kryetarit t\u00eb partis\u00eb Forca zot\u00ebri Nazif Cungut dhe u njoftoi me pun\u00ebn, aktivitetet programore dhe q\u00ebllimet e partis\u00eb. V\u00ebmendje t\u00eb ve\u00e7ant\u00eb Forca ia dedikoi problemit t\u00eb pozit\u00ebs s\u00eb pakicave n\u00eb Mal t\u00eb Zi, dhe paraqiti q\u00ebndrimet e tyre n\u00eb m\u00ebnyr\u00eb q\u00eb t\u00eb [&hellip;]<\/p>\n","protected":false},"author":1,"featured_media":0,"comment_status":"open","ping_status":"closed","sticky":false,"template":"","format":"standard","meta":{"spay_email":"","jetpack_publicize_message":"","jetpack_is_tweetstorm":false,"jetpack_publicize_feature_enabled":true},"categories":[6950,6],"tags":[14937,672,14939,14938],"jetpack_publicize_connections":[],"yoast_head":"<!-- This site is optimized with the Yoast SEO plugin v19.1 - https:\/\/yoast.com\/wordpress\/plugins\/seo\/ -->\n<title>Vizita ambasadorit kroat ne Ulqin - Lajme nga Ulqini<\/title>\n<meta name=\"description\" content=\"Ulqin, 03.08.2010 Ambasadori i Kroacis\u00eb zot\u00ebri Peter Turcinovic vizitoi Ulqinin me ftes\u00eb t\u00eb kryetarit t\u00eb partis\u00eb Forca zot\u00ebri Nazif Cungut dhe u njoftoi\" \/>\n<meta name=\"robots\" content=\"index, follow, max-snippet:-1, max-image-preview:large, max-video-preview:-1\" \/>\n<link rel=\"canonical\" href=\"https:\/\/www.visit-ulcinj.com\/blog\/2010\/08\/04\/vizita-ambasadorit-kroat-ne-ulqin\/\" \/>\n<meta property=\"og:locale\" content=\"en_US\" \/>\n<meta property=\"og:type\" content=\"article\" \/>\n<meta property=\"og:title\" content=\"Vizita ambasadorit kroat ne Ulqin - Lajme nga Ulqini\" \/>\n<meta property=\"og:description\" content=\"Ulqin, 03.08.2010 Ambasadori i Kroacis\u00eb zot\u00ebri Peter Turcinovic vizitoi Ulqinin me ftes\u00eb t\u00eb kryetarit t\u00eb partis\u00eb Forca zot\u00ebri Nazif Cungut dhe u njoftoi\" \/>\n<meta property=\"og:url\" content=\"https:\/\/www.visit-ulcinj.com\/blog\/2010\/08\/04\/vizita-ambasadorit-kroat-ne-ulqin\/\" \/>\n<meta property=\"og:site_name\" content=\"Lajme nga Ulqini\" \/>\n<meta property=\"article:published_time\" content=\"2010-08-04T16:31:29+00:00\" \/>\n<meta property=\"article:modified_time\" content=\"2010-08-08T16:56:36+00:00\" \/>\n<meta property=\"og:image\" content=\"https:\/\/www.visit-ulcinj.com\/blog\/wp-content\/uploads\/2010\/08\/Peter-Turcinovic_Nazif-Cungu_ulcinj_picnik-150x150.jpg\" \/>\n<meta name=\"twitter:label1\" content=\"Written by\" \/>\n\t<meta name=\"twitter:data1\" content=\"ulqini\" \/>\n\t<meta name=\"twitter:label2\" content=\"Est. reading time\" \/>\n\t<meta name=\"twitter:data2\" content=\"1 minute\" \/>\n<script type=\"application\/ld+json\" class=\"yoast-schema-graph\">{\"@context\":\"https:\/\/schema.org\",\"@graph\":[{\"@type\":\"WebSite\",\"@id\":\"https:\/\/www.visit-ulcinj.com\/blog\/#website\",\"url\":\"https:\/\/www.visit-ulcinj.com\/blog\/\",\"name\":\"Lajme nga Ulqini\",\"description\":\"Lajme,Vijesti,Ulqini,Ulqin,Crna Gora,Mali i Zi\",\"potentialAction\":[{\"@type\":\"SearchAction\",\"target\":{\"@type\":\"EntryPoint\",\"urlTemplate\":\"https:\/\/www.visit-ulcinj.com\/blog\/?s={search_term_string}\"},\"query-input\":\"required name=search_term_string\"}],\"inLanguage\":\"en-US\"},{\"@type\":\"ImageObject\",\"inLanguage\":\"en-US\",\"@id\":\"https:\/\/www.visit-ulcinj.com\/blog\/2010\/08\/04\/vizita-ambasadorit-kroat-ne-ulqin\/#primaryimage\",\"url\":\"https:\/\/www.visit-ulcinj.com\/blog\/wp-content\/uploads\/2010\/08\/Peter-Turcinovic_Nazif-Cungu_ulcinj_picnik.jpg\",\"contentUrl\":\"https:\/\/www.visit-ulcinj.com\/blog\/wp-content\/uploads\/2010\/08\/Peter-Turcinovic_Nazif-Cungu_ulcinj_picnik.jpg\",\"width\":\"1040\",\"height\":\"780\"},{\"@type\":\"WebPage\",\"@id\":\"https:\/\/www.visit-ulcinj.com\/blog\/2010\/08\/04\/vizita-ambasadorit-kroat-ne-ulqin\/#webpage\",\"url\":\"https:\/\/www.visit-ulcinj.com\/blog\/2010\/08\/04\/vizita-ambasadorit-kroat-ne-ulqin\/\",\"name\":\"Vizita ambasadorit kroat ne Ulqin - Lajme nga Ulqini\",\"isPartOf\":{\"@id\":\"https:\/\/www.visit-ulcinj.com\/blog\/#website\"},\"primaryImageOfPage\":{\"@id\":\"https:\/\/www.visit-ulcinj.com\/blog\/2010\/08\/04\/vizita-ambasadorit-kroat-ne-ulqin\/#primaryimage\"},\"datePublished\":\"2010-08-04T16:31:29+00:00\",\"dateModified\":\"2010-08-08T16:56:36+00:00\",\"author\":{\"@id\":\"https:\/\/www.visit-ulcinj.com\/blog\/#\/schema\/person\/dcab619c614d3038751c63bc2aadc06d\"},\"description\":\"Ulqin, 03.08.2010 Ambasadori i Kroacis\u00eb zot\u00ebri Peter Turcinovic vizitoi Ulqinin me ftes\u00eb t\u00eb kryetarit t\u00eb partis\u00eb Forca zot\u00ebri Nazif Cungut dhe u njoftoi\",\"breadcrumb\":{\"@id\":\"https:\/\/www.visit-ulcinj.com\/blog\/2010\/08\/04\/vizita-ambasadorit-kroat-ne-ulqin\/#breadcrumb\"},\"inLanguage\":\"en-US\",\"potentialAction\":[{\"@type\":\"ReadAction\",\"target\":[\"https:\/\/www.visit-ulcinj.com\/blog\/2010\/08\/04\/vizita-ambasadorit-kroat-ne-ulqin\/\"]}]},{\"@type\":\"BreadcrumbList\",\"@id\":\"https:\/\/www.visit-ulcinj.com\/blog\/2010\/08\/04\/vizita-ambasadorit-kroat-ne-ulqin\/#breadcrumb\",\"itemListElement\":[{\"@type\":\"ListItem\",\"position\":1,\"name\":\"Vizita ambasadorit kroat ne Ulqin\"}]},{\"@type\":\"Person\",\"@id\":\"https:\/\/www.visit-ulcinj.com\/blog\/#\/schema\/person\/dcab619c614d3038751c63bc2aadc06d\",\"name\":\"ulqini\",\"sameAs\":[\"http:\/\/www.visit-ulcinj.com\"],\"url\":\"https:\/\/www.visit-ulcinj.com\/blog\/author\/admin\/\"}]}<\/script>\n<!-- \/ Yoast SEO plugin. -->","yoast_head_json":{"title":"Vizita ambasadorit kroat ne Ulqin - Lajme nga Ulqini","description":"Ulqin, 03.08.2010 Ambasadori i Kroacis\u00eb zot\u00ebri Peter Turcinovic vizitoi Ulqinin me ftes\u00eb t\u00eb kryetarit t\u00eb partis\u00eb Forca zot\u00ebri Nazif Cungut dhe u njoftoi","robots":{"index":"index","follow":"follow","max-snippet":"max-snippet:-1","max-image-preview":"max-image-preview:large","max-video-preview":"max-video-preview:-1"},"canonical":"https:\/\/www.visit-ulcinj.com\/blog\/2010\/08\/04\/vizita-ambasadorit-kroat-ne-ulqin\/","og_locale":"en_US","og_type":"article","og_title":"Vizita ambasadorit kroat ne Ulqin - Lajme nga Ulqini","og_description":"Ulqin, 03.08.2010 Ambasadori i Kroacis\u00eb zot\u00ebri Peter Turcinovic vizitoi Ulqinin me ftes\u00eb t\u00eb kryetarit t\u00eb partis\u00eb Forca zot\u00ebri Nazif Cungut dhe u njoftoi","og_url":"https:\/\/www.visit-ulcinj.com\/blog\/2010\/08\/04\/vizita-ambasadorit-kroat-ne-ulqin\/","og_site_name":"Lajme nga Ulqini","article_published_time":"2010-08-04T16:31:29+00:00","article_modified_time":"2010-08-08T16:56:36+00:00","og_image":[{"url":"https:\/\/www.visit-ulcinj.com\/blog\/wp-content\/uploads\/2010\/08\/Peter-Turcinovic_Nazif-Cungu_ulcinj_picnik-150x150.jpg"}],"twitter_misc":{"Written by":"ulqini","Est. reading time":"1 minute"},"schema":{"@context":"https:\/\/schema.org","@graph":[{"@type":"WebSite","@id":"https:\/\/www.visit-ulcinj.com\/blog\/#website","url":"https:\/\/www.visit-ulcinj.com\/blog\/","name":"Lajme nga Ulqini","description":"Lajme,Vijesti,Ulqini,Ulqin,Crna Gora,Mali i Zi","potentialAction":[{"@type":"SearchAction","target":{"@type":"EntryPoint","urlTemplate":"https:\/\/www.visit-ulcinj.com\/blog\/?s={search_term_string}"},"query-input":"required name=search_term_string"}],"inLanguage":"en-US"},{"@type":"ImageObject","inLanguage":"en-US","@id":"https:\/\/www.visit-ulcinj.com\/blog\/2010\/08\/04\/vizita-ambasadorit-kroat-ne-ulqin\/#primaryimage","url":"https:\/\/www.visit-ulcinj.com\/blog\/wp-content\/uploads\/2010\/08\/Peter-Turcinovic_Nazif-Cungu_ulcinj_picnik.jpg","contentUrl":"https:\/\/www.visit-ulcinj.com\/blog\/wp-content\/uploads\/2010\/08\/Peter-Turcinovic_Nazif-Cungu_ulcinj_picnik.jpg","width":"1040","height":"780"},{"@type":"WebPage","@id":"https:\/\/www.visit-ulcinj.com\/blog\/2010\/08\/04\/vizita-ambasadorit-kroat-ne-ulqin\/#webpage","url":"https:\/\/www.visit-ulcinj.com\/blog\/2010\/08\/04\/vizita-ambasadorit-kroat-ne-ulqin\/","name":"Vizita ambasadorit kroat ne Ulqin - Lajme nga Ulqini","isPartOf":{"@id":"https:\/\/www.visit-ulcinj.com\/blog\/#website"},"primaryImageOfPage":{"@id":"https:\/\/www.visit-ulcinj.com\/blog\/2010\/08\/04\/vizita-ambasadorit-kroat-ne-ulqin\/#primaryimage"},"datePublished":"2010-08-04T16:31:29+00:00","dateModified":"2010-08-08T16:56:36+00:00","author":{"@id":"https:\/\/www.visit-ulcinj.com\/blog\/#\/schema\/person\/dcab619c614d3038751c63bc2aadc06d"},"description":"Ulqin, 03.08.2010 Ambasadori i Kroacis\u00eb zot\u00ebri Peter Turcinovic vizitoi Ulqinin me ftes\u00eb t\u00eb kryetarit t\u00eb partis\u00eb Forca zot\u00ebri Nazif Cungut dhe u njoftoi","breadcrumb":{"@id":"https:\/\/www.visit-ulcinj.com\/blog\/2010\/08\/04\/vizita-ambasadorit-kroat-ne-ulqin\/#breadcrumb"},"inLanguage":"en-US","potentialAction":[{"@type":"ReadAction","target":["https:\/\/www.visit-ulcinj.com\/blog\/2010\/08\/04\/vizita-ambasadorit-kroat-ne-ulqin\/"]}]},{"@type":"BreadcrumbList","@id":"https:\/\/www.visit-ulcinj.com\/blog\/2010\/08\/04\/vizita-ambasadorit-kroat-ne-ulqin\/#breadcrumb","itemListElement":[{"@type":"ListItem","position":1,"name":"Vizita ambasadorit kroat ne Ulqin"}]},{"@type":"Person","@id":"https:\/\/www.visit-ulcinj.com\/blog\/#\/schema\/person\/dcab619c614d3038751c63bc2aadc06d","name":"ulqini","sameAs":["http:\/\/www.visit-ulcinj.com"],"url":"https:\/\/www.visit-ulcinj.com\/blog\/author\/admin\/"}]}},"jetpack_featured_media_url":"","jetpack_sharing_enabled":true,"jetpack_shortlink":"https:\/\/wp.me\/pe6lTn-9im","_links":{"self":[{"href":"https:\/\/www.visit-ulcinj.com\/blog\/wp-json\/wp\/v2\/posts\/35734"}],"collection":[{"href":"https:\/\/www.visit-ulcinj.com\/blog\/wp-json\/wp\/v2\/posts"}],"about":[{"href":"https:\/\/www.visit-ulcinj.com\/blog\/wp-json\/wp\/v2\/types\/post"}],"author":[{"embeddable":true,"href":"https:\/\/www.visit-ulcinj.com\/blog\/wp-json\/wp\/v2\/users\/1"}],"replies":[{"embeddable":true,"href":"https:\/\/www.visit-ulcinj.com\/blog\/wp-json\/wp\/v2\/comments?post=35734"}],"version-history":[{"count":0,"href":"https:\/\/www.visit-ulcinj.com\/blog\/wp-json\/wp\/v2\/posts\/35734\/revisions"}],"wp:attachment":[{"href":"https:\/\/www.visit-ulcinj.com\/blog\/wp-json\/wp\/v2\/media?parent=35734"}],"wp:term":[{"taxonomy":"category","embeddable":true,"href":"https:\/\/www.visit-ulcinj.com\/blog\/wp-json\/wp\/v2\/categories?post=35734"},{"taxonomy":"post_tag","embeddable":true,"href":"https:\/\/www.visit-ulcinj.com\/blog\/wp-json\/wp\/v2\/tags?post=35734"}],"curies":[{"name":"wp","href":"https:\/\/api.w.org\/{rel}","templated":true}]}}