{"id":35741,"date":"2010-08-05T00:01:07","date_gmt":"2010-08-04T22:01:07","guid":{"rendered":"http:\/\/www.visit-ulcinj.com\/blog\/?p=35741"},"modified":"2010-08-05T00:09:12","modified_gmt":"2010-08-04T22:09:12","slug":"dps-je-strah-od-primjene-zakona","status":"publish","type":"post","link":"https:\/\/www.visit-ulcinj.com\/blog\/2010\/08\/05\/dps-je-strah-od-primjene-zakona\/","title":{"rendered":"DPS je strah od primjene zakona"},"content":{"rendered":"<p><strong><img loading=\"lazy\" class=\"alignleft size-full wp-image-35745\" title=\"Selim Resulbegoviq\" src=\"http:\/\/www.visit-ulcinj.com\/blog\/wp-content\/uploads\/2010\/08\/Selim-Resulbegoviq.jpg\" alt=\"\" width=\"490\" height=\"518\" srcset=\"https:\/\/www.visit-ulcinj.com\/blog\/wp-content\/uploads\/2010\/08\/Selim-Resulbegoviq.jpg 490w, https:\/\/www.visit-ulcinj.com\/blog\/wp-content\/uploads\/2010\/08\/Selim-Resulbegoviq-283x300.jpg 283w\" sizes=\"(max-width: 490px) 100vw, 490px\" \/>Predsjednik ulcinjskog SDP-a Selim Resulbegovi? tvrdi:<\/strong><br \/>\nUlcinj &#8211; \u0160ef ulcinjske Socijaldemokratske partije Selim Resulbegovi? kazao je ju?e da je jasno da koalicija DUA i DPS do skup\u0161tinske ve?ine i mogu?nosti da bira predsjednika Skup\u0161tine op\u0161tine Ulcinj mo\u017ee do?i samo kroz dogovor i koaliciju sa SDP- om.<br \/>\n\u201cS druge strane, SDP od po?etka ima ponudu drugog bloka na ?elu sa Forcom, koji nam nudi ne samo mjesto predsjednika SO nego i funkciju gradona?elnika. To zna?i da mi od koalicionih partnera tra\u017eimo da jedno od mjesta koje mo\u017eemo dobiti samo zajedni?ki, pripadne nama u ukupnoj raspodjeli svih funkcija koje se dobijaju formiranjem skup\u0161tinske ve?ine\u201d, rekao je Resulbegovi? u intervjuu \u201eVijestima\u201c.<\/p>\n<p>\u2022 Mislite li da je pretjerano da partija sa dva mandata ili ne\u0161to vi\u0161e od \u0161est odsto podr\u0161ke bira?kog tijela u Ulcinju mo\u017ee ispostavljati krupne zahtjeve za formiranje ve?ine i direktno inicirati vanredne izbore?<br \/>\nNe razumijem za\u0161to je to pretjerano kada je u pitanju Ulcinj i ako je to sasvim uobi?ajena stvar u parlamentarnoj demokratiji. Recimo, u Podgorici je DPS-u falio samo jedan mandat za formiranje ve?ine i niko nije postavljao pitanje predsjednika gradskog parlamenta, a da ne nabrajam i druge primjere. Mislim da se ovdje radi o ne?emu drugom, strahu i nespremnosti da se u?e u koaliciju koja bi funkcionisala na druga?iji na?in i uz potpuno uva\u017eavanje zakonskih ingerencija svih institucija i korektniji odnos koalicionih partnera.<\/p>\n<p>\u2022 Kako komentari\u0161ete mogu?nost novih izbora koje je najavio \u0161ef ulcinjskog DPS-a Ljui? \u0160krelja i koliko je to, prema Va\u0161oj procjeni, realna opcija?<br \/>\nMi smo jo\u0161 prije desetak dana rekli da su novi izbori najrealnija opcija razrje\u0161enja postizborne politi?ke krize u Ulcinju. \u0160to se ti?e \u0160kreljine najave, valja podsjetiti da je on, od izbora do danas dao mnoge kontradiktorne izjave o na?inu izlaska iz ove situacije.<br \/>\nSjetimo se, od po?etnih izjava da je koalicija sa SDP-om gotova stvar, stigli smo do najava koalicije sa Forcom, pa poslije toga sa Perspektivom i slanja SDP-a u opoziciju. Od ?vrstih uvjeravanja da nema novih izbora, stigli smo eto i do izjave da su oni ipak izvjesni.<\/p>\n<p>\u2022 Za\u0161to je SDP bila tvrdoglava u zahtjevu za funkciju predsjednika SO? Da li je ta funkcija obezbje?ivala kontrolu izvr\u0161ne vlasti i da li je SDP time ucjenjivao DPS, kako tvrdi \u0160krelja?<br \/>\nEtiketiranje SDP-a kao tvrdoglavog pregovara?a apsolutno ne stoji. Cijene?i iskustva iz prethodnog mandata, gdje nijesmo bili uva\u017eeni i pored postignutih dogovora, te prihva?ene na\u0161e ocjene da dosada\u0161nji rezultati nijesu bili na nivo o?ekivanog, natjeralo nas je da prilikom raspodjela funkcija tra\u017eimo i mjesto predsjednika Skup\u0161tine. Ono bi nam omogu?ilo da ?vr\u0161?e garantujemo funkcionisanje onog segmenta izvr\u0161ne vlasti za koju preuzimamo odgovornost, efikasniji i transparentniji rad organa lokalne vlasti kroz potpuno po\u0161tovanje ingerencija i zakonskih obaveza pojedinih djelova te vlasti.<br \/>\nPozivanje na predizborni sporazum izme?u DUA i DPS, kojim su, kako ka\u017eu iz DPS-a, poru?ili da to mjesto pripada njima, ne zaslu\u017euje ozbiljniji komentar. Takvi sporazumi va\u017ee samo ako potpisnici osvoje ve?inu i svako insistiranje da neko ko nije ni potpisnik takvog sporazuma treba da ga po\u0161tuje, zaista je smije\u0161no.<\/p>\n<p>\u2022 \u0160to bi SDP dobila, a \u0161to izgubila eventualnim vanrednim izborima?<br \/>\nPo mi\u0161ljenju mnogih, SDP je jedini politi?ki subjekt koji u nove izbore mo\u017ee u?i siguran da ?e, u najmanju ruku, ponoviti rezultat iz maja. Me?utim, raspisivanje novih izbora bi zna?ilo nastavak vakuuma u funkcionisanju lokalne vlasti, dodatno iscrpljivanje bira?a i znatne materijalne tro\u0161kove, a na kraju nije isklju?eno da se mo\u017ee ponoviti isti ili sli?ni krajnji rezultat. Zbog toga mi mislimo da bi ipak racionalnije bilo izna?i politi?ki dogovor oko koalicije o kojoj je rije?.<\/p>\n<p>\u2022 Za\u0161to Vam centrala iz Podgorice nije dozvolila koaliciju sa drugim blokom koji predvodi Forca, kako to tvrdi poslanik te partije Genci Nimanbegu?<br \/>\nU dosada\u0161njim konsultacijama sa rukovodstvom SDP u vezi sa koalacijom sa drugim politi?kim blokom koji predvodi Forca, do\u0161li smo do zajedni?kog zaklju?ka, da stvaranje parlamentarne ve?ine sa ovom politi?kom grupacijom, ne bi bilo cjelishodno, jer bi takva ve?ina bila u stalnom sukobu sa izvr\u0161nom vla\u0161?u, \u0161to bi vodilo, daljem pogor\u0161aju efikasnosti rada lokalne uprave.<\/p>\n<p><strong>Samir ADROVI?<br \/>\n<a href=\"http:\/\/www.vijesti.me\/\" target=\"_blank\">Vijesti<\/a><\/strong><\/p>\n","protected":false},"excerpt":{"rendered":"<p>Predsjednik ulcinjskog SDP-a Selim Resulbegovi? tvrdi: Ulcinj &#8211; \u0160ef ulcinjske Socijaldemokratske partije Selim Resulbegovi? kazao je ju?e da je jasno da koalicija DUA i DPS do skup\u0161tinske ve?ine i mogu?nosti da bira predsjednika Skup\u0161tine op\u0161tine Ulcinj mo\u017ee do?i samo kroz dogovor i koaliciju sa SDP- om. \u201cS druge strane, SDP od po?etka ima ponudu drugog [&hellip;]<\/p>\n","protected":false},"author":1,"featured_media":0,"comment_status":"open","ping_status":"closed","sticky":false,"template":"","format":"standard","meta":{"spay_email":"","jetpack_publicize_message":"","jetpack_is_tweetstorm":false,"jetpack_publicize_feature_enabled":true},"categories":[8337],"tags":[530,87,701,1055,19],"jetpack_publicize_connections":[],"yoast_head":"<!-- This site is optimized with the Yoast SEO plugin v19.1 - https:\/\/yoast.com\/wordpress\/plugins\/seo\/ -->\n<title>DPS je strah od primjene zakona - Lajme nga Ulqini<\/title>\n<meta name=\"description\" content=\"Predsjednik ulcinjskog SDP-a Selim Resulbegovi? tvrdi: Ulcinj - \u0160ef ulcinjske Socijaldemokratske partije Selim Resulbegovi? kazao je ju?e da je jasno da\" \/>\n<meta name=\"robots\" content=\"index, follow, max-snippet:-1, max-image-preview:large, max-video-preview:-1\" \/>\n<link rel=\"canonical\" href=\"https:\/\/www.visit-ulcinj.com\/blog\/2010\/08\/05\/dps-je-strah-od-primjene-zakona\/\" \/>\n<meta property=\"og:locale\" content=\"en_US\" \/>\n<meta property=\"og:type\" content=\"article\" \/>\n<meta property=\"og:title\" content=\"DPS je strah od primjene zakona - Lajme nga Ulqini\" \/>\n<meta property=\"og:description\" content=\"Predsjednik ulcinjskog SDP-a Selim Resulbegovi? tvrdi: Ulcinj - \u0160ef ulcinjske Socijaldemokratske partije Selim Resulbegovi? kazao je ju?e da je jasno da\" \/>\n<meta property=\"og:url\" content=\"https:\/\/www.visit-ulcinj.com\/blog\/2010\/08\/05\/dps-je-strah-od-primjene-zakona\/\" \/>\n<meta property=\"og:site_name\" content=\"Lajme nga Ulqini\" \/>\n<meta property=\"article:published_time\" content=\"2010-08-04T22:01:07+00:00\" \/>\n<meta property=\"article:modified_time\" content=\"2010-08-04T22:09:12+00:00\" \/>\n<meta property=\"og:image\" content=\"http:\/\/www.visit-ulcinj.com\/blog\/wp-content\/uploads\/2010\/08\/Selim-Resulbegoviq.jpg\" \/>\n<meta name=\"twitter:label1\" content=\"Written by\" \/>\n\t<meta name=\"twitter:data1\" content=\"ulqini\" \/>\n\t<meta name=\"twitter:label2\" content=\"Est. reading time\" \/>\n\t<meta name=\"twitter:data2\" content=\"4 minutes\" \/>\n<script type=\"application\/ld+json\" class=\"yoast-schema-graph\">{\"@context\":\"https:\/\/schema.org\",\"@graph\":[{\"@type\":\"WebSite\",\"@id\":\"https:\/\/www.visit-ulcinj.com\/blog\/#website\",\"url\":\"https:\/\/www.visit-ulcinj.com\/blog\/\",\"name\":\"Lajme nga Ulqini\",\"description\":\"Lajme,Vijesti,Ulqini,Ulqin,Crna Gora,Mali i Zi\",\"potentialAction\":[{\"@type\":\"SearchAction\",\"target\":{\"@type\":\"EntryPoint\",\"urlTemplate\":\"https:\/\/www.visit-ulcinj.com\/blog\/?s={search_term_string}\"},\"query-input\":\"required name=search_term_string\"}],\"inLanguage\":\"en-US\"},{\"@type\":\"ImageObject\",\"inLanguage\":\"en-US\",\"@id\":\"https:\/\/www.visit-ulcinj.com\/blog\/2010\/08\/05\/dps-je-strah-od-primjene-zakona\/#primaryimage\",\"url\":\"https:\/\/www.visit-ulcinj.com\/blog\/wp-content\/uploads\/2010\/08\/Selim-Resulbegoviq.jpg\",\"contentUrl\":\"https:\/\/www.visit-ulcinj.com\/blog\/wp-content\/uploads\/2010\/08\/Selim-Resulbegoviq.jpg\",\"width\":\"490\",\"height\":\"518\"},{\"@type\":\"WebPage\",\"@id\":\"https:\/\/www.visit-ulcinj.com\/blog\/2010\/08\/05\/dps-je-strah-od-primjene-zakona\/#webpage\",\"url\":\"https:\/\/www.visit-ulcinj.com\/blog\/2010\/08\/05\/dps-je-strah-od-primjene-zakona\/\",\"name\":\"DPS je strah od primjene zakona - Lajme nga Ulqini\",\"isPartOf\":{\"@id\":\"https:\/\/www.visit-ulcinj.com\/blog\/#website\"},\"primaryImageOfPage\":{\"@id\":\"https:\/\/www.visit-ulcinj.com\/blog\/2010\/08\/05\/dps-je-strah-od-primjene-zakona\/#primaryimage\"},\"datePublished\":\"2010-08-04T22:01:07+00:00\",\"dateModified\":\"2010-08-04T22:09:12+00:00\",\"author\":{\"@id\":\"https:\/\/www.visit-ulcinj.com\/blog\/#\/schema\/person\/dcab619c614d3038751c63bc2aadc06d\"},\"description\":\"Predsjednik ulcinjskog SDP-a Selim Resulbegovi? tvrdi: Ulcinj - \u0160ef ulcinjske Socijaldemokratske partije Selim Resulbegovi? kazao je ju?e da je jasno da\",\"breadcrumb\":{\"@id\":\"https:\/\/www.visit-ulcinj.com\/blog\/2010\/08\/05\/dps-je-strah-od-primjene-zakona\/#breadcrumb\"},\"inLanguage\":\"en-US\",\"potentialAction\":[{\"@type\":\"ReadAction\",\"target\":[\"https:\/\/www.visit-ulcinj.com\/blog\/2010\/08\/05\/dps-je-strah-od-primjene-zakona\/\"]}]},{\"@type\":\"BreadcrumbList\",\"@id\":\"https:\/\/www.visit-ulcinj.com\/blog\/2010\/08\/05\/dps-je-strah-od-primjene-zakona\/#breadcrumb\",\"itemListElement\":[{\"@type\":\"ListItem\",\"position\":1,\"name\":\"DPS je strah od primjene zakona\"}]},{\"@type\":\"Person\",\"@id\":\"https:\/\/www.visit-ulcinj.com\/blog\/#\/schema\/person\/dcab619c614d3038751c63bc2aadc06d\",\"name\":\"ulqini\",\"sameAs\":[\"http:\/\/www.visit-ulcinj.com\"],\"url\":\"https:\/\/www.visit-ulcinj.com\/blog\/author\/admin\/\"}]}<\/script>\n<!-- \/ Yoast SEO plugin. -->","yoast_head_json":{"title":"DPS je strah od primjene zakona - Lajme nga Ulqini","description":"Predsjednik ulcinjskog SDP-a Selim Resulbegovi? tvrdi: Ulcinj - \u0160ef ulcinjske Socijaldemokratske partije Selim Resulbegovi? kazao je ju?e da je jasno da","robots":{"index":"index","follow":"follow","max-snippet":"max-snippet:-1","max-image-preview":"max-image-preview:large","max-video-preview":"max-video-preview:-1"},"canonical":"https:\/\/www.visit-ulcinj.com\/blog\/2010\/08\/05\/dps-je-strah-od-primjene-zakona\/","og_locale":"en_US","og_type":"article","og_title":"DPS je strah od primjene zakona - Lajme nga Ulqini","og_description":"Predsjednik ulcinjskog SDP-a Selim Resulbegovi? tvrdi: Ulcinj - \u0160ef ulcinjske Socijaldemokratske partije Selim Resulbegovi? kazao je ju?e da je jasno da","og_url":"https:\/\/www.visit-ulcinj.com\/blog\/2010\/08\/05\/dps-je-strah-od-primjene-zakona\/","og_site_name":"Lajme nga Ulqini","article_published_time":"2010-08-04T22:01:07+00:00","article_modified_time":"2010-08-04T22:09:12+00:00","og_image":[{"url":"http:\/\/www.visit-ulcinj.com\/blog\/wp-content\/uploads\/2010\/08\/Selim-Resulbegoviq.jpg"}],"twitter_misc":{"Written by":"ulqini","Est. reading time":"4 minutes"},"schema":{"@context":"https:\/\/schema.org","@graph":[{"@type":"WebSite","@id":"https:\/\/www.visit-ulcinj.com\/blog\/#website","url":"https:\/\/www.visit-ulcinj.com\/blog\/","name":"Lajme nga Ulqini","description":"Lajme,Vijesti,Ulqini,Ulqin,Crna Gora,Mali i Zi","potentialAction":[{"@type":"SearchAction","target":{"@type":"EntryPoint","urlTemplate":"https:\/\/www.visit-ulcinj.com\/blog\/?s={search_term_string}"},"query-input":"required name=search_term_string"}],"inLanguage":"en-US"},{"@type":"ImageObject","inLanguage":"en-US","@id":"https:\/\/www.visit-ulcinj.com\/blog\/2010\/08\/05\/dps-je-strah-od-primjene-zakona\/#primaryimage","url":"https:\/\/www.visit-ulcinj.com\/blog\/wp-content\/uploads\/2010\/08\/Selim-Resulbegoviq.jpg","contentUrl":"https:\/\/www.visit-ulcinj.com\/blog\/wp-content\/uploads\/2010\/08\/Selim-Resulbegoviq.jpg","width":"490","height":"518"},{"@type":"WebPage","@id":"https:\/\/www.visit-ulcinj.com\/blog\/2010\/08\/05\/dps-je-strah-od-primjene-zakona\/#webpage","url":"https:\/\/www.visit-ulcinj.com\/blog\/2010\/08\/05\/dps-je-strah-od-primjene-zakona\/","name":"DPS je strah od primjene zakona - Lajme nga Ulqini","isPartOf":{"@id":"https:\/\/www.visit-ulcinj.com\/blog\/#website"},"primaryImageOfPage":{"@id":"https:\/\/www.visit-ulcinj.com\/blog\/2010\/08\/05\/dps-je-strah-od-primjene-zakona\/#primaryimage"},"datePublished":"2010-08-04T22:01:07+00:00","dateModified":"2010-08-04T22:09:12+00:00","author":{"@id":"https:\/\/www.visit-ulcinj.com\/blog\/#\/schema\/person\/dcab619c614d3038751c63bc2aadc06d"},"description":"Predsjednik ulcinjskog SDP-a Selim Resulbegovi? tvrdi: Ulcinj - \u0160ef ulcinjske Socijaldemokratske partije Selim Resulbegovi? kazao je ju?e da je jasno da","breadcrumb":{"@id":"https:\/\/www.visit-ulcinj.com\/blog\/2010\/08\/05\/dps-je-strah-od-primjene-zakona\/#breadcrumb"},"inLanguage":"en-US","potentialAction":[{"@type":"ReadAction","target":["https:\/\/www.visit-ulcinj.com\/blog\/2010\/08\/05\/dps-je-strah-od-primjene-zakona\/"]}]},{"@type":"BreadcrumbList","@id":"https:\/\/www.visit-ulcinj.com\/blog\/2010\/08\/05\/dps-je-strah-od-primjene-zakona\/#breadcrumb","itemListElement":[{"@type":"ListItem","position":1,"name":"DPS je strah od primjene zakona"}]},{"@type":"Person","@id":"https:\/\/www.visit-ulcinj.com\/blog\/#\/schema\/person\/dcab619c614d3038751c63bc2aadc06d","name":"ulqini","sameAs":["http:\/\/www.visit-ulcinj.com"],"url":"https:\/\/www.visit-ulcinj.com\/blog\/author\/admin\/"}]}},"jetpack_featured_media_url":"","jetpack_sharing_enabled":true,"jetpack_shortlink":"https:\/\/wp.me\/pe6lTn-9it","_links":{"self":[{"href":"https:\/\/www.visit-ulcinj.com\/blog\/wp-json\/wp\/v2\/posts\/35741"}],"collection":[{"href":"https:\/\/www.visit-ulcinj.com\/blog\/wp-json\/wp\/v2\/posts"}],"about":[{"href":"https:\/\/www.visit-ulcinj.com\/blog\/wp-json\/wp\/v2\/types\/post"}],"author":[{"embeddable":true,"href":"https:\/\/www.visit-ulcinj.com\/blog\/wp-json\/wp\/v2\/users\/1"}],"replies":[{"embeddable":true,"href":"https:\/\/www.visit-ulcinj.com\/blog\/wp-json\/wp\/v2\/comments?post=35741"}],"version-history":[{"count":0,"href":"https:\/\/www.visit-ulcinj.com\/blog\/wp-json\/wp\/v2\/posts\/35741\/revisions"}],"wp:attachment":[{"href":"https:\/\/www.visit-ulcinj.com\/blog\/wp-json\/wp\/v2\/media?parent=35741"}],"wp:term":[{"taxonomy":"category","embeddable":true,"href":"https:\/\/www.visit-ulcinj.com\/blog\/wp-json\/wp\/v2\/categories?post=35741"},{"taxonomy":"post_tag","embeddable":true,"href":"https:\/\/www.visit-ulcinj.com\/blog\/wp-json\/wp\/v2\/tags?post=35741"}],"curies":[{"name":"wp","href":"https:\/\/api.w.org\/{rel}","templated":true}]}}