{"id":35766,"date":"2010-08-08T00:08:53","date_gmt":"2010-08-07T22:08:53","guid":{"rendered":"http:\/\/www.visit-ulcinj.com\/blog\/?p=35766"},"modified":"2010-08-27T17:32:55","modified_gmt":"2010-08-27T15:32:55","slug":"ulqin-mbyllet-panairi-i-librit","status":"publish","type":"post","link":"https:\/\/www.visit-ulcinj.com\/blog\/2010\/08\/08\/ulqin-mbyllet-panairi-i-librit\/","title":{"rendered":"Ulqin, mbyllet Panairi i Librit"},"content":{"rendered":"<p><img loading=\"lazy\" class=\"alignleft size-full wp-image-35767\" title=\"mbyllet Panairi i Librit NE ULQIN\" src=\"http:\/\/www.visit-ulcinj.com\/blog\/wp-content\/uploads\/2010\/08\/mbyllet-Panairi-i-Librit-NE-ULQIN.jpg\" alt=\"\" width=\"490\" height=\"340\" \/>I hapur m\u00eb 28 korrik, n\u00eb nj\u00eb ceremoni ku ishin t\u00eb pranish\u00ebm t\u00eb tre ministrat e Kultur\u00ebs, t\u00eb Malit t\u00eb Zi, Kosov\u00ebs dhe Shqip\u00ebris\u00eb, panairi ka sh\u00ebnuar pjes\u00ebmarrjen e shum\u00eb botuesve.<br \/>\nDje \u00ebsht\u00eb sh\u00ebnuar dita e fundit e edicionit t\u00eb dhjet\u00eb t\u00eb Panairit t\u00eb Librit n\u00eb Ulqin. I hapur m\u00eb 28 korrik, n\u00eb nj\u00eb ceremoni ku ishin t\u00eb pranish\u00ebm t\u00eb tre ministrat e Kultur\u00ebs, t\u00eb Malit t\u00eb Zi, Kosov\u00ebs dhe Shqip\u00ebris\u00eb, panairi ka sh\u00ebnuar pjes\u00ebmarrjen e shum\u00eb botuesve, por edhe t\u00eb vizitor\u00ebve. T\u00eb pakt\u00ebn 20 mij\u00eb tituj librash, nga t\u00eb cil\u00ebt mbi 500 tituj t\u00eb rinj, jan\u00eb ekspozuar n\u00eb stendat e panairit. Ve\u00e7 botuesve nga Shqip\u00ebria, Kosova e Maqedonia, marrin pjes\u00eb edhe botues nga Mali i Zi, Bosnja e pakicat e tjera komb\u00ebtare t\u00eb k\u00ebsaj republike. Let\u00ebrsi artistike, autor\u00eb shqiptar\u00eb e t\u00eb huaj, histori, botime enciklopedike, guida turistike e harta t\u00eb \u00e7do lloji, let\u00ebrsi p\u00ebr f\u00ebmij\u00eb, fjalor\u00eb e metoda p\u00ebr m\u00ebsimin e shqipes dhe t\u00eb gjuh\u00ebve t\u00eb huaja, libra utilitar\u00eb p\u00ebr profesione t\u00eb ndryshme, albume e katalog\u00eb gjithfar\u00ebsh etj., jan\u00eb librat q\u00eb u ekspozuan para lexuesve ulqinak\u00eb e pushuesve t\u00eb huaj. I organizuar nga Shoqata e Botuesve Shqiptar\u00eb, n\u00ebn kujdesin e ve\u00e7ant\u00eb t\u00eb Komun\u00ebs s\u00eb Ulqinit dhe kryetarit t\u00eb saj G\u00ebzim Hajdinaga, panairi konsiderohet nga shum\u00eb botues pjes\u00ebmarr\u00ebs si nj\u00eb aktivitet q\u00eb ka ardhur n\u00eb rritje nga viti n\u00eb vit. \u00c7do vit, panairi ka pasur t\u00eb ftuarit e tij special\u00eb. P\u00ebr k\u00ebt\u00eb vit i ftuar ka qen\u00eb botuesi dhe publicisti Besnik Mustafaj. Ndryshe \u00e7do mbr\u00ebmje iu kushtohej ekskluzivisht autor\u00ebve q\u00eb me kontributin e tyre kan\u00eb botuar veprimtari akademike.<\/p>\n<p><strong>BOTA SOT<br \/>\n<!--YouTube Error: bad URL entered--><\/strong><\/p>\n","protected":false},"excerpt":{"rendered":"<p>I hapur m\u00eb 28 korrik, n\u00eb nj\u00eb ceremoni ku ishin t\u00eb pranish\u00ebm t\u00eb tre ministrat e Kultur\u00ebs, t\u00eb Malit t\u00eb Zi, Kosov\u00ebs dhe Shqip\u00ebris\u00eb, panairi ka sh\u00ebnuar pjes\u00ebmarrjen e shum\u00eb botuesve. Dje \u00ebsht\u00eb sh\u00ebnuar dita e fundit e edicionit t\u00eb dhjet\u00eb t\u00eb Panairit t\u00eb Librit n\u00eb Ulqin. I hapur m\u00eb 28 korrik, n\u00eb nj\u00eb ceremoni [&hellip;]<\/p>\n","protected":false},"author":1,"featured_media":0,"comment_status":"open","ping_status":"closed","sticky":false,"template":"","format":"standard","meta":{"spay_email":"","jetpack_publicize_message":"","jetpack_is_tweetstorm":false,"jetpack_publicize_feature_enabled":true},"categories":[4],"tags":[222,14910],"jetpack_publicize_connections":[],"yoast_head":"<!-- This site is optimized with the Yoast SEO plugin v19.1 - https:\/\/yoast.com\/wordpress\/plugins\/seo\/ -->\n<title>Ulqin, mbyllet Panairi i Librit - Lajme nga Ulqini<\/title>\n<meta name=\"description\" content=\"I hapur m\u00eb 28 korrik, n\u00eb nj\u00eb ceremoni ku ishin t\u00eb pranish\u00ebm t\u00eb tre ministrat e Kultur\u00ebs, t\u00eb Malit t\u00eb Zi, Kosov\u00ebs dhe Shqip\u00ebris\u00eb, panairi ka sh\u00ebnuar\" \/>\n<meta name=\"robots\" content=\"index, follow, max-snippet:-1, max-image-preview:large, max-video-preview:-1\" \/>\n<link rel=\"canonical\" href=\"https:\/\/www.visit-ulcinj.com\/blog\/2010\/08\/08\/ulqin-mbyllet-panairi-i-librit\/\" \/>\n<meta property=\"og:locale\" content=\"en_US\" \/>\n<meta property=\"og:type\" content=\"article\" \/>\n<meta property=\"og:title\" content=\"Ulqin, mbyllet Panairi i Librit - Lajme nga Ulqini\" \/>\n<meta property=\"og:description\" content=\"I hapur m\u00eb 28 korrik, n\u00eb nj\u00eb ceremoni ku ishin t\u00eb pranish\u00ebm t\u00eb tre ministrat e Kultur\u00ebs, t\u00eb Malit t\u00eb Zi, Kosov\u00ebs dhe Shqip\u00ebris\u00eb, panairi ka sh\u00ebnuar\" \/>\n<meta property=\"og:url\" content=\"https:\/\/www.visit-ulcinj.com\/blog\/2010\/08\/08\/ulqin-mbyllet-panairi-i-librit\/\" \/>\n<meta property=\"og:site_name\" content=\"Lajme nga Ulqini\" \/>\n<meta property=\"article:published_time\" content=\"2010-08-07T22:08:53+00:00\" \/>\n<meta property=\"article:modified_time\" content=\"2010-08-27T15:32:55+00:00\" \/>\n<meta property=\"og:image\" content=\"http:\/\/www.visit-ulcinj.com\/blog\/wp-content\/uploads\/2010\/08\/mbyllet-Panairi-i-Librit-NE-ULQIN.jpg\" \/>\n<meta name=\"twitter:label1\" content=\"Written by\" \/>\n\t<meta name=\"twitter:data1\" content=\"ulqini\" \/>\n\t<meta name=\"twitter:label2\" content=\"Est. reading time\" \/>\n\t<meta name=\"twitter:data2\" content=\"2 minutes\" \/>\n<script type=\"application\/ld+json\" class=\"yoast-schema-graph\">{\"@context\":\"https:\/\/schema.org\",\"@graph\":[{\"@type\":\"WebSite\",\"@id\":\"https:\/\/www.visit-ulcinj.com\/blog\/#website\",\"url\":\"https:\/\/www.visit-ulcinj.com\/blog\/\",\"name\":\"Lajme nga Ulqini\",\"description\":\"Lajme,Vijesti,Ulqini,Ulqin,Crna Gora,Mali i Zi\",\"potentialAction\":[{\"@type\":\"SearchAction\",\"target\":{\"@type\":\"EntryPoint\",\"urlTemplate\":\"https:\/\/www.visit-ulcinj.com\/blog\/?s={search_term_string}\"},\"query-input\":\"required name=search_term_string\"}],\"inLanguage\":\"en-US\"},{\"@type\":\"ImageObject\",\"inLanguage\":\"en-US\",\"@id\":\"https:\/\/www.visit-ulcinj.com\/blog\/2010\/08\/08\/ulqin-mbyllet-panairi-i-librit\/#primaryimage\",\"url\":\"https:\/\/www.visit-ulcinj.com\/blog\/wp-content\/uploads\/2010\/08\/mbyllet-Panairi-i-Librit-NE-ULQIN.jpg\",\"contentUrl\":\"https:\/\/www.visit-ulcinj.com\/blog\/wp-content\/uploads\/2010\/08\/mbyllet-Panairi-i-Librit-NE-ULQIN.jpg\",\"width\":\"720\",\"height\":\"540\"},{\"@type\":\"WebPage\",\"@id\":\"https:\/\/www.visit-ulcinj.com\/blog\/2010\/08\/08\/ulqin-mbyllet-panairi-i-librit\/#webpage\",\"url\":\"https:\/\/www.visit-ulcinj.com\/blog\/2010\/08\/08\/ulqin-mbyllet-panairi-i-librit\/\",\"name\":\"Ulqin, mbyllet Panairi i Librit - Lajme nga Ulqini\",\"isPartOf\":{\"@id\":\"https:\/\/www.visit-ulcinj.com\/blog\/#website\"},\"primaryImageOfPage\":{\"@id\":\"https:\/\/www.visit-ulcinj.com\/blog\/2010\/08\/08\/ulqin-mbyllet-panairi-i-librit\/#primaryimage\"},\"datePublished\":\"2010-08-07T22:08:53+00:00\",\"dateModified\":\"2010-08-27T15:32:55+00:00\",\"author\":{\"@id\":\"https:\/\/www.visit-ulcinj.com\/blog\/#\/schema\/person\/dcab619c614d3038751c63bc2aadc06d\"},\"description\":\"I hapur m\u00eb 28 korrik, n\u00eb nj\u00eb ceremoni ku ishin t\u00eb pranish\u00ebm t\u00eb tre ministrat e Kultur\u00ebs, t\u00eb Malit t\u00eb Zi, Kosov\u00ebs dhe Shqip\u00ebris\u00eb, panairi ka sh\u00ebnuar\",\"breadcrumb\":{\"@id\":\"https:\/\/www.visit-ulcinj.com\/blog\/2010\/08\/08\/ulqin-mbyllet-panairi-i-librit\/#breadcrumb\"},\"inLanguage\":\"en-US\",\"potentialAction\":[{\"@type\":\"ReadAction\",\"target\":[\"https:\/\/www.visit-ulcinj.com\/blog\/2010\/08\/08\/ulqin-mbyllet-panairi-i-librit\/\"]}]},{\"@type\":\"BreadcrumbList\",\"@id\":\"https:\/\/www.visit-ulcinj.com\/blog\/2010\/08\/08\/ulqin-mbyllet-panairi-i-librit\/#breadcrumb\",\"itemListElement\":[{\"@type\":\"ListItem\",\"position\":1,\"name\":\"Ulqin, mbyllet Panairi i Librit\"}]},{\"@type\":\"Person\",\"@id\":\"https:\/\/www.visit-ulcinj.com\/blog\/#\/schema\/person\/dcab619c614d3038751c63bc2aadc06d\",\"name\":\"ulqini\",\"sameAs\":[\"http:\/\/www.visit-ulcinj.com\"],\"url\":\"https:\/\/www.visit-ulcinj.com\/blog\/author\/admin\/\"}]}<\/script>\n<!-- \/ Yoast SEO plugin. -->","yoast_head_json":{"title":"Ulqin, mbyllet Panairi i Librit - Lajme nga Ulqini","description":"I hapur m\u00eb 28 korrik, n\u00eb nj\u00eb ceremoni ku ishin t\u00eb pranish\u00ebm t\u00eb tre ministrat e Kultur\u00ebs, t\u00eb Malit t\u00eb Zi, Kosov\u00ebs dhe Shqip\u00ebris\u00eb, panairi ka sh\u00ebnuar","robots":{"index":"index","follow":"follow","max-snippet":"max-snippet:-1","max-image-preview":"max-image-preview:large","max-video-preview":"max-video-preview:-1"},"canonical":"https:\/\/www.visit-ulcinj.com\/blog\/2010\/08\/08\/ulqin-mbyllet-panairi-i-librit\/","og_locale":"en_US","og_type":"article","og_title":"Ulqin, mbyllet Panairi i Librit - Lajme nga Ulqini","og_description":"I hapur m\u00eb 28 korrik, n\u00eb nj\u00eb ceremoni ku ishin t\u00eb pranish\u00ebm t\u00eb tre ministrat e Kultur\u00ebs, t\u00eb Malit t\u00eb Zi, Kosov\u00ebs dhe Shqip\u00ebris\u00eb, panairi ka sh\u00ebnuar","og_url":"https:\/\/www.visit-ulcinj.com\/blog\/2010\/08\/08\/ulqin-mbyllet-panairi-i-librit\/","og_site_name":"Lajme nga Ulqini","article_published_time":"2010-08-07T22:08:53+00:00","article_modified_time":"2010-08-27T15:32:55+00:00","og_image":[{"url":"http:\/\/www.visit-ulcinj.com\/blog\/wp-content\/uploads\/2010\/08\/mbyllet-Panairi-i-Librit-NE-ULQIN.jpg"}],"twitter_misc":{"Written by":"ulqini","Est. reading time":"2 minutes"},"schema":{"@context":"https:\/\/schema.org","@graph":[{"@type":"WebSite","@id":"https:\/\/www.visit-ulcinj.com\/blog\/#website","url":"https:\/\/www.visit-ulcinj.com\/blog\/","name":"Lajme nga Ulqini","description":"Lajme,Vijesti,Ulqini,Ulqin,Crna Gora,Mali i Zi","potentialAction":[{"@type":"SearchAction","target":{"@type":"EntryPoint","urlTemplate":"https:\/\/www.visit-ulcinj.com\/blog\/?s={search_term_string}"},"query-input":"required name=search_term_string"}],"inLanguage":"en-US"},{"@type":"ImageObject","inLanguage":"en-US","@id":"https:\/\/www.visit-ulcinj.com\/blog\/2010\/08\/08\/ulqin-mbyllet-panairi-i-librit\/#primaryimage","url":"https:\/\/www.visit-ulcinj.com\/blog\/wp-content\/uploads\/2010\/08\/mbyllet-Panairi-i-Librit-NE-ULQIN.jpg","contentUrl":"https:\/\/www.visit-ulcinj.com\/blog\/wp-content\/uploads\/2010\/08\/mbyllet-Panairi-i-Librit-NE-ULQIN.jpg","width":"720","height":"540"},{"@type":"WebPage","@id":"https:\/\/www.visit-ulcinj.com\/blog\/2010\/08\/08\/ulqin-mbyllet-panairi-i-librit\/#webpage","url":"https:\/\/www.visit-ulcinj.com\/blog\/2010\/08\/08\/ulqin-mbyllet-panairi-i-librit\/","name":"Ulqin, mbyllet Panairi i Librit - Lajme nga Ulqini","isPartOf":{"@id":"https:\/\/www.visit-ulcinj.com\/blog\/#website"},"primaryImageOfPage":{"@id":"https:\/\/www.visit-ulcinj.com\/blog\/2010\/08\/08\/ulqin-mbyllet-panairi-i-librit\/#primaryimage"},"datePublished":"2010-08-07T22:08:53+00:00","dateModified":"2010-08-27T15:32:55+00:00","author":{"@id":"https:\/\/www.visit-ulcinj.com\/blog\/#\/schema\/person\/dcab619c614d3038751c63bc2aadc06d"},"description":"I hapur m\u00eb 28 korrik, n\u00eb nj\u00eb ceremoni ku ishin t\u00eb pranish\u00ebm t\u00eb tre ministrat e Kultur\u00ebs, t\u00eb Malit t\u00eb Zi, Kosov\u00ebs dhe Shqip\u00ebris\u00eb, panairi ka sh\u00ebnuar","breadcrumb":{"@id":"https:\/\/www.visit-ulcinj.com\/blog\/2010\/08\/08\/ulqin-mbyllet-panairi-i-librit\/#breadcrumb"},"inLanguage":"en-US","potentialAction":[{"@type":"ReadAction","target":["https:\/\/www.visit-ulcinj.com\/blog\/2010\/08\/08\/ulqin-mbyllet-panairi-i-librit\/"]}]},{"@type":"BreadcrumbList","@id":"https:\/\/www.visit-ulcinj.com\/blog\/2010\/08\/08\/ulqin-mbyllet-panairi-i-librit\/#breadcrumb","itemListElement":[{"@type":"ListItem","position":1,"name":"Ulqin, mbyllet Panairi i Librit"}]},{"@type":"Person","@id":"https:\/\/www.visit-ulcinj.com\/blog\/#\/schema\/person\/dcab619c614d3038751c63bc2aadc06d","name":"ulqini","sameAs":["http:\/\/www.visit-ulcinj.com"],"url":"https:\/\/www.visit-ulcinj.com\/blog\/author\/admin\/"}]}},"jetpack_featured_media_url":"","jetpack_sharing_enabled":true,"jetpack_shortlink":"https:\/\/wp.me\/pe6lTn-9iS","_links":{"self":[{"href":"https:\/\/www.visit-ulcinj.com\/blog\/wp-json\/wp\/v2\/posts\/35766"}],"collection":[{"href":"https:\/\/www.visit-ulcinj.com\/blog\/wp-json\/wp\/v2\/posts"}],"about":[{"href":"https:\/\/www.visit-ulcinj.com\/blog\/wp-json\/wp\/v2\/types\/post"}],"author":[{"embeddable":true,"href":"https:\/\/www.visit-ulcinj.com\/blog\/wp-json\/wp\/v2\/users\/1"}],"replies":[{"embeddable":true,"href":"https:\/\/www.visit-ulcinj.com\/blog\/wp-json\/wp\/v2\/comments?post=35766"}],"version-history":[{"count":0,"href":"https:\/\/www.visit-ulcinj.com\/blog\/wp-json\/wp\/v2\/posts\/35766\/revisions"}],"wp:attachment":[{"href":"https:\/\/www.visit-ulcinj.com\/blog\/wp-json\/wp\/v2\/media?parent=35766"}],"wp:term":[{"taxonomy":"category","embeddable":true,"href":"https:\/\/www.visit-ulcinj.com\/blog\/wp-json\/wp\/v2\/categories?post=35766"},{"taxonomy":"post_tag","embeddable":true,"href":"https:\/\/www.visit-ulcinj.com\/blog\/wp-json\/wp\/v2\/tags?post=35766"}],"curies":[{"name":"wp","href":"https:\/\/api.w.org\/{rel}","templated":true}]}}