{"id":35770,"date":"2010-08-08T00:26:35","date_gmt":"2010-08-07T22:26:35","guid":{"rendered":"http:\/\/www.visit-ulcinj.com\/blog\/?p=35770"},"modified":"2010-08-08T00:26:35","modified_gmt":"2010-08-07T22:26:35","slug":"valza-bajra-kalon-pushimet-ne-ulqin","status":"publish","type":"post","link":"https:\/\/www.visit-ulcinj.com\/blog\/2010\/08\/08\/valza-bajra-kalon-pushimet-ne-ulqin\/","title":{"rendered":"Valza Bajra kalon pushimet ne Ulqin"},"content":{"rendered":"<p><strong><img loading=\"lazy\" class=\"alignleft size-full wp-image-35772\" title=\"Valza Bajra ne Ulqin\" src=\"http:\/\/www.visit-ulcinj.com\/blog\/wp-content\/uploads\/2010\/08\/Valza-Bajra-ne-Ulqin.jpg\" alt=\"\" width=\"349\" height=\"525\" \/>Valza Bajra rikthen linjat perfekte dhe b\u00ebhet gati p\u00ebr tek \u201cK\u00ebnga Magjike\u201d<\/strong><\/p>\n<p>Valza k\u00ebt\u00eb gj\u00eb e ka marr\u00eb me shum\u00eb seriozitet dhe i \u00ebsht\u00eb futur pun\u00ebs p\u00ebr t\u00eb sjell\u00eb linjat e d\u00ebshiruara n\u00eb vend. K\u00ebng\u00ebtarja momentalisht \u00ebsht\u00eb e impenjuar me pun\u00eb n\u00eb Mal t\u00eb Zi, m\u00eb sakt\u00ebsisht n\u00eb Ulqin dhe k\u00ebt\u00eb koh\u00eb po e shfryt\u00ebzon edhe p\u00ebr pushime.<\/p>\n<p>Pasi kishte filluar sezoni veror, jav\u00eb m\u00eb her\u00ebt treguam p\u00ebr disa fytyra publike q\u00eb kishin shtuar disa kilogram m\u00eb shum\u00eb, mes tyre edhe k\u00ebng\u00ebtarja Valza Bajra. Valza k\u00ebt\u00eb gj\u00eb e ka marr\u00eb me shum\u00eb seriozitet dhe i \u00ebsht\u00eb futur pun\u00ebs p\u00ebr t\u00eb sjell\u00eb linjat e d\u00ebshiruara n\u00eb vend.<\/p>\n<p>K\u00ebng\u00ebtarja momentalisht \u00ebsht\u00eb e impenjuar me pun\u00eb n\u00eb Mal t\u00eb Zi, m\u00eb sakt\u00ebsisht n\u00eb Ulqin dhe k\u00ebt\u00eb koh\u00eb po e shfryt\u00ebzon edhe p\u00ebr pushime. K\u00ebndimi, vall\u00ebzimi dhe noti gjat\u00eb koh\u00ebs kur \u00ebsht\u00eb e lir\u00eb nga obligimet kan\u00eb b\u00ebr\u00eb q\u00eb k\u00ebng\u00ebtarja t\u00eb humb\u00eb disa kilogram dhe t\u00eb vij\u00eb n\u00eb forma t\u00eb cilat i ka pasur m\u00eb her\u00ebt.<\/p>\n<p>Valza akoma nuk ka publikuar ndonj\u00eb k\u00ebng\u00eb t\u00eb re por pasi t\u00eb mbaroj\u00eb sezonin veror ajo do t\u00eb futet n\u00eb studio p\u00ebr t\u00eb regjistruar k\u00ebng\u00ebn e rradh\u00ebs me t\u00eb cil\u00ebn do t\u00eb b\u00ebhet pjes\u00eb e festivalit \u201cK\u00ebnga Magjike\u201d..<\/p>\n<p><strong>Yllpress<br \/>\n<br \/>\n<!--YouTube Error: bad URL entered--><\/strong><\/p>\n","protected":false},"excerpt":{"rendered":"<p>Valza Bajra rikthen linjat perfekte dhe b\u00ebhet gati p\u00ebr tek \u201cK\u00ebnga Magjike\u201d Valza k\u00ebt\u00eb gj\u00eb e ka marr\u00eb me shum\u00eb seriozitet dhe i \u00ebsht\u00eb futur pun\u00ebs p\u00ebr t\u00eb sjell\u00eb linjat e d\u00ebshiruara n\u00eb vend. K\u00ebng\u00ebtarja momentalisht \u00ebsht\u00eb e impenjuar me pun\u00eb n\u00eb Mal t\u00eb Zi, m\u00eb sakt\u00ebsisht n\u00eb Ulqin dhe k\u00ebt\u00eb koh\u00eb po e shfryt\u00ebzon [&hellip;]<\/p>\n","protected":false},"author":1,"featured_media":0,"comment_status":"open","ping_status":"closed","sticky":false,"template":"","format":"standard","meta":{"spay_email":"","jetpack_publicize_message":"","jetpack_is_tweetstorm":false,"jetpack_publicize_feature_enabled":true},"categories":[1],"tags":[200,18,14943],"jetpack_publicize_connections":[],"yoast_head":"<!-- This site is optimized with the Yoast SEO plugin v19.1 - https:\/\/yoast.com\/wordpress\/plugins\/seo\/ -->\n<title>Valza Bajra kalon pushimet ne Ulqin - Lajme nga Ulqini<\/title>\n<meta name=\"description\" content=\"Valza Bajra rikthen linjat perfekte dhe b\u00ebhet gati p\u00ebr tek \u201cK\u00ebnga Magjike\u201d Valza k\u00ebt\u00eb gj\u00eb e ka marr\u00eb me shum\u00eb seriozitet dhe i \u00ebsht\u00eb futur pun\u00ebs p\u00ebr t\u00eb\" \/>\n<meta name=\"robots\" content=\"index, follow, max-snippet:-1, max-image-preview:large, max-video-preview:-1\" \/>\n<link rel=\"canonical\" href=\"https:\/\/www.visit-ulcinj.com\/blog\/2010\/08\/08\/valza-bajra-kalon-pushimet-ne-ulqin\/\" \/>\n<meta property=\"og:locale\" content=\"en_US\" \/>\n<meta property=\"og:type\" content=\"article\" \/>\n<meta property=\"og:title\" content=\"Valza Bajra kalon pushimet ne Ulqin - Lajme nga Ulqini\" \/>\n<meta property=\"og:description\" content=\"Valza Bajra rikthen linjat perfekte dhe b\u00ebhet gati p\u00ebr tek \u201cK\u00ebnga Magjike\u201d Valza k\u00ebt\u00eb gj\u00eb e ka marr\u00eb me shum\u00eb seriozitet dhe i \u00ebsht\u00eb futur pun\u00ebs p\u00ebr t\u00eb\" \/>\n<meta property=\"og:url\" content=\"https:\/\/www.visit-ulcinj.com\/blog\/2010\/08\/08\/valza-bajra-kalon-pushimet-ne-ulqin\/\" \/>\n<meta property=\"og:site_name\" content=\"Lajme nga Ulqini\" \/>\n<meta property=\"article:published_time\" content=\"2010-08-07T22:26:35+00:00\" \/>\n<meta property=\"og:image\" content=\"https:\/\/www.visit-ulcinj.com\/blog\/wp-content\/uploads\/2010\/08\/Valza-Bajra-ne-Ulqin-150x150.jpg\" \/>\n<meta name=\"twitter:label1\" content=\"Written by\" \/>\n\t<meta name=\"twitter:data1\" content=\"ulqini\" \/>\n\t<meta name=\"twitter:label2\" content=\"Est. reading time\" \/>\n\t<meta name=\"twitter:data2\" content=\"1 minute\" \/>\n<script type=\"application\/ld+json\" class=\"yoast-schema-graph\">{\"@context\":\"https:\/\/schema.org\",\"@graph\":[{\"@type\":\"WebSite\",\"@id\":\"https:\/\/www.visit-ulcinj.com\/blog\/#website\",\"url\":\"https:\/\/www.visit-ulcinj.com\/blog\/\",\"name\":\"Lajme nga Ulqini\",\"description\":\"Lajme,Vijesti,Ulqini,Ulqin,Crna Gora,Mali i Zi\",\"potentialAction\":[{\"@type\":\"SearchAction\",\"target\":{\"@type\":\"EntryPoint\",\"urlTemplate\":\"https:\/\/www.visit-ulcinj.com\/blog\/?s={search_term_string}\"},\"query-input\":\"required name=search_term_string\"}],\"inLanguage\":\"en-US\"},{\"@type\":\"ImageObject\",\"inLanguage\":\"en-US\",\"@id\":\"https:\/\/www.visit-ulcinj.com\/blog\/2010\/08\/08\/valza-bajra-kalon-pushimet-ne-ulqin\/#primaryimage\",\"url\":\"http:\/\/www.visit-ulcinj.com\/blog\/wp-content\/uploads\/2010\/08\/Valza-Bajra-ne-Ulqin.jpg\",\"contentUrl\":\"http:\/\/www.visit-ulcinj.com\/blog\/wp-content\/uploads\/2010\/08\/Valza-Bajra-ne-Ulqin.jpg\"},{\"@type\":\"WebPage\",\"@id\":\"https:\/\/www.visit-ulcinj.com\/blog\/2010\/08\/08\/valza-bajra-kalon-pushimet-ne-ulqin\/#webpage\",\"url\":\"https:\/\/www.visit-ulcinj.com\/blog\/2010\/08\/08\/valza-bajra-kalon-pushimet-ne-ulqin\/\",\"name\":\"Valza Bajra kalon pushimet ne Ulqin - Lajme nga Ulqini\",\"isPartOf\":{\"@id\":\"https:\/\/www.visit-ulcinj.com\/blog\/#website\"},\"primaryImageOfPage\":{\"@id\":\"https:\/\/www.visit-ulcinj.com\/blog\/2010\/08\/08\/valza-bajra-kalon-pushimet-ne-ulqin\/#primaryimage\"},\"datePublished\":\"2010-08-07T22:26:35+00:00\",\"dateModified\":\"2010-08-07T22:26:35+00:00\",\"author\":{\"@id\":\"https:\/\/www.visit-ulcinj.com\/blog\/#\/schema\/person\/dcab619c614d3038751c63bc2aadc06d\"},\"description\":\"Valza Bajra rikthen linjat perfekte dhe b\u00ebhet gati p\u00ebr tek \u201cK\u00ebnga Magjike\u201d Valza k\u00ebt\u00eb gj\u00eb e ka marr\u00eb me shum\u00eb seriozitet dhe i \u00ebsht\u00eb futur pun\u00ebs p\u00ebr t\u00eb\",\"breadcrumb\":{\"@id\":\"https:\/\/www.visit-ulcinj.com\/blog\/2010\/08\/08\/valza-bajra-kalon-pushimet-ne-ulqin\/#breadcrumb\"},\"inLanguage\":\"en-US\",\"potentialAction\":[{\"@type\":\"ReadAction\",\"target\":[\"https:\/\/www.visit-ulcinj.com\/blog\/2010\/08\/08\/valza-bajra-kalon-pushimet-ne-ulqin\/\"]}]},{\"@type\":\"BreadcrumbList\",\"@id\":\"https:\/\/www.visit-ulcinj.com\/blog\/2010\/08\/08\/valza-bajra-kalon-pushimet-ne-ulqin\/#breadcrumb\",\"itemListElement\":[{\"@type\":\"ListItem\",\"position\":1,\"name\":\"Valza Bajra kalon pushimet ne Ulqin\"}]},{\"@type\":\"Person\",\"@id\":\"https:\/\/www.visit-ulcinj.com\/blog\/#\/schema\/person\/dcab619c614d3038751c63bc2aadc06d\",\"name\":\"ulqini\",\"sameAs\":[\"http:\/\/www.visit-ulcinj.com\"],\"url\":\"https:\/\/www.visit-ulcinj.com\/blog\/author\/admin\/\"}]}<\/script>\n<!-- \/ Yoast SEO plugin. -->","yoast_head_json":{"title":"Valza Bajra kalon pushimet ne Ulqin - Lajme nga Ulqini","description":"Valza Bajra rikthen linjat perfekte dhe b\u00ebhet gati p\u00ebr tek \u201cK\u00ebnga Magjike\u201d Valza k\u00ebt\u00eb gj\u00eb e ka marr\u00eb me shum\u00eb seriozitet dhe i \u00ebsht\u00eb futur pun\u00ebs p\u00ebr t\u00eb","robots":{"index":"index","follow":"follow","max-snippet":"max-snippet:-1","max-image-preview":"max-image-preview:large","max-video-preview":"max-video-preview:-1"},"canonical":"https:\/\/www.visit-ulcinj.com\/blog\/2010\/08\/08\/valza-bajra-kalon-pushimet-ne-ulqin\/","og_locale":"en_US","og_type":"article","og_title":"Valza Bajra kalon pushimet ne Ulqin - Lajme nga Ulqini","og_description":"Valza Bajra rikthen linjat perfekte dhe b\u00ebhet gati p\u00ebr tek \u201cK\u00ebnga Magjike\u201d Valza k\u00ebt\u00eb gj\u00eb e ka marr\u00eb me shum\u00eb seriozitet dhe i \u00ebsht\u00eb futur pun\u00ebs p\u00ebr t\u00eb","og_url":"https:\/\/www.visit-ulcinj.com\/blog\/2010\/08\/08\/valza-bajra-kalon-pushimet-ne-ulqin\/","og_site_name":"Lajme nga Ulqini","article_published_time":"2010-08-07T22:26:35+00:00","og_image":[{"url":"https:\/\/www.visit-ulcinj.com\/blog\/wp-content\/uploads\/2010\/08\/Valza-Bajra-ne-Ulqin-150x150.jpg"}],"twitter_misc":{"Written by":"ulqini","Est. reading time":"1 minute"},"schema":{"@context":"https:\/\/schema.org","@graph":[{"@type":"WebSite","@id":"https:\/\/www.visit-ulcinj.com\/blog\/#website","url":"https:\/\/www.visit-ulcinj.com\/blog\/","name":"Lajme nga Ulqini","description":"Lajme,Vijesti,Ulqini,Ulqin,Crna Gora,Mali i Zi","potentialAction":[{"@type":"SearchAction","target":{"@type":"EntryPoint","urlTemplate":"https:\/\/www.visit-ulcinj.com\/blog\/?s={search_term_string}"},"query-input":"required name=search_term_string"}],"inLanguage":"en-US"},{"@type":"ImageObject","inLanguage":"en-US","@id":"https:\/\/www.visit-ulcinj.com\/blog\/2010\/08\/08\/valza-bajra-kalon-pushimet-ne-ulqin\/#primaryimage","url":"http:\/\/www.visit-ulcinj.com\/blog\/wp-content\/uploads\/2010\/08\/Valza-Bajra-ne-Ulqin.jpg","contentUrl":"http:\/\/www.visit-ulcinj.com\/blog\/wp-content\/uploads\/2010\/08\/Valza-Bajra-ne-Ulqin.jpg"},{"@type":"WebPage","@id":"https:\/\/www.visit-ulcinj.com\/blog\/2010\/08\/08\/valza-bajra-kalon-pushimet-ne-ulqin\/#webpage","url":"https:\/\/www.visit-ulcinj.com\/blog\/2010\/08\/08\/valza-bajra-kalon-pushimet-ne-ulqin\/","name":"Valza Bajra kalon pushimet ne Ulqin - Lajme nga Ulqini","isPartOf":{"@id":"https:\/\/www.visit-ulcinj.com\/blog\/#website"},"primaryImageOfPage":{"@id":"https:\/\/www.visit-ulcinj.com\/blog\/2010\/08\/08\/valza-bajra-kalon-pushimet-ne-ulqin\/#primaryimage"},"datePublished":"2010-08-07T22:26:35+00:00","dateModified":"2010-08-07T22:26:35+00:00","author":{"@id":"https:\/\/www.visit-ulcinj.com\/blog\/#\/schema\/person\/dcab619c614d3038751c63bc2aadc06d"},"description":"Valza Bajra rikthen linjat perfekte dhe b\u00ebhet gati p\u00ebr tek \u201cK\u00ebnga Magjike\u201d Valza k\u00ebt\u00eb gj\u00eb e ka marr\u00eb me shum\u00eb seriozitet dhe i \u00ebsht\u00eb futur pun\u00ebs p\u00ebr t\u00eb","breadcrumb":{"@id":"https:\/\/www.visit-ulcinj.com\/blog\/2010\/08\/08\/valza-bajra-kalon-pushimet-ne-ulqin\/#breadcrumb"},"inLanguage":"en-US","potentialAction":[{"@type":"ReadAction","target":["https:\/\/www.visit-ulcinj.com\/blog\/2010\/08\/08\/valza-bajra-kalon-pushimet-ne-ulqin\/"]}]},{"@type":"BreadcrumbList","@id":"https:\/\/www.visit-ulcinj.com\/blog\/2010\/08\/08\/valza-bajra-kalon-pushimet-ne-ulqin\/#breadcrumb","itemListElement":[{"@type":"ListItem","position":1,"name":"Valza Bajra kalon pushimet ne Ulqin"}]},{"@type":"Person","@id":"https:\/\/www.visit-ulcinj.com\/blog\/#\/schema\/person\/dcab619c614d3038751c63bc2aadc06d","name":"ulqini","sameAs":["http:\/\/www.visit-ulcinj.com"],"url":"https:\/\/www.visit-ulcinj.com\/blog\/author\/admin\/"}]}},"jetpack_featured_media_url":"","jetpack_sharing_enabled":true,"jetpack_shortlink":"https:\/\/wp.me\/pe6lTn-9iW","_links":{"self":[{"href":"https:\/\/www.visit-ulcinj.com\/blog\/wp-json\/wp\/v2\/posts\/35770"}],"collection":[{"href":"https:\/\/www.visit-ulcinj.com\/blog\/wp-json\/wp\/v2\/posts"}],"about":[{"href":"https:\/\/www.visit-ulcinj.com\/blog\/wp-json\/wp\/v2\/types\/post"}],"author":[{"embeddable":true,"href":"https:\/\/www.visit-ulcinj.com\/blog\/wp-json\/wp\/v2\/users\/1"}],"replies":[{"embeddable":true,"href":"https:\/\/www.visit-ulcinj.com\/blog\/wp-json\/wp\/v2\/comments?post=35770"}],"version-history":[{"count":0,"href":"https:\/\/www.visit-ulcinj.com\/blog\/wp-json\/wp\/v2\/posts\/35770\/revisions"}],"wp:attachment":[{"href":"https:\/\/www.visit-ulcinj.com\/blog\/wp-json\/wp\/v2\/media?parent=35770"}],"wp:term":[{"taxonomy":"category","embeddable":true,"href":"https:\/\/www.visit-ulcinj.com\/blog\/wp-json\/wp\/v2\/categories?post=35770"},{"taxonomy":"post_tag","embeddable":true,"href":"https:\/\/www.visit-ulcinj.com\/blog\/wp-json\/wp\/v2\/tags?post=35770"}],"curies":[{"name":"wp","href":"https:\/\/api.w.org\/{rel}","templated":true}]}}