{"id":35777,"date":"2010-08-08T00:37:16","date_gmt":"2010-08-07T22:37:16","guid":{"rendered":"http:\/\/www.visit-ulcinj.com\/blog\/?p=35777"},"modified":"2010-08-08T00:37:52","modified_gmt":"2010-08-07T22:37:52","slug":"nje-dite-e-poezise-shqipe-ne-nje-anije-ne-liqenin-e-shasit","status":"publish","type":"post","link":"https:\/\/www.visit-ulcinj.com\/blog\/2010\/08\/08\/nje-dite-e-poezise-shqipe-ne-nje-anije-ne-liqenin-e-shasit\/","title":{"rendered":"Nj\u00eb dit\u00eb e poezis\u00eb shqipe, n\u00eb nj\u00eb anije, n\u00eb Liqenin e Shasit"},"content":{"rendered":"<p><img loading=\"lazy\" class=\"alignleft\" title=\"Nj\u00eb dit\u00eb e poezis\u00eb shqipe, n\u00eb nj\u00eb anije, n\u00eb Liqenin e Shasit\" src=\"http:\/\/www.visit-ulcinj.com\/blog\/wp-content\/uploads\/2010\/07\/Kalimera-Poetike.2.jpg\" alt=\"\" width=\"490\" height=\"383\" \/>Ulqin, 7 gusht &#8211; Nj\u00eb dit\u00eb e poezis\u00eb shqipe, n\u00eb nj\u00eb anije, n\u00eb Liqenin e Shasit ka tubuar t\u00eb shtun\u00ebn poet\u00ebt, shkrimtar\u00ebt, p\u00ebrkthyesit letrar\u00eb, publicist\u00ebt, aktor\u00ebt dhe botuesit e revistave n\u00eb gjuh\u00ebn shqipe n\u00eb Malin e Zi.<br \/>\nManifestimi \u201cDita e poezis\u00eb shqipe\u201d, n\u00eb organizim t\u00eb K\u00ebshillit Nacional t\u00eb Shqiptar\u00ebve n\u00eb Malin e Zi (KNSHMZ) dhe organizat\u00ebs joqeveritare \u201cHarmonia\u201d, n\u00eb k\u00ebt\u00eb lokalitet t\u00eb njohur antik t\u00eb b\u00ebhet tradicional.<br \/>\n\u201cKNSHMZ, me orientimet e tij programore ka marr\u00eb mbi vete sh\u00ebnimin e datave historike dhe kulturore komb\u00ebtare, por edhe t\u00eb p\u00ebrkrah asociacionet e shoq\u00ebris\u00eb civile q\u00eb i kontribuojn\u00eb ruajtjes dhe zhvillimit t\u00eb kultur\u00ebs shqiptare. Pas veprimtarive t\u00eb suskesshme n\u00eb Ulqin, Kraj\u00eb, Mal\u00ebsi, Rozhaj\u00eb, takimet letrare \u2018Dita e poezis\u00eb shqipe &#8211; Shasi 2010\u201d ka nj\u00eb dimension t\u00eb ve\u00e7ant\u00eb, tubon t\u00eb gjith\u00eb krijuesit shqiptar\u00eb n\u00eb Malin e Zi\u201d, thot\u00eb Tahir Tahiri, kryetar i KNSHMZ, raporton KosovaLive.<br \/>\nSipas tij, vet\u00eb ambienti i frym\u00ebzon krijuesit letrar, nd\u00ebrkoh\u00eb q\u00eb Shasi antik, liqeni dhe fshati modern, krijojn\u00eb edhe nj\u00eb imazh t\u00eb pashmangsh\u00ebm kulturo-turistik.<br \/>\nShkrimtari yn\u00eb i njohur p\u00ebr f\u00ebmij\u00eb, Hajro Ulqinaku shprehet se manifestimet letrare q\u00eb b\u00ebhen n\u00eb Ulqin dhe pjes\u00ebt rurale ekzotike t\u00eb tij, jo vet\u00ebm se ruajn\u00eb bukurin\u00eb e vet, por sh\u00ebnojn\u00eb edhe nj\u00eb m\u00ebnyr\u00eb unike t\u00eb realizimit t\u00eb tyre.<br \/>\n\u201c\u2019Kalimerja poetike\u2019 q\u00eb e organizon tash afro dy dekada \u2018Art Club\u2019, e ka marr\u00eb fizionomin\u00eb e vet t\u00eb spikatur. Dita e poezis\u00eb shqipe n\u00eb Shasin ekzotik dhe \u201cPoetika\u201d n\u00eb Kalan\u00eb e Ulqinit, me krijimtarin\u00eb artistiko- letrare t\u00eb gruas,q\u00eb jan\u00eb dy veprimtarit\u00eb m\u00eb kryesore gjat\u00eb ver\u00ebs t\u00eb OJQ \u2018Harmonia\u2019, b\u00ebjn\u00eb q\u00eb Ulqini t\u00eb mos njihet vet\u00ebm si qytet turistik, por edhe i poezis\u00eb,\u201d thot\u00eb ai.<\/p>\n<p><strong>KOHA NET<br \/>\n<!--YouTube Error: bad URL entered--><\/strong><\/p>\n","protected":false},"excerpt":{"rendered":"<p>Ulqin, 7 gusht &#8211; Nj\u00eb dit\u00eb e poezis\u00eb shqipe, n\u00eb nj\u00eb anije, n\u00eb Liqenin e Shasit ka tubuar t\u00eb shtun\u00ebn poet\u00ebt, shkrimtar\u00ebt, p\u00ebrkthyesit letrar\u00eb, publicist\u00ebt, aktor\u00ebt dhe botuesit e revistave n\u00eb gjuh\u00ebn shqipe n\u00eb Malin e Zi. Manifestimi \u201cDita e poezis\u00eb shqipe\u201d, n\u00eb organizim t\u00eb K\u00ebshillit Nacional t\u00eb Shqiptar\u00ebve n\u00eb Malin e Zi (KNSHMZ) dhe [&hellip;]<\/p>\n","protected":false},"author":1,"featured_media":0,"comment_status":"open","ping_status":"closed","sticky":false,"template":"","format":"standard","meta":{"spay_email":"","jetpack_publicize_message":"","jetpack_is_tweetstorm":false,"jetpack_publicize_feature_enabled":true},"categories":[12],"tags":[3928,200],"jetpack_publicize_connections":[],"yoast_head":"<!-- This site is optimized with the Yoast SEO plugin v19.1 - https:\/\/yoast.com\/wordpress\/plugins\/seo\/ -->\n<title>Nj\u00eb dit\u00eb e poezis\u00eb shqipe, n\u00eb nj\u00eb anije, n\u00eb Liqenin e Shasit - Lajme nga Ulqini<\/title>\n<meta name=\"description\" content=\"Ulqin, 7 gusht - Nj\u00eb dit\u00eb e poezis\u00eb shqipe, n\u00eb nj\u00eb anije, n\u00eb Liqenin e Shasit ka tubuar t\u00eb shtun\u00ebn poet\u00ebt, shkrimtar\u00ebt, p\u00ebrkthyesit letrar\u00eb, publicist\u00ebt,\" \/>\n<meta name=\"robots\" content=\"index, follow, max-snippet:-1, max-image-preview:large, max-video-preview:-1\" \/>\n<link rel=\"canonical\" href=\"https:\/\/www.visit-ulcinj.com\/blog\/2010\/08\/08\/nje-dite-e-poezise-shqipe-ne-nje-anije-ne-liqenin-e-shasit\/\" \/>\n<meta property=\"og:locale\" content=\"en_US\" \/>\n<meta property=\"og:type\" content=\"article\" \/>\n<meta property=\"og:title\" content=\"Nj\u00eb dit\u00eb e poezis\u00eb shqipe, n\u00eb nj\u00eb anije, n\u00eb Liqenin e Shasit - Lajme nga Ulqini\" \/>\n<meta property=\"og:description\" content=\"Ulqin, 7 gusht - Nj\u00eb dit\u00eb e poezis\u00eb shqipe, n\u00eb nj\u00eb anije, n\u00eb Liqenin e Shasit ka tubuar t\u00eb shtun\u00ebn poet\u00ebt, shkrimtar\u00ebt, p\u00ebrkthyesit letrar\u00eb, publicist\u00ebt,\" \/>\n<meta property=\"og:url\" content=\"https:\/\/www.visit-ulcinj.com\/blog\/2010\/08\/08\/nje-dite-e-poezise-shqipe-ne-nje-anije-ne-liqenin-e-shasit\/\" \/>\n<meta property=\"og:site_name\" content=\"Lajme nga Ulqini\" \/>\n<meta property=\"article:published_time\" content=\"2010-08-07T22:37:16+00:00\" \/>\n<meta property=\"article:modified_time\" content=\"2010-08-07T22:37:52+00:00\" \/>\n<meta property=\"og:image\" content=\"http:\/\/www.visit-ulcinj.com\/blog\/wp-content\/uploads\/2010\/07\/Kalimera-Poetike.2.jpg\" \/>\n<meta name=\"twitter:label1\" content=\"Written by\" \/>\n\t<meta name=\"twitter:data1\" content=\"ulqini\" \/>\n\t<meta name=\"twitter:label2\" content=\"Est. reading time\" \/>\n\t<meta name=\"twitter:data2\" content=\"2 minutes\" \/>\n<script type=\"application\/ld+json\" class=\"yoast-schema-graph\">{\"@context\":\"https:\/\/schema.org\",\"@graph\":[{\"@type\":\"WebSite\",\"@id\":\"https:\/\/www.visit-ulcinj.com\/blog\/#website\",\"url\":\"https:\/\/www.visit-ulcinj.com\/blog\/\",\"name\":\"Lajme nga Ulqini\",\"description\":\"Lajme,Vijesti,Ulqini,Ulqin,Crna Gora,Mali i Zi\",\"potentialAction\":[{\"@type\":\"SearchAction\",\"target\":{\"@type\":\"EntryPoint\",\"urlTemplate\":\"https:\/\/www.visit-ulcinj.com\/blog\/?s={search_term_string}\"},\"query-input\":\"required name=search_term_string\"}],\"inLanguage\":\"en-US\"},{\"@type\":\"ImageObject\",\"inLanguage\":\"en-US\",\"@id\":\"https:\/\/www.visit-ulcinj.com\/blog\/2010\/08\/08\/nje-dite-e-poezise-shqipe-ne-nje-anije-ne-liqenin-e-shasit\/#primaryimage\",\"url\":\"https:\/\/www.visit-ulcinj.com\/blog\/wp-content\/uploads\/2010\/07\/Kalimera-Poetike.2.jpg\",\"contentUrl\":\"https:\/\/www.visit-ulcinj.com\/blog\/wp-content\/uploads\/2010\/07\/Kalimera-Poetike.2.jpg\",\"width\":\"555\",\"height\":\"383\"},{\"@type\":\"WebPage\",\"@id\":\"https:\/\/www.visit-ulcinj.com\/blog\/2010\/08\/08\/nje-dite-e-poezise-shqipe-ne-nje-anije-ne-liqenin-e-shasit\/#webpage\",\"url\":\"https:\/\/www.visit-ulcinj.com\/blog\/2010\/08\/08\/nje-dite-e-poezise-shqipe-ne-nje-anije-ne-liqenin-e-shasit\/\",\"name\":\"Nj\u00eb dit\u00eb e poezis\u00eb shqipe, n\u00eb nj\u00eb anije, n\u00eb Liqenin e Shasit - Lajme nga Ulqini\",\"isPartOf\":{\"@id\":\"https:\/\/www.visit-ulcinj.com\/blog\/#website\"},\"primaryImageOfPage\":{\"@id\":\"https:\/\/www.visit-ulcinj.com\/blog\/2010\/08\/08\/nje-dite-e-poezise-shqipe-ne-nje-anije-ne-liqenin-e-shasit\/#primaryimage\"},\"datePublished\":\"2010-08-07T22:37:16+00:00\",\"dateModified\":\"2010-08-07T22:37:52+00:00\",\"author\":{\"@id\":\"https:\/\/www.visit-ulcinj.com\/blog\/#\/schema\/person\/dcab619c614d3038751c63bc2aadc06d\"},\"description\":\"Ulqin, 7 gusht - Nj\u00eb dit\u00eb e poezis\u00eb shqipe, n\u00eb nj\u00eb anije, n\u00eb Liqenin e Shasit ka tubuar t\u00eb shtun\u00ebn poet\u00ebt, shkrimtar\u00ebt, p\u00ebrkthyesit letrar\u00eb, publicist\u00ebt,\",\"breadcrumb\":{\"@id\":\"https:\/\/www.visit-ulcinj.com\/blog\/2010\/08\/08\/nje-dite-e-poezise-shqipe-ne-nje-anije-ne-liqenin-e-shasit\/#breadcrumb\"},\"inLanguage\":\"en-US\",\"potentialAction\":[{\"@type\":\"ReadAction\",\"target\":[\"https:\/\/www.visit-ulcinj.com\/blog\/2010\/08\/08\/nje-dite-e-poezise-shqipe-ne-nje-anije-ne-liqenin-e-shasit\/\"]}]},{\"@type\":\"BreadcrumbList\",\"@id\":\"https:\/\/www.visit-ulcinj.com\/blog\/2010\/08\/08\/nje-dite-e-poezise-shqipe-ne-nje-anije-ne-liqenin-e-shasit\/#breadcrumb\",\"itemListElement\":[{\"@type\":\"ListItem\",\"position\":1,\"name\":\"Nj\u00eb dit\u00eb e poezis\u00eb shqipe, n\u00eb nj\u00eb anije, n\u00eb Liqenin e Shasit\"}]},{\"@type\":\"Person\",\"@id\":\"https:\/\/www.visit-ulcinj.com\/blog\/#\/schema\/person\/dcab619c614d3038751c63bc2aadc06d\",\"name\":\"ulqini\",\"sameAs\":[\"http:\/\/www.visit-ulcinj.com\"],\"url\":\"https:\/\/www.visit-ulcinj.com\/blog\/author\/admin\/\"}]}<\/script>\n<!-- \/ Yoast SEO plugin. -->","yoast_head_json":{"title":"Nj\u00eb dit\u00eb e poezis\u00eb shqipe, n\u00eb nj\u00eb anije, n\u00eb Liqenin e Shasit - Lajme nga Ulqini","description":"Ulqin, 7 gusht - Nj\u00eb dit\u00eb e poezis\u00eb shqipe, n\u00eb nj\u00eb anije, n\u00eb Liqenin e Shasit ka tubuar t\u00eb shtun\u00ebn poet\u00ebt, shkrimtar\u00ebt, p\u00ebrkthyesit letrar\u00eb, publicist\u00ebt,","robots":{"index":"index","follow":"follow","max-snippet":"max-snippet:-1","max-image-preview":"max-image-preview:large","max-video-preview":"max-video-preview:-1"},"canonical":"https:\/\/www.visit-ulcinj.com\/blog\/2010\/08\/08\/nje-dite-e-poezise-shqipe-ne-nje-anije-ne-liqenin-e-shasit\/","og_locale":"en_US","og_type":"article","og_title":"Nj\u00eb dit\u00eb e poezis\u00eb shqipe, n\u00eb nj\u00eb anije, n\u00eb Liqenin e Shasit - Lajme nga Ulqini","og_description":"Ulqin, 7 gusht - Nj\u00eb dit\u00eb e poezis\u00eb shqipe, n\u00eb nj\u00eb anije, n\u00eb Liqenin e Shasit ka tubuar t\u00eb shtun\u00ebn poet\u00ebt, shkrimtar\u00ebt, p\u00ebrkthyesit letrar\u00eb, publicist\u00ebt,","og_url":"https:\/\/www.visit-ulcinj.com\/blog\/2010\/08\/08\/nje-dite-e-poezise-shqipe-ne-nje-anije-ne-liqenin-e-shasit\/","og_site_name":"Lajme nga Ulqini","article_published_time":"2010-08-07T22:37:16+00:00","article_modified_time":"2010-08-07T22:37:52+00:00","og_image":[{"url":"http:\/\/www.visit-ulcinj.com\/blog\/wp-content\/uploads\/2010\/07\/Kalimera-Poetike.2.jpg"}],"twitter_misc":{"Written by":"ulqini","Est. reading time":"2 minutes"},"schema":{"@context":"https:\/\/schema.org","@graph":[{"@type":"WebSite","@id":"https:\/\/www.visit-ulcinj.com\/blog\/#website","url":"https:\/\/www.visit-ulcinj.com\/blog\/","name":"Lajme nga Ulqini","description":"Lajme,Vijesti,Ulqini,Ulqin,Crna Gora,Mali i Zi","potentialAction":[{"@type":"SearchAction","target":{"@type":"EntryPoint","urlTemplate":"https:\/\/www.visit-ulcinj.com\/blog\/?s={search_term_string}"},"query-input":"required name=search_term_string"}],"inLanguage":"en-US"},{"@type":"ImageObject","inLanguage":"en-US","@id":"https:\/\/www.visit-ulcinj.com\/blog\/2010\/08\/08\/nje-dite-e-poezise-shqipe-ne-nje-anije-ne-liqenin-e-shasit\/#primaryimage","url":"https:\/\/www.visit-ulcinj.com\/blog\/wp-content\/uploads\/2010\/07\/Kalimera-Poetike.2.jpg","contentUrl":"https:\/\/www.visit-ulcinj.com\/blog\/wp-content\/uploads\/2010\/07\/Kalimera-Poetike.2.jpg","width":"555","height":"383"},{"@type":"WebPage","@id":"https:\/\/www.visit-ulcinj.com\/blog\/2010\/08\/08\/nje-dite-e-poezise-shqipe-ne-nje-anije-ne-liqenin-e-shasit\/#webpage","url":"https:\/\/www.visit-ulcinj.com\/blog\/2010\/08\/08\/nje-dite-e-poezise-shqipe-ne-nje-anije-ne-liqenin-e-shasit\/","name":"Nj\u00eb dit\u00eb e poezis\u00eb shqipe, n\u00eb nj\u00eb anije, n\u00eb Liqenin e Shasit - Lajme nga Ulqini","isPartOf":{"@id":"https:\/\/www.visit-ulcinj.com\/blog\/#website"},"primaryImageOfPage":{"@id":"https:\/\/www.visit-ulcinj.com\/blog\/2010\/08\/08\/nje-dite-e-poezise-shqipe-ne-nje-anije-ne-liqenin-e-shasit\/#primaryimage"},"datePublished":"2010-08-07T22:37:16+00:00","dateModified":"2010-08-07T22:37:52+00:00","author":{"@id":"https:\/\/www.visit-ulcinj.com\/blog\/#\/schema\/person\/dcab619c614d3038751c63bc2aadc06d"},"description":"Ulqin, 7 gusht - Nj\u00eb dit\u00eb e poezis\u00eb shqipe, n\u00eb nj\u00eb anije, n\u00eb Liqenin e Shasit ka tubuar t\u00eb shtun\u00ebn poet\u00ebt, shkrimtar\u00ebt, p\u00ebrkthyesit letrar\u00eb, publicist\u00ebt,","breadcrumb":{"@id":"https:\/\/www.visit-ulcinj.com\/blog\/2010\/08\/08\/nje-dite-e-poezise-shqipe-ne-nje-anije-ne-liqenin-e-shasit\/#breadcrumb"},"inLanguage":"en-US","potentialAction":[{"@type":"ReadAction","target":["https:\/\/www.visit-ulcinj.com\/blog\/2010\/08\/08\/nje-dite-e-poezise-shqipe-ne-nje-anije-ne-liqenin-e-shasit\/"]}]},{"@type":"BreadcrumbList","@id":"https:\/\/www.visit-ulcinj.com\/blog\/2010\/08\/08\/nje-dite-e-poezise-shqipe-ne-nje-anije-ne-liqenin-e-shasit\/#breadcrumb","itemListElement":[{"@type":"ListItem","position":1,"name":"Nj\u00eb dit\u00eb e poezis\u00eb shqipe, n\u00eb nj\u00eb anije, n\u00eb Liqenin e Shasit"}]},{"@type":"Person","@id":"https:\/\/www.visit-ulcinj.com\/blog\/#\/schema\/person\/dcab619c614d3038751c63bc2aadc06d","name":"ulqini","sameAs":["http:\/\/www.visit-ulcinj.com"],"url":"https:\/\/www.visit-ulcinj.com\/blog\/author\/admin\/"}]}},"jetpack_featured_media_url":"","jetpack_sharing_enabled":true,"jetpack_shortlink":"https:\/\/wp.me\/pe6lTn-9j3","_links":{"self":[{"href":"https:\/\/www.visit-ulcinj.com\/blog\/wp-json\/wp\/v2\/posts\/35777"}],"collection":[{"href":"https:\/\/www.visit-ulcinj.com\/blog\/wp-json\/wp\/v2\/posts"}],"about":[{"href":"https:\/\/www.visit-ulcinj.com\/blog\/wp-json\/wp\/v2\/types\/post"}],"author":[{"embeddable":true,"href":"https:\/\/www.visit-ulcinj.com\/blog\/wp-json\/wp\/v2\/users\/1"}],"replies":[{"embeddable":true,"href":"https:\/\/www.visit-ulcinj.com\/blog\/wp-json\/wp\/v2\/comments?post=35777"}],"version-history":[{"count":0,"href":"https:\/\/www.visit-ulcinj.com\/blog\/wp-json\/wp\/v2\/posts\/35777\/revisions"}],"wp:attachment":[{"href":"https:\/\/www.visit-ulcinj.com\/blog\/wp-json\/wp\/v2\/media?parent=35777"}],"wp:term":[{"taxonomy":"category","embeddable":true,"href":"https:\/\/www.visit-ulcinj.com\/blog\/wp-json\/wp\/v2\/categories?post=35777"},{"taxonomy":"post_tag","embeddable":true,"href":"https:\/\/www.visit-ulcinj.com\/blog\/wp-json\/wp\/v2\/tags?post=35777"}],"curies":[{"name":"wp","href":"https:\/\/api.w.org\/{rel}","templated":true}]}}