{"id":35781,"date":"2010-08-08T18:05:40","date_gmt":"2010-08-08T16:05:40","guid":{"rendered":"http:\/\/www.visit-ulcinj.com\/blog\/?p=35781"},"modified":"2010-08-08T18:08:06","modified_gmt":"2010-08-08T16:08:06","slug":"ministar-rada-suad-numanovic-u-ulcinj","status":"publish","type":"post","link":"https:\/\/www.visit-ulcinj.com\/blog\/2010\/08\/08\/ministar-rada-suad-numanovic-u-ulcinj\/","title":{"rendered":"Ministar rada Suad Numanovi? u Ulcinj"},"content":{"rendered":"<p><a href=\"http:\/\/www.visit-ulcinj.com\/blog\/wp-content\/uploads\/2008\/12\/hajdinaga_numanoviq_nimani.jpg\"><img loading=\"lazy\" class=\"alignleft size-full wp-image-6771\" title=\"hajdinaga_numanoviq_nimani\" src=\"http:\/\/www.visit-ulcinj.com\/blog\/wp-content\/uploads\/2008\/12\/hajdinaga_numanoviq_nimani.jpg\" alt=\"\" width=\"490\" height=\"380\" \/><\/a>Ulcinj \u2013 Ministar rada Suad Numanovi? kazao je da je Inspekcija rada tokom dva mjeseca sezone pokazala zavidnu efikasnost.<br \/>\n\u201cPostoji 24.000 subjekata koji imaju stalnu dozvolu za rad, a tokom sezone njih jo\u0161 7.000 privremenog karaktera. Imaju?i u vidu da je na nivou Crne Gore 38 inspektora rada, jasno je da je njihov posao zahtjevan i naporan. Ote\u017eanu okolnost predstavlja i proces prijavljivanja stranaca, ali inspektorima sve to nije smetalo da do sada obi?u blizu 2.700 subjekata i uo?e skoro toliko nepravilnosti\u201d, kazao je Numanovi? ju?e u Ulcinju. Dodao je da su inspektori izrekli 1.029 mandatnih kazni i napisali 900 rje\u0161enja kojima su poslodavcima ukazali da isprave gre\u0161ke. Njih 251, kako je naveo, nije na vrijeme otklonilo nepravilnosti, pa su inspektori donijeli nova rje\u0161enja.<br \/>\n\u201cInspektori su naplatili oko 200.000 eura mandatnih kazni. Me?utim, cilj nam je da djeluju preventivno i edukativno, a ne represivno\u201d, kazao je Numanovi?. On je pozvao zaposlene da bez straha prijave poslodavce koji im ne obezbje?uju adekvatne uslove za rad, obe?av\u0161i potpunu diskreciju.<br \/>\n\u201cDo sada smo imali 69 takvih slu?ajeva i ve?ina je rije\u0161ena pozitivno u skladu sa zakonom\u201d, naveo je Numanovi? i nagovijestio da ?e sve inspekcije biti objedinjene.<\/p>\n<p><strong>S.A.<br \/>\n<a href=\"http:\/\/www.vijesti.me\/\" target=\"_blank\">Vijesti<br \/>\n<\/a>[flv width=&#8221;490&#8243; height=&#8221;390&#8243;]http:\/\/a51.video2.blip.tv\/7270005811630\/Rtvvijesti-dnevnik060810794.flv[\/flv]<a href=\"http:\/\/www.vijesti.me\/\" target=\"_blank\"><\/a><\/strong><\/p>\n","protected":false},"excerpt":{"rendered":"<p>Ulcinj \u2013 Ministar rada Suad Numanovi? kazao je da je Inspekcija rada tokom dva mjeseca sezone pokazala zavidnu efikasnost. \u201cPostoji 24.000 subjekata koji imaju stalnu dozvolu za rad, a tokom sezone njih jo\u0161 7.000 privremenog karaktera. Imaju?i u vidu da je na nivou Crne Gore 38 inspektora rada, jasno je da je njihov posao zahtjevan [&hellip;]<\/p>\n","protected":false},"author":1,"featured_media":0,"comment_status":"open","ping_status":"closed","sticky":false,"template":"","format":"standard","meta":{"spay_email":"","jetpack_publicize_message":"","jetpack_is_tweetstorm":false,"jetpack_publicize_feature_enabled":true},"categories":[8337],"tags":[14944,19],"jetpack_publicize_connections":[],"yoast_head":"<!-- This site is optimized with the Yoast SEO plugin v19.1 - https:\/\/yoast.com\/wordpress\/plugins\/seo\/ -->\n<title>Ministar rada Suad Numanovi? u Ulcinj - Lajme nga Ulqini<\/title>\n<meta name=\"description\" content=\"Ulcinj \u2013 Ministar rada Suad Numanovi? kazao je da je Inspekcija rada tokom dva mjeseca sezone pokazala zavidnu efikasnost. \u201cPostoji 24.000 subjekata koji\" \/>\n<meta name=\"robots\" content=\"index, follow, max-snippet:-1, max-image-preview:large, max-video-preview:-1\" \/>\n<link rel=\"canonical\" href=\"https:\/\/www.visit-ulcinj.com\/blog\/2010\/08\/08\/ministar-rada-suad-numanovic-u-ulcinj\/\" \/>\n<meta property=\"og:locale\" content=\"en_US\" \/>\n<meta property=\"og:type\" content=\"article\" \/>\n<meta property=\"og:title\" content=\"Ministar rada Suad Numanovi? u Ulcinj - Lajme nga Ulqini\" \/>\n<meta property=\"og:description\" content=\"Ulcinj \u2013 Ministar rada Suad Numanovi? kazao je da je Inspekcija rada tokom dva mjeseca sezone pokazala zavidnu efikasnost. \u201cPostoji 24.000 subjekata koji\" \/>\n<meta property=\"og:url\" content=\"https:\/\/www.visit-ulcinj.com\/blog\/2010\/08\/08\/ministar-rada-suad-numanovic-u-ulcinj\/\" \/>\n<meta property=\"og:site_name\" content=\"Lajme nga Ulqini\" \/>\n<meta property=\"article:published_time\" content=\"2010-08-08T16:05:40+00:00\" \/>\n<meta property=\"article:modified_time\" content=\"2010-08-08T16:08:06+00:00\" \/>\n<meta property=\"og:image\" content=\"http:\/\/www.visit-ulcinj.com\/blog\/wp-content\/uploads\/2008\/12\/hajdinaga_numanoviq_nimani.jpg\" \/>\n<meta name=\"twitter:label1\" content=\"Written by\" \/>\n\t<meta name=\"twitter:data1\" content=\"ulqini\" \/>\n\t<meta name=\"twitter:label2\" content=\"Est. reading time\" \/>\n\t<meta name=\"twitter:data2\" content=\"1 minute\" \/>\n<script type=\"application\/ld+json\" class=\"yoast-schema-graph\">{\"@context\":\"https:\/\/schema.org\",\"@graph\":[{\"@type\":\"WebSite\",\"@id\":\"https:\/\/www.visit-ulcinj.com\/blog\/#website\",\"url\":\"https:\/\/www.visit-ulcinj.com\/blog\/\",\"name\":\"Lajme nga Ulqini\",\"description\":\"Lajme,Vijesti,Ulqini,Ulqin,Crna Gora,Mali i Zi\",\"potentialAction\":[{\"@type\":\"SearchAction\",\"target\":{\"@type\":\"EntryPoint\",\"urlTemplate\":\"https:\/\/www.visit-ulcinj.com\/blog\/?s={search_term_string}\"},\"query-input\":\"required name=search_term_string\"}],\"inLanguage\":\"en-US\"},{\"@type\":\"ImageObject\",\"inLanguage\":\"en-US\",\"@id\":\"https:\/\/www.visit-ulcinj.com\/blog\/2010\/08\/08\/ministar-rada-suad-numanovic-u-ulcinj\/#primaryimage\",\"url\":\"http:\/\/www.visit-ulcinj.com\/blog\/wp-content\/uploads\/2008\/12\/hajdinaga_numanoviq_nimani.jpg\",\"contentUrl\":\"http:\/\/www.visit-ulcinj.com\/blog\/wp-content\/uploads\/2008\/12\/hajdinaga_numanoviq_nimani.jpg\"},{\"@type\":\"WebPage\",\"@id\":\"https:\/\/www.visit-ulcinj.com\/blog\/2010\/08\/08\/ministar-rada-suad-numanovic-u-ulcinj\/#webpage\",\"url\":\"https:\/\/www.visit-ulcinj.com\/blog\/2010\/08\/08\/ministar-rada-suad-numanovic-u-ulcinj\/\",\"name\":\"Ministar rada Suad Numanovi? u Ulcinj - Lajme nga Ulqini\",\"isPartOf\":{\"@id\":\"https:\/\/www.visit-ulcinj.com\/blog\/#website\"},\"primaryImageOfPage\":{\"@id\":\"https:\/\/www.visit-ulcinj.com\/blog\/2010\/08\/08\/ministar-rada-suad-numanovic-u-ulcinj\/#primaryimage\"},\"datePublished\":\"2010-08-08T16:05:40+00:00\",\"dateModified\":\"2010-08-08T16:08:06+00:00\",\"author\":{\"@id\":\"https:\/\/www.visit-ulcinj.com\/blog\/#\/schema\/person\/dcab619c614d3038751c63bc2aadc06d\"},\"description\":\"Ulcinj \u2013 Ministar rada Suad Numanovi? kazao je da je Inspekcija rada tokom dva mjeseca sezone pokazala zavidnu efikasnost. \u201cPostoji 24.000 subjekata koji\",\"breadcrumb\":{\"@id\":\"https:\/\/www.visit-ulcinj.com\/blog\/2010\/08\/08\/ministar-rada-suad-numanovic-u-ulcinj\/#breadcrumb\"},\"inLanguage\":\"en-US\",\"potentialAction\":[{\"@type\":\"ReadAction\",\"target\":[\"https:\/\/www.visit-ulcinj.com\/blog\/2010\/08\/08\/ministar-rada-suad-numanovic-u-ulcinj\/\"]}]},{\"@type\":\"BreadcrumbList\",\"@id\":\"https:\/\/www.visit-ulcinj.com\/blog\/2010\/08\/08\/ministar-rada-suad-numanovic-u-ulcinj\/#breadcrumb\",\"itemListElement\":[{\"@type\":\"ListItem\",\"position\":1,\"name\":\"Ministar rada Suad Numanovi? u Ulcinj\"}]},{\"@type\":\"Person\",\"@id\":\"https:\/\/www.visit-ulcinj.com\/blog\/#\/schema\/person\/dcab619c614d3038751c63bc2aadc06d\",\"name\":\"ulqini\",\"sameAs\":[\"http:\/\/www.visit-ulcinj.com\"],\"url\":\"https:\/\/www.visit-ulcinj.com\/blog\/author\/admin\/\"}]}<\/script>\n<!-- \/ Yoast SEO plugin. -->","yoast_head_json":{"title":"Ministar rada Suad Numanovi? u Ulcinj - Lajme nga Ulqini","description":"Ulcinj \u2013 Ministar rada Suad Numanovi? kazao je da je Inspekcija rada tokom dva mjeseca sezone pokazala zavidnu efikasnost. \u201cPostoji 24.000 subjekata koji","robots":{"index":"index","follow":"follow","max-snippet":"max-snippet:-1","max-image-preview":"max-image-preview:large","max-video-preview":"max-video-preview:-1"},"canonical":"https:\/\/www.visit-ulcinj.com\/blog\/2010\/08\/08\/ministar-rada-suad-numanovic-u-ulcinj\/","og_locale":"en_US","og_type":"article","og_title":"Ministar rada Suad Numanovi? u Ulcinj - Lajme nga Ulqini","og_description":"Ulcinj \u2013 Ministar rada Suad Numanovi? kazao je da je Inspekcija rada tokom dva mjeseca sezone pokazala zavidnu efikasnost. \u201cPostoji 24.000 subjekata koji","og_url":"https:\/\/www.visit-ulcinj.com\/blog\/2010\/08\/08\/ministar-rada-suad-numanovic-u-ulcinj\/","og_site_name":"Lajme nga Ulqini","article_published_time":"2010-08-08T16:05:40+00:00","article_modified_time":"2010-08-08T16:08:06+00:00","og_image":[{"url":"http:\/\/www.visit-ulcinj.com\/blog\/wp-content\/uploads\/2008\/12\/hajdinaga_numanoviq_nimani.jpg"}],"twitter_misc":{"Written by":"ulqini","Est. reading time":"1 minute"},"schema":{"@context":"https:\/\/schema.org","@graph":[{"@type":"WebSite","@id":"https:\/\/www.visit-ulcinj.com\/blog\/#website","url":"https:\/\/www.visit-ulcinj.com\/blog\/","name":"Lajme nga Ulqini","description":"Lajme,Vijesti,Ulqini,Ulqin,Crna Gora,Mali i Zi","potentialAction":[{"@type":"SearchAction","target":{"@type":"EntryPoint","urlTemplate":"https:\/\/www.visit-ulcinj.com\/blog\/?s={search_term_string}"},"query-input":"required name=search_term_string"}],"inLanguage":"en-US"},{"@type":"ImageObject","inLanguage":"en-US","@id":"https:\/\/www.visit-ulcinj.com\/blog\/2010\/08\/08\/ministar-rada-suad-numanovic-u-ulcinj\/#primaryimage","url":"http:\/\/www.visit-ulcinj.com\/blog\/wp-content\/uploads\/2008\/12\/hajdinaga_numanoviq_nimani.jpg","contentUrl":"http:\/\/www.visit-ulcinj.com\/blog\/wp-content\/uploads\/2008\/12\/hajdinaga_numanoviq_nimani.jpg"},{"@type":"WebPage","@id":"https:\/\/www.visit-ulcinj.com\/blog\/2010\/08\/08\/ministar-rada-suad-numanovic-u-ulcinj\/#webpage","url":"https:\/\/www.visit-ulcinj.com\/blog\/2010\/08\/08\/ministar-rada-suad-numanovic-u-ulcinj\/","name":"Ministar rada Suad Numanovi? u Ulcinj - Lajme nga Ulqini","isPartOf":{"@id":"https:\/\/www.visit-ulcinj.com\/blog\/#website"},"primaryImageOfPage":{"@id":"https:\/\/www.visit-ulcinj.com\/blog\/2010\/08\/08\/ministar-rada-suad-numanovic-u-ulcinj\/#primaryimage"},"datePublished":"2010-08-08T16:05:40+00:00","dateModified":"2010-08-08T16:08:06+00:00","author":{"@id":"https:\/\/www.visit-ulcinj.com\/blog\/#\/schema\/person\/dcab619c614d3038751c63bc2aadc06d"},"description":"Ulcinj \u2013 Ministar rada Suad Numanovi? kazao je da je Inspekcija rada tokom dva mjeseca sezone pokazala zavidnu efikasnost. \u201cPostoji 24.000 subjekata koji","breadcrumb":{"@id":"https:\/\/www.visit-ulcinj.com\/blog\/2010\/08\/08\/ministar-rada-suad-numanovic-u-ulcinj\/#breadcrumb"},"inLanguage":"en-US","potentialAction":[{"@type":"ReadAction","target":["https:\/\/www.visit-ulcinj.com\/blog\/2010\/08\/08\/ministar-rada-suad-numanovic-u-ulcinj\/"]}]},{"@type":"BreadcrumbList","@id":"https:\/\/www.visit-ulcinj.com\/blog\/2010\/08\/08\/ministar-rada-suad-numanovic-u-ulcinj\/#breadcrumb","itemListElement":[{"@type":"ListItem","position":1,"name":"Ministar rada Suad Numanovi? u Ulcinj"}]},{"@type":"Person","@id":"https:\/\/www.visit-ulcinj.com\/blog\/#\/schema\/person\/dcab619c614d3038751c63bc2aadc06d","name":"ulqini","sameAs":["http:\/\/www.visit-ulcinj.com"],"url":"https:\/\/www.visit-ulcinj.com\/blog\/author\/admin\/"}]}},"jetpack_featured_media_url":"","jetpack_sharing_enabled":true,"jetpack_shortlink":"https:\/\/wp.me\/pe6lTn-9j7","_links":{"self":[{"href":"https:\/\/www.visit-ulcinj.com\/blog\/wp-json\/wp\/v2\/posts\/35781"}],"collection":[{"href":"https:\/\/www.visit-ulcinj.com\/blog\/wp-json\/wp\/v2\/posts"}],"about":[{"href":"https:\/\/www.visit-ulcinj.com\/blog\/wp-json\/wp\/v2\/types\/post"}],"author":[{"embeddable":true,"href":"https:\/\/www.visit-ulcinj.com\/blog\/wp-json\/wp\/v2\/users\/1"}],"replies":[{"embeddable":true,"href":"https:\/\/www.visit-ulcinj.com\/blog\/wp-json\/wp\/v2\/comments?post=35781"}],"version-history":[{"count":0,"href":"https:\/\/www.visit-ulcinj.com\/blog\/wp-json\/wp\/v2\/posts\/35781\/revisions"}],"wp:attachment":[{"href":"https:\/\/www.visit-ulcinj.com\/blog\/wp-json\/wp\/v2\/media?parent=35781"}],"wp:term":[{"taxonomy":"category","embeddable":true,"href":"https:\/\/www.visit-ulcinj.com\/blog\/wp-json\/wp\/v2\/categories?post=35781"},{"taxonomy":"post_tag","embeddable":true,"href":"https:\/\/www.visit-ulcinj.com\/blog\/wp-json\/wp\/v2\/tags?post=35781"}],"curies":[{"name":"wp","href":"https:\/\/api.w.org\/{rel}","templated":true}]}}