{"id":35785,"date":"2010-08-08T18:54:17","date_gmt":"2010-08-08T16:54:17","guid":{"rendered":"http:\/\/www.visit-ulcinj.com\/blog\/?p=35785"},"modified":"2010-08-15T15:55:32","modified_gmt":"2010-08-15T13:55:32","slug":"shqiptaret-ne-malin-e-zi-perseri-shfaqen-te-percare","status":"publish","type":"post","link":"https:\/\/www.visit-ulcinj.com\/blog\/2010\/08\/08\/shqiptaret-ne-malin-e-zi-perseri-shfaqen-te-percare\/","title":{"rendered":"Shqiptar\u00ebt n\u00eb Malin e Zi p\u00ebrs\u00ebri shfaqen t\u00eb p\u00ebr\u00e7ar\u00eb"},"content":{"rendered":"<p><a href=\"http:\/\/www.visit-ulcinj.com\/blog\/wp-content\/uploads\/2010\/03\/Shqiptar\u00c3\u00abt-t\u00c3\u00ab-p\u00c3\u00abr\u00c3\u00a7ar\u00c3\u00ab-para-zgjedhjeve-lokale-n\u00c3\u00ab-Mal-t\u00c3\u00ab-Zi.jpg\"><img loading=\"lazy\" class=\"alignleft size-full wp-image-31501\" title=\"Shqiptar\u00ebt t\u00eb p\u00ebr\u00e7ar\u00eb para zgjedhjeve lokale n\u00eb Mal t\u00eb Zi\" src=\"http:\/\/www.visit-ulcinj.com\/blog\/wp-content\/uploads\/2010\/03\/Shqiptar\u00c3\u00abt-t\u00c3\u00ab-p\u00c3\u00abr\u00c3\u00a7ar\u00c3\u00ab-para-zgjedhjeve-lokale-n\u00c3\u00ab-Mal-t\u00c3\u00ab-Zi.jpg\" alt=\"\" width=\"490\" height=\"299\" \/><\/a>Kodi i ri zgjedhor p\u00ebr Malin e Zi, i cili vler\u00ebsohet si nj\u00eb akt shum\u00eb i r\u00ebnd\u00ebsish\u00ebm politik, ndodhet n\u00eb procedur\u00eb parlamentare dhe ka ngjallur reagime t\u00eb ndryshme, por edhe me k\u00ebt\u00eb rast shqiptar\u00ebt, p\u00ebrs\u00ebri shfaqen t\u00eb p\u00ebr\u00e7ar\u00eb, raporton KosovaLive. Derisa tre deputet\u00ebt e tri partive nacionale shqiptare, Genci Nimanbegu i Forc\u00ebs s\u00eb Re Demokratike, Mehmet Bardhi i Lidhjes Demokratike dhe Amir Hollaj nga Perspektiva, e quajn\u00eb t\u00eb papranuesh\u00ebm Kodin e ri zgjedhor, Ferhat Dinosha ka mendim tjet\u00ebr.<br \/>\nKryetari i UDSH, Ferhat Dinosha, q\u00eb nj\u00ebher\u00ebsh \u00ebsht\u00eb minist\u00ebr i t\u00eb Drejtave t\u00eb Njeriut dhe Pakicave n\u00eb Qeverin\u00eb e Malit t\u00eb Zi, thot\u00eb se n\u00eb Unionin Demokratik t\u00eb Shqiptar\u00ebve \/UDSH\/ mendohet se modeli i propozuar i legjislacionit t\u00eb ri q\u00eb ndodhet n\u00eb procedur\u00eb kuvendore, do t\u00eb mund t\u00eb pranohet, por \u201cme kusht q\u00eb t\u00eb suprimohet censusi prej 3 p\u00ebr qind, i domosdosh\u00ebm q\u00eb partit\u00eb e pakicave t\u00eb marrin pjes\u00eb n\u00eb shp\u00ebrndarjen e mandateve\u201d.<br \/>\nAi shton se propozimi aktual i dy subjekteve politike qeveris\u00ebse, Partis\u00eb Demokratike t\u00eb Socialist\u00ebve \/PDS\/ dhe Partis\u00eb Socialdemokratike \/PSD\/ nuk \u00ebsht\u00eb larg zgjidhjes s\u00eb mir\u00eb, edhe pse p\u00ebr momentin \u00ebsht\u00eb i papranuesh\u00ebm.<br \/>\n\u201cUn\u00eb, si lider i partis\u00eb m\u00eb t\u00eb madhe shqiptare n\u00eb Malin e Zi, me disa korrigjime, do ta p\u00ebrkrah k\u00ebt\u00eb model si t\u00eb mir\u00eb p\u00ebr shqiptar\u00ebt dhe pakicat tjera\u201d, vler\u00ebson Dinosha.<br \/>\nModelin aktual e kan\u00eb propozuar deputet\u00ebt e koalicionit qeveris\u00ebs, Miodrag Vukoviq \/PDS\/ dhe Rifat Rastoder \/PSD\/, me t\u00eb cilin nd\u00ebr t\u00eb tjera parashihet q\u00eb Mali i Zi t\u00eb jet\u00eb nj\u00eb nj\u00ebsi zgjedhore dhe n\u00eb shp\u00ebrndarjen e mandateve t\u00eb deputet\u00ebve t\u00eb marrin pjes\u00eb listat zgjedhore t\u00eb cilat kan\u00eb siguruar s\u00eb paku p\u00ebrkrahjen 3 p\u00ebr qind t\u00eb zgjedh\u00ebsve t\u00eb dal\u00eb n\u00eb votime.<br \/>\nDinosha kritikon partit\u00eb opozitare shqiptare, t\u00eb cilat k\u00ebrkojn\u00eb mandatet e garantuara, duke th\u00ebn\u00eb se Mali i Zi edhe deri m\u00eb tash ka qen\u00eb nj\u00eb nj\u00ebsi zgjedhore. Sipas tij, kan\u00eb ekzistuar vende t\u00eb posa\u00e7me votimi t\u00eb cilat kan\u00eb dh\u00ebn\u00eb pes\u00eb mandate p\u00ebr shqiptar\u00ebt, por k\u00ebto nuk kan\u00eb qen\u00eb mandate t\u00eb garantuara dhe p\u00ebr to kan\u00eb konkurruar t\u00eb gjitha partit\u00eb pjes\u00ebmarr\u00ebse n\u00eb zgjedhjet p\u00ebrkat\u00ebse.<\/p>\n<p><strong>KOHA NET<\/strong><\/p>\n","protected":false},"excerpt":{"rendered":"<p>Kodi i ri zgjedhor p\u00ebr Malin e Zi, i cili vler\u00ebsohet si nj\u00eb akt shum\u00eb i r\u00ebnd\u00ebsish\u00ebm politik, ndodhet n\u00eb procedur\u00eb parlamentare dhe ka ngjallur reagime t\u00eb ndryshme, por edhe me k\u00ebt\u00eb rast shqiptar\u00ebt, p\u00ebrs\u00ebri shfaqen t\u00eb p\u00ebr\u00e7ar\u00eb, raporton KosovaLive. Derisa tre deputet\u00ebt e tri partive nacionale shqiptare, Genci Nimanbegu i Forc\u00ebs s\u00eb Re Demokratike, [&hellip;]<\/p>\n","protected":false},"author":1,"featured_media":0,"comment_status":"open","ping_status":"closed","sticky":false,"template":"","format":"standard","meta":{"spay_email":"","jetpack_publicize_message":"","jetpack_is_tweetstorm":false,"jetpack_publicize_feature_enabled":true},"categories":[14249],"tags":[3722],"jetpack_publicize_connections":[],"yoast_head":"<!-- This site is optimized with the Yoast SEO plugin v19.1 - https:\/\/yoast.com\/wordpress\/plugins\/seo\/ -->\n<title>Shqiptar\u00ebt n\u00eb Malin e Zi p\u00ebrs\u00ebri shfaqen t\u00eb p\u00ebr\u00e7ar\u00eb - Lajme nga Ulqini<\/title>\n<meta name=\"description\" content=\"Kodi i ri zgjedhor p\u00ebr Malin e Zi, i cili vler\u00ebsohet si nj\u00eb akt shum\u00eb i r\u00ebnd\u00ebsish\u00ebm politik, ndodhet n\u00eb procedur\u00eb parlamentare dhe ka ngjallur reagime t\u00eb\" \/>\n<meta name=\"robots\" content=\"index, follow, max-snippet:-1, max-image-preview:large, max-video-preview:-1\" \/>\n<link rel=\"canonical\" href=\"https:\/\/www.visit-ulcinj.com\/blog\/2010\/08\/08\/shqiptaret-ne-malin-e-zi-perseri-shfaqen-te-percare\/\" \/>\n<meta property=\"og:locale\" content=\"en_US\" \/>\n<meta property=\"og:type\" content=\"article\" \/>\n<meta property=\"og:title\" content=\"Shqiptar\u00ebt n\u00eb Malin e Zi p\u00ebrs\u00ebri shfaqen t\u00eb p\u00ebr\u00e7ar\u00eb - Lajme nga Ulqini\" \/>\n<meta property=\"og:description\" content=\"Kodi i ri zgjedhor p\u00ebr Malin e Zi, i cili vler\u00ebsohet si nj\u00eb akt shum\u00eb i r\u00ebnd\u00ebsish\u00ebm politik, ndodhet n\u00eb procedur\u00eb parlamentare dhe ka ngjallur reagime t\u00eb\" \/>\n<meta property=\"og:url\" content=\"https:\/\/www.visit-ulcinj.com\/blog\/2010\/08\/08\/shqiptaret-ne-malin-e-zi-perseri-shfaqen-te-percare\/\" \/>\n<meta property=\"og:site_name\" content=\"Lajme nga Ulqini\" \/>\n<meta property=\"article:published_time\" content=\"2010-08-08T16:54:17+00:00\" \/>\n<meta property=\"article:modified_time\" content=\"2010-08-15T13:55:32+00:00\" \/>\n<meta name=\"twitter:label1\" content=\"Written by\" \/>\n\t<meta name=\"twitter:data1\" content=\"ulqini\" \/>\n\t<meta name=\"twitter:label2\" content=\"Est. reading time\" \/>\n\t<meta name=\"twitter:data2\" content=\"2 minutes\" \/>\n<script type=\"application\/ld+json\" class=\"yoast-schema-graph\">{\"@context\":\"https:\/\/schema.org\",\"@graph\":[{\"@type\":\"WebSite\",\"@id\":\"https:\/\/www.visit-ulcinj.com\/blog\/#website\",\"url\":\"https:\/\/www.visit-ulcinj.com\/blog\/\",\"name\":\"Lajme nga Ulqini\",\"description\":\"Lajme,Vijesti,Ulqini,Ulqin,Crna Gora,Mali i Zi\",\"potentialAction\":[{\"@type\":\"SearchAction\",\"target\":{\"@type\":\"EntryPoint\",\"urlTemplate\":\"https:\/\/www.visit-ulcinj.com\/blog\/?s={search_term_string}\"},\"query-input\":\"required name=search_term_string\"}],\"inLanguage\":\"en-US\"},{\"@type\":\"WebPage\",\"@id\":\"https:\/\/www.visit-ulcinj.com\/blog\/2010\/08\/08\/shqiptaret-ne-malin-e-zi-perseri-shfaqen-te-percare\/#webpage\",\"url\":\"https:\/\/www.visit-ulcinj.com\/blog\/2010\/08\/08\/shqiptaret-ne-malin-e-zi-perseri-shfaqen-te-percare\/\",\"name\":\"Shqiptar\u00ebt n\u00eb Malin e Zi p\u00ebrs\u00ebri shfaqen t\u00eb p\u00ebr\u00e7ar\u00eb - Lajme nga Ulqini\",\"isPartOf\":{\"@id\":\"https:\/\/www.visit-ulcinj.com\/blog\/#website\"},\"datePublished\":\"2010-08-08T16:54:17+00:00\",\"dateModified\":\"2010-08-15T13:55:32+00:00\",\"author\":{\"@id\":\"https:\/\/www.visit-ulcinj.com\/blog\/#\/schema\/person\/dcab619c614d3038751c63bc2aadc06d\"},\"description\":\"Kodi i ri zgjedhor p\u00ebr Malin e Zi, i cili vler\u00ebsohet si nj\u00eb akt shum\u00eb i r\u00ebnd\u00ebsish\u00ebm politik, ndodhet n\u00eb procedur\u00eb parlamentare dhe ka ngjallur reagime t\u00eb\",\"breadcrumb\":{\"@id\":\"https:\/\/www.visit-ulcinj.com\/blog\/2010\/08\/08\/shqiptaret-ne-malin-e-zi-perseri-shfaqen-te-percare\/#breadcrumb\"},\"inLanguage\":\"en-US\",\"potentialAction\":[{\"@type\":\"ReadAction\",\"target\":[\"https:\/\/www.visit-ulcinj.com\/blog\/2010\/08\/08\/shqiptaret-ne-malin-e-zi-perseri-shfaqen-te-percare\/\"]}]},{\"@type\":\"BreadcrumbList\",\"@id\":\"https:\/\/www.visit-ulcinj.com\/blog\/2010\/08\/08\/shqiptaret-ne-malin-e-zi-perseri-shfaqen-te-percare\/#breadcrumb\",\"itemListElement\":[{\"@type\":\"ListItem\",\"position\":1,\"name\":\"Shqiptar\u00ebt n\u00eb Malin e Zi p\u00ebrs\u00ebri shfaqen t\u00eb p\u00ebr\u00e7ar\u00eb\"}]},{\"@type\":\"Person\",\"@id\":\"https:\/\/www.visit-ulcinj.com\/blog\/#\/schema\/person\/dcab619c614d3038751c63bc2aadc06d\",\"name\":\"ulqini\",\"sameAs\":[\"http:\/\/www.visit-ulcinj.com\"],\"url\":\"https:\/\/www.visit-ulcinj.com\/blog\/author\/admin\/\"}]}<\/script>\n<!-- \/ Yoast SEO plugin. -->","yoast_head_json":{"title":"Shqiptar\u00ebt n\u00eb Malin e Zi p\u00ebrs\u00ebri shfaqen t\u00eb p\u00ebr\u00e7ar\u00eb - Lajme nga Ulqini","description":"Kodi i ri zgjedhor p\u00ebr Malin e Zi, i cili vler\u00ebsohet si nj\u00eb akt shum\u00eb i r\u00ebnd\u00ebsish\u00ebm politik, ndodhet n\u00eb procedur\u00eb parlamentare dhe ka ngjallur reagime t\u00eb","robots":{"index":"index","follow":"follow","max-snippet":"max-snippet:-1","max-image-preview":"max-image-preview:large","max-video-preview":"max-video-preview:-1"},"canonical":"https:\/\/www.visit-ulcinj.com\/blog\/2010\/08\/08\/shqiptaret-ne-malin-e-zi-perseri-shfaqen-te-percare\/","og_locale":"en_US","og_type":"article","og_title":"Shqiptar\u00ebt n\u00eb Malin e Zi p\u00ebrs\u00ebri shfaqen t\u00eb p\u00ebr\u00e7ar\u00eb - Lajme nga Ulqini","og_description":"Kodi i ri zgjedhor p\u00ebr Malin e Zi, i cili vler\u00ebsohet si nj\u00eb akt shum\u00eb i r\u00ebnd\u00ebsish\u00ebm politik, ndodhet n\u00eb procedur\u00eb parlamentare dhe ka ngjallur reagime t\u00eb","og_url":"https:\/\/www.visit-ulcinj.com\/blog\/2010\/08\/08\/shqiptaret-ne-malin-e-zi-perseri-shfaqen-te-percare\/","og_site_name":"Lajme nga Ulqini","article_published_time":"2010-08-08T16:54:17+00:00","article_modified_time":"2010-08-15T13:55:32+00:00","twitter_misc":{"Written by":"ulqini","Est. reading time":"2 minutes"},"schema":{"@context":"https:\/\/schema.org","@graph":[{"@type":"WebSite","@id":"https:\/\/www.visit-ulcinj.com\/blog\/#website","url":"https:\/\/www.visit-ulcinj.com\/blog\/","name":"Lajme nga Ulqini","description":"Lajme,Vijesti,Ulqini,Ulqin,Crna Gora,Mali i Zi","potentialAction":[{"@type":"SearchAction","target":{"@type":"EntryPoint","urlTemplate":"https:\/\/www.visit-ulcinj.com\/blog\/?s={search_term_string}"},"query-input":"required name=search_term_string"}],"inLanguage":"en-US"},{"@type":"WebPage","@id":"https:\/\/www.visit-ulcinj.com\/blog\/2010\/08\/08\/shqiptaret-ne-malin-e-zi-perseri-shfaqen-te-percare\/#webpage","url":"https:\/\/www.visit-ulcinj.com\/blog\/2010\/08\/08\/shqiptaret-ne-malin-e-zi-perseri-shfaqen-te-percare\/","name":"Shqiptar\u00ebt n\u00eb Malin e Zi p\u00ebrs\u00ebri shfaqen t\u00eb p\u00ebr\u00e7ar\u00eb - Lajme nga Ulqini","isPartOf":{"@id":"https:\/\/www.visit-ulcinj.com\/blog\/#website"},"datePublished":"2010-08-08T16:54:17+00:00","dateModified":"2010-08-15T13:55:32+00:00","author":{"@id":"https:\/\/www.visit-ulcinj.com\/blog\/#\/schema\/person\/dcab619c614d3038751c63bc2aadc06d"},"description":"Kodi i ri zgjedhor p\u00ebr Malin e Zi, i cili vler\u00ebsohet si nj\u00eb akt shum\u00eb i r\u00ebnd\u00ebsish\u00ebm politik, ndodhet n\u00eb procedur\u00eb parlamentare dhe ka ngjallur reagime t\u00eb","breadcrumb":{"@id":"https:\/\/www.visit-ulcinj.com\/blog\/2010\/08\/08\/shqiptaret-ne-malin-e-zi-perseri-shfaqen-te-percare\/#breadcrumb"},"inLanguage":"en-US","potentialAction":[{"@type":"ReadAction","target":["https:\/\/www.visit-ulcinj.com\/blog\/2010\/08\/08\/shqiptaret-ne-malin-e-zi-perseri-shfaqen-te-percare\/"]}]},{"@type":"BreadcrumbList","@id":"https:\/\/www.visit-ulcinj.com\/blog\/2010\/08\/08\/shqiptaret-ne-malin-e-zi-perseri-shfaqen-te-percare\/#breadcrumb","itemListElement":[{"@type":"ListItem","position":1,"name":"Shqiptar\u00ebt n\u00eb Malin e Zi p\u00ebrs\u00ebri shfaqen t\u00eb p\u00ebr\u00e7ar\u00eb"}]},{"@type":"Person","@id":"https:\/\/www.visit-ulcinj.com\/blog\/#\/schema\/person\/dcab619c614d3038751c63bc2aadc06d","name":"ulqini","sameAs":["http:\/\/www.visit-ulcinj.com"],"url":"https:\/\/www.visit-ulcinj.com\/blog\/author\/admin\/"}]}},"jetpack_featured_media_url":"","jetpack_sharing_enabled":true,"jetpack_shortlink":"https:\/\/wp.me\/pe6lTn-9jb","_links":{"self":[{"href":"https:\/\/www.visit-ulcinj.com\/blog\/wp-json\/wp\/v2\/posts\/35785"}],"collection":[{"href":"https:\/\/www.visit-ulcinj.com\/blog\/wp-json\/wp\/v2\/posts"}],"about":[{"href":"https:\/\/www.visit-ulcinj.com\/blog\/wp-json\/wp\/v2\/types\/post"}],"author":[{"embeddable":true,"href":"https:\/\/www.visit-ulcinj.com\/blog\/wp-json\/wp\/v2\/users\/1"}],"replies":[{"embeddable":true,"href":"https:\/\/www.visit-ulcinj.com\/blog\/wp-json\/wp\/v2\/comments?post=35785"}],"version-history":[{"count":0,"href":"https:\/\/www.visit-ulcinj.com\/blog\/wp-json\/wp\/v2\/posts\/35785\/revisions"}],"wp:attachment":[{"href":"https:\/\/www.visit-ulcinj.com\/blog\/wp-json\/wp\/v2\/media?parent=35785"}],"wp:term":[{"taxonomy":"category","embeddable":true,"href":"https:\/\/www.visit-ulcinj.com\/blog\/wp-json\/wp\/v2\/categories?post=35785"},{"taxonomy":"post_tag","embeddable":true,"href":"https:\/\/www.visit-ulcinj.com\/blog\/wp-json\/wp\/v2\/tags?post=35785"}],"curies":[{"name":"wp","href":"https:\/\/api.w.org\/{rel}","templated":true}]}}