{"id":35789,"date":"2010-08-08T19:02:33","date_gmt":"2010-08-08T17:02:33","guid":{"rendered":"http:\/\/www.visit-ulcinj.com\/blog\/?p=35789"},"modified":"2010-08-08T19:02:33","modified_gmt":"2010-08-08T17:02:33","slug":"kumtese-ligje-sikurse-ne-kohen-e-monizmit","status":"publish","type":"post","link":"https:\/\/www.visit-ulcinj.com\/blog\/2010\/08\/08\/kumtese-ligje-sikurse-ne-kohen-e-monizmit\/","title":{"rendered":"KUMTESE &#8211; Ligje sikurse n\u00eb koh\u00ebn e monizmit"},"content":{"rendered":"<p><a href=\"http:\/\/www.visit-ulcinj.com\/blog\/wp-content\/uploads\/2010\/03\/forca-logo-ulcinj.jpg\"><img loading=\"lazy\" class=\"alignleft size-full wp-image-30862\" title=\"forca-logo-ulcinj\" src=\"http:\/\/www.visit-ulcinj.com\/blog\/wp-content\/uploads\/2010\/03\/forca-logo-ulcinj.jpg\" alt=\"\" width=\"490\" height=\"381\" \/><\/a>Miratimi i ndryshimeve n\u00eb disa ligje nga fusha e arsimit q\u00eb dit\u00eb m\u00eb par\u00eb u vendos\u00eb nga shumica aktuale parlamentare n\u00eb parlamentin e Malit t\u00eb Zi, d\u00ebshmon se n\u00eb praktik\u00eb pushteti vazhdon me formulen e centralizimit nd\u00ebrsa decentralzimi i tij sipa standart\u00ebve evropiane mbetet vet\u00ebm d\u00ebshir\u00eb. Edhe pse deputet t\u00eb subjekteve t\u00eb ndryshme politike e ate kryesisht nga partit\u00eb opozitare kishin paraqitur amendamente t\u00eb ndryshme q\u00eb ishin n\u00eb favor t\u00eb decentralizimit dhe t\u00eb autonomis\u00eb s\u00eb shkollave, \u00e7do gj\u00eb ishte e kot\u00eb sepse shumica parlamentare vendosi sipas rekomandimeve qeveritare. Kund\u00ebr k\u00ebtyre propozim ligjeve nga 49 deputet q\u00eb votuan ishin vet\u00ebm tre deputet\u00eb nga subjektet nacionale shqiptare (Forca, LDMZ, Perspektiva) duke mbrojtur parimet e decentralizimit dhe barazis\u00eb nacionale n\u00eb nj\u00eb mjedis multinacional si\u00e7 \u00ebsht\u00eb Mali i Zi.<\/p>\n<p>Nuk ka dilem\u00eb se pasojat nga miratimi i ligjeve t\u00eb tilla do t\u00eb jen\u00eb shum\u00ebdimensionale, q\u00eb do t\u00eb vereh\u00ebn n\u00eb praktik\u00eb n\u00eb gjasht\u00eb muajt e ardhsh\u00ebm sa \u00ebsht\u00eb edhe afati i zbatimit praktik t\u00eb tyre ligjeve. K\u00ebshtu parashihet q\u00eb brenda tre muajve duhet t\u00eb formohen k\u00ebshillat e reja t\u00eb shkollave, ku shumica e tyre do t\u00eb jet\u00eb nga p\u00ebrfaq\u00ebsuesit e Ministris\u00eb s\u00eb arsimit. Madje ata duhet t\u00eb veprojn\u00eb sipas udh\u00ebzimeve nga ana e Ministris\u00eb s\u00eb arsimit, nga del se nuk mund t\u00eb veprojn\u00eb sipas nd\u00ebrgjegj\u00ebs s\u00eb tyre, por jan\u00eb t\u00eb varur nga subjekti q\u00eb i ka deleguar. N\u00ebse deri m\u00eb tash K\u00ebshilli i shkoll\u00ebs ka pasur ingerenca p\u00ebr t\u00eb zgjedhur drejtorin e shkoll\u00ebs e ate e ka verifikuar ministri, tash e tutje k\u00ebshilli p\u00ebr ket\u00eb \u00e7\u00ebshtje \u00ebsht\u00eb vet\u00ebm dekor, se kjo e drejt\u00eb \u00ebsht\u00eb ekskluzive vet\u00ebm e ministrit. Nj\u00eb veprim i till\u00eb arbitrar d\u00ebshmon centralizimin absolut t\u00eb pushtetit, duke anashkaluar n\u00eb t\u00ebr\u00ebsi kolektivin e shkoll\u00ebs, k\u00ebshillin e prind\u00ebrve dhe p\u00ebrfundimisht k\u00ebshillin e shkoll\u00ebs. Dhe n\u00eb saje t\u00eb nj\u00eb ligji t\u00eb till\u00eb ministri mund t\u00eb zgjedh \u00e7do kend p\u00ebr drejtor t\u00eb shkoll\u00ebs q\u00eb i plot\u00ebson kushtet ligjore edhe pse ai individ mund t\u00eb jet\u00eb i pap\u00ebrshtatsh\u00ebm p\u00ebr kolektivin e shkoll\u00ebs. Ne raste t\u00eb tilla nuk ka dilem\u00eb s\u00eb referencat kryesore do t\u00eb jen\u00eb jo p\u00ebrgatitja profesionale, por p\u00ebrshtatshm\u00ebria dhe sidomos p\u00ebrkat\u00ebsia partiake, q\u00eb \u00ebsht\u00eb identike si n\u00eb koh\u00ebn e monizmit.<\/p>\n<p>Po ashtu n\u00eb saje t\u00eb k\u00ebtij ligji do t\u00eb formohet edhe K\u00ebshilli Nacional i Arsimit(Nacionalni Savjet za obrazovanje) si subjekti m\u00eb i lart\u00eb arsimor n\u00eb nivel t\u00eb shtetit i cili n\u00eb p\u00ebrb\u00ebrjen e vet\u00eb do t\u00eb ket\u00eb edhe p\u00ebrfaq\u00ebsues t\u00eb popujve pakic\u00eb. Por, zgjedhja e tyre paraqet defektin e k\u00ebtij ligji, sepse ka qen\u00eb e nevojshme q\u00eb ata t\u00eb em\u00ebrohen p\u00ebrmes K\u00ebshillave Nacionale t\u00eb popujve p\u00ebrkat\u00ebs q\u00eb veprojn\u00eb n\u00eb Mal t\u00eb Zi e jo sipas shijes s\u00eb pushtetit. Nj\u00eb veprim i till\u00eb n\u00ebn\u00e7mon K\u00ebshillat nacionale kur kemi t\u00eb b\u00ebjm\u00eb me \u00e7\u00ebshtjen e p\u00ebrfaq\u00ebsimit autentik e po ashtu edhe Ligjin p\u00ebr lirit\u00eb dhe t\u00eb drejtave t\u00eb pakicave(Zakon o manjinskim pravima i slobodama). N\u00eb rastin konkret ne shqiptar\u00ebt k\u00ebrkojm\u00eb q\u00eb t\u00eb jemi t\u00eb p\u00ebrfaq\u00ebsuar me kuadra profesionale t\u00eb propozuar nga K\u00ebshilli Nacional i Shqiptar\u00ebve e jo nga p\u00ebrfaq\u00ebsuesit e ndrysh\u00ebm nga strukturat qeveritare n\u00eb Mal t\u00eb Zi.<\/p>\n<p>Pra, kemi t\u00eb b\u00ebjm\u00eb me veprime arbitrare t\u00eb pushtetit, duke miratuar ligje jo demokratike nga fusha e arsimit, q\u00eb \u00ebsht\u00eb n\u00eb kund\u00ebrshtim flagrant m\u00eb t\u00eb drejtat e qytetare, nacionale dhe me standart\u00ebt demokratike evropiane.<br \/>\n<strong><br \/>\nForca e re Demokratike<br \/>\nSh\u00ebrbimi p\u00ebr informim<\/strong><\/p>\n","protected":false},"excerpt":{"rendered":"<p>Miratimi i ndryshimeve n\u00eb disa ligje nga fusha e arsimit q\u00eb dit\u00eb m\u00eb par\u00eb u vendos\u00eb nga shumica aktuale parlamentare n\u00eb parlamentin e Malit t\u00eb Zi, d\u00ebshmon se n\u00eb praktik\u00eb pushteti vazhdon me formulen e centralizimit nd\u00ebrsa decentralzimi i tij sipa standart\u00ebve evropiane mbetet vet\u00ebm d\u00ebshir\u00eb. Edhe pse deputet t\u00eb subjekteve t\u00eb ndryshme politike e [&hellip;]<\/p>\n","protected":false},"author":1,"featured_media":0,"comment_status":"open","ping_status":"closed","sticky":false,"template":"","format":"standard","meta":{"spay_email":"","jetpack_publicize_message":"","jetpack_is_tweetstorm":false,"jetpack_publicize_feature_enabled":true},"categories":[11],"tags":[874,95,200],"jetpack_publicize_connections":[],"yoast_head":"<!-- This site is optimized with the Yoast SEO plugin v19.1 - https:\/\/yoast.com\/wordpress\/plugins\/seo\/ -->\n<title>KUMTESE - Ligje sikurse n\u00eb koh\u00ebn e monizmit - Lajme nga Ulqini<\/title>\n<meta name=\"description\" content=\"Miratimi i ndryshimeve n\u00eb disa ligje nga fusha e arsimit q\u00eb dit\u00eb m\u00eb par\u00eb u vendos\u00eb nga shumica aktuale parlamentare n\u00eb parlamentin e Malit t\u00eb Zi, d\u00ebshmon\" \/>\n<meta name=\"robots\" content=\"index, follow, max-snippet:-1, max-image-preview:large, max-video-preview:-1\" \/>\n<link rel=\"canonical\" href=\"https:\/\/www.visit-ulcinj.com\/blog\/2010\/08\/08\/kumtese-ligje-sikurse-ne-kohen-e-monizmit\/\" \/>\n<meta property=\"og:locale\" content=\"en_US\" \/>\n<meta property=\"og:type\" content=\"article\" \/>\n<meta property=\"og:title\" content=\"KUMTESE - Ligje sikurse n\u00eb koh\u00ebn e monizmit - Lajme nga Ulqini\" \/>\n<meta property=\"og:description\" content=\"Miratimi i ndryshimeve n\u00eb disa ligje nga fusha e arsimit q\u00eb dit\u00eb m\u00eb par\u00eb u vendos\u00eb nga shumica aktuale parlamentare n\u00eb parlamentin e Malit t\u00eb Zi, d\u00ebshmon\" \/>\n<meta property=\"og:url\" content=\"https:\/\/www.visit-ulcinj.com\/blog\/2010\/08\/08\/kumtese-ligje-sikurse-ne-kohen-e-monizmit\/\" \/>\n<meta property=\"og:site_name\" content=\"Lajme nga Ulqini\" \/>\n<meta property=\"article:published_time\" content=\"2010-08-08T17:02:33+00:00\" \/>\n<meta property=\"og:image\" content=\"http:\/\/www.visit-ulcinj.com\/blog\/wp-content\/uploads\/2010\/03\/forca-logo-ulcinj.jpg\" \/>\n<meta name=\"twitter:label1\" content=\"Written by\" \/>\n\t<meta name=\"twitter:data1\" content=\"ulqini\" \/>\n\t<meta name=\"twitter:label2\" content=\"Est. reading time\" \/>\n\t<meta name=\"twitter:data2\" content=\"3 minutes\" \/>\n<script type=\"application\/ld+json\" class=\"yoast-schema-graph\">{\"@context\":\"https:\/\/schema.org\",\"@graph\":[{\"@type\":\"WebSite\",\"@id\":\"https:\/\/www.visit-ulcinj.com\/blog\/#website\",\"url\":\"https:\/\/www.visit-ulcinj.com\/blog\/\",\"name\":\"Lajme nga Ulqini\",\"description\":\"Lajme,Vijesti,Ulqini,Ulqin,Crna Gora,Mali i Zi\",\"potentialAction\":[{\"@type\":\"SearchAction\",\"target\":{\"@type\":\"EntryPoint\",\"urlTemplate\":\"https:\/\/www.visit-ulcinj.com\/blog\/?s={search_term_string}\"},\"query-input\":\"required name=search_term_string\"}],\"inLanguage\":\"en-US\"},{\"@type\":\"ImageObject\",\"inLanguage\":\"en-US\",\"@id\":\"https:\/\/www.visit-ulcinj.com\/blog\/2010\/08\/08\/kumtese-ligje-sikurse-ne-kohen-e-monizmit\/#primaryimage\",\"url\":\"https:\/\/www.visit-ulcinj.com\/blog\/wp-content\/uploads\/2010\/03\/forca-logo-ulcinj.jpg\",\"contentUrl\":\"https:\/\/www.visit-ulcinj.com\/blog\/wp-content\/uploads\/2010\/03\/forca-logo-ulcinj.jpg\",\"width\":\"500\",\"height\":\"481\"},{\"@type\":\"WebPage\",\"@id\":\"https:\/\/www.visit-ulcinj.com\/blog\/2010\/08\/08\/kumtese-ligje-sikurse-ne-kohen-e-monizmit\/#webpage\",\"url\":\"https:\/\/www.visit-ulcinj.com\/blog\/2010\/08\/08\/kumtese-ligje-sikurse-ne-kohen-e-monizmit\/\",\"name\":\"KUMTESE - Ligje sikurse n\u00eb koh\u00ebn e monizmit - Lajme nga Ulqini\",\"isPartOf\":{\"@id\":\"https:\/\/www.visit-ulcinj.com\/blog\/#website\"},\"primaryImageOfPage\":{\"@id\":\"https:\/\/www.visit-ulcinj.com\/blog\/2010\/08\/08\/kumtese-ligje-sikurse-ne-kohen-e-monizmit\/#primaryimage\"},\"datePublished\":\"2010-08-08T17:02:33+00:00\",\"dateModified\":\"2010-08-08T17:02:33+00:00\",\"author\":{\"@id\":\"https:\/\/www.visit-ulcinj.com\/blog\/#\/schema\/person\/dcab619c614d3038751c63bc2aadc06d\"},\"description\":\"Miratimi i ndryshimeve n\u00eb disa ligje nga fusha e arsimit q\u00eb dit\u00eb m\u00eb par\u00eb u vendos\u00eb nga shumica aktuale parlamentare n\u00eb parlamentin e Malit t\u00eb Zi, d\u00ebshmon\",\"breadcrumb\":{\"@id\":\"https:\/\/www.visit-ulcinj.com\/blog\/2010\/08\/08\/kumtese-ligje-sikurse-ne-kohen-e-monizmit\/#breadcrumb\"},\"inLanguage\":\"en-US\",\"potentialAction\":[{\"@type\":\"ReadAction\",\"target\":[\"https:\/\/www.visit-ulcinj.com\/blog\/2010\/08\/08\/kumtese-ligje-sikurse-ne-kohen-e-monizmit\/\"]}]},{\"@type\":\"BreadcrumbList\",\"@id\":\"https:\/\/www.visit-ulcinj.com\/blog\/2010\/08\/08\/kumtese-ligje-sikurse-ne-kohen-e-monizmit\/#breadcrumb\",\"itemListElement\":[{\"@type\":\"ListItem\",\"position\":1,\"name\":\"KUMTESE &#8211; Ligje sikurse n\u00eb koh\u00ebn e monizmit\"}]},{\"@type\":\"Person\",\"@id\":\"https:\/\/www.visit-ulcinj.com\/blog\/#\/schema\/person\/dcab619c614d3038751c63bc2aadc06d\",\"name\":\"ulqini\",\"sameAs\":[\"http:\/\/www.visit-ulcinj.com\"],\"url\":\"https:\/\/www.visit-ulcinj.com\/blog\/author\/admin\/\"}]}<\/script>\n<!-- \/ Yoast SEO plugin. -->","yoast_head_json":{"title":"KUMTESE - Ligje sikurse n\u00eb koh\u00ebn e monizmit - Lajme nga Ulqini","description":"Miratimi i ndryshimeve n\u00eb disa ligje nga fusha e arsimit q\u00eb dit\u00eb m\u00eb par\u00eb u vendos\u00eb nga shumica aktuale parlamentare n\u00eb parlamentin e Malit t\u00eb Zi, d\u00ebshmon","robots":{"index":"index","follow":"follow","max-snippet":"max-snippet:-1","max-image-preview":"max-image-preview:large","max-video-preview":"max-video-preview:-1"},"canonical":"https:\/\/www.visit-ulcinj.com\/blog\/2010\/08\/08\/kumtese-ligje-sikurse-ne-kohen-e-monizmit\/","og_locale":"en_US","og_type":"article","og_title":"KUMTESE - Ligje sikurse n\u00eb koh\u00ebn e monizmit - Lajme nga Ulqini","og_description":"Miratimi i ndryshimeve n\u00eb disa ligje nga fusha e arsimit q\u00eb dit\u00eb m\u00eb par\u00eb u vendos\u00eb nga shumica aktuale parlamentare n\u00eb parlamentin e Malit t\u00eb Zi, d\u00ebshmon","og_url":"https:\/\/www.visit-ulcinj.com\/blog\/2010\/08\/08\/kumtese-ligje-sikurse-ne-kohen-e-monizmit\/","og_site_name":"Lajme nga Ulqini","article_published_time":"2010-08-08T17:02:33+00:00","og_image":[{"url":"http:\/\/www.visit-ulcinj.com\/blog\/wp-content\/uploads\/2010\/03\/forca-logo-ulcinj.jpg"}],"twitter_misc":{"Written by":"ulqini","Est. reading time":"3 minutes"},"schema":{"@context":"https:\/\/schema.org","@graph":[{"@type":"WebSite","@id":"https:\/\/www.visit-ulcinj.com\/blog\/#website","url":"https:\/\/www.visit-ulcinj.com\/blog\/","name":"Lajme nga Ulqini","description":"Lajme,Vijesti,Ulqini,Ulqin,Crna Gora,Mali i Zi","potentialAction":[{"@type":"SearchAction","target":{"@type":"EntryPoint","urlTemplate":"https:\/\/www.visit-ulcinj.com\/blog\/?s={search_term_string}"},"query-input":"required name=search_term_string"}],"inLanguage":"en-US"},{"@type":"ImageObject","inLanguage":"en-US","@id":"https:\/\/www.visit-ulcinj.com\/blog\/2010\/08\/08\/kumtese-ligje-sikurse-ne-kohen-e-monizmit\/#primaryimage","url":"https:\/\/www.visit-ulcinj.com\/blog\/wp-content\/uploads\/2010\/03\/forca-logo-ulcinj.jpg","contentUrl":"https:\/\/www.visit-ulcinj.com\/blog\/wp-content\/uploads\/2010\/03\/forca-logo-ulcinj.jpg","width":"500","height":"481"},{"@type":"WebPage","@id":"https:\/\/www.visit-ulcinj.com\/blog\/2010\/08\/08\/kumtese-ligje-sikurse-ne-kohen-e-monizmit\/#webpage","url":"https:\/\/www.visit-ulcinj.com\/blog\/2010\/08\/08\/kumtese-ligje-sikurse-ne-kohen-e-monizmit\/","name":"KUMTESE - Ligje sikurse n\u00eb koh\u00ebn e monizmit - Lajme nga Ulqini","isPartOf":{"@id":"https:\/\/www.visit-ulcinj.com\/blog\/#website"},"primaryImageOfPage":{"@id":"https:\/\/www.visit-ulcinj.com\/blog\/2010\/08\/08\/kumtese-ligje-sikurse-ne-kohen-e-monizmit\/#primaryimage"},"datePublished":"2010-08-08T17:02:33+00:00","dateModified":"2010-08-08T17:02:33+00:00","author":{"@id":"https:\/\/www.visit-ulcinj.com\/blog\/#\/schema\/person\/dcab619c614d3038751c63bc2aadc06d"},"description":"Miratimi i ndryshimeve n\u00eb disa ligje nga fusha e arsimit q\u00eb dit\u00eb m\u00eb par\u00eb u vendos\u00eb nga shumica aktuale parlamentare n\u00eb parlamentin e Malit t\u00eb Zi, d\u00ebshmon","breadcrumb":{"@id":"https:\/\/www.visit-ulcinj.com\/blog\/2010\/08\/08\/kumtese-ligje-sikurse-ne-kohen-e-monizmit\/#breadcrumb"},"inLanguage":"en-US","potentialAction":[{"@type":"ReadAction","target":["https:\/\/www.visit-ulcinj.com\/blog\/2010\/08\/08\/kumtese-ligje-sikurse-ne-kohen-e-monizmit\/"]}]},{"@type":"BreadcrumbList","@id":"https:\/\/www.visit-ulcinj.com\/blog\/2010\/08\/08\/kumtese-ligje-sikurse-ne-kohen-e-monizmit\/#breadcrumb","itemListElement":[{"@type":"ListItem","position":1,"name":"KUMTESE &#8211; Ligje sikurse n\u00eb koh\u00ebn e monizmit"}]},{"@type":"Person","@id":"https:\/\/www.visit-ulcinj.com\/blog\/#\/schema\/person\/dcab619c614d3038751c63bc2aadc06d","name":"ulqini","sameAs":["http:\/\/www.visit-ulcinj.com"],"url":"https:\/\/www.visit-ulcinj.com\/blog\/author\/admin\/"}]}},"jetpack_featured_media_url":"","jetpack_sharing_enabled":true,"jetpack_shortlink":"https:\/\/wp.me\/pe6lTn-9jf","_links":{"self":[{"href":"https:\/\/www.visit-ulcinj.com\/blog\/wp-json\/wp\/v2\/posts\/35789"}],"collection":[{"href":"https:\/\/www.visit-ulcinj.com\/blog\/wp-json\/wp\/v2\/posts"}],"about":[{"href":"https:\/\/www.visit-ulcinj.com\/blog\/wp-json\/wp\/v2\/types\/post"}],"author":[{"embeddable":true,"href":"https:\/\/www.visit-ulcinj.com\/blog\/wp-json\/wp\/v2\/users\/1"}],"replies":[{"embeddable":true,"href":"https:\/\/www.visit-ulcinj.com\/blog\/wp-json\/wp\/v2\/comments?post=35789"}],"version-history":[{"count":0,"href":"https:\/\/www.visit-ulcinj.com\/blog\/wp-json\/wp\/v2\/posts\/35789\/revisions"}],"wp:attachment":[{"href":"https:\/\/www.visit-ulcinj.com\/blog\/wp-json\/wp\/v2\/media?parent=35789"}],"wp:term":[{"taxonomy":"category","embeddable":true,"href":"https:\/\/www.visit-ulcinj.com\/blog\/wp-json\/wp\/v2\/categories?post=35789"},{"taxonomy":"post_tag","embeddable":true,"href":"https:\/\/www.visit-ulcinj.com\/blog\/wp-json\/wp\/v2\/tags?post=35789"}],"curies":[{"name":"wp","href":"https:\/\/api.w.org\/{rel}","templated":true}]}}