{"id":35792,"date":"2010-08-08T19:08:03","date_gmt":"2010-08-08T17:08:03","guid":{"rendered":"http:\/\/www.visit-ulcinj.com\/blog\/?p=35792"},"modified":"2010-08-08T19:08:03","modified_gmt":"2010-08-08T17:08:03","slug":"saopstenje-kao-u-vrijeme-monizma","status":"publish","type":"post","link":"https:\/\/www.visit-ulcinj.com\/blog\/2010\/08\/08\/saopstenje-kao-u-vrijeme-monizma\/","title":{"rendered":"SAOPSTENJE &#8211; Kao u vrijeme monizma"},"content":{"rendered":"<p><a href=\"http:\/\/www.visit-ulcinj.com\/blog\/wp-content\/uploads\/2009\/02\/logo-forca.jpg\"><img loading=\"lazy\" class=\"alignleft size-full wp-image-11548\" title=\"logo-forca\" src=\"http:\/\/www.visit-ulcinj.com\/blog\/wp-content\/uploads\/2009\/02\/logo-forca.jpg\" alt=\"\" width=\"248\" height=\"241\" \/><\/a>Usvajanje izmjena iz seta zakona iz oblasti obrazovanja, koje je aktualna ve?ina u Skup\u0161toni Crne Gore nedavno sprovela, svjedo?i da u praksi vlast nastavlja sa formulom dalje centralizacije, dok nam decentralizacija po evropskim standardima ostaje samo \u017eelja. Iako su poslanici raznih politi?kih subjekata, uglavnom iz redova opozicije, predlo\u017eili niz amandmana koji su i\u0161li i prilog decentralizaciji i autonomiji \u0161kolskog sistema, sve je bilo uzalud, jer je ve?ina glasala po preporuci izvr\u0161ne vlasti. Protiv ovih predloga, od ukupno 49 prisutnih poslanika, glasali su samo tri poslanika od nacionalnih partija albanaca (Forca, DS u CG, Perspektiva), brane?i tako principe decentralizacije i nacionalne ravnopravnosti u multinacionalnoj sredini kao \u0161to je Grna Gora.<\/p>\n<p>Nema dileme da ?e posledice usvajanja ovih zakonskih rje\u0161enja biti vi\u0161edimenzionalne I da ?e se one ubrzo primjetiti, ve? tokom narednih \u0161est mjeseci koje su rok za sprovo?enje ovih zakona. Tamo se predvi?a da unutar tri mjeseca treba da se formiraju novi \u0161kolski odbori, gdje ?e ve?inu ?initi predstavnici Ministarstva prosvjete. I oni ?e djelovati po uputstvima Ministra. Odakle proizilazi da ne mogu djelovati po sopstvenoj savjesti, nego da su potpuno zavisni od subjekta koji ih je delegirao. Jedan ovakav arbitrarni postupak svjedo?i o punoj centralizaciji vlasti, potpunom zanemarivanju kolektiva \u0161kole, savjeta roditelja i zaklju?no savjeta \u0161kole. Na osnovu ovih zakona Ministar mo\u017ee izabrati bilo koga za direktora \u0161kole, samo ako formalno zadovoljava uslove po zakonu, iako on mo\u017ee biti neadekvatan za kolektiv \u0161kole. U ovim slu?ajevima, nema dileme da klju?na referenca ne?e biti profesionalna obu?enost ve? podobnost i naro?ito partijska pripadnost, \u0161to je identi?no kao u vrijeme monizma.<\/p>\n<p>Tako?e na osnovu ovih zakona bi?e formiran i Nacionani savjet za obrazovanje kao najvi\u0161a institucija za oblast obrazovanja u dr\u017eavi, koji ?e u svom sastavu imati i predstavnike manjinskih naroda. Me?utim na?in njihovog izbora predstavlja manu ovog zakonskog rije\u0161enja. Bilo je potrebno da se oni imenuju od strane nacionalnih savjeta manjinskih naroda u Crnoj Gori a ne po ukusu Vlasti. Ovo rje\u0161enje obezvrije?uje nacionalne savjete u ?ijoj je nadle\u017enosti autenti?no predstavjanje a tako?e i Zakon o manjinskim pravima i slobodama. Konkretno, u slu?aju albanaca zahtjevamo da budemo predstavljeni sa profesionalnim kadrovima koji ?e biti predlagani od strane nacionalnog savjeta albanaca a ne od raznih predstavnika iz vladaju?ih struktura u Crnoj Gori.<\/p>\n<p>Dakle, sa usvajanjem ovih nedemokratskih zakona iz oblasti obrazovanja mi se suo?avamo sa arbitrarnim postupcima vlasti \u0161to je u suprotnosti sa gra?anskim i nacionalnim pravima kao i demokratskim evropskim standardima.<\/p>\n<p><strong>Slu\u017eba za informisanje Force<\/strong><\/p>\n","protected":false},"excerpt":{"rendered":"<p>Usvajanje izmjena iz seta zakona iz oblasti obrazovanja, koje je aktualna ve?ina u Skup\u0161toni Crne Gore nedavno sprovela, svjedo?i da u praksi vlast nastavlja sa formulom dalje centralizacije, dok nam decentralizacija po evropskim standardima ostaje samo \u017eelja. Iako su poslanici raznih politi?kih subjekata, uglavnom iz redova opozicije, predlo\u017eili niz amandmana koji su i\u0161li i prilog [&hellip;]<\/p>\n","protected":false},"author":1,"featured_media":0,"comment_status":"open","ping_status":"closed","sticky":false,"template":"","format":"standard","meta":{"spay_email":"","jetpack_publicize_message":"","jetpack_is_tweetstorm":false,"jetpack_publicize_feature_enabled":true},"categories":[8],"tags":[20,4666,19],"jetpack_publicize_connections":[],"yoast_head":"<!-- This site is optimized with the Yoast SEO plugin v19.1 - https:\/\/yoast.com\/wordpress\/plugins\/seo\/ -->\n<title>SAOPSTENJE - Kao u vrijeme monizma - Lajme nga Ulqini<\/title>\n<meta name=\"description\" content=\"Usvajanje izmjena iz seta zakona iz oblasti obrazovanja, koje je aktualna ve?ina u Skup\u0161toni Crne Gore nedavno sprovela, svjedo?i da u praksi vlast\" \/>\n<meta name=\"robots\" content=\"index, follow, max-snippet:-1, max-image-preview:large, max-video-preview:-1\" \/>\n<link rel=\"canonical\" href=\"https:\/\/www.visit-ulcinj.com\/blog\/2010\/08\/08\/saopstenje-kao-u-vrijeme-monizma\/\" \/>\n<meta property=\"og:locale\" content=\"en_US\" \/>\n<meta property=\"og:type\" content=\"article\" \/>\n<meta property=\"og:title\" content=\"SAOPSTENJE - Kao u vrijeme monizma - Lajme nga Ulqini\" \/>\n<meta property=\"og:description\" content=\"Usvajanje izmjena iz seta zakona iz oblasti obrazovanja, koje je aktualna ve?ina u Skup\u0161toni Crne Gore nedavno sprovela, svjedo?i da u praksi vlast\" \/>\n<meta property=\"og:url\" content=\"https:\/\/www.visit-ulcinj.com\/blog\/2010\/08\/08\/saopstenje-kao-u-vrijeme-monizma\/\" \/>\n<meta property=\"og:site_name\" content=\"Lajme nga Ulqini\" \/>\n<meta property=\"article:published_time\" content=\"2010-08-08T17:08:03+00:00\" \/>\n<meta property=\"og:image\" content=\"http:\/\/www.visit-ulcinj.com\/blog\/wp-content\/uploads\/2009\/02\/logo-forca.jpg\" \/>\n<meta name=\"twitter:label1\" content=\"Written by\" \/>\n\t<meta name=\"twitter:data1\" content=\"ulqini\" \/>\n\t<meta name=\"twitter:label2\" content=\"Est. reading time\" \/>\n\t<meta name=\"twitter:data2\" content=\"2 minutes\" \/>\n<script type=\"application\/ld+json\" class=\"yoast-schema-graph\">{\"@context\":\"https:\/\/schema.org\",\"@graph\":[{\"@type\":\"WebSite\",\"@id\":\"https:\/\/www.visit-ulcinj.com\/blog\/#website\",\"url\":\"https:\/\/www.visit-ulcinj.com\/blog\/\",\"name\":\"Lajme nga Ulqini\",\"description\":\"Lajme,Vijesti,Ulqini,Ulqin,Crna Gora,Mali i Zi\",\"potentialAction\":[{\"@type\":\"SearchAction\",\"target\":{\"@type\":\"EntryPoint\",\"urlTemplate\":\"https:\/\/www.visit-ulcinj.com\/blog\/?s={search_term_string}\"},\"query-input\":\"required name=search_term_string\"}],\"inLanguage\":\"en-US\"},{\"@type\":\"ImageObject\",\"inLanguage\":\"en-US\",\"@id\":\"https:\/\/www.visit-ulcinj.com\/blog\/2010\/08\/08\/saopstenje-kao-u-vrijeme-monizma\/#primaryimage\",\"url\":\"https:\/\/www.visit-ulcinj.com\/blog\/wp-content\/uploads\/2009\/02\/logo-forca.jpg\",\"contentUrl\":\"https:\/\/www.visit-ulcinj.com\/blog\/wp-content\/uploads\/2009\/02\/logo-forca.jpg\",\"width\":\"248\",\"height\":\"241\"},{\"@type\":\"WebPage\",\"@id\":\"https:\/\/www.visit-ulcinj.com\/blog\/2010\/08\/08\/saopstenje-kao-u-vrijeme-monizma\/#webpage\",\"url\":\"https:\/\/www.visit-ulcinj.com\/blog\/2010\/08\/08\/saopstenje-kao-u-vrijeme-monizma\/\",\"name\":\"SAOPSTENJE - Kao u vrijeme monizma - Lajme nga Ulqini\",\"isPartOf\":{\"@id\":\"https:\/\/www.visit-ulcinj.com\/blog\/#website\"},\"primaryImageOfPage\":{\"@id\":\"https:\/\/www.visit-ulcinj.com\/blog\/2010\/08\/08\/saopstenje-kao-u-vrijeme-monizma\/#primaryimage\"},\"datePublished\":\"2010-08-08T17:08:03+00:00\",\"dateModified\":\"2010-08-08T17:08:03+00:00\",\"author\":{\"@id\":\"https:\/\/www.visit-ulcinj.com\/blog\/#\/schema\/person\/dcab619c614d3038751c63bc2aadc06d\"},\"description\":\"Usvajanje izmjena iz seta zakona iz oblasti obrazovanja, koje je aktualna ve?ina u Skup\u0161toni Crne Gore nedavno sprovela, svjedo?i da u praksi vlast\",\"breadcrumb\":{\"@id\":\"https:\/\/www.visit-ulcinj.com\/blog\/2010\/08\/08\/saopstenje-kao-u-vrijeme-monizma\/#breadcrumb\"},\"inLanguage\":\"en-US\",\"potentialAction\":[{\"@type\":\"ReadAction\",\"target\":[\"https:\/\/www.visit-ulcinj.com\/blog\/2010\/08\/08\/saopstenje-kao-u-vrijeme-monizma\/\"]}]},{\"@type\":\"BreadcrumbList\",\"@id\":\"https:\/\/www.visit-ulcinj.com\/blog\/2010\/08\/08\/saopstenje-kao-u-vrijeme-monizma\/#breadcrumb\",\"itemListElement\":[{\"@type\":\"ListItem\",\"position\":1,\"name\":\"SAOPSTENJE &#8211; Kao u vrijeme monizma\"}]},{\"@type\":\"Person\",\"@id\":\"https:\/\/www.visit-ulcinj.com\/blog\/#\/schema\/person\/dcab619c614d3038751c63bc2aadc06d\",\"name\":\"ulqini\",\"sameAs\":[\"http:\/\/www.visit-ulcinj.com\"],\"url\":\"https:\/\/www.visit-ulcinj.com\/blog\/author\/admin\/\"}]}<\/script>\n<!-- \/ Yoast SEO plugin. -->","yoast_head_json":{"title":"SAOPSTENJE - Kao u vrijeme monizma - Lajme nga Ulqini","description":"Usvajanje izmjena iz seta zakona iz oblasti obrazovanja, koje je aktualna ve?ina u Skup\u0161toni Crne Gore nedavno sprovela, svjedo?i da u praksi vlast","robots":{"index":"index","follow":"follow","max-snippet":"max-snippet:-1","max-image-preview":"max-image-preview:large","max-video-preview":"max-video-preview:-1"},"canonical":"https:\/\/www.visit-ulcinj.com\/blog\/2010\/08\/08\/saopstenje-kao-u-vrijeme-monizma\/","og_locale":"en_US","og_type":"article","og_title":"SAOPSTENJE - Kao u vrijeme monizma - Lajme nga Ulqini","og_description":"Usvajanje izmjena iz seta zakona iz oblasti obrazovanja, koje je aktualna ve?ina u Skup\u0161toni Crne Gore nedavno sprovela, svjedo?i da u praksi vlast","og_url":"https:\/\/www.visit-ulcinj.com\/blog\/2010\/08\/08\/saopstenje-kao-u-vrijeme-monizma\/","og_site_name":"Lajme nga Ulqini","article_published_time":"2010-08-08T17:08:03+00:00","og_image":[{"url":"http:\/\/www.visit-ulcinj.com\/blog\/wp-content\/uploads\/2009\/02\/logo-forca.jpg"}],"twitter_misc":{"Written by":"ulqini","Est. reading time":"2 minutes"},"schema":{"@context":"https:\/\/schema.org","@graph":[{"@type":"WebSite","@id":"https:\/\/www.visit-ulcinj.com\/blog\/#website","url":"https:\/\/www.visit-ulcinj.com\/blog\/","name":"Lajme nga Ulqini","description":"Lajme,Vijesti,Ulqini,Ulqin,Crna Gora,Mali i Zi","potentialAction":[{"@type":"SearchAction","target":{"@type":"EntryPoint","urlTemplate":"https:\/\/www.visit-ulcinj.com\/blog\/?s={search_term_string}"},"query-input":"required name=search_term_string"}],"inLanguage":"en-US"},{"@type":"ImageObject","inLanguage":"en-US","@id":"https:\/\/www.visit-ulcinj.com\/blog\/2010\/08\/08\/saopstenje-kao-u-vrijeme-monizma\/#primaryimage","url":"https:\/\/www.visit-ulcinj.com\/blog\/wp-content\/uploads\/2009\/02\/logo-forca.jpg","contentUrl":"https:\/\/www.visit-ulcinj.com\/blog\/wp-content\/uploads\/2009\/02\/logo-forca.jpg","width":"248","height":"241"},{"@type":"WebPage","@id":"https:\/\/www.visit-ulcinj.com\/blog\/2010\/08\/08\/saopstenje-kao-u-vrijeme-monizma\/#webpage","url":"https:\/\/www.visit-ulcinj.com\/blog\/2010\/08\/08\/saopstenje-kao-u-vrijeme-monizma\/","name":"SAOPSTENJE - Kao u vrijeme monizma - Lajme nga Ulqini","isPartOf":{"@id":"https:\/\/www.visit-ulcinj.com\/blog\/#website"},"primaryImageOfPage":{"@id":"https:\/\/www.visit-ulcinj.com\/blog\/2010\/08\/08\/saopstenje-kao-u-vrijeme-monizma\/#primaryimage"},"datePublished":"2010-08-08T17:08:03+00:00","dateModified":"2010-08-08T17:08:03+00:00","author":{"@id":"https:\/\/www.visit-ulcinj.com\/blog\/#\/schema\/person\/dcab619c614d3038751c63bc2aadc06d"},"description":"Usvajanje izmjena iz seta zakona iz oblasti obrazovanja, koje je aktualna ve?ina u Skup\u0161toni Crne Gore nedavno sprovela, svjedo?i da u praksi vlast","breadcrumb":{"@id":"https:\/\/www.visit-ulcinj.com\/blog\/2010\/08\/08\/saopstenje-kao-u-vrijeme-monizma\/#breadcrumb"},"inLanguage":"en-US","potentialAction":[{"@type":"ReadAction","target":["https:\/\/www.visit-ulcinj.com\/blog\/2010\/08\/08\/saopstenje-kao-u-vrijeme-monizma\/"]}]},{"@type":"BreadcrumbList","@id":"https:\/\/www.visit-ulcinj.com\/blog\/2010\/08\/08\/saopstenje-kao-u-vrijeme-monizma\/#breadcrumb","itemListElement":[{"@type":"ListItem","position":1,"name":"SAOPSTENJE &#8211; Kao u vrijeme monizma"}]},{"@type":"Person","@id":"https:\/\/www.visit-ulcinj.com\/blog\/#\/schema\/person\/dcab619c614d3038751c63bc2aadc06d","name":"ulqini","sameAs":["http:\/\/www.visit-ulcinj.com"],"url":"https:\/\/www.visit-ulcinj.com\/blog\/author\/admin\/"}]}},"jetpack_featured_media_url":"","jetpack_sharing_enabled":true,"jetpack_shortlink":"https:\/\/wp.me\/pe6lTn-9ji","_links":{"self":[{"href":"https:\/\/www.visit-ulcinj.com\/blog\/wp-json\/wp\/v2\/posts\/35792"}],"collection":[{"href":"https:\/\/www.visit-ulcinj.com\/blog\/wp-json\/wp\/v2\/posts"}],"about":[{"href":"https:\/\/www.visit-ulcinj.com\/blog\/wp-json\/wp\/v2\/types\/post"}],"author":[{"embeddable":true,"href":"https:\/\/www.visit-ulcinj.com\/blog\/wp-json\/wp\/v2\/users\/1"}],"replies":[{"embeddable":true,"href":"https:\/\/www.visit-ulcinj.com\/blog\/wp-json\/wp\/v2\/comments?post=35792"}],"version-history":[{"count":0,"href":"https:\/\/www.visit-ulcinj.com\/blog\/wp-json\/wp\/v2\/posts\/35792\/revisions"}],"wp:attachment":[{"href":"https:\/\/www.visit-ulcinj.com\/blog\/wp-json\/wp\/v2\/media?parent=35792"}],"wp:term":[{"taxonomy":"category","embeddable":true,"href":"https:\/\/www.visit-ulcinj.com\/blog\/wp-json\/wp\/v2\/categories?post=35792"},{"taxonomy":"post_tag","embeddable":true,"href":"https:\/\/www.visit-ulcinj.com\/blog\/wp-json\/wp\/v2\/tags?post=35792"}],"curies":[{"name":"wp","href":"https:\/\/api.w.org\/{rel}","templated":true}]}}