{"id":35805,"date":"2010-08-11T09:21:41","date_gmt":"2010-08-11T07:21:41","guid":{"rendered":"http:\/\/www.visit-ulcinj.com\/blog\/?p=35805"},"modified":"2010-08-11T09:41:11","modified_gmt":"2010-08-11T07:41:11","slug":"24-ore-ne-uje-peshkataret-shqiptare-shpetojne-te-riun-serb","status":"publish","type":"post","link":"https:\/\/www.visit-ulcinj.com\/blog\/2010\/08\/11\/24-ore-ne-uje-peshkataret-shqiptare-shpetojne-te-riun-serb\/","title":{"rendered":"24 or\u00eb n\u00eb uj\u00eb, peshkatar\u00ebt shqiptar\u00eb shp\u00ebtojn\u00eb t\u00eb riun serb"},"content":{"rendered":"<p><a href=\"http:\/\/www.visit-ulcinj.com\/blog\/wp-content\/uploads\/2010\/08\/Dusan-Kekic_ulcinj_ulqin.jpg\"><img loading=\"lazy\" class=\"alignleft size-full wp-image-35807\" title=\"Dusan Kekic_ulcinj_ulqin\" src=\"http:\/\/www.visit-ulcinj.com\/blog\/wp-content\/uploads\/2010\/08\/Dusan-Kekic_ulcinj_ulqin.jpg\" alt=\"\" width=\"490\" height=\"404\" \/><\/a>ULQIN- Nje student mjek\u00ebsie nga Beogradi, Dushan Kekiq, 23 vjec u gjet t\u00eb dielen n\u00eb m\u00ebgjes n\u00eb uj\u00ebrat shqiptare pasi u zhduk n\u00eb det, nga uj\u00ebrat e plazhit &#8220;Bojan&#8221; n\u00eb Ulqin.<br \/>\nNje top dhe peshkatar\u00ebt shqiptar kan\u00eb qen\u00eb ato q\u00eb e kan\u00eb mbajtur n\u00eb jet\u00eb shtetasin serb Kekiq.<br \/>\n&#8220;N\u00eb qoft\u00eb se peshkatar\u00ebt do t\u00eb arrinin pak m\u00eb von\u00eb, ndoshta do t\u00eb ishte tep\u00ebr von\u00eb p\u00ebr mua pasi forcat e mia ishin n\u00eb r\u00ebnie&#8221;- tha Kekiq.<br \/>\nPeshkatar\u00ebt shqiptar\u00eb kan\u00eb arritur t\u00eb shp\u00ebtojn\u00eb t\u00eb riun serb, nd\u00ebrsa dallg\u00ebt p\u00ebr gjat\u00eb gjith\u00eb nat\u00ebs e kishin nxjerr\u00eb at\u00eb n\u00eb uj\u00ebrat territorriale shqiptare.<br \/>\nNd\u00ebrsa ka rr\u00ebfyer q\u00ebndrimin e tij p\u00ebr 24 or\u00eb n\u00eb det t\u00eb hapur ai tha se &#8211; &#8220;Un\u00eb kam qen\u00eb i qet\u00eb dhe shum\u00eb i kujdessh\u00ebm, nd\u00ebrsa armiku im i v\u00ebrtet\u00eb ishte uji i kripur. Disa her\u00eb jam p\u00ebrpjekur t\u00eb arrij bregun por ishte e pamundur p\u00ebr shkak t\u00eb drejtimit t\u00eb er\u00ebs. Gjat\u00eb gjith\u00eb koh\u00ebs p\u00ebshp\u00ebrisja k\u00ebng\u00ebt e mija t\u00eb preferuara, mendoja p\u00ebr ushqime t\u00eb shijshme dhe p\u00ebr shum\u00eb gj\u00ebra t\u00eb tjera t\u00eb cuditshme&#8221; &#8211; tha studenti serb, i cili ka kaluar nj\u00eb nat\u00eb pa gjum\u00eb n\u00eb det.<br \/>\nDusan Kekic dhe miqt\u00eb e tij po luanin volejboll n\u00eb breg t\u00eb detit nd\u00ebrsa nj\u00eb dallg\u00eb e madhe i ka t\u00ebrhequr n\u00eb det duke i marr\u00eb zvarr\u00eb nga bregu.<br \/>\nKjo histori ka p\u00ebrfunduar mir\u00eb p\u00ebr t\u00eb gjith\u00eb miqt\u00eb e Kekic, t\u00eb cil\u00ebt gjithashtu u t\u00ebrhoq\u00ebn nga dallga, por q\u00eb mund\u00ebn t\u00eb dilnin n\u00eb breg menj\u00ebher\u00eb m\u00eb pas.<br \/>\nT\u00eb rinjt\u00eb ndodheshin p\u00ebr pushime n\u00eb Ulqin<\/p>\n<p><strong>SHEKULLI<\/strong><\/p>\n<p>\n\t\t<style type=\"text\/css\">\n\t\t\t#gallery-1 {\n\t\t\t\tmargin: auto;\n\t\t\t}\n\t\t\t#gallery-1 .gallery-item {\n\t\t\t\tfloat: left;\n\t\t\t\tmargin-top: 10px;\n\t\t\t\ttext-align: center;\n\t\t\t\twidth: 33%;\n\t\t\t}\n\t\t\t#gallery-1 img {\n\t\t\t\tborder: 2px solid #cfcfcf;\n\t\t\t}\n\t\t\t#gallery-1 .gallery-caption {\n\t\t\t\tmargin-left: 0;\n\t\t\t}\n\t\t\t\/* see gallery_shortcode() in wp-includes\/media.php *\/\n\t\t<\/style>\n\t\t<div id='gallery-1' class='gallery galleryid-35805 gallery-columns-3 gallery-size-thumbnail'><dl class='gallery-item'>\n\t\t\t<dt class='gallery-icon landscape'>\n\t\t\t\t<a href='https:\/\/www.visit-ulcinj.com\/blog\/wp-content\/uploads\/2010\/08\/Dusan-Kekic_ulcinj_ulqin.1.jpg'><img width=\"150\" height=\"150\" src=\"https:\/\/www.visit-ulcinj.com\/blog\/wp-content\/uploads\/2010\/08\/Dusan-Kekic_ulcinj_ulqin.1-150x150.jpg\" class=\"attachment-thumbnail size-thumbnail\" alt=\"\" loading=\"lazy\" \/><\/a>\n\t\t\t<\/dt><\/dl>\n\t\t\t<br style='clear: both' \/>\n\t\t<\/div>\n<br \/>\n[flv width=&#8221;490&#8243; height=&#8221;390&#8243;]http:\/\/www.rts.rs\/upload\/storyBoxFileData\/2010\/08\/09\/1001254\/Lopta%20spasila%20momka%20od%20davljenja%20090810.flv[\/flv]<\/p>\n","protected":false},"excerpt":{"rendered":"<p>ULQIN- Nje student mjek\u00ebsie nga Beogradi, Dushan Kekiq, 23 vjec u gjet t\u00eb dielen n\u00eb m\u00ebgjes n\u00eb uj\u00ebrat shqiptare pasi u zhduk n\u00eb det, nga uj\u00ebrat e plazhit &#8220;Bojan&#8221; n\u00eb Ulqin. Nje top dhe peshkatar\u00ebt shqiptar kan\u00eb qen\u00eb ato q\u00eb e kan\u00eb mbajtur n\u00eb jet\u00eb shtetasin serb Kekiq. &#8220;N\u00eb qoft\u00eb se peshkatar\u00ebt do t\u00eb arrinin [&hellip;]<\/p>\n","protected":false},"author":1,"featured_media":0,"comment_status":"open","ping_status":"closed","sticky":false,"template":"","format":"standard","meta":{"spay_email":"","jetpack_publicize_message":"","jetpack_is_tweetstorm":false,"jetpack_publicize_feature_enabled":true},"categories":[6950],"tags":[2862,14945,19],"jetpack_publicize_connections":[],"yoast_head":"<!-- This site is optimized with the Yoast SEO plugin v19.1 - https:\/\/yoast.com\/wordpress\/plugins\/seo\/ -->\n<title>24 or\u00eb n\u00eb uj\u00eb, peshkatar\u00ebt shqiptar\u00eb shp\u00ebtojn\u00eb t\u00eb riun serb - Lajme nga Ulqini<\/title>\n<meta name=\"description\" content=\"ULQIN- Nje student mjek\u00ebsie nga Beogradi, Dushan Kekiq, 23 vjec u gjet t\u00eb dielen n\u00eb m\u00ebgjes n\u00eb uj\u00ebrat shqiptare pasi u zhduk n\u00eb det, nga uj\u00ebrat e plazhit\" \/>\n<meta name=\"robots\" content=\"index, follow, max-snippet:-1, max-image-preview:large, max-video-preview:-1\" \/>\n<link rel=\"canonical\" href=\"https:\/\/www.visit-ulcinj.com\/blog\/2010\/08\/11\/24-ore-ne-uje-peshkataret-shqiptare-shpetojne-te-riun-serb\/\" \/>\n<meta property=\"og:locale\" content=\"en_US\" \/>\n<meta property=\"og:type\" content=\"article\" \/>\n<meta property=\"og:title\" content=\"24 or\u00eb n\u00eb uj\u00eb, peshkatar\u00ebt shqiptar\u00eb shp\u00ebtojn\u00eb t\u00eb riun serb - Lajme nga Ulqini\" \/>\n<meta property=\"og:description\" content=\"ULQIN- Nje student mjek\u00ebsie nga Beogradi, Dushan Kekiq, 23 vjec u gjet t\u00eb dielen n\u00eb m\u00ebgjes n\u00eb uj\u00ebrat shqiptare pasi u zhduk n\u00eb det, nga uj\u00ebrat e plazhit\" \/>\n<meta property=\"og:url\" content=\"https:\/\/www.visit-ulcinj.com\/blog\/2010\/08\/11\/24-ore-ne-uje-peshkataret-shqiptare-shpetojne-te-riun-serb\/\" \/>\n<meta property=\"og:site_name\" content=\"Lajme nga Ulqini\" \/>\n<meta property=\"article:published_time\" content=\"2010-08-11T07:21:41+00:00\" \/>\n<meta property=\"article:modified_time\" content=\"2010-08-11T07:41:11+00:00\" \/>\n<meta property=\"og:image\" content=\"https:\/\/www.visit-ulcinj.com\/blog\/wp-content\/uploads\/2010\/08\/Dusan-Kekic_ulcinj_ulqin-150x150.jpg\" \/>\n<meta name=\"twitter:label1\" content=\"Written by\" \/>\n\t<meta name=\"twitter:data1\" content=\"ulqini\" \/>\n\t<meta name=\"twitter:label2\" content=\"Est. reading time\" \/>\n\t<meta name=\"twitter:data2\" content=\"2 minutes\" \/>\n<script type=\"application\/ld+json\" class=\"yoast-schema-graph\">{\"@context\":\"https:\/\/schema.org\",\"@graph\":[{\"@type\":\"WebSite\",\"@id\":\"https:\/\/www.visit-ulcinj.com\/blog\/#website\",\"url\":\"https:\/\/www.visit-ulcinj.com\/blog\/\",\"name\":\"Lajme nga Ulqini\",\"description\":\"Lajme,Vijesti,Ulqini,Ulqin,Crna Gora,Mali i Zi\",\"potentialAction\":[{\"@type\":\"SearchAction\",\"target\":{\"@type\":\"EntryPoint\",\"urlTemplate\":\"https:\/\/www.visit-ulcinj.com\/blog\/?s={search_term_string}\"},\"query-input\":\"required name=search_term_string\"}],\"inLanguage\":\"en-US\"},{\"@type\":\"ImageObject\",\"inLanguage\":\"en-US\",\"@id\":\"https:\/\/www.visit-ulcinj.com\/blog\/2010\/08\/11\/24-ore-ne-uje-peshkataret-shqiptare-shpetojne-te-riun-serb\/#primaryimage\",\"url\":\"http:\/\/www.visit-ulcinj.com\/blog\/wp-content\/uploads\/2010\/08\/Dusan-Kekic_ulcinj_ulqin.jpg\",\"contentUrl\":\"http:\/\/www.visit-ulcinj.com\/blog\/wp-content\/uploads\/2010\/08\/Dusan-Kekic_ulcinj_ulqin.jpg\"},{\"@type\":\"WebPage\",\"@id\":\"https:\/\/www.visit-ulcinj.com\/blog\/2010\/08\/11\/24-ore-ne-uje-peshkataret-shqiptare-shpetojne-te-riun-serb\/#webpage\",\"url\":\"https:\/\/www.visit-ulcinj.com\/blog\/2010\/08\/11\/24-ore-ne-uje-peshkataret-shqiptare-shpetojne-te-riun-serb\/\",\"name\":\"24 or\u00eb n\u00eb uj\u00eb, peshkatar\u00ebt shqiptar\u00eb shp\u00ebtojn\u00eb t\u00eb riun serb - Lajme nga Ulqini\",\"isPartOf\":{\"@id\":\"https:\/\/www.visit-ulcinj.com\/blog\/#website\"},\"primaryImageOfPage\":{\"@id\":\"https:\/\/www.visit-ulcinj.com\/blog\/2010\/08\/11\/24-ore-ne-uje-peshkataret-shqiptare-shpetojne-te-riun-serb\/#primaryimage\"},\"datePublished\":\"2010-08-11T07:21:41+00:00\",\"dateModified\":\"2010-08-11T07:41:11+00:00\",\"author\":{\"@id\":\"https:\/\/www.visit-ulcinj.com\/blog\/#\/schema\/person\/dcab619c614d3038751c63bc2aadc06d\"},\"description\":\"ULQIN- Nje student mjek\u00ebsie nga Beogradi, Dushan Kekiq, 23 vjec u gjet t\u00eb dielen n\u00eb m\u00ebgjes n\u00eb uj\u00ebrat shqiptare pasi u zhduk n\u00eb det, nga uj\u00ebrat e plazhit\",\"breadcrumb\":{\"@id\":\"https:\/\/www.visit-ulcinj.com\/blog\/2010\/08\/11\/24-ore-ne-uje-peshkataret-shqiptare-shpetojne-te-riun-serb\/#breadcrumb\"},\"inLanguage\":\"en-US\",\"potentialAction\":[{\"@type\":\"ReadAction\",\"target\":[\"https:\/\/www.visit-ulcinj.com\/blog\/2010\/08\/11\/24-ore-ne-uje-peshkataret-shqiptare-shpetojne-te-riun-serb\/\"]}]},{\"@type\":\"BreadcrumbList\",\"@id\":\"https:\/\/www.visit-ulcinj.com\/blog\/2010\/08\/11\/24-ore-ne-uje-peshkataret-shqiptare-shpetojne-te-riun-serb\/#breadcrumb\",\"itemListElement\":[{\"@type\":\"ListItem\",\"position\":1,\"name\":\"24 or\u00eb n\u00eb uj\u00eb, peshkatar\u00ebt shqiptar\u00eb shp\u00ebtojn\u00eb t\u00eb riun serb\"}]},{\"@type\":\"Person\",\"@id\":\"https:\/\/www.visit-ulcinj.com\/blog\/#\/schema\/person\/dcab619c614d3038751c63bc2aadc06d\",\"name\":\"ulqini\",\"sameAs\":[\"http:\/\/www.visit-ulcinj.com\"],\"url\":\"https:\/\/www.visit-ulcinj.com\/blog\/author\/admin\/\"}]}<\/script>\n<!-- \/ Yoast SEO plugin. -->","yoast_head_json":{"title":"24 or\u00eb n\u00eb uj\u00eb, peshkatar\u00ebt shqiptar\u00eb shp\u00ebtojn\u00eb t\u00eb riun serb - Lajme nga Ulqini","description":"ULQIN- Nje student mjek\u00ebsie nga Beogradi, Dushan Kekiq, 23 vjec u gjet t\u00eb dielen n\u00eb m\u00ebgjes n\u00eb uj\u00ebrat shqiptare pasi u zhduk n\u00eb det, nga uj\u00ebrat e plazhit","robots":{"index":"index","follow":"follow","max-snippet":"max-snippet:-1","max-image-preview":"max-image-preview:large","max-video-preview":"max-video-preview:-1"},"canonical":"https:\/\/www.visit-ulcinj.com\/blog\/2010\/08\/11\/24-ore-ne-uje-peshkataret-shqiptare-shpetojne-te-riun-serb\/","og_locale":"en_US","og_type":"article","og_title":"24 or\u00eb n\u00eb uj\u00eb, peshkatar\u00ebt shqiptar\u00eb shp\u00ebtojn\u00eb t\u00eb riun serb - Lajme nga Ulqini","og_description":"ULQIN- Nje student mjek\u00ebsie nga Beogradi, Dushan Kekiq, 23 vjec u gjet t\u00eb dielen n\u00eb m\u00ebgjes n\u00eb uj\u00ebrat shqiptare pasi u zhduk n\u00eb det, nga uj\u00ebrat e plazhit","og_url":"https:\/\/www.visit-ulcinj.com\/blog\/2010\/08\/11\/24-ore-ne-uje-peshkataret-shqiptare-shpetojne-te-riun-serb\/","og_site_name":"Lajme nga Ulqini","article_published_time":"2010-08-11T07:21:41+00:00","article_modified_time":"2010-08-11T07:41:11+00:00","og_image":[{"url":"https:\/\/www.visit-ulcinj.com\/blog\/wp-content\/uploads\/2010\/08\/Dusan-Kekic_ulcinj_ulqin-150x150.jpg"}],"twitter_misc":{"Written by":"ulqini","Est. reading time":"2 minutes"},"schema":{"@context":"https:\/\/schema.org","@graph":[{"@type":"WebSite","@id":"https:\/\/www.visit-ulcinj.com\/blog\/#website","url":"https:\/\/www.visit-ulcinj.com\/blog\/","name":"Lajme nga Ulqini","description":"Lajme,Vijesti,Ulqini,Ulqin,Crna Gora,Mali i Zi","potentialAction":[{"@type":"SearchAction","target":{"@type":"EntryPoint","urlTemplate":"https:\/\/www.visit-ulcinj.com\/blog\/?s={search_term_string}"},"query-input":"required name=search_term_string"}],"inLanguage":"en-US"},{"@type":"ImageObject","inLanguage":"en-US","@id":"https:\/\/www.visit-ulcinj.com\/blog\/2010\/08\/11\/24-ore-ne-uje-peshkataret-shqiptare-shpetojne-te-riun-serb\/#primaryimage","url":"http:\/\/www.visit-ulcinj.com\/blog\/wp-content\/uploads\/2010\/08\/Dusan-Kekic_ulcinj_ulqin.jpg","contentUrl":"http:\/\/www.visit-ulcinj.com\/blog\/wp-content\/uploads\/2010\/08\/Dusan-Kekic_ulcinj_ulqin.jpg"},{"@type":"WebPage","@id":"https:\/\/www.visit-ulcinj.com\/blog\/2010\/08\/11\/24-ore-ne-uje-peshkataret-shqiptare-shpetojne-te-riun-serb\/#webpage","url":"https:\/\/www.visit-ulcinj.com\/blog\/2010\/08\/11\/24-ore-ne-uje-peshkataret-shqiptare-shpetojne-te-riun-serb\/","name":"24 or\u00eb n\u00eb uj\u00eb, peshkatar\u00ebt shqiptar\u00eb shp\u00ebtojn\u00eb t\u00eb riun serb - Lajme nga Ulqini","isPartOf":{"@id":"https:\/\/www.visit-ulcinj.com\/blog\/#website"},"primaryImageOfPage":{"@id":"https:\/\/www.visit-ulcinj.com\/blog\/2010\/08\/11\/24-ore-ne-uje-peshkataret-shqiptare-shpetojne-te-riun-serb\/#primaryimage"},"datePublished":"2010-08-11T07:21:41+00:00","dateModified":"2010-08-11T07:41:11+00:00","author":{"@id":"https:\/\/www.visit-ulcinj.com\/blog\/#\/schema\/person\/dcab619c614d3038751c63bc2aadc06d"},"description":"ULQIN- Nje student mjek\u00ebsie nga Beogradi, Dushan Kekiq, 23 vjec u gjet t\u00eb dielen n\u00eb m\u00ebgjes n\u00eb uj\u00ebrat shqiptare pasi u zhduk n\u00eb det, nga uj\u00ebrat e plazhit","breadcrumb":{"@id":"https:\/\/www.visit-ulcinj.com\/blog\/2010\/08\/11\/24-ore-ne-uje-peshkataret-shqiptare-shpetojne-te-riun-serb\/#breadcrumb"},"inLanguage":"en-US","potentialAction":[{"@type":"ReadAction","target":["https:\/\/www.visit-ulcinj.com\/blog\/2010\/08\/11\/24-ore-ne-uje-peshkataret-shqiptare-shpetojne-te-riun-serb\/"]}]},{"@type":"BreadcrumbList","@id":"https:\/\/www.visit-ulcinj.com\/blog\/2010\/08\/11\/24-ore-ne-uje-peshkataret-shqiptare-shpetojne-te-riun-serb\/#breadcrumb","itemListElement":[{"@type":"ListItem","position":1,"name":"24 or\u00eb n\u00eb uj\u00eb, peshkatar\u00ebt shqiptar\u00eb shp\u00ebtojn\u00eb t\u00eb riun serb"}]},{"@type":"Person","@id":"https:\/\/www.visit-ulcinj.com\/blog\/#\/schema\/person\/dcab619c614d3038751c63bc2aadc06d","name":"ulqini","sameAs":["http:\/\/www.visit-ulcinj.com"],"url":"https:\/\/www.visit-ulcinj.com\/blog\/author\/admin\/"}]}},"jetpack_featured_media_url":"","jetpack_sharing_enabled":true,"jetpack_shortlink":"https:\/\/wp.me\/pe6lTn-9jv","_links":{"self":[{"href":"https:\/\/www.visit-ulcinj.com\/blog\/wp-json\/wp\/v2\/posts\/35805"}],"collection":[{"href":"https:\/\/www.visit-ulcinj.com\/blog\/wp-json\/wp\/v2\/posts"}],"about":[{"href":"https:\/\/www.visit-ulcinj.com\/blog\/wp-json\/wp\/v2\/types\/post"}],"author":[{"embeddable":true,"href":"https:\/\/www.visit-ulcinj.com\/blog\/wp-json\/wp\/v2\/users\/1"}],"replies":[{"embeddable":true,"href":"https:\/\/www.visit-ulcinj.com\/blog\/wp-json\/wp\/v2\/comments?post=35805"}],"version-history":[{"count":0,"href":"https:\/\/www.visit-ulcinj.com\/blog\/wp-json\/wp\/v2\/posts\/35805\/revisions"}],"wp:attachment":[{"href":"https:\/\/www.visit-ulcinj.com\/blog\/wp-json\/wp\/v2\/media?parent=35805"}],"wp:term":[{"taxonomy":"category","embeddable":true,"href":"https:\/\/www.visit-ulcinj.com\/blog\/wp-json\/wp\/v2\/categories?post=35805"},{"taxonomy":"post_tag","embeddable":true,"href":"https:\/\/www.visit-ulcinj.com\/blog\/wp-json\/wp\/v2\/tags?post=35805"}],"curies":[{"name":"wp","href":"https:\/\/api.w.org\/{rel}","templated":true}]}}