{"id":35816,"date":"2010-08-11T21:39:16","date_gmt":"2010-08-11T19:39:16","guid":{"rendered":"http:\/\/www.visit-ulcinj.com\/blog\/?p=35816"},"modified":"2010-08-11T21:39:16","modified_gmt":"2010-08-11T19:39:16","slug":"2po2-ft-tuna-dhe-dafina-zeqiri-%e2%80%93-vibe","status":"publish","type":"post","link":"https:\/\/www.visit-ulcinj.com\/blog\/2010\/08\/11\/2po2-ft-tuna-dhe-dafina-zeqiri-%e2%80%93-vibe\/","title":{"rendered":"2po2 ft Tuna dhe Dafina Zeqiri \u2013 Vibe"},"content":{"rendered":"<p><a href=\"http:\/\/www.visit-ulcinj.com\/blog\/wp-content\/uploads\/2010\/08\/tuna_dafina_.jpg\"><img loading=\"lazy\" class=\"alignleft size-full wp-image-35817\" title=\"tuna_dafina_\" src=\"http:\/\/www.visit-ulcinj.com\/blog\/wp-content\/uploads\/2010\/08\/tuna_dafina_.jpg\" alt=\"\" width=\"490\" height=\"370\" \/><\/a>Dafina Zeqiri, Tuna dhe Besniku (2po2) s\u00eb fundmi kan\u00eb realizuar nj\u00eb bashkpunim t\u00eb pa pritur p\u00ebr publikun mes tyre. K\u00ebnga titullohet Vibe, dhe premton q\u00eb do t\u00eb jet\u00eb nj\u00eb nga megahitet e k\u00ebsaj Vere q\u00eb menj\u00ebher kan\u00eb t\u00ebrhequr v\u00ebmendjen e fansave.<\/p>\n<p>K\u00ebnga e 2po2 ft Tuna dhe Dafina Zeqiri \u2013 Vibe \u00ebsht\u00eb product i producentit mjaft t\u00eb njohur dhe t\u00eb talentuar, Don Arbas nd\u00ebrsa teksti \u00ebsht\u00eb shkruar nga 2po2 (Besniku). Video klipi i k\u00ebng\u00ebs \u00ebsht\u00eb b\u00ebr\u00eb nga produksioni Enter Media.<\/p>\n<p>Realizimi i k\u00ebng\u00ebs 2po2 ft Tuna dhe Dafina Zeqiri \u2013 Vibe me t\u00eb v\u00ebrtet \u00ebsht\u00eb jashtzakonisht profesional, gjithashtu edhe video klipi.<br \/>\n<!--YouTube Error: bad URL entered--><\/p>\n","protected":false},"excerpt":{"rendered":"<p>Dafina Zeqiri, Tuna dhe Besniku (2po2) s\u00eb fundmi kan\u00eb realizuar nj\u00eb bashkpunim t\u00eb pa pritur p\u00ebr publikun mes tyre. K\u00ebnga titullohet Vibe, dhe premton q\u00eb do t\u00eb jet\u00eb nj\u00eb nga megahitet e k\u00ebsaj Vere q\u00eb menj\u00ebher kan\u00eb t\u00ebrhequr v\u00ebmendjen e fansave. K\u00ebnga e 2po2 ft Tuna dhe Dafina Zeqiri \u2013 Vibe \u00ebsht\u00eb product i producentit [&hellip;]<\/p>\n","protected":false},"author":1,"featured_media":0,"comment_status":"open","ping_status":"closed","sticky":false,"template":"","format":"standard","meta":{"spay_email":"","jetpack_publicize_message":"","jetpack_is_tweetstorm":false,"jetpack_publicize_feature_enabled":true},"categories":[1],"tags":[14946,4972,4926,14947],"jetpack_publicize_connections":[],"yoast_head":"<!-- This site is optimized with the Yoast SEO plugin v19.1 - https:\/\/yoast.com\/wordpress\/plugins\/seo\/ -->\n<title>2po2 ft Tuna dhe Dafina Zeqiri \u2013 Vibe - Lajme nga Ulqini<\/title>\n<meta name=\"description\" content=\"Dafina Zeqiri, Tuna dhe Besniku (2po2) s\u00eb fundmi kan\u00eb realizuar nj\u00eb bashkpunim t\u00eb pa pritur p\u00ebr publikun mes tyre. K\u00ebnga titullohet Vibe, dhe premton q\u00eb\" \/>\n<meta name=\"robots\" content=\"index, follow, max-snippet:-1, max-image-preview:large, max-video-preview:-1\" \/>\n<link rel=\"canonical\" href=\"https:\/\/www.visit-ulcinj.com\/blog\/2010\/08\/11\/2po2-ft-tuna-dhe-dafina-zeqiri-\u2013-vibe\/\" \/>\n<meta property=\"og:locale\" content=\"en_US\" \/>\n<meta property=\"og:type\" content=\"article\" \/>\n<meta property=\"og:title\" content=\"2po2 ft Tuna dhe Dafina Zeqiri \u2013 Vibe - Lajme nga Ulqini\" \/>\n<meta property=\"og:description\" content=\"Dafina Zeqiri, Tuna dhe Besniku (2po2) s\u00eb fundmi kan\u00eb realizuar nj\u00eb bashkpunim t\u00eb pa pritur p\u00ebr publikun mes tyre. K\u00ebnga titullohet Vibe, dhe premton q\u00eb\" \/>\n<meta property=\"og:url\" content=\"https:\/\/www.visit-ulcinj.com\/blog\/2010\/08\/11\/2po2-ft-tuna-dhe-dafina-zeqiri-\u2013-vibe\/\" \/>\n<meta property=\"og:site_name\" content=\"Lajme nga Ulqini\" \/>\n<meta property=\"article:published_time\" content=\"2010-08-11T19:39:16+00:00\" \/>\n<meta property=\"og:image\" content=\"http:\/\/www.visit-ulcinj.com\/blog\/wp-content\/uploads\/2010\/08\/tuna_dafina_.jpg\" \/>\n<meta name=\"twitter:label1\" content=\"Written by\" \/>\n\t<meta name=\"twitter:data1\" content=\"ulqini\" \/>\n\t<meta name=\"twitter:label2\" content=\"Est. reading time\" \/>\n\t<meta name=\"twitter:data2\" content=\"1 minute\" \/>\n<script type=\"application\/ld+json\" class=\"yoast-schema-graph\">{\"@context\":\"https:\/\/schema.org\",\"@graph\":[{\"@type\":\"WebSite\",\"@id\":\"https:\/\/www.visit-ulcinj.com\/blog\/#website\",\"url\":\"https:\/\/www.visit-ulcinj.com\/blog\/\",\"name\":\"Lajme nga Ulqini\",\"description\":\"Lajme,Vijesti,Ulqini,Ulqin,Crna Gora,Mali i Zi\",\"potentialAction\":[{\"@type\":\"SearchAction\",\"target\":{\"@type\":\"EntryPoint\",\"urlTemplate\":\"https:\/\/www.visit-ulcinj.com\/blog\/?s={search_term_string}\"},\"query-input\":\"required name=search_term_string\"}],\"inLanguage\":\"en-US\"},{\"@type\":\"ImageObject\",\"inLanguage\":\"en-US\",\"@id\":\"https:\/\/www.visit-ulcinj.com\/blog\/2010\/08\/11\/2po2-ft-tuna-dhe-dafina-zeqiri-%e2%80%93-vibe\/#primaryimage\",\"url\":\"http:\/\/www.visit-ulcinj.com\/blog\/wp-content\/uploads\/2010\/08\/tuna_dafina_.jpg\",\"contentUrl\":\"http:\/\/www.visit-ulcinj.com\/blog\/wp-content\/uploads\/2010\/08\/tuna_dafina_.jpg\"},{\"@type\":\"WebPage\",\"@id\":\"https:\/\/www.visit-ulcinj.com\/blog\/2010\/08\/11\/2po2-ft-tuna-dhe-dafina-zeqiri-%e2%80%93-vibe\/#webpage\",\"url\":\"https:\/\/www.visit-ulcinj.com\/blog\/2010\/08\/11\/2po2-ft-tuna-dhe-dafina-zeqiri-%e2%80%93-vibe\/\",\"name\":\"2po2 ft Tuna dhe Dafina Zeqiri \u2013 Vibe - Lajme nga Ulqini\",\"isPartOf\":{\"@id\":\"https:\/\/www.visit-ulcinj.com\/blog\/#website\"},\"primaryImageOfPage\":{\"@id\":\"https:\/\/www.visit-ulcinj.com\/blog\/2010\/08\/11\/2po2-ft-tuna-dhe-dafina-zeqiri-%e2%80%93-vibe\/#primaryimage\"},\"datePublished\":\"2010-08-11T19:39:16+00:00\",\"dateModified\":\"2010-08-11T19:39:16+00:00\",\"author\":{\"@id\":\"https:\/\/www.visit-ulcinj.com\/blog\/#\/schema\/person\/dcab619c614d3038751c63bc2aadc06d\"},\"description\":\"Dafina Zeqiri, Tuna dhe Besniku (2po2) s\u00eb fundmi kan\u00eb realizuar nj\u00eb bashkpunim t\u00eb pa pritur p\u00ebr publikun mes tyre. K\u00ebnga titullohet Vibe, dhe premton q\u00eb\",\"breadcrumb\":{\"@id\":\"https:\/\/www.visit-ulcinj.com\/blog\/2010\/08\/11\/2po2-ft-tuna-dhe-dafina-zeqiri-%e2%80%93-vibe\/#breadcrumb\"},\"inLanguage\":\"en-US\",\"potentialAction\":[{\"@type\":\"ReadAction\",\"target\":[\"https:\/\/www.visit-ulcinj.com\/blog\/2010\/08\/11\/2po2-ft-tuna-dhe-dafina-zeqiri-%e2%80%93-vibe\/\"]}]},{\"@type\":\"BreadcrumbList\",\"@id\":\"https:\/\/www.visit-ulcinj.com\/blog\/2010\/08\/11\/2po2-ft-tuna-dhe-dafina-zeqiri-%e2%80%93-vibe\/#breadcrumb\",\"itemListElement\":[{\"@type\":\"ListItem\",\"position\":1,\"name\":\"2po2 ft Tuna dhe Dafina Zeqiri \u2013 Vibe\"}]},{\"@type\":\"Person\",\"@id\":\"https:\/\/www.visit-ulcinj.com\/blog\/#\/schema\/person\/dcab619c614d3038751c63bc2aadc06d\",\"name\":\"ulqini\",\"sameAs\":[\"http:\/\/www.visit-ulcinj.com\"],\"url\":\"https:\/\/www.visit-ulcinj.com\/blog\/author\/admin\/\"}]}<\/script>\n<!-- \/ Yoast SEO plugin. -->","yoast_head_json":{"title":"2po2 ft Tuna dhe Dafina Zeqiri \u2013 Vibe - Lajme nga Ulqini","description":"Dafina Zeqiri, Tuna dhe Besniku (2po2) s\u00eb fundmi kan\u00eb realizuar nj\u00eb bashkpunim t\u00eb pa pritur p\u00ebr publikun mes tyre. K\u00ebnga titullohet Vibe, dhe premton q\u00eb","robots":{"index":"index","follow":"follow","max-snippet":"max-snippet:-1","max-image-preview":"max-image-preview:large","max-video-preview":"max-video-preview:-1"},"canonical":"https:\/\/www.visit-ulcinj.com\/blog\/2010\/08\/11\/2po2-ft-tuna-dhe-dafina-zeqiri-\u2013-vibe\/","og_locale":"en_US","og_type":"article","og_title":"2po2 ft Tuna dhe Dafina Zeqiri \u2013 Vibe - Lajme nga Ulqini","og_description":"Dafina Zeqiri, Tuna dhe Besniku (2po2) s\u00eb fundmi kan\u00eb realizuar nj\u00eb bashkpunim t\u00eb pa pritur p\u00ebr publikun mes tyre. K\u00ebnga titullohet Vibe, dhe premton q\u00eb","og_url":"https:\/\/www.visit-ulcinj.com\/blog\/2010\/08\/11\/2po2-ft-tuna-dhe-dafina-zeqiri-\u2013-vibe\/","og_site_name":"Lajme nga Ulqini","article_published_time":"2010-08-11T19:39:16+00:00","og_image":[{"url":"http:\/\/www.visit-ulcinj.com\/blog\/wp-content\/uploads\/2010\/08\/tuna_dafina_.jpg"}],"twitter_misc":{"Written by":"ulqini","Est. reading time":"1 minute"},"schema":{"@context":"https:\/\/schema.org","@graph":[{"@type":"WebSite","@id":"https:\/\/www.visit-ulcinj.com\/blog\/#website","url":"https:\/\/www.visit-ulcinj.com\/blog\/","name":"Lajme nga Ulqini","description":"Lajme,Vijesti,Ulqini,Ulqin,Crna Gora,Mali i Zi","potentialAction":[{"@type":"SearchAction","target":{"@type":"EntryPoint","urlTemplate":"https:\/\/www.visit-ulcinj.com\/blog\/?s={search_term_string}"},"query-input":"required name=search_term_string"}],"inLanguage":"en-US"},{"@type":"ImageObject","inLanguage":"en-US","@id":"https:\/\/www.visit-ulcinj.com\/blog\/2010\/08\/11\/2po2-ft-tuna-dhe-dafina-zeqiri-%e2%80%93-vibe\/#primaryimage","url":"http:\/\/www.visit-ulcinj.com\/blog\/wp-content\/uploads\/2010\/08\/tuna_dafina_.jpg","contentUrl":"http:\/\/www.visit-ulcinj.com\/blog\/wp-content\/uploads\/2010\/08\/tuna_dafina_.jpg"},{"@type":"WebPage","@id":"https:\/\/www.visit-ulcinj.com\/blog\/2010\/08\/11\/2po2-ft-tuna-dhe-dafina-zeqiri-%e2%80%93-vibe\/#webpage","url":"https:\/\/www.visit-ulcinj.com\/blog\/2010\/08\/11\/2po2-ft-tuna-dhe-dafina-zeqiri-%e2%80%93-vibe\/","name":"2po2 ft Tuna dhe Dafina Zeqiri \u2013 Vibe - Lajme nga Ulqini","isPartOf":{"@id":"https:\/\/www.visit-ulcinj.com\/blog\/#website"},"primaryImageOfPage":{"@id":"https:\/\/www.visit-ulcinj.com\/blog\/2010\/08\/11\/2po2-ft-tuna-dhe-dafina-zeqiri-%e2%80%93-vibe\/#primaryimage"},"datePublished":"2010-08-11T19:39:16+00:00","dateModified":"2010-08-11T19:39:16+00:00","author":{"@id":"https:\/\/www.visit-ulcinj.com\/blog\/#\/schema\/person\/dcab619c614d3038751c63bc2aadc06d"},"description":"Dafina Zeqiri, Tuna dhe Besniku (2po2) s\u00eb fundmi kan\u00eb realizuar nj\u00eb bashkpunim t\u00eb pa pritur p\u00ebr publikun mes tyre. K\u00ebnga titullohet Vibe, dhe premton q\u00eb","breadcrumb":{"@id":"https:\/\/www.visit-ulcinj.com\/blog\/2010\/08\/11\/2po2-ft-tuna-dhe-dafina-zeqiri-%e2%80%93-vibe\/#breadcrumb"},"inLanguage":"en-US","potentialAction":[{"@type":"ReadAction","target":["https:\/\/www.visit-ulcinj.com\/blog\/2010\/08\/11\/2po2-ft-tuna-dhe-dafina-zeqiri-%e2%80%93-vibe\/"]}]},{"@type":"BreadcrumbList","@id":"https:\/\/www.visit-ulcinj.com\/blog\/2010\/08\/11\/2po2-ft-tuna-dhe-dafina-zeqiri-%e2%80%93-vibe\/#breadcrumb","itemListElement":[{"@type":"ListItem","position":1,"name":"2po2 ft Tuna dhe Dafina Zeqiri \u2013 Vibe"}]},{"@type":"Person","@id":"https:\/\/www.visit-ulcinj.com\/blog\/#\/schema\/person\/dcab619c614d3038751c63bc2aadc06d","name":"ulqini","sameAs":["http:\/\/www.visit-ulcinj.com"],"url":"https:\/\/www.visit-ulcinj.com\/blog\/author\/admin\/"}]}},"jetpack_featured_media_url":"","jetpack_sharing_enabled":true,"jetpack_shortlink":"https:\/\/wp.me\/pe6lTn-9jG","_links":{"self":[{"href":"https:\/\/www.visit-ulcinj.com\/blog\/wp-json\/wp\/v2\/posts\/35816"}],"collection":[{"href":"https:\/\/www.visit-ulcinj.com\/blog\/wp-json\/wp\/v2\/posts"}],"about":[{"href":"https:\/\/www.visit-ulcinj.com\/blog\/wp-json\/wp\/v2\/types\/post"}],"author":[{"embeddable":true,"href":"https:\/\/www.visit-ulcinj.com\/blog\/wp-json\/wp\/v2\/users\/1"}],"replies":[{"embeddable":true,"href":"https:\/\/www.visit-ulcinj.com\/blog\/wp-json\/wp\/v2\/comments?post=35816"}],"version-history":[{"count":0,"href":"https:\/\/www.visit-ulcinj.com\/blog\/wp-json\/wp\/v2\/posts\/35816\/revisions"}],"wp:attachment":[{"href":"https:\/\/www.visit-ulcinj.com\/blog\/wp-json\/wp\/v2\/media?parent=35816"}],"wp:term":[{"taxonomy":"category","embeddable":true,"href":"https:\/\/www.visit-ulcinj.com\/blog\/wp-json\/wp\/v2\/categories?post=35816"},{"taxonomy":"post_tag","embeddable":true,"href":"https:\/\/www.visit-ulcinj.com\/blog\/wp-json\/wp\/v2\/tags?post=35816"}],"curies":[{"name":"wp","href":"https:\/\/api.w.org\/{rel}","templated":true}]}}