{"id":35832,"date":"2010-08-15T12:26:43","date_gmt":"2010-08-15T10:26:43","guid":{"rendered":"http:\/\/www.visit-ulcinj.com\/blog\/?p=35832"},"modified":"2010-08-15T12:26:43","modified_gmt":"2010-08-15T10:26:43","slug":"u-ovom-slucaju-macka-je-most","status":"publish","type":"post","link":"https:\/\/www.visit-ulcinj.com\/blog\/2010\/08\/15\/u-ovom-slucaju-macka-je-most\/","title":{"rendered":"U ovom slu\u010daju, ma\u010dka je most"},"content":{"rendered":"<p><strong><a href=\"http:\/\/www.visit-ulcinj.com\/blog\/wp-content\/uploads\/2010\/08\/Genci-Nimanbegu_ulcinj.jpg\"><img loading=\"lazy\" class=\"alignleft size-full wp-image-35833\" title=\"Genci Nimanbegu_ulcinj\" src=\"http:\/\/www.visit-ulcinj.com\/blog\/wp-content\/uploads\/2010\/08\/Genci-Nimanbegu_ulcinj.jpg\" alt=\"\" width=\"490\" height=\"360\" \/><\/a>POTPREDSJEDNIK FORCE GENCI NIMANBEGU NASTAVIO POLEMIKU SA ADVOKATOM ZORANOM PIPEROVI\u0106EM<\/strong><br \/>\nUlcinj &#8211; Potpredsjednik Force Genci Nimanbegu kazao je da je iznena\u0111en nivoom reakcije podgori\u010dkog advokata Zorana Piperovi\u0107a na njegov \u201eljudski, gra\u0111anski i jasan stav\u201c o inicijativi za imenovanje mosta na Port Mileni.<br \/>\n\u201c\u017deljan medijske pa\u017enje i \u201cnaoru\u017ean\u201c predrasudama o Forci, a i prema Ulcinjanima, Piperovi\u0107 daje sebi za pravo da tra\u017ei potvrdu patriotizma svojih biv\u0161ih sugra\u0111ana prema Crnoj Gori. Ne potvr\u0111uje se patriotizam prihvatanjem njegove inicijative o imenovanju mosta, niti je on mjera patriotizma, pa da se bespogovorno aminuje njegov predlog. Izgradnja mosta nije ni po\u010dela, niti se \u0161to radi na rje\u0161avanju imovinskih pitanja na trasi pristupnog bulevara. Neka most prvo bude izgra\u0111en, pa onda imenovan\u201d, istakao je Nimanbegu u pisanom reagovanju.<\/p>\n<p>Piperovi\u0107 je nedavno pokrenuo inicijativu da novi most na Port Mileni ponese ime kralja Nikole Petrovi\u0107a.<br \/>\nPravila demokratije su, dodao je Nimanbegu, jasna, pa \u0107e \u201ci o tome odlu\u010divati ve\u0107ina\u201d.<br \/>\n\u201cI to preko odluke op\u0161tinske Komisije za imenovanje ulica i trgova koja se na kraju mora na\u0107i pred odbornicima na glasanje. Za\u0161to Piperovi\u0107 tra\u017ei da Ulcinjani jo\u0161 jednom potvrde da im je Crna Gora na srcu? Da li on misli suprotno, pa tra\u017ei jo\u0161 jednu potvrdu\u201d, pitao je Nimanbegu.<br \/>\nOn je naglasio da su Forcu svi relevantni subjekti u Crnoj Gori prepoznali kao modernu, mladu i sna\u017enu nacionalnu partiju koja je okrenuta budu\u0107nosti i integracijama i sa kojom svi \u017eele saradnju \u201c\u0161to baca u vodu va\u0161e insinuacije\u201d.<br \/>\n\u201cVa\u0161i poku\u0161aji zamagljivanja ove \u010dinjenice pokazuju da se u cilju u\u010destale li\u010dne promocije ne libite blatiti svoje biv\u0161e sugra\u0111ane za koje pretpostavljate da ne misle kao vi. A, \u0161to se ti\u010de knjige \u017divka Andrija\u0161evi\u0107a, informi\u0161ite javnost da ni Op\u0161tina nije dala ni cent za \u0161tampanje te knjige, kao ni Vi li\u010dno, niti ijedna druga politi\u010dka partija\u201d, poru\u010dio je Nimnabegu i dodao da je Piperovi\u0107 pogre\u0161no protuma\u010dio metaforu o ma\u010dkama i mi\u0161u.<\/p>\n<p>\u201cSu\u0161tina poslovice Deng Siao Pinga da nije va\u017eno da li je ma\u010dka crna ili bijela, va\u017eno je da lovi mi\u0161eve, odnosila se na mogu\u0107nost kohabitacije dva ekonomska sistema u Kini, komunisti\u010dkog i kapitalisti\u010dkog. U prevodu na stanje u Ulcinju, njome sam htio da uka\u017eem onima koji su, \u017eeljni medijske pa\u017enje, pokrenuli ovu inicijativu, da nije bitno toliko kako \u0107e se most zvati, ve\u0107 da on bude izgra\u0111en\u201d, poru\u010dio je Nimanbegu Piperovi\u0107u koji se, kako je rekao, u toj poslovici prepoznao u \u201c\u010dasnoj ulozi mi\u0161a\u201d.<\/p>\n<p>Zna se ko odlu\u010duje<\/p>\n<p>\u201c\u0160to se ti\u010de Piperovi\u0107eve poruke \u201cdo vi\u0111enja na mostu kralja Nikole\u201d, poru\u010dujem mu da nije on taj koji \u0107e odlu\u010diti o imenu mosta. Mi \u0107emo do\u0107i i radova\u0107emo se otvaranju tog mosta bez obzira na ime koje bude nosio nakon zakonske i demokratske procedure\u201d, naveo je Nimanbegu u reagovanju.<\/p>\n<p>Samo neka nikne<\/p>\n<p>Predsjednik Dru\u0161tva prijatelja Starog grada \u201dKaljaja\u201d Ismet Karamanaga kazao je da je nepotrebno voditi polemiku o imenu mosta na Port Mileni kada ono ve\u0107 postoji.<br \/>\n\u201cRje\u010dica, kanal ili ekolo\u0161ka bomba, odnosno Port Milena, dobila je ime po knjeginji Mileni tako da je sve \u0161to je na njenim obalama, njeno, pa i most ako ikada bude sagra\u0111en. Mislim da je sasvim u redu da se mostu ne da nikakvo posebno ime. Jednostavno, po logici on i jeste most na Port Mileni, i to je sasvim dovoljno za sve nas koji smo godinama vezivali barke u tom kanalu, a koji je danas pretvoren u septi\u010dku jamu\u201d, kazao je Karamanaga.<br \/>\nOn je pozvao parlament da kona\u010dno po\u010dne razmi\u0161ljati i o pre\u010di\u0161\u0107avanju i odr\u017eavanju kanala.<br \/>\nPredlog Piperovi\u0107a podr\u017eao je poslanik SNP- a Aleksandar Damjanovi\u0107, koji, tako\u0111e, vu\u010de korijene iz Ulcinja.<br \/>\n\u201cIdeja je veoma interesantna i mislim da je pogodila metu. Kao \u010dovjek koji dosta vremena provodi u Ulcinju, gdje imam rodbinu i prijatelje, mogu da podr\u017eim tu ideju s tim da je potrebno ispuniti i jedan uslov &#8211; da se most zaista i napravi \u0161to je, imaju\u0107i u vidu ekonomsku situaciju, sada prili\u010dno neizvjesno\u201d, kazao je Damjanovi\u0107. Dodao je da bi ideju trebalo podr\u017eati i zbog \u010dinjenice \u201eda je Ulcinj od Turaka oslobo\u0111en za vrijeme vladavine knjaza Nikole, a za \u010dijeg je \u017eivota i dobio obrise grada\u201c.<br \/>\n\u201cNadam se da \u0107e ideju podr\u017eati sve relevantne op\u0161tinske strukture i na taj na\u010din potvrditi skladan multietni\u010dki i multikonfesionalni karakter grada\u201d, kazao je Damjanovi\u0107.<br \/>\n\u201eVijestima\u201c se, povodom inicijative Piperovi\u0107a, javio i \u010dlan GO PzP Miki Rolovi\u0107, koji ima gotovo identi\u010dno mi\u0161ljenje kao i Damjanovi\u0107.<\/p>\n<p><strong><br \/>\nS.A.<br \/>\n<a href=\"http:\/\/www.vijesti.me\/\" target=\"_blank\">Vijesti<\/a><\/strong><\/p>\n","protected":false},"excerpt":{"rendered":"<p>POTPREDSJEDNIK FORCE GENCI NIMANBEGU NASTAVIO POLEMIKU SA ADVOKATOM ZORANOM PIPEROVI\u0106EM Ulcinj &#8211; Potpredsjednik Force Genci Nimanbegu kazao je da je iznena\u0111en nivoom reakcije podgori\u010dkog advokata Zorana Piperovi\u0107a na njegov \u201eljudski, gra\u0111anski i jasan stav\u201c o inicijativi za imenovanje mosta na Port Mileni. \u201c\u017deljan medijske pa\u017enje i \u201cnaoru\u017ean\u201c predrasudama o Forci, a i prema Ulcinjanima, Piperovi\u0107 [&hellip;]<\/p>\n","protected":false},"author":1,"featured_media":0,"comment_status":"open","ping_status":"closed","sticky":false,"template":"","format":"standard","meta":{"spay_email":"","jetpack_publicize_message":"","jetpack_is_tweetstorm":false,"jetpack_publicize_feature_enabled":true},"categories":[8337],"tags":[1073,295,14951,19,2133],"jetpack_publicize_connections":[],"yoast_head":"<!-- This site is optimized with the Yoast SEO plugin v19.1 - https:\/\/yoast.com\/wordpress\/plugins\/seo\/ -->\n<title>U ovom slu\u010daju, ma\u010dka je most - Lajme nga Ulqini<\/title>\n<meta name=\"description\" content=\"POTPREDSJEDNIK FORCE GENCI NIMANBEGU NASTAVIO POLEMIKU SA ADVOKATOM ZORANOM PIPEROVI\u0106EM Ulcinj - Potpredsjednik Force Genci Nimanbegu kazao je da je\" \/>\n<meta name=\"robots\" content=\"index, follow, max-snippet:-1, max-image-preview:large, max-video-preview:-1\" \/>\n<link rel=\"canonical\" href=\"https:\/\/www.visit-ulcinj.com\/blog\/2010\/08\/15\/u-ovom-slucaju-macka-je-most\/\" \/>\n<meta property=\"og:locale\" content=\"en_US\" \/>\n<meta property=\"og:type\" content=\"article\" \/>\n<meta property=\"og:title\" content=\"U ovom slu\u010daju, ma\u010dka je most - Lajme nga Ulqini\" \/>\n<meta property=\"og:description\" content=\"POTPREDSJEDNIK FORCE GENCI NIMANBEGU NASTAVIO POLEMIKU SA ADVOKATOM ZORANOM PIPEROVI\u0106EM Ulcinj - Potpredsjednik Force Genci Nimanbegu kazao je da je\" \/>\n<meta property=\"og:url\" content=\"https:\/\/www.visit-ulcinj.com\/blog\/2010\/08\/15\/u-ovom-slucaju-macka-je-most\/\" \/>\n<meta property=\"og:site_name\" content=\"Lajme nga Ulqini\" \/>\n<meta property=\"article:published_time\" content=\"2010-08-15T10:26:43+00:00\" \/>\n<meta property=\"og:image\" content=\"http:\/\/www.visit-ulcinj.com\/blog\/wp-content\/uploads\/2010\/08\/Genci-Nimanbegu_ulcinj.jpg\" \/>\n<meta name=\"twitter:label1\" content=\"Written by\" \/>\n\t<meta name=\"twitter:data1\" content=\"ulqini\" \/>\n\t<meta name=\"twitter:label2\" content=\"Est. reading time\" \/>\n\t<meta name=\"twitter:data2\" content=\"4 minutes\" \/>\n<script type=\"application\/ld+json\" class=\"yoast-schema-graph\">{\"@context\":\"https:\/\/schema.org\",\"@graph\":[{\"@type\":\"WebSite\",\"@id\":\"https:\/\/www.visit-ulcinj.com\/blog\/#website\",\"url\":\"https:\/\/www.visit-ulcinj.com\/blog\/\",\"name\":\"Lajme nga Ulqini\",\"description\":\"Lajme,Vijesti,Ulqini,Ulqin,Crna Gora,Mali i Zi\",\"potentialAction\":[{\"@type\":\"SearchAction\",\"target\":{\"@type\":\"EntryPoint\",\"urlTemplate\":\"https:\/\/www.visit-ulcinj.com\/blog\/?s={search_term_string}\"},\"query-input\":\"required name=search_term_string\"}],\"inLanguage\":\"en-US\"},{\"@type\":\"ImageObject\",\"inLanguage\":\"en-US\",\"@id\":\"https:\/\/www.visit-ulcinj.com\/blog\/2010\/08\/15\/u-ovom-slucaju-macka-je-most\/#primaryimage\",\"url\":\"https:\/\/www.visit-ulcinj.com\/blog\/wp-content\/uploads\/2010\/08\/Genci-Nimanbegu_ulcinj.jpg\",\"contentUrl\":\"https:\/\/www.visit-ulcinj.com\/blog\/wp-content\/uploads\/2010\/08\/Genci-Nimanbegu_ulcinj.jpg\",\"width\":\"604\",\"height\":\"404\"},{\"@type\":\"WebPage\",\"@id\":\"https:\/\/www.visit-ulcinj.com\/blog\/2010\/08\/15\/u-ovom-slucaju-macka-je-most\/#webpage\",\"url\":\"https:\/\/www.visit-ulcinj.com\/blog\/2010\/08\/15\/u-ovom-slucaju-macka-je-most\/\",\"name\":\"U ovom slu\u010daju, ma\u010dka je most - Lajme nga Ulqini\",\"isPartOf\":{\"@id\":\"https:\/\/www.visit-ulcinj.com\/blog\/#website\"},\"primaryImageOfPage\":{\"@id\":\"https:\/\/www.visit-ulcinj.com\/blog\/2010\/08\/15\/u-ovom-slucaju-macka-je-most\/#primaryimage\"},\"datePublished\":\"2010-08-15T10:26:43+00:00\",\"dateModified\":\"2010-08-15T10:26:43+00:00\",\"author\":{\"@id\":\"https:\/\/www.visit-ulcinj.com\/blog\/#\/schema\/person\/dcab619c614d3038751c63bc2aadc06d\"},\"description\":\"POTPREDSJEDNIK FORCE GENCI NIMANBEGU NASTAVIO POLEMIKU SA ADVOKATOM ZORANOM PIPEROVI\u0106EM Ulcinj - Potpredsjednik Force Genci Nimanbegu kazao je da je\",\"breadcrumb\":{\"@id\":\"https:\/\/www.visit-ulcinj.com\/blog\/2010\/08\/15\/u-ovom-slucaju-macka-je-most\/#breadcrumb\"},\"inLanguage\":\"en-US\",\"potentialAction\":[{\"@type\":\"ReadAction\",\"target\":[\"https:\/\/www.visit-ulcinj.com\/blog\/2010\/08\/15\/u-ovom-slucaju-macka-je-most\/\"]}]},{\"@type\":\"BreadcrumbList\",\"@id\":\"https:\/\/www.visit-ulcinj.com\/blog\/2010\/08\/15\/u-ovom-slucaju-macka-je-most\/#breadcrumb\",\"itemListElement\":[{\"@type\":\"ListItem\",\"position\":1,\"name\":\"U ovom slu\u010daju, ma\u010dka je most\"}]},{\"@type\":\"Person\",\"@id\":\"https:\/\/www.visit-ulcinj.com\/blog\/#\/schema\/person\/dcab619c614d3038751c63bc2aadc06d\",\"name\":\"ulqini\",\"sameAs\":[\"http:\/\/www.visit-ulcinj.com\"],\"url\":\"https:\/\/www.visit-ulcinj.com\/blog\/author\/admin\/\"}]}<\/script>\n<!-- \/ Yoast SEO plugin. -->","yoast_head_json":{"title":"U ovom slu\u010daju, ma\u010dka je most - Lajme nga Ulqini","description":"POTPREDSJEDNIK FORCE GENCI NIMANBEGU NASTAVIO POLEMIKU SA ADVOKATOM ZORANOM PIPEROVI\u0106EM Ulcinj - Potpredsjednik Force Genci Nimanbegu kazao je da je","robots":{"index":"index","follow":"follow","max-snippet":"max-snippet:-1","max-image-preview":"max-image-preview:large","max-video-preview":"max-video-preview:-1"},"canonical":"https:\/\/www.visit-ulcinj.com\/blog\/2010\/08\/15\/u-ovom-slucaju-macka-je-most\/","og_locale":"en_US","og_type":"article","og_title":"U ovom slu\u010daju, ma\u010dka je most - Lajme nga Ulqini","og_description":"POTPREDSJEDNIK FORCE GENCI NIMANBEGU NASTAVIO POLEMIKU SA ADVOKATOM ZORANOM PIPEROVI\u0106EM Ulcinj - Potpredsjednik Force Genci Nimanbegu kazao je da je","og_url":"https:\/\/www.visit-ulcinj.com\/blog\/2010\/08\/15\/u-ovom-slucaju-macka-je-most\/","og_site_name":"Lajme nga Ulqini","article_published_time":"2010-08-15T10:26:43+00:00","og_image":[{"url":"http:\/\/www.visit-ulcinj.com\/blog\/wp-content\/uploads\/2010\/08\/Genci-Nimanbegu_ulcinj.jpg"}],"twitter_misc":{"Written by":"ulqini","Est. reading time":"4 minutes"},"schema":{"@context":"https:\/\/schema.org","@graph":[{"@type":"WebSite","@id":"https:\/\/www.visit-ulcinj.com\/blog\/#website","url":"https:\/\/www.visit-ulcinj.com\/blog\/","name":"Lajme nga Ulqini","description":"Lajme,Vijesti,Ulqini,Ulqin,Crna Gora,Mali i Zi","potentialAction":[{"@type":"SearchAction","target":{"@type":"EntryPoint","urlTemplate":"https:\/\/www.visit-ulcinj.com\/blog\/?s={search_term_string}"},"query-input":"required name=search_term_string"}],"inLanguage":"en-US"},{"@type":"ImageObject","inLanguage":"en-US","@id":"https:\/\/www.visit-ulcinj.com\/blog\/2010\/08\/15\/u-ovom-slucaju-macka-je-most\/#primaryimage","url":"https:\/\/www.visit-ulcinj.com\/blog\/wp-content\/uploads\/2010\/08\/Genci-Nimanbegu_ulcinj.jpg","contentUrl":"https:\/\/www.visit-ulcinj.com\/blog\/wp-content\/uploads\/2010\/08\/Genci-Nimanbegu_ulcinj.jpg","width":"604","height":"404"},{"@type":"WebPage","@id":"https:\/\/www.visit-ulcinj.com\/blog\/2010\/08\/15\/u-ovom-slucaju-macka-je-most\/#webpage","url":"https:\/\/www.visit-ulcinj.com\/blog\/2010\/08\/15\/u-ovom-slucaju-macka-je-most\/","name":"U ovom slu\u010daju, ma\u010dka je most - Lajme nga Ulqini","isPartOf":{"@id":"https:\/\/www.visit-ulcinj.com\/blog\/#website"},"primaryImageOfPage":{"@id":"https:\/\/www.visit-ulcinj.com\/blog\/2010\/08\/15\/u-ovom-slucaju-macka-je-most\/#primaryimage"},"datePublished":"2010-08-15T10:26:43+00:00","dateModified":"2010-08-15T10:26:43+00:00","author":{"@id":"https:\/\/www.visit-ulcinj.com\/blog\/#\/schema\/person\/dcab619c614d3038751c63bc2aadc06d"},"description":"POTPREDSJEDNIK FORCE GENCI NIMANBEGU NASTAVIO POLEMIKU SA ADVOKATOM ZORANOM PIPEROVI\u0106EM Ulcinj - Potpredsjednik Force Genci Nimanbegu kazao je da je","breadcrumb":{"@id":"https:\/\/www.visit-ulcinj.com\/blog\/2010\/08\/15\/u-ovom-slucaju-macka-je-most\/#breadcrumb"},"inLanguage":"en-US","potentialAction":[{"@type":"ReadAction","target":["https:\/\/www.visit-ulcinj.com\/blog\/2010\/08\/15\/u-ovom-slucaju-macka-je-most\/"]}]},{"@type":"BreadcrumbList","@id":"https:\/\/www.visit-ulcinj.com\/blog\/2010\/08\/15\/u-ovom-slucaju-macka-je-most\/#breadcrumb","itemListElement":[{"@type":"ListItem","position":1,"name":"U ovom slu\u010daju, ma\u010dka je most"}]},{"@type":"Person","@id":"https:\/\/www.visit-ulcinj.com\/blog\/#\/schema\/person\/dcab619c614d3038751c63bc2aadc06d","name":"ulqini","sameAs":["http:\/\/www.visit-ulcinj.com"],"url":"https:\/\/www.visit-ulcinj.com\/blog\/author\/admin\/"}]}},"jetpack_featured_media_url":"","jetpack_sharing_enabled":true,"jetpack_shortlink":"https:\/\/wp.me\/pe6lTn-9jW","_links":{"self":[{"href":"https:\/\/www.visit-ulcinj.com\/blog\/wp-json\/wp\/v2\/posts\/35832"}],"collection":[{"href":"https:\/\/www.visit-ulcinj.com\/blog\/wp-json\/wp\/v2\/posts"}],"about":[{"href":"https:\/\/www.visit-ulcinj.com\/blog\/wp-json\/wp\/v2\/types\/post"}],"author":[{"embeddable":true,"href":"https:\/\/www.visit-ulcinj.com\/blog\/wp-json\/wp\/v2\/users\/1"}],"replies":[{"embeddable":true,"href":"https:\/\/www.visit-ulcinj.com\/blog\/wp-json\/wp\/v2\/comments?post=35832"}],"version-history":[{"count":0,"href":"https:\/\/www.visit-ulcinj.com\/blog\/wp-json\/wp\/v2\/posts\/35832\/revisions"}],"wp:attachment":[{"href":"https:\/\/www.visit-ulcinj.com\/blog\/wp-json\/wp\/v2\/media?parent=35832"}],"wp:term":[{"taxonomy":"category","embeddable":true,"href":"https:\/\/www.visit-ulcinj.com\/blog\/wp-json\/wp\/v2\/categories?post=35832"},{"taxonomy":"post_tag","embeddable":true,"href":"https:\/\/www.visit-ulcinj.com\/blog\/wp-json\/wp\/v2\/tags?post=35832"}],"curies":[{"name":"wp","href":"https:\/\/api.w.org\/{rel}","templated":true}]}}