{"id":35845,"date":"2010-08-15T13:24:19","date_gmt":"2010-08-15T11:24:19","guid":{"rendered":"http:\/\/www.visit-ulcinj.com\/blog\/?p=35845"},"modified":"2010-08-15T13:24:19","modified_gmt":"2010-08-15T11:24:19","slug":"u-ulcinju-tesko-povrijeden-motociklista","status":"publish","type":"post","link":"https:\/\/www.visit-ulcinj.com\/blog\/2010\/08\/15\/u-ulcinju-tesko-povrijeden-motociklista\/","title":{"rendered":"U Ulcinju te\u0161ko povrije\u0111en motociklista"},"content":{"rendered":"<p><strong><a href=\"http:\/\/www.visit-ulcinj.com\/blog\/wp-content\/uploads\/2010\/08\/Elian-Hasanaga.jpg\"><img loading=\"lazy\" class=\"alignleft size-full wp-image-35846\" title=\"Elian Hasanaga\" src=\"http:\/\/www.visit-ulcinj.com\/blog\/wp-content\/uploads\/2010\/08\/Elian-Hasanaga.jpg\" alt=\"\" width=\"315\" height=\"453\" \/><\/a>Sudar motora i \u201erenoa\u201d<\/strong><br \/>\nUlcinj &#8211; Ulcinjanin Elijan Hasanagi\u0107 (25) te\u0161ko je povrije\u0111en u saobra\u0107ajnom udesu ju\u010de oko 17.30 \u010dasova, na Bulevaru Teuta, u Ulcinju.<br \/>\nPrema nezvani\u010dnim informacijama, u trenutku udesa Hasanagi\u0107 je upravljao motorom, koji se iz za sada nepoznatih razloga sudario sa \u201crenoom 5\u201d( UL AB253), za \u010dijim upravlja\u010dem je bio Medin Taganovi\u0107.<br \/>\nObojica su se kretala iz pravca grada ka Velikoj pla\u017ei, a nekoliko o\u010devidaca kazalo je \u201eVijestima\u201c da je udes bio strahovit, na \u0161ta je upu\u0107ivala i \u010dinjenica da se prevrnuti motor nalazio 30 do 40 metara od mjesta udesa i na suprotnoj traci bulevara.<\/p>\n<p>Hasanagi\u0107 je hitno prevezen u barsku bolnicu, a potom u podgori\u010dki Klini\u010dki centar, gdje je zadr\u017ean na lije\u010denju.<br \/>\nDe\u017eurni ljekar ulcinjskog Doma zdravlja D\u017eihan Abazovi\u0107 kazao je \u201eVijestima\u201c da je mladi\u0107evo stanje stabilno uprkos povredi glave.<br \/>\n\u201cPreventivno je upu\u0107en u podgori\u010dki KC radi snimanja na skeneru. Mislim da \u0107e, ipak, biti sve u redu jer cijelo vrijeme njegovo stanje bilo stabilno\u201d, kazao je Abazovi\u0107.<br \/>\nJu\u010dera\u0161nja nezgoda, na kojoj je uvi\u0111aj je izvr\u0161io istra\u017eni sudija Osnovnog suda u Ulcinju Pero Luki\u0107, dogodila se na gotovo istom mjestu gdje je prije deset dana te\u0161ko povrije\u0111en Elez Ibrahimi (32), izbjeglica sa Kosova, nastanjen u Ulcinju. Ibrahimi je nakon nekoliko dana preminuo.<\/p>\n<p><strong>S.A.<br \/>\n<a href=\"http:\/\/webcache.googleusercontent.com\/search?q=cache:gcreVNJYEkcJ:www.vijesti.me\/index.php%3Fid%3D346044+Ulcinj+-+Ulcinjanin+Elijan+Hasanagi%C4%87+%2825%29+te%C5%A1ko+je+povrije%C4%91en+u+saobra%C4%87ajnom+udesu+ju%C4%8De+oko+17.30+%C4%8Dasova,+na+Bulevaru+Teuta,+u+Ulcinju.+Prema+nezvani%C4%8Dnim+informacijama,+u+trenutku+udesa+Hasanagi%C4%87+je+upravljao+motorom,+koji+se+iz+za+sada+nepoznatih+razloga+sudario+sa+%E2%80%9Crenoom+5%E2%80%9D%28+UL+AB253%29,+za+%C4%8Dijim+upravlja%C4%8Dem+je+bio+Medin+Taganovi%C4%87.+Obojica+su+se+kretala+iz+pravca+grada+ka+Velikoj+pla%C5%BEi,+a+nekoliko+o%C4%8Devidaca+kazalo+je+%E2%80%9EVijestima%E2%80%9C+da+je+udes+bio+strahovit,+na+%C5%A1ta+je+upu%C4%87ivala+i+%C4%8Dinjenica+da+se+prevrnuti+motor+nalazio+30+do+40+metara+od+mjesta+udesa+i+na+suprotnoj+traci+bulevara.&amp;cd=4&amp;hl=fr&amp;ct=clnk&amp;gl=ch&amp;client=firefox-a\" target=\"_blank\">Vijesti<\/a><\/strong><\/p>\n","protected":false},"excerpt":{"rendered":"<p>Sudar motora i \u201erenoa\u201d Ulcinj &#8211; Ulcinjanin Elijan Hasanagi\u0107 (25) te\u0161ko je povrije\u0111en u saobra\u0107ajnom udesu ju\u010de oko 17.30 \u010dasova, na Bulevaru Teuta, u Ulcinju. Prema nezvani\u010dnim informacijama, u trenutku udesa Hasanagi\u0107 je upravljao motorom, koji se iz za sada nepoznatih razloga sudario sa \u201crenoom 5\u201d( UL AB253), za \u010dijim upravlja\u010dem je bio Medin Taganovi\u0107. [&hellip;]<\/p>\n","protected":false},"author":1,"featured_media":0,"comment_status":"open","ping_status":"closed","sticky":false,"template":"","format":"standard","meta":{"spay_email":"","jetpack_publicize_message":"","jetpack_is_tweetstorm":false,"jetpack_publicize_feature_enabled":true},"categories":[12],"tags":[14955,14954,19,200,18],"jetpack_publicize_connections":[],"yoast_head":"<!-- This site is optimized with the Yoast SEO plugin v19.1 - https:\/\/yoast.com\/wordpress\/plugins\/seo\/ -->\n<title>U Ulcinju te\u0161ko povrije\u0111en motociklista - Lajme nga Ulqini<\/title>\n<meta name=\"description\" content=\"Sudar motora i \u201erenoa\u201d Ulcinj - Ulcinjanin Elijan Hasanagi\u0107 (25) te\u0161ko je povrije\u0111en u saobra\u0107ajnom udesu ju\u010de oko 17.30 \u010dasova, na Bulevaru Teuta, u\" \/>\n<meta name=\"robots\" content=\"index, follow, max-snippet:-1, max-image-preview:large, max-video-preview:-1\" \/>\n<link rel=\"canonical\" href=\"https:\/\/www.visit-ulcinj.com\/blog\/2010\/08\/15\/u-ulcinju-tesko-povrijeden-motociklista\/\" \/>\n<meta property=\"og:locale\" content=\"en_US\" \/>\n<meta property=\"og:type\" content=\"article\" \/>\n<meta property=\"og:title\" content=\"U Ulcinju te\u0161ko povrije\u0111en motociklista - Lajme nga Ulqini\" \/>\n<meta property=\"og:description\" content=\"Sudar motora i \u201erenoa\u201d Ulcinj - Ulcinjanin Elijan Hasanagi\u0107 (25) te\u0161ko je povrije\u0111en u saobra\u0107ajnom udesu ju\u010de oko 17.30 \u010dasova, na Bulevaru Teuta, u\" \/>\n<meta property=\"og:url\" content=\"https:\/\/www.visit-ulcinj.com\/blog\/2010\/08\/15\/u-ulcinju-tesko-povrijeden-motociklista\/\" \/>\n<meta property=\"og:site_name\" content=\"Lajme nga Ulqini\" \/>\n<meta property=\"article:published_time\" content=\"2010-08-15T11:24:19+00:00\" \/>\n<meta property=\"og:image\" content=\"http:\/\/www.visit-ulcinj.com\/blog\/wp-content\/uploads\/2010\/08\/Elian-Hasanaga.jpg\" \/>\n<meta name=\"twitter:label1\" content=\"Written by\" \/>\n\t<meta name=\"twitter:data1\" content=\"ulqini\" \/>\n\t<meta name=\"twitter:label2\" content=\"Est. reading time\" \/>\n\t<meta name=\"twitter:data2\" content=\"1 minute\" \/>\n<script type=\"application\/ld+json\" class=\"yoast-schema-graph\">{\"@context\":\"https:\/\/schema.org\",\"@graph\":[{\"@type\":\"WebSite\",\"@id\":\"https:\/\/www.visit-ulcinj.com\/blog\/#website\",\"url\":\"https:\/\/www.visit-ulcinj.com\/blog\/\",\"name\":\"Lajme nga Ulqini\",\"description\":\"Lajme,Vijesti,Ulqini,Ulqin,Crna Gora,Mali i Zi\",\"potentialAction\":[{\"@type\":\"SearchAction\",\"target\":{\"@type\":\"EntryPoint\",\"urlTemplate\":\"https:\/\/www.visit-ulcinj.com\/blog\/?s={search_term_string}\"},\"query-input\":\"required name=search_term_string\"}],\"inLanguage\":\"en-US\"},{\"@type\":\"ImageObject\",\"inLanguage\":\"en-US\",\"@id\":\"https:\/\/www.visit-ulcinj.com\/blog\/2010\/08\/15\/u-ulcinju-tesko-povrijeden-motociklista\/#primaryimage\",\"url\":\"http:\/\/www.visit-ulcinj.com\/blog\/wp-content\/uploads\/2010\/08\/Elian-Hasanaga.jpg\",\"contentUrl\":\"http:\/\/www.visit-ulcinj.com\/blog\/wp-content\/uploads\/2010\/08\/Elian-Hasanaga.jpg\"},{\"@type\":\"WebPage\",\"@id\":\"https:\/\/www.visit-ulcinj.com\/blog\/2010\/08\/15\/u-ulcinju-tesko-povrijeden-motociklista\/#webpage\",\"url\":\"https:\/\/www.visit-ulcinj.com\/blog\/2010\/08\/15\/u-ulcinju-tesko-povrijeden-motociklista\/\",\"name\":\"U Ulcinju te\u0161ko povrije\u0111en motociklista - Lajme nga Ulqini\",\"isPartOf\":{\"@id\":\"https:\/\/www.visit-ulcinj.com\/blog\/#website\"},\"primaryImageOfPage\":{\"@id\":\"https:\/\/www.visit-ulcinj.com\/blog\/2010\/08\/15\/u-ulcinju-tesko-povrijeden-motociklista\/#primaryimage\"},\"datePublished\":\"2010-08-15T11:24:19+00:00\",\"dateModified\":\"2010-08-15T11:24:19+00:00\",\"author\":{\"@id\":\"https:\/\/www.visit-ulcinj.com\/blog\/#\/schema\/person\/dcab619c614d3038751c63bc2aadc06d\"},\"description\":\"Sudar motora i \u201erenoa\u201d Ulcinj - Ulcinjanin Elijan Hasanagi\u0107 (25) te\u0161ko je povrije\u0111en u saobra\u0107ajnom udesu ju\u010de oko 17.30 \u010dasova, na Bulevaru Teuta, u\",\"breadcrumb\":{\"@id\":\"https:\/\/www.visit-ulcinj.com\/blog\/2010\/08\/15\/u-ulcinju-tesko-povrijeden-motociklista\/#breadcrumb\"},\"inLanguage\":\"en-US\",\"potentialAction\":[{\"@type\":\"ReadAction\",\"target\":[\"https:\/\/www.visit-ulcinj.com\/blog\/2010\/08\/15\/u-ulcinju-tesko-povrijeden-motociklista\/\"]}]},{\"@type\":\"BreadcrumbList\",\"@id\":\"https:\/\/www.visit-ulcinj.com\/blog\/2010\/08\/15\/u-ulcinju-tesko-povrijeden-motociklista\/#breadcrumb\",\"itemListElement\":[{\"@type\":\"ListItem\",\"position\":1,\"name\":\"U Ulcinju te\u0161ko povrije\u0111en motociklista\"}]},{\"@type\":\"Person\",\"@id\":\"https:\/\/www.visit-ulcinj.com\/blog\/#\/schema\/person\/dcab619c614d3038751c63bc2aadc06d\",\"name\":\"ulqini\",\"sameAs\":[\"http:\/\/www.visit-ulcinj.com\"],\"url\":\"https:\/\/www.visit-ulcinj.com\/blog\/author\/admin\/\"}]}<\/script>\n<!-- \/ Yoast SEO plugin. -->","yoast_head_json":{"title":"U Ulcinju te\u0161ko povrije\u0111en motociklista - Lajme nga Ulqini","description":"Sudar motora i \u201erenoa\u201d Ulcinj - Ulcinjanin Elijan Hasanagi\u0107 (25) te\u0161ko je povrije\u0111en u saobra\u0107ajnom udesu ju\u010de oko 17.30 \u010dasova, na Bulevaru Teuta, u","robots":{"index":"index","follow":"follow","max-snippet":"max-snippet:-1","max-image-preview":"max-image-preview:large","max-video-preview":"max-video-preview:-1"},"canonical":"https:\/\/www.visit-ulcinj.com\/blog\/2010\/08\/15\/u-ulcinju-tesko-povrijeden-motociklista\/","og_locale":"en_US","og_type":"article","og_title":"U Ulcinju te\u0161ko povrije\u0111en motociklista - Lajme nga Ulqini","og_description":"Sudar motora i \u201erenoa\u201d Ulcinj - Ulcinjanin Elijan Hasanagi\u0107 (25) te\u0161ko je povrije\u0111en u saobra\u0107ajnom udesu ju\u010de oko 17.30 \u010dasova, na Bulevaru Teuta, u","og_url":"https:\/\/www.visit-ulcinj.com\/blog\/2010\/08\/15\/u-ulcinju-tesko-povrijeden-motociklista\/","og_site_name":"Lajme nga Ulqini","article_published_time":"2010-08-15T11:24:19+00:00","og_image":[{"url":"http:\/\/www.visit-ulcinj.com\/blog\/wp-content\/uploads\/2010\/08\/Elian-Hasanaga.jpg"}],"twitter_misc":{"Written by":"ulqini","Est. reading time":"1 minute"},"schema":{"@context":"https:\/\/schema.org","@graph":[{"@type":"WebSite","@id":"https:\/\/www.visit-ulcinj.com\/blog\/#website","url":"https:\/\/www.visit-ulcinj.com\/blog\/","name":"Lajme nga Ulqini","description":"Lajme,Vijesti,Ulqini,Ulqin,Crna Gora,Mali i Zi","potentialAction":[{"@type":"SearchAction","target":{"@type":"EntryPoint","urlTemplate":"https:\/\/www.visit-ulcinj.com\/blog\/?s={search_term_string}"},"query-input":"required name=search_term_string"}],"inLanguage":"en-US"},{"@type":"ImageObject","inLanguage":"en-US","@id":"https:\/\/www.visit-ulcinj.com\/blog\/2010\/08\/15\/u-ulcinju-tesko-povrijeden-motociklista\/#primaryimage","url":"http:\/\/www.visit-ulcinj.com\/blog\/wp-content\/uploads\/2010\/08\/Elian-Hasanaga.jpg","contentUrl":"http:\/\/www.visit-ulcinj.com\/blog\/wp-content\/uploads\/2010\/08\/Elian-Hasanaga.jpg"},{"@type":"WebPage","@id":"https:\/\/www.visit-ulcinj.com\/blog\/2010\/08\/15\/u-ulcinju-tesko-povrijeden-motociklista\/#webpage","url":"https:\/\/www.visit-ulcinj.com\/blog\/2010\/08\/15\/u-ulcinju-tesko-povrijeden-motociklista\/","name":"U Ulcinju te\u0161ko povrije\u0111en motociklista - Lajme nga Ulqini","isPartOf":{"@id":"https:\/\/www.visit-ulcinj.com\/blog\/#website"},"primaryImageOfPage":{"@id":"https:\/\/www.visit-ulcinj.com\/blog\/2010\/08\/15\/u-ulcinju-tesko-povrijeden-motociklista\/#primaryimage"},"datePublished":"2010-08-15T11:24:19+00:00","dateModified":"2010-08-15T11:24:19+00:00","author":{"@id":"https:\/\/www.visit-ulcinj.com\/blog\/#\/schema\/person\/dcab619c614d3038751c63bc2aadc06d"},"description":"Sudar motora i \u201erenoa\u201d Ulcinj - Ulcinjanin Elijan Hasanagi\u0107 (25) te\u0161ko je povrije\u0111en u saobra\u0107ajnom udesu ju\u010de oko 17.30 \u010dasova, na Bulevaru Teuta, u","breadcrumb":{"@id":"https:\/\/www.visit-ulcinj.com\/blog\/2010\/08\/15\/u-ulcinju-tesko-povrijeden-motociklista\/#breadcrumb"},"inLanguage":"en-US","potentialAction":[{"@type":"ReadAction","target":["https:\/\/www.visit-ulcinj.com\/blog\/2010\/08\/15\/u-ulcinju-tesko-povrijeden-motociklista\/"]}]},{"@type":"BreadcrumbList","@id":"https:\/\/www.visit-ulcinj.com\/blog\/2010\/08\/15\/u-ulcinju-tesko-povrijeden-motociklista\/#breadcrumb","itemListElement":[{"@type":"ListItem","position":1,"name":"U Ulcinju te\u0161ko povrije\u0111en motociklista"}]},{"@type":"Person","@id":"https:\/\/www.visit-ulcinj.com\/blog\/#\/schema\/person\/dcab619c614d3038751c63bc2aadc06d","name":"ulqini","sameAs":["http:\/\/www.visit-ulcinj.com"],"url":"https:\/\/www.visit-ulcinj.com\/blog\/author\/admin\/"}]}},"jetpack_featured_media_url":"","jetpack_sharing_enabled":true,"jetpack_shortlink":"https:\/\/wp.me\/pe6lTn-9k9","_links":{"self":[{"href":"https:\/\/www.visit-ulcinj.com\/blog\/wp-json\/wp\/v2\/posts\/35845"}],"collection":[{"href":"https:\/\/www.visit-ulcinj.com\/blog\/wp-json\/wp\/v2\/posts"}],"about":[{"href":"https:\/\/www.visit-ulcinj.com\/blog\/wp-json\/wp\/v2\/types\/post"}],"author":[{"embeddable":true,"href":"https:\/\/www.visit-ulcinj.com\/blog\/wp-json\/wp\/v2\/users\/1"}],"replies":[{"embeddable":true,"href":"https:\/\/www.visit-ulcinj.com\/blog\/wp-json\/wp\/v2\/comments?post=35845"}],"version-history":[{"count":0,"href":"https:\/\/www.visit-ulcinj.com\/blog\/wp-json\/wp\/v2\/posts\/35845\/revisions"}],"wp:attachment":[{"href":"https:\/\/www.visit-ulcinj.com\/blog\/wp-json\/wp\/v2\/media?parent=35845"}],"wp:term":[{"taxonomy":"category","embeddable":true,"href":"https:\/\/www.visit-ulcinj.com\/blog\/wp-json\/wp\/v2\/categories?post=35845"},{"taxonomy":"post_tag","embeddable":true,"href":"https:\/\/www.visit-ulcinj.com\/blog\/wp-json\/wp\/v2\/tags?post=35845"}],"curies":[{"name":"wp","href":"https:\/\/api.w.org\/{rel}","templated":true}]}}