{"id":35863,"date":"2010-08-15T14:34:22","date_gmt":"2010-08-15T12:34:22","guid":{"rendered":"http:\/\/www.visit-ulcinj.com\/blog\/?p=35863"},"modified":"2010-08-15T14:34:22","modified_gmt":"2010-08-15T12:34:22","slug":"leke-markiqi-trainere-i-reprezentacionit-te-malit-te-zi","status":"publish","type":"post","link":"https:\/\/www.visit-ulcinj.com\/blog\/2010\/08\/15\/leke-markiqi-trainere-i-reprezentacionit-te-malit-te-zi\/","title":{"rendered":"Lek\u00eb Markiqi &#8211; trainer\u00eb i reprezentacionit t\u00eb Malit t\u00eb Zi"},"content":{"rendered":"<p><a href=\"http:\/\/www.visit-ulcinj.com\/blog\/wp-content\/uploads\/2010\/08\/Lek\u00eb-Markiqi.jpg\"><img loading=\"lazy\" class=\"alignleft size-full wp-image-35864\" title=\"Lek\u00eb Markiqi\" src=\"http:\/\/www.visit-ulcinj.com\/blog\/wp-content\/uploads\/2010\/08\/Lek\u00eb-Markiqi.jpg\" alt=\"\" width=\"490\" height=\"340\" \/><\/a>Traineri i klubit t\u00eb karates\u00eb \u201dCHAMPION\u201d,Lek\u00eb Markiqi (3 Dan), em\u00ebrohet nga Federata e Malit t\u00eb Zi trainer i reprezentacionit p\u00ebr pionier\u00eb dhe shpresa.P\u00ebr her\u00eb t\u00eb par\u00eb n\u00eb historin\u00eb e sportit t\u00eb karates\u00eb n\u00eb Ulqin b\u00ebhet nj\u00eb zgjedhje e till\u00eb nga kjo federat\u00eb.<br \/>\nLek\u00eb Markiqi me sportin e karates\u00eb merret q\u00eb n\u00eb vitin 1985 ku ne vitin 1990 fillon si trainer\u00eb duke st\u00ebrvitur dhe krijuar deri tani me qindra talent\u00eb ne k\u00ebt\u00eb sport.<br \/>\nTrainerit t\u00eb klubit t\u00eb karates\u00eb Champion Lek\u00eb Markiqit i\u2019u caktua posti i trainerit te reprezentacionit t\u00eb Malit t\u00eb Zi n\u00eb baz\u00eb t\u00eb rezultateve t\u00eb garues\u00ebve t\u00eb tij t\u00eb cil\u00ebt kan\u00eb arritur suksese t\u00eb m\u00ebdha n\u00eb gara t\u00eb ndryshme brenda dhe jasht\u00eb vendit.Ai s\u00eb shpejti do t\u00eb b\u00ebj\u00eb p\u00ebrzgjedhjen dhe udh\u00ebheqjen e pionier\u00ebve dhe shpresave n\u00eb kampionatin Ballkanik q\u00eb do t\u00eb mbahet n\u00eb Loutraki- Greqi, m\u00eb 24-26 shtator\u00eb 2010.<\/p>\n<p><a href=\"http:\/\/www.facebook.com\/photo_search.php?oid=115898471762976&amp;view=all\"> <strong>Karate Club Champion<\/strong><\/a><\/p>\n","protected":false},"excerpt":{"rendered":"<p>Traineri i klubit t\u00eb karates\u00eb \u201dCHAMPION\u201d,Lek\u00eb Markiqi (3 Dan), em\u00ebrohet nga Federata e Malit t\u00eb Zi trainer i reprezentacionit p\u00ebr pionier\u00eb dhe shpresa.P\u00ebr her\u00eb t\u00eb par\u00eb n\u00eb historin\u00eb e sportit t\u00eb karates\u00eb n\u00eb Ulqin b\u00ebhet nj\u00eb zgjedhje e till\u00eb nga kjo federat\u00eb. Lek\u00eb Markiqi me sportin e karates\u00eb merret q\u00eb n\u00eb vitin 1985 ku ne [&hellip;]<\/p>\n","protected":false},"author":1,"featured_media":0,"comment_status":"open","ping_status":"closed","sticky":false,"template":"","format":"standard","meta":{"spay_email":"","jetpack_publicize_message":"","jetpack_is_tweetstorm":false,"jetpack_publicize_feature_enabled":true},"categories":[3],"tags":[14960,14720,1826,200],"jetpack_publicize_connections":[],"yoast_head":"<!-- This site is optimized with the Yoast SEO plugin v19.1 - https:\/\/yoast.com\/wordpress\/plugins\/seo\/ -->\n<title>Lek\u00eb Markiqi - trainer\u00eb i reprezentacionit t\u00eb Malit t\u00eb Zi - Lajme nga Ulqini<\/title>\n<meta name=\"description\" content=\"Traineri i klubit t\u00eb karates\u00eb \u201dCHAMPION\u201d,Lek\u00eb Markiqi (3 Dan), em\u00ebrohet nga Federata e Malit t\u00eb Zi trainer i reprezentacionit p\u00ebr pionier\u00eb dhe shpresa.P\u00ebr\" \/>\n<meta name=\"robots\" content=\"index, follow, max-snippet:-1, max-image-preview:large, max-video-preview:-1\" \/>\n<link rel=\"canonical\" href=\"https:\/\/www.visit-ulcinj.com\/blog\/2010\/08\/15\/leke-markiqi-trainere-i-reprezentacionit-te-malit-te-zi\/\" \/>\n<meta property=\"og:locale\" content=\"en_US\" \/>\n<meta property=\"og:type\" content=\"article\" \/>\n<meta property=\"og:title\" content=\"Lek\u00eb Markiqi - trainer\u00eb i reprezentacionit t\u00eb Malit t\u00eb Zi - Lajme nga Ulqini\" \/>\n<meta property=\"og:description\" content=\"Traineri i klubit t\u00eb karates\u00eb \u201dCHAMPION\u201d,Lek\u00eb Markiqi (3 Dan), em\u00ebrohet nga Federata e Malit t\u00eb Zi trainer i reprezentacionit p\u00ebr pionier\u00eb dhe shpresa.P\u00ebr\" \/>\n<meta property=\"og:url\" content=\"https:\/\/www.visit-ulcinj.com\/blog\/2010\/08\/15\/leke-markiqi-trainere-i-reprezentacionit-te-malit-te-zi\/\" \/>\n<meta property=\"og:site_name\" content=\"Lajme nga Ulqini\" \/>\n<meta property=\"article:published_time\" content=\"2010-08-15T12:34:22+00:00\" \/>\n<meta name=\"twitter:label1\" content=\"Written by\" \/>\n\t<meta name=\"twitter:data1\" content=\"ulqini\" \/>\n\t<meta name=\"twitter:label2\" content=\"Est. reading time\" \/>\n\t<meta name=\"twitter:data2\" content=\"1 minute\" \/>\n<script type=\"application\/ld+json\" class=\"yoast-schema-graph\">{\"@context\":\"https:\/\/schema.org\",\"@graph\":[{\"@type\":\"WebSite\",\"@id\":\"https:\/\/www.visit-ulcinj.com\/blog\/#website\",\"url\":\"https:\/\/www.visit-ulcinj.com\/blog\/\",\"name\":\"Lajme nga Ulqini\",\"description\":\"Lajme,Vijesti,Ulqini,Ulqin,Crna Gora,Mali i Zi\",\"potentialAction\":[{\"@type\":\"SearchAction\",\"target\":{\"@type\":\"EntryPoint\",\"urlTemplate\":\"https:\/\/www.visit-ulcinj.com\/blog\/?s={search_term_string}\"},\"query-input\":\"required name=search_term_string\"}],\"inLanguage\":\"en-US\"},{\"@type\":\"WebPage\",\"@id\":\"https:\/\/www.visit-ulcinj.com\/blog\/2010\/08\/15\/leke-markiqi-trainere-i-reprezentacionit-te-malit-te-zi\/#webpage\",\"url\":\"https:\/\/www.visit-ulcinj.com\/blog\/2010\/08\/15\/leke-markiqi-trainere-i-reprezentacionit-te-malit-te-zi\/\",\"name\":\"Lek\u00eb Markiqi - trainer\u00eb i reprezentacionit t\u00eb Malit t\u00eb Zi - Lajme nga Ulqini\",\"isPartOf\":{\"@id\":\"https:\/\/www.visit-ulcinj.com\/blog\/#website\"},\"datePublished\":\"2010-08-15T12:34:22+00:00\",\"dateModified\":\"2010-08-15T12:34:22+00:00\",\"author\":{\"@id\":\"https:\/\/www.visit-ulcinj.com\/blog\/#\/schema\/person\/dcab619c614d3038751c63bc2aadc06d\"},\"description\":\"Traineri i klubit t\u00eb karates\u00eb \u201dCHAMPION\u201d,Lek\u00eb Markiqi (3 Dan), em\u00ebrohet nga Federata e Malit t\u00eb Zi trainer i reprezentacionit p\u00ebr pionier\u00eb dhe shpresa.P\u00ebr\",\"breadcrumb\":{\"@id\":\"https:\/\/www.visit-ulcinj.com\/blog\/2010\/08\/15\/leke-markiqi-trainere-i-reprezentacionit-te-malit-te-zi\/#breadcrumb\"},\"inLanguage\":\"en-US\",\"potentialAction\":[{\"@type\":\"ReadAction\",\"target\":[\"https:\/\/www.visit-ulcinj.com\/blog\/2010\/08\/15\/leke-markiqi-trainere-i-reprezentacionit-te-malit-te-zi\/\"]}]},{\"@type\":\"BreadcrumbList\",\"@id\":\"https:\/\/www.visit-ulcinj.com\/blog\/2010\/08\/15\/leke-markiqi-trainere-i-reprezentacionit-te-malit-te-zi\/#breadcrumb\",\"itemListElement\":[{\"@type\":\"ListItem\",\"position\":1,\"name\":\"Lek\u00eb Markiqi &#8211; trainer\u00eb i reprezentacionit t\u00eb Malit t\u00eb Zi\"}]},{\"@type\":\"Person\",\"@id\":\"https:\/\/www.visit-ulcinj.com\/blog\/#\/schema\/person\/dcab619c614d3038751c63bc2aadc06d\",\"name\":\"ulqini\",\"sameAs\":[\"http:\/\/www.visit-ulcinj.com\"],\"url\":\"https:\/\/www.visit-ulcinj.com\/blog\/author\/admin\/\"}]}<\/script>\n<!-- \/ Yoast SEO plugin. -->","yoast_head_json":{"title":"Lek\u00eb Markiqi - trainer\u00eb i reprezentacionit t\u00eb Malit t\u00eb Zi - Lajme nga Ulqini","description":"Traineri i klubit t\u00eb karates\u00eb \u201dCHAMPION\u201d,Lek\u00eb Markiqi (3 Dan), em\u00ebrohet nga Federata e Malit t\u00eb Zi trainer i reprezentacionit p\u00ebr pionier\u00eb dhe shpresa.P\u00ebr","robots":{"index":"index","follow":"follow","max-snippet":"max-snippet:-1","max-image-preview":"max-image-preview:large","max-video-preview":"max-video-preview:-1"},"canonical":"https:\/\/www.visit-ulcinj.com\/blog\/2010\/08\/15\/leke-markiqi-trainere-i-reprezentacionit-te-malit-te-zi\/","og_locale":"en_US","og_type":"article","og_title":"Lek\u00eb Markiqi - trainer\u00eb i reprezentacionit t\u00eb Malit t\u00eb Zi - Lajme nga Ulqini","og_description":"Traineri i klubit t\u00eb karates\u00eb \u201dCHAMPION\u201d,Lek\u00eb Markiqi (3 Dan), em\u00ebrohet nga Federata e Malit t\u00eb Zi trainer i reprezentacionit p\u00ebr pionier\u00eb dhe shpresa.P\u00ebr","og_url":"https:\/\/www.visit-ulcinj.com\/blog\/2010\/08\/15\/leke-markiqi-trainere-i-reprezentacionit-te-malit-te-zi\/","og_site_name":"Lajme nga Ulqini","article_published_time":"2010-08-15T12:34:22+00:00","twitter_misc":{"Written by":"ulqini","Est. reading time":"1 minute"},"schema":{"@context":"https:\/\/schema.org","@graph":[{"@type":"WebSite","@id":"https:\/\/www.visit-ulcinj.com\/blog\/#website","url":"https:\/\/www.visit-ulcinj.com\/blog\/","name":"Lajme nga Ulqini","description":"Lajme,Vijesti,Ulqini,Ulqin,Crna Gora,Mali i Zi","potentialAction":[{"@type":"SearchAction","target":{"@type":"EntryPoint","urlTemplate":"https:\/\/www.visit-ulcinj.com\/blog\/?s={search_term_string}"},"query-input":"required name=search_term_string"}],"inLanguage":"en-US"},{"@type":"WebPage","@id":"https:\/\/www.visit-ulcinj.com\/blog\/2010\/08\/15\/leke-markiqi-trainere-i-reprezentacionit-te-malit-te-zi\/#webpage","url":"https:\/\/www.visit-ulcinj.com\/blog\/2010\/08\/15\/leke-markiqi-trainere-i-reprezentacionit-te-malit-te-zi\/","name":"Lek\u00eb Markiqi - trainer\u00eb i reprezentacionit t\u00eb Malit t\u00eb Zi - Lajme nga Ulqini","isPartOf":{"@id":"https:\/\/www.visit-ulcinj.com\/blog\/#website"},"datePublished":"2010-08-15T12:34:22+00:00","dateModified":"2010-08-15T12:34:22+00:00","author":{"@id":"https:\/\/www.visit-ulcinj.com\/blog\/#\/schema\/person\/dcab619c614d3038751c63bc2aadc06d"},"description":"Traineri i klubit t\u00eb karates\u00eb \u201dCHAMPION\u201d,Lek\u00eb Markiqi (3 Dan), em\u00ebrohet nga Federata e Malit t\u00eb Zi trainer i reprezentacionit p\u00ebr pionier\u00eb dhe shpresa.P\u00ebr","breadcrumb":{"@id":"https:\/\/www.visit-ulcinj.com\/blog\/2010\/08\/15\/leke-markiqi-trainere-i-reprezentacionit-te-malit-te-zi\/#breadcrumb"},"inLanguage":"en-US","potentialAction":[{"@type":"ReadAction","target":["https:\/\/www.visit-ulcinj.com\/blog\/2010\/08\/15\/leke-markiqi-trainere-i-reprezentacionit-te-malit-te-zi\/"]}]},{"@type":"BreadcrumbList","@id":"https:\/\/www.visit-ulcinj.com\/blog\/2010\/08\/15\/leke-markiqi-trainere-i-reprezentacionit-te-malit-te-zi\/#breadcrumb","itemListElement":[{"@type":"ListItem","position":1,"name":"Lek\u00eb Markiqi &#8211; trainer\u00eb i reprezentacionit t\u00eb Malit t\u00eb Zi"}]},{"@type":"Person","@id":"https:\/\/www.visit-ulcinj.com\/blog\/#\/schema\/person\/dcab619c614d3038751c63bc2aadc06d","name":"ulqini","sameAs":["http:\/\/www.visit-ulcinj.com"],"url":"https:\/\/www.visit-ulcinj.com\/blog\/author\/admin\/"}]}},"jetpack_featured_media_url":"","jetpack_sharing_enabled":true,"jetpack_shortlink":"https:\/\/wp.me\/pe6lTn-9kr","_links":{"self":[{"href":"https:\/\/www.visit-ulcinj.com\/blog\/wp-json\/wp\/v2\/posts\/35863"}],"collection":[{"href":"https:\/\/www.visit-ulcinj.com\/blog\/wp-json\/wp\/v2\/posts"}],"about":[{"href":"https:\/\/www.visit-ulcinj.com\/blog\/wp-json\/wp\/v2\/types\/post"}],"author":[{"embeddable":true,"href":"https:\/\/www.visit-ulcinj.com\/blog\/wp-json\/wp\/v2\/users\/1"}],"replies":[{"embeddable":true,"href":"https:\/\/www.visit-ulcinj.com\/blog\/wp-json\/wp\/v2\/comments?post=35863"}],"version-history":[{"count":0,"href":"https:\/\/www.visit-ulcinj.com\/blog\/wp-json\/wp\/v2\/posts\/35863\/revisions"}],"wp:attachment":[{"href":"https:\/\/www.visit-ulcinj.com\/blog\/wp-json\/wp\/v2\/media?parent=35863"}],"wp:term":[{"taxonomy":"category","embeddable":true,"href":"https:\/\/www.visit-ulcinj.com\/blog\/wp-json\/wp\/v2\/categories?post=35863"},{"taxonomy":"post_tag","embeddable":true,"href":"https:\/\/www.visit-ulcinj.com\/blog\/wp-json\/wp\/v2\/tags?post=35863"}],"curies":[{"name":"wp","href":"https:\/\/api.w.org\/{rel}","templated":true}]}}