{"id":35888,"date":"2010-08-15T16:15:49","date_gmt":"2010-08-15T14:15:49","guid":{"rendered":"http:\/\/www.visit-ulcinj.com\/blog\/?p=35888"},"modified":"2010-08-26T23:47:03","modified_gmt":"2010-08-26T21:47:03","slug":"u-hap-edicioni-i-23-te-i-festivalit-%e2%80%9cskena-verore%e2%80%9d","status":"publish","type":"post","link":"https:\/\/www.visit-ulcinj.com\/blog\/2010\/08\/15\/u-hap-edicioni-i-23-te-i-festivalit-%e2%80%9cskena-verore%e2%80%9d\/","title":{"rendered":"U hap edicioni i 23-t\u00eb i Festivalit \u201cSkena Verore\u201d &#8211; Video"},"content":{"rendered":"<p><strong><a href=\"http:\/\/www.visit-ulcinj.com\/blog\/wp-content\/uploads\/2010\/08\/edicioni-i-23-te-i-Festivalit-Skena-Verore-Ulqin.jpg\"><img loading=\"lazy\" class=\"alignleft size-full wp-image-35889\" title=\"edicioni i 23-te i Festivalit Skena Verore Ulqin\" src=\"http:\/\/www.visit-ulcinj.com\/blog\/wp-content\/uploads\/2010\/08\/edicioni-i-23-te-i-Festivalit-Skena-Verore-Ulqin.jpg\" alt=\"\" width=\"490\" height=\"380\" \/><\/a>Kultura n\u00eb sh\u00ebrbim t\u00eb turizmit <\/strong><br \/>\nFestivali \u201cSkena Verore\u201d organizohet nga\u00a0Qendra e Kultur\u00ebs Ulqin dhe do t\u00eb zgjas\u00eb 25 dit\u00eb.\u00a0Sipas drejtorit t\u00eb Qendr\u00ebs s\u00eb Kultur\u00ebs Ulqin,\u00a0Shaban Gjeka, gjat\u00eb k\u00ebtyre net\u00ebve do t\u00eb shfaqen\u00a0rreth 30 programe t\u00eb llojeve t\u00eb ndryshme, p\u00ebrfshir\u00eb\u00a0shfaqje teatrore, muzik\u00eb klasike dhe popullore,\u00a0mbr\u00ebmje letrare etj.\u00a0Edicioni i 23-t\u00eb i Festivalit \u201cSkena Verore\u201d hapi t\u00eb diel\u00ebn\u00a0siparin e tij me programin ku mor\u00ebn pjes\u00eb tenori i njohur\u00a0Kastriot Tusha dhe orkestri i harqeve nga Tirana, mezzo-sopranoja\u00a0nga Beogradi, Jadranka Jovanoviq, n\u00ebn p\u00ebrcjelljen e\u00a0pianistes Merita Subashiq \u2013 Shabanoviq, si dhe sopranoja nga\u00a0Ulqini, Maida Resulbegu. Po k\u00ebt\u00eb nat\u00eb n\u00eb galerin\u00eb \u201cKulla e\u00a0Balshajve\u201d u hap ekspozita e piktor\u00ebve Muharem Muratoviq\u00a0nga Tivari dhe Branimir Sjeklloqa.\u00a0Festivali i cili organizohet nga Qendra e Kultur\u00ebs Ulqin do t\u00eb\u00a0zgjas\u00eb 25 dit\u00eb, gjat\u00eb t\u00eb cilave do t\u00eb shfaqen programe t\u00eb\u00a0ndryshme.\u00a0\u201cGjat\u00eb k\u00ebtyre net\u00ebve do t\u00eb shfaqen rreth 30 programe t\u00eb llojeve\u00a0t\u00eb ndryshme, p\u00ebrfshir\u00eb shfaqje teatrore, muzik\u00eb klasike dhe\u00a0popullore, mbr\u00ebmje letrare etj. Do t\u00eb ket\u00eb net kur do t\u00eb shfaqen\u00a0edhe nga dy programe\u201d, thot\u00eb drejtori i Qendr\u00ebs s\u00eb Kultur\u00ebs\u00a0Ulqin, Shaban Gjeka.\u00a0Pjes\u00ebmarr\u00ebs t\u00eb Festivalit \u201cSkena Verore \u2013 Ulqini 2010\u201d do t\u00eb\u00a0jen\u00eb si zakonisht teatrot e njohura nga Gjakova, Prishtina,\u00a0Prizreni, Gjilani, pastaj teatrot nga Podgorica dhe Cetina,\u00a0Akademia e Arteve &#8211; Tiran\u00eb, Shkolla e Densit \u2013 Tiran\u00eb etj.\u00a0Nat\u00ebn e dyt\u00eb t\u00eb Festivalit para publikut u prezantua Shkolla e\u00a0Densit nga Tirana, kurse nat\u00ebn e tret\u00eb Akademia e Arteve me\u00a0komedin\u00eb \u201cVejush\u00ebt\u201d. Nd\u00ebrkaq mbr\u00ebm\u00eb dhe sonte n\u00eb sken\u00ebn e\u00a0k\u00ebtij festivali do t\u00eb prezantohet Teatri \u201cAkt\u201d nga Prishtina.\u00a0Festivali tradicional \u201cSkena Verore\u201d ka p\u00ebr q\u00ebllim q\u00eb turist\u00ebve\u00a0t\u00eb shumt\u00eb q\u00eb gjat\u00eb ver\u00ebs vizitojn\u00eb Ulqinin t\u2019u ofroj\u00eb p\u00ebrmbajtje\u00a0kulturore duke begatuar n\u00eb k\u00ebt\u00eb m\u00ebnyr\u00eb ofert\u00ebn turistike t\u00eb\u00a0Ulqinit.<\/p>\n<p><strong>i.k<br \/>\nKoha javore<br \/>\n<!--YouTube Error: bad URL entered--><br \/>\n<\/strong><\/p>\n","protected":false},"excerpt":{"rendered":"<p>Kultura n\u00eb sh\u00ebrbim t\u00eb turizmit Festivali \u201cSkena Verore\u201d organizohet nga\u00a0Qendra e Kultur\u00ebs Ulqin dhe do t\u00eb zgjas\u00eb 25 dit\u00eb.\u00a0Sipas drejtorit t\u00eb Qendr\u00ebs s\u00eb Kultur\u00ebs Ulqin,\u00a0Shaban Gjeka, gjat\u00eb k\u00ebtyre net\u00ebve do t\u00eb shfaqen\u00a0rreth 30 programe t\u00eb llojeve t\u00eb ndryshme, p\u00ebrfshir\u00eb\u00a0shfaqje teatrore, muzik\u00eb klasike dhe popullore,\u00a0mbr\u00ebmje letrare etj.\u00a0Edicioni i 23-t\u00eb i Festivalit \u201cSkena Verore\u201d hapi t\u00eb diel\u00ebn\u00a0siparin [&hellip;]<\/p>\n","protected":false},"author":1,"featured_media":0,"comment_status":"open","ping_status":"closed","sticky":false,"template":"","format":"standard","meta":{"spay_email":"","jetpack_publicize_message":"","jetpack_is_tweetstorm":false,"jetpack_publicize_feature_enabled":true},"categories":[4],"tags":[14963,14964,310,200],"jetpack_publicize_connections":[],"yoast_head":"<!-- This site is optimized with the Yoast SEO plugin v19.1 - https:\/\/yoast.com\/wordpress\/plugins\/seo\/ -->\n<title>U hap edicioni i 23-t\u00eb i Festivalit \u201cSkena Verore\u201d - Video - Lajme nga Ulqini<\/title>\n<meta name=\"description\" content=\"Kultura n\u00eb sh\u00ebrbim t\u00eb turizmit Festivali \u201cSkena Verore\u201d organizohet nga\u00a0Qendra e Kultur\u00ebs Ulqin dhe do t\u00eb zgjas\u00eb 25 dit\u00eb.\u00a0Sipas drejtorit t\u00eb Qendr\u00ebs s\u00eb\" \/>\n<meta name=\"robots\" content=\"index, follow, max-snippet:-1, max-image-preview:large, max-video-preview:-1\" \/>\n<link rel=\"canonical\" href=\"https:\/\/www.visit-ulcinj.com\/blog\/2010\/08\/15\/u-hap-edicioni-i-23-te-i-festivalit-\u201cskena-verore\u201d\/\" \/>\n<meta property=\"og:locale\" content=\"en_US\" \/>\n<meta property=\"og:type\" content=\"article\" \/>\n<meta property=\"og:title\" content=\"U hap edicioni i 23-t\u00eb i Festivalit \u201cSkena Verore\u201d - Video - Lajme nga Ulqini\" \/>\n<meta property=\"og:description\" content=\"Kultura n\u00eb sh\u00ebrbim t\u00eb turizmit Festivali \u201cSkena Verore\u201d organizohet nga\u00a0Qendra e Kultur\u00ebs Ulqin dhe do t\u00eb zgjas\u00eb 25 dit\u00eb.\u00a0Sipas drejtorit t\u00eb Qendr\u00ebs s\u00eb\" \/>\n<meta property=\"og:url\" content=\"https:\/\/www.visit-ulcinj.com\/blog\/2010\/08\/15\/u-hap-edicioni-i-23-te-i-festivalit-\u201cskena-verore\u201d\/\" \/>\n<meta property=\"og:site_name\" content=\"Lajme nga Ulqini\" \/>\n<meta property=\"article:published_time\" content=\"2010-08-15T14:15:49+00:00\" \/>\n<meta property=\"article:modified_time\" content=\"2010-08-26T21:47:03+00:00\" \/>\n<meta property=\"og:image\" content=\"http:\/\/www.visit-ulcinj.com\/blog\/wp-content\/uploads\/2010\/08\/edicioni-i-23-te-i-Festivalit-Skena-Verore-Ulqin.jpg\" \/>\n<meta name=\"twitter:label1\" content=\"Written by\" \/>\n\t<meta name=\"twitter:data1\" content=\"ulqini\" \/>\n\t<meta name=\"twitter:label2\" content=\"Est. reading time\" \/>\n\t<meta name=\"twitter:data2\" content=\"2 minutes\" \/>\n<script type=\"application\/ld+json\" class=\"yoast-schema-graph\">{\"@context\":\"https:\/\/schema.org\",\"@graph\":[{\"@type\":\"WebSite\",\"@id\":\"https:\/\/www.visit-ulcinj.com\/blog\/#website\",\"url\":\"https:\/\/www.visit-ulcinj.com\/blog\/\",\"name\":\"Lajme nga Ulqini\",\"description\":\"Lajme,Vijesti,Ulqini,Ulqin,Crna Gora,Mali i Zi\",\"potentialAction\":[{\"@type\":\"SearchAction\",\"target\":{\"@type\":\"EntryPoint\",\"urlTemplate\":\"https:\/\/www.visit-ulcinj.com\/blog\/?s={search_term_string}\"},\"query-input\":\"required name=search_term_string\"}],\"inLanguage\":\"en-US\"},{\"@type\":\"ImageObject\",\"inLanguage\":\"en-US\",\"@id\":\"https:\/\/www.visit-ulcinj.com\/blog\/2010\/08\/15\/u-hap-edicioni-i-23-te-i-festivalit-%e2%80%9cskena-verore%e2%80%9d\/#primaryimage\",\"url\":\"https:\/\/www.visit-ulcinj.com\/blog\/wp-content\/uploads\/2010\/08\/edicioni-i-23-te-i-Festivalit-Skena-Verore-Ulqin.jpg\",\"contentUrl\":\"https:\/\/www.visit-ulcinj.com\/blog\/wp-content\/uploads\/2010\/08\/edicioni-i-23-te-i-Festivalit-Skena-Verore-Ulqin.jpg\",\"width\":\"740\",\"height\":\"515\"},{\"@type\":\"WebPage\",\"@id\":\"https:\/\/www.visit-ulcinj.com\/blog\/2010\/08\/15\/u-hap-edicioni-i-23-te-i-festivalit-%e2%80%9cskena-verore%e2%80%9d\/#webpage\",\"url\":\"https:\/\/www.visit-ulcinj.com\/blog\/2010\/08\/15\/u-hap-edicioni-i-23-te-i-festivalit-%e2%80%9cskena-verore%e2%80%9d\/\",\"name\":\"U hap edicioni i 23-t\u00eb i Festivalit \u201cSkena Verore\u201d - Video - Lajme nga Ulqini\",\"isPartOf\":{\"@id\":\"https:\/\/www.visit-ulcinj.com\/blog\/#website\"},\"primaryImageOfPage\":{\"@id\":\"https:\/\/www.visit-ulcinj.com\/blog\/2010\/08\/15\/u-hap-edicioni-i-23-te-i-festivalit-%e2%80%9cskena-verore%e2%80%9d\/#primaryimage\"},\"datePublished\":\"2010-08-15T14:15:49+00:00\",\"dateModified\":\"2010-08-26T21:47:03+00:00\",\"author\":{\"@id\":\"https:\/\/www.visit-ulcinj.com\/blog\/#\/schema\/person\/dcab619c614d3038751c63bc2aadc06d\"},\"description\":\"Kultura n\u00eb sh\u00ebrbim t\u00eb turizmit Festivali \u201cSkena Verore\u201d organizohet nga\u00a0Qendra e Kultur\u00ebs Ulqin dhe do t\u00eb zgjas\u00eb 25 dit\u00eb.\u00a0Sipas drejtorit t\u00eb Qendr\u00ebs s\u00eb\",\"breadcrumb\":{\"@id\":\"https:\/\/www.visit-ulcinj.com\/blog\/2010\/08\/15\/u-hap-edicioni-i-23-te-i-festivalit-%e2%80%9cskena-verore%e2%80%9d\/#breadcrumb\"},\"inLanguage\":\"en-US\",\"potentialAction\":[{\"@type\":\"ReadAction\",\"target\":[\"https:\/\/www.visit-ulcinj.com\/blog\/2010\/08\/15\/u-hap-edicioni-i-23-te-i-festivalit-%e2%80%9cskena-verore%e2%80%9d\/\"]}]},{\"@type\":\"BreadcrumbList\",\"@id\":\"https:\/\/www.visit-ulcinj.com\/blog\/2010\/08\/15\/u-hap-edicioni-i-23-te-i-festivalit-%e2%80%9cskena-verore%e2%80%9d\/#breadcrumb\",\"itemListElement\":[{\"@type\":\"ListItem\",\"position\":1,\"name\":\"U hap edicioni i 23-t\u00eb i Festivalit \u201cSkena Verore\u201d &#8211; Video\"}]},{\"@type\":\"Person\",\"@id\":\"https:\/\/www.visit-ulcinj.com\/blog\/#\/schema\/person\/dcab619c614d3038751c63bc2aadc06d\",\"name\":\"ulqini\",\"sameAs\":[\"http:\/\/www.visit-ulcinj.com\"],\"url\":\"https:\/\/www.visit-ulcinj.com\/blog\/author\/admin\/\"}]}<\/script>\n<!-- \/ Yoast SEO plugin. -->","yoast_head_json":{"title":"U hap edicioni i 23-t\u00eb i Festivalit \u201cSkena Verore\u201d - Video - Lajme nga Ulqini","description":"Kultura n\u00eb sh\u00ebrbim t\u00eb turizmit Festivali \u201cSkena Verore\u201d organizohet nga\u00a0Qendra e Kultur\u00ebs Ulqin dhe do t\u00eb zgjas\u00eb 25 dit\u00eb.\u00a0Sipas drejtorit t\u00eb Qendr\u00ebs s\u00eb","robots":{"index":"index","follow":"follow","max-snippet":"max-snippet:-1","max-image-preview":"max-image-preview:large","max-video-preview":"max-video-preview:-1"},"canonical":"https:\/\/www.visit-ulcinj.com\/blog\/2010\/08\/15\/u-hap-edicioni-i-23-te-i-festivalit-\u201cskena-verore\u201d\/","og_locale":"en_US","og_type":"article","og_title":"U hap edicioni i 23-t\u00eb i Festivalit \u201cSkena Verore\u201d - Video - Lajme nga Ulqini","og_description":"Kultura n\u00eb sh\u00ebrbim t\u00eb turizmit Festivali \u201cSkena Verore\u201d organizohet nga\u00a0Qendra e Kultur\u00ebs Ulqin dhe do t\u00eb zgjas\u00eb 25 dit\u00eb.\u00a0Sipas drejtorit t\u00eb Qendr\u00ebs s\u00eb","og_url":"https:\/\/www.visit-ulcinj.com\/blog\/2010\/08\/15\/u-hap-edicioni-i-23-te-i-festivalit-\u201cskena-verore\u201d\/","og_site_name":"Lajme nga Ulqini","article_published_time":"2010-08-15T14:15:49+00:00","article_modified_time":"2010-08-26T21:47:03+00:00","og_image":[{"url":"http:\/\/www.visit-ulcinj.com\/blog\/wp-content\/uploads\/2010\/08\/edicioni-i-23-te-i-Festivalit-Skena-Verore-Ulqin.jpg"}],"twitter_misc":{"Written by":"ulqini","Est. reading time":"2 minutes"},"schema":{"@context":"https:\/\/schema.org","@graph":[{"@type":"WebSite","@id":"https:\/\/www.visit-ulcinj.com\/blog\/#website","url":"https:\/\/www.visit-ulcinj.com\/blog\/","name":"Lajme nga Ulqini","description":"Lajme,Vijesti,Ulqini,Ulqin,Crna Gora,Mali i Zi","potentialAction":[{"@type":"SearchAction","target":{"@type":"EntryPoint","urlTemplate":"https:\/\/www.visit-ulcinj.com\/blog\/?s={search_term_string}"},"query-input":"required name=search_term_string"}],"inLanguage":"en-US"},{"@type":"ImageObject","inLanguage":"en-US","@id":"https:\/\/www.visit-ulcinj.com\/blog\/2010\/08\/15\/u-hap-edicioni-i-23-te-i-festivalit-%e2%80%9cskena-verore%e2%80%9d\/#primaryimage","url":"https:\/\/www.visit-ulcinj.com\/blog\/wp-content\/uploads\/2010\/08\/edicioni-i-23-te-i-Festivalit-Skena-Verore-Ulqin.jpg","contentUrl":"https:\/\/www.visit-ulcinj.com\/blog\/wp-content\/uploads\/2010\/08\/edicioni-i-23-te-i-Festivalit-Skena-Verore-Ulqin.jpg","width":"740","height":"515"},{"@type":"WebPage","@id":"https:\/\/www.visit-ulcinj.com\/blog\/2010\/08\/15\/u-hap-edicioni-i-23-te-i-festivalit-%e2%80%9cskena-verore%e2%80%9d\/#webpage","url":"https:\/\/www.visit-ulcinj.com\/blog\/2010\/08\/15\/u-hap-edicioni-i-23-te-i-festivalit-%e2%80%9cskena-verore%e2%80%9d\/","name":"U hap edicioni i 23-t\u00eb i Festivalit \u201cSkena Verore\u201d - Video - Lajme nga Ulqini","isPartOf":{"@id":"https:\/\/www.visit-ulcinj.com\/blog\/#website"},"primaryImageOfPage":{"@id":"https:\/\/www.visit-ulcinj.com\/blog\/2010\/08\/15\/u-hap-edicioni-i-23-te-i-festivalit-%e2%80%9cskena-verore%e2%80%9d\/#primaryimage"},"datePublished":"2010-08-15T14:15:49+00:00","dateModified":"2010-08-26T21:47:03+00:00","author":{"@id":"https:\/\/www.visit-ulcinj.com\/blog\/#\/schema\/person\/dcab619c614d3038751c63bc2aadc06d"},"description":"Kultura n\u00eb sh\u00ebrbim t\u00eb turizmit Festivali \u201cSkena Verore\u201d organizohet nga\u00a0Qendra e Kultur\u00ebs Ulqin dhe do t\u00eb zgjas\u00eb 25 dit\u00eb.\u00a0Sipas drejtorit t\u00eb Qendr\u00ebs s\u00eb","breadcrumb":{"@id":"https:\/\/www.visit-ulcinj.com\/blog\/2010\/08\/15\/u-hap-edicioni-i-23-te-i-festivalit-%e2%80%9cskena-verore%e2%80%9d\/#breadcrumb"},"inLanguage":"en-US","potentialAction":[{"@type":"ReadAction","target":["https:\/\/www.visit-ulcinj.com\/blog\/2010\/08\/15\/u-hap-edicioni-i-23-te-i-festivalit-%e2%80%9cskena-verore%e2%80%9d\/"]}]},{"@type":"BreadcrumbList","@id":"https:\/\/www.visit-ulcinj.com\/blog\/2010\/08\/15\/u-hap-edicioni-i-23-te-i-festivalit-%e2%80%9cskena-verore%e2%80%9d\/#breadcrumb","itemListElement":[{"@type":"ListItem","position":1,"name":"U hap edicioni i 23-t\u00eb i Festivalit \u201cSkena Verore\u201d &#8211; Video"}]},{"@type":"Person","@id":"https:\/\/www.visit-ulcinj.com\/blog\/#\/schema\/person\/dcab619c614d3038751c63bc2aadc06d","name":"ulqini","sameAs":["http:\/\/www.visit-ulcinj.com"],"url":"https:\/\/www.visit-ulcinj.com\/blog\/author\/admin\/"}]}},"jetpack_featured_media_url":"","jetpack_sharing_enabled":true,"jetpack_shortlink":"https:\/\/wp.me\/pe6lTn-9kQ","_links":{"self":[{"href":"https:\/\/www.visit-ulcinj.com\/blog\/wp-json\/wp\/v2\/posts\/35888"}],"collection":[{"href":"https:\/\/www.visit-ulcinj.com\/blog\/wp-json\/wp\/v2\/posts"}],"about":[{"href":"https:\/\/www.visit-ulcinj.com\/blog\/wp-json\/wp\/v2\/types\/post"}],"author":[{"embeddable":true,"href":"https:\/\/www.visit-ulcinj.com\/blog\/wp-json\/wp\/v2\/users\/1"}],"replies":[{"embeddable":true,"href":"https:\/\/www.visit-ulcinj.com\/blog\/wp-json\/wp\/v2\/comments?post=35888"}],"version-history":[{"count":0,"href":"https:\/\/www.visit-ulcinj.com\/blog\/wp-json\/wp\/v2\/posts\/35888\/revisions"}],"wp:attachment":[{"href":"https:\/\/www.visit-ulcinj.com\/blog\/wp-json\/wp\/v2\/media?parent=35888"}],"wp:term":[{"taxonomy":"category","embeddable":true,"href":"https:\/\/www.visit-ulcinj.com\/blog\/wp-json\/wp\/v2\/categories?post=35888"},{"taxonomy":"post_tag","embeddable":true,"href":"https:\/\/www.visit-ulcinj.com\/blog\/wp-json\/wp\/v2\/tags?post=35888"}],"curies":[{"name":"wp","href":"https:\/\/api.w.org\/{rel}","templated":true}]}}