{"id":35892,"date":"2010-08-15T16:30:11","date_gmt":"2010-08-15T14:30:11","guid":{"rendered":"http:\/\/www.visit-ulcinj.com\/blog\/?p=35892"},"modified":"2010-08-15T16:30:11","modified_gmt":"2010-08-15T14:30:11","slug":"ami-dhe-ermali-martohen-ne-10-shtator","status":"publish","type":"post","link":"https:\/\/www.visit-ulcinj.com\/blog\/2010\/08\/15\/ami-dhe-ermali-martohen-ne-10-shtator\/","title":{"rendered":"Ami dhe Ermali martohen ne 10 shtator"},"content":{"rendered":"<p><a href=\"http:\/\/www.visit-ulcinj.com\/blog\/wp-content\/uploads\/2010\/08\/Amarda-Toska-dhe-Ermal-Mamaqi.jpg\"><img loading=\"lazy\" class=\"alignleft size-full wp-image-35893\" title=\"Amarda Toska dhe Ermal Mamaqi\" src=\"http:\/\/www.visit-ulcinj.com\/blog\/wp-content\/uploads\/2010\/08\/Amarda-Toska-dhe-Ermal-Mamaqi.jpg\" alt=\"\" width=\"490\" height=\"347\" \/><\/a>Kan\u00eb menduar q\u00eb t\u00eb b\u00ebjn\u00eb nj\u00eb dasm\u00eb n\u00eb fillim t\u00eb vjesht\u00ebs, \u00e7ifti i njohur Amarda Toska dhe Ermal Mamaqi. Ata kan\u00eb marr\u00eb p\u00ebrsip\u00ebr t\u00eb organizojn\u00eb ceremonin\u00eb e dasm\u00ebs s\u00eb Xhemi Shehut m\u00eb 3 shtator, dhe nj\u00eb jav\u00eb pas saj do t\u2019i mbledhin miqt\u00eb, n\u00eb dasm\u00ebn e tyre q\u00eb do t\u00eb jet\u00eb po ashtu tradicionale. Moderatorja e spektaklit t\u00eb humorit \u00ab Portokalli \u00bb realizoi para disa muajsh nj\u00eb set t\u00eb ve\u00e7ant\u00eb fotografish n\u00eb Venecia, me q\u00ebllimin p\u00ebr t\u2019i promovuar me sharmin e saj linj\u00ebn e re t\u00eb fustaneve t\u00eb nus\u00ebris\u00eb, q\u00eb gjenden n\u00eb agjencin\u00eb e saj. Edhe pse e ka provuar fustanin e nus\u00ebris\u00eb dhe nuk ka asnj\u00eb kuriozitet m\u00eb p\u00ebr t\u00eb, Ami dhe Ermali ndoshta kan\u00eb menduar p\u00ebr nj\u00eb ceremoni ndryshe p\u00ebr veten e tyre. Gjith\u00e7ka e kan\u00eb planifikuar si nj\u00eb shfaqje me skenar, ashtu si\u00e7 jan\u00eb shprehur gjithmon\u00eb n\u00eb intervistat e tyre, nd\u00ebrsa tashm\u00eb kan\u00eb vendosur q\u00eb dasm\u00ebn do ta organizojn\u00eb n\u00eb shtator. Ende nuk \u00ebsht\u00eb b\u00ebr\u00eb publike data fikse, por miqve t\u00eb tyre m\u00eb t\u00eb af\u00ebrt do t\u2019u shkoj\u00eb ftesa me e ve\u00e7ant\u00eb q\u00eb kan\u00eb par\u00eb ndonj\u00ebher\u00eb. Ata \u00e7do detaj do p\u00ebrpiqen ta mbajn\u00eb t\u00eb fsheht\u00eb deri n\u00eb momentin e ceremonis\u00eb. Do t\u00eb konsiderohet nj\u00eb nat\u00eb speciale edhe p\u00ebr t\u00eb dh\u00ebn\u00eb shembull dhe p\u00ebr t\u00eb promovuar n\u00eb m\u00ebnyr\u00ebn m\u00eb t\u00eb mir\u00eb biznesin e tyre. Ata kan\u00eb m\u00ebse nj\u00eb vit q\u00eb bashk\u00ebjetojn\u00eb n\u00eb apartamentin e tyre pran\u00eb rrug\u00ebs \u00ab 21 Dhjetori \u00bb. Biznesi \u00ebsht\u00eb nj\u00eb nga angazhimet e tyre kryesore ku kalojn\u00eb dhe koh\u00eb bashk\u00eb pasi me largimin e Ermalit nga \u201cPortokalli\u201d, spektakli ku u njoh\u00ebn dhe u lidh\u00ebn, pun\u00ebt e tyre artistike ishin larg.<\/p>\n<p><strong>Panorama Plus<br \/>\n[flv width=&#8221;490&#8243; height=&#8221;390&#8243;]http:\/\/video.ak.fbcdn.net\/cfs-ak-snc4\/48437\/516\/420639092086_47081.mp4[\/flv]<\/strong><\/p>\n","protected":false},"excerpt":{"rendered":"<p>Kan\u00eb menduar q\u00eb t\u00eb b\u00ebjn\u00eb nj\u00eb dasm\u00eb n\u00eb fillim t\u00eb vjesht\u00ebs, \u00e7ifti i njohur Amarda Toska dhe Ermal Mamaqi. Ata kan\u00eb marr\u00eb p\u00ebrsip\u00ebr t\u00eb organizojn\u00eb ceremonin\u00eb e dasm\u00ebs s\u00eb Xhemi Shehut m\u00eb 3 shtator, dhe nj\u00eb jav\u00eb pas saj do t\u2019i mbledhin miqt\u00eb, n\u00eb dasm\u00ebn e tyre q\u00eb do t\u00eb jet\u00eb po ashtu tradicionale. Moderatorja [&hellip;]<\/p>\n","protected":false},"author":1,"featured_media":0,"comment_status":"open","ping_status":"closed","sticky":false,"template":"","format":"standard","meta":{"spay_email":"","jetpack_publicize_message":"","jetpack_is_tweetstorm":false,"jetpack_publicize_feature_enabled":true},"categories":[1],"tags":[14965,14966],"jetpack_publicize_connections":[],"yoast_head":"<!-- This site is optimized with the Yoast SEO plugin v19.1 - https:\/\/yoast.com\/wordpress\/plugins\/seo\/ -->\n<title>Ami dhe Ermali martohen ne 10 shtator - Lajme nga Ulqini<\/title>\n<meta name=\"description\" content=\"Kan\u00eb menduar q\u00eb t\u00eb b\u00ebjn\u00eb nj\u00eb dasm\u00eb n\u00eb fillim t\u00eb vjesht\u00ebs, \u00e7ifti i njohur Amarda Toska dhe Ermal Mamaqi. Ata kan\u00eb marr\u00eb p\u00ebrsip\u00ebr t\u00eb organizojn\u00eb ceremonin\u00eb\" \/>\n<meta name=\"robots\" content=\"index, follow, max-snippet:-1, max-image-preview:large, max-video-preview:-1\" \/>\n<link rel=\"canonical\" href=\"https:\/\/www.visit-ulcinj.com\/blog\/2010\/08\/15\/ami-dhe-ermali-martohen-ne-10-shtator\/\" \/>\n<meta property=\"og:locale\" content=\"en_US\" \/>\n<meta property=\"og:type\" content=\"article\" \/>\n<meta property=\"og:title\" content=\"Ami dhe Ermali martohen ne 10 shtator - Lajme nga Ulqini\" \/>\n<meta property=\"og:description\" content=\"Kan\u00eb menduar q\u00eb t\u00eb b\u00ebjn\u00eb nj\u00eb dasm\u00eb n\u00eb fillim t\u00eb vjesht\u00ebs, \u00e7ifti i njohur Amarda Toska dhe Ermal Mamaqi. Ata kan\u00eb marr\u00eb p\u00ebrsip\u00ebr t\u00eb organizojn\u00eb ceremonin\u00eb\" \/>\n<meta property=\"og:url\" content=\"https:\/\/www.visit-ulcinj.com\/blog\/2010\/08\/15\/ami-dhe-ermali-martohen-ne-10-shtator\/\" \/>\n<meta property=\"og:site_name\" content=\"Lajme nga Ulqini\" \/>\n<meta property=\"article:published_time\" content=\"2010-08-15T14:30:11+00:00\" \/>\n<meta property=\"og:image\" content=\"http:\/\/www.visit-ulcinj.com\/blog\/wp-content\/uploads\/2010\/08\/Amarda-Toska-dhe-Ermal-Mamaqi.jpg\" \/>\n<meta name=\"twitter:label1\" content=\"Written by\" \/>\n\t<meta name=\"twitter:data1\" content=\"ulqini\" \/>\n\t<meta name=\"twitter:label2\" content=\"Est. reading time\" \/>\n\t<meta name=\"twitter:data2\" content=\"2 minutes\" \/>\n<script type=\"application\/ld+json\" class=\"yoast-schema-graph\">{\"@context\":\"https:\/\/schema.org\",\"@graph\":[{\"@type\":\"WebSite\",\"@id\":\"https:\/\/www.visit-ulcinj.com\/blog\/#website\",\"url\":\"https:\/\/www.visit-ulcinj.com\/blog\/\",\"name\":\"Lajme nga Ulqini\",\"description\":\"Lajme,Vijesti,Ulqini,Ulqin,Crna Gora,Mali i Zi\",\"potentialAction\":[{\"@type\":\"SearchAction\",\"target\":{\"@type\":\"EntryPoint\",\"urlTemplate\":\"https:\/\/www.visit-ulcinj.com\/blog\/?s={search_term_string}\"},\"query-input\":\"required name=search_term_string\"}],\"inLanguage\":\"en-US\"},{\"@type\":\"ImageObject\",\"inLanguage\":\"en-US\",\"@id\":\"https:\/\/www.visit-ulcinj.com\/blog\/2010\/08\/15\/ami-dhe-ermali-martohen-ne-10-shtator\/#primaryimage\",\"url\":\"http:\/\/www.visit-ulcinj.com\/blog\/wp-content\/uploads\/2010\/08\/Amarda-Toska-dhe-Ermal-Mamaqi.jpg\",\"contentUrl\":\"http:\/\/www.visit-ulcinj.com\/blog\/wp-content\/uploads\/2010\/08\/Amarda-Toska-dhe-Ermal-Mamaqi.jpg\"},{\"@type\":\"WebPage\",\"@id\":\"https:\/\/www.visit-ulcinj.com\/blog\/2010\/08\/15\/ami-dhe-ermali-martohen-ne-10-shtator\/#webpage\",\"url\":\"https:\/\/www.visit-ulcinj.com\/blog\/2010\/08\/15\/ami-dhe-ermali-martohen-ne-10-shtator\/\",\"name\":\"Ami dhe Ermali martohen ne 10 shtator - Lajme nga Ulqini\",\"isPartOf\":{\"@id\":\"https:\/\/www.visit-ulcinj.com\/blog\/#website\"},\"primaryImageOfPage\":{\"@id\":\"https:\/\/www.visit-ulcinj.com\/blog\/2010\/08\/15\/ami-dhe-ermali-martohen-ne-10-shtator\/#primaryimage\"},\"datePublished\":\"2010-08-15T14:30:11+00:00\",\"dateModified\":\"2010-08-15T14:30:11+00:00\",\"author\":{\"@id\":\"https:\/\/www.visit-ulcinj.com\/blog\/#\/schema\/person\/dcab619c614d3038751c63bc2aadc06d\"},\"description\":\"Kan\u00eb menduar q\u00eb t\u00eb b\u00ebjn\u00eb nj\u00eb dasm\u00eb n\u00eb fillim t\u00eb vjesht\u00ebs, \u00e7ifti i njohur Amarda Toska dhe Ermal Mamaqi. Ata kan\u00eb marr\u00eb p\u00ebrsip\u00ebr t\u00eb organizojn\u00eb ceremonin\u00eb\",\"breadcrumb\":{\"@id\":\"https:\/\/www.visit-ulcinj.com\/blog\/2010\/08\/15\/ami-dhe-ermali-martohen-ne-10-shtator\/#breadcrumb\"},\"inLanguage\":\"en-US\",\"potentialAction\":[{\"@type\":\"ReadAction\",\"target\":[\"https:\/\/www.visit-ulcinj.com\/blog\/2010\/08\/15\/ami-dhe-ermali-martohen-ne-10-shtator\/\"]}]},{\"@type\":\"BreadcrumbList\",\"@id\":\"https:\/\/www.visit-ulcinj.com\/blog\/2010\/08\/15\/ami-dhe-ermali-martohen-ne-10-shtator\/#breadcrumb\",\"itemListElement\":[{\"@type\":\"ListItem\",\"position\":1,\"name\":\"Ami dhe Ermali martohen ne 10 shtator\"}]},{\"@type\":\"Person\",\"@id\":\"https:\/\/www.visit-ulcinj.com\/blog\/#\/schema\/person\/dcab619c614d3038751c63bc2aadc06d\",\"name\":\"ulqini\",\"sameAs\":[\"http:\/\/www.visit-ulcinj.com\"],\"url\":\"https:\/\/www.visit-ulcinj.com\/blog\/author\/admin\/\"}]}<\/script>\n<!-- \/ Yoast SEO plugin. -->","yoast_head_json":{"title":"Ami dhe Ermali martohen ne 10 shtator - Lajme nga Ulqini","description":"Kan\u00eb menduar q\u00eb t\u00eb b\u00ebjn\u00eb nj\u00eb dasm\u00eb n\u00eb fillim t\u00eb vjesht\u00ebs, \u00e7ifti i njohur Amarda Toska dhe Ermal Mamaqi. Ata kan\u00eb marr\u00eb p\u00ebrsip\u00ebr t\u00eb organizojn\u00eb ceremonin\u00eb","robots":{"index":"index","follow":"follow","max-snippet":"max-snippet:-1","max-image-preview":"max-image-preview:large","max-video-preview":"max-video-preview:-1"},"canonical":"https:\/\/www.visit-ulcinj.com\/blog\/2010\/08\/15\/ami-dhe-ermali-martohen-ne-10-shtator\/","og_locale":"en_US","og_type":"article","og_title":"Ami dhe Ermali martohen ne 10 shtator - Lajme nga Ulqini","og_description":"Kan\u00eb menduar q\u00eb t\u00eb b\u00ebjn\u00eb nj\u00eb dasm\u00eb n\u00eb fillim t\u00eb vjesht\u00ebs, \u00e7ifti i njohur Amarda Toska dhe Ermal Mamaqi. Ata kan\u00eb marr\u00eb p\u00ebrsip\u00ebr t\u00eb organizojn\u00eb ceremonin\u00eb","og_url":"https:\/\/www.visit-ulcinj.com\/blog\/2010\/08\/15\/ami-dhe-ermali-martohen-ne-10-shtator\/","og_site_name":"Lajme nga Ulqini","article_published_time":"2010-08-15T14:30:11+00:00","og_image":[{"url":"http:\/\/www.visit-ulcinj.com\/blog\/wp-content\/uploads\/2010\/08\/Amarda-Toska-dhe-Ermal-Mamaqi.jpg"}],"twitter_misc":{"Written by":"ulqini","Est. reading time":"2 minutes"},"schema":{"@context":"https:\/\/schema.org","@graph":[{"@type":"WebSite","@id":"https:\/\/www.visit-ulcinj.com\/blog\/#website","url":"https:\/\/www.visit-ulcinj.com\/blog\/","name":"Lajme nga Ulqini","description":"Lajme,Vijesti,Ulqini,Ulqin,Crna Gora,Mali i Zi","potentialAction":[{"@type":"SearchAction","target":{"@type":"EntryPoint","urlTemplate":"https:\/\/www.visit-ulcinj.com\/blog\/?s={search_term_string}"},"query-input":"required name=search_term_string"}],"inLanguage":"en-US"},{"@type":"ImageObject","inLanguage":"en-US","@id":"https:\/\/www.visit-ulcinj.com\/blog\/2010\/08\/15\/ami-dhe-ermali-martohen-ne-10-shtator\/#primaryimage","url":"http:\/\/www.visit-ulcinj.com\/blog\/wp-content\/uploads\/2010\/08\/Amarda-Toska-dhe-Ermal-Mamaqi.jpg","contentUrl":"http:\/\/www.visit-ulcinj.com\/blog\/wp-content\/uploads\/2010\/08\/Amarda-Toska-dhe-Ermal-Mamaqi.jpg"},{"@type":"WebPage","@id":"https:\/\/www.visit-ulcinj.com\/blog\/2010\/08\/15\/ami-dhe-ermali-martohen-ne-10-shtator\/#webpage","url":"https:\/\/www.visit-ulcinj.com\/blog\/2010\/08\/15\/ami-dhe-ermali-martohen-ne-10-shtator\/","name":"Ami dhe Ermali martohen ne 10 shtator - Lajme nga Ulqini","isPartOf":{"@id":"https:\/\/www.visit-ulcinj.com\/blog\/#website"},"primaryImageOfPage":{"@id":"https:\/\/www.visit-ulcinj.com\/blog\/2010\/08\/15\/ami-dhe-ermali-martohen-ne-10-shtator\/#primaryimage"},"datePublished":"2010-08-15T14:30:11+00:00","dateModified":"2010-08-15T14:30:11+00:00","author":{"@id":"https:\/\/www.visit-ulcinj.com\/blog\/#\/schema\/person\/dcab619c614d3038751c63bc2aadc06d"},"description":"Kan\u00eb menduar q\u00eb t\u00eb b\u00ebjn\u00eb nj\u00eb dasm\u00eb n\u00eb fillim t\u00eb vjesht\u00ebs, \u00e7ifti i njohur Amarda Toska dhe Ermal Mamaqi. Ata kan\u00eb marr\u00eb p\u00ebrsip\u00ebr t\u00eb organizojn\u00eb ceremonin\u00eb","breadcrumb":{"@id":"https:\/\/www.visit-ulcinj.com\/blog\/2010\/08\/15\/ami-dhe-ermali-martohen-ne-10-shtator\/#breadcrumb"},"inLanguage":"en-US","potentialAction":[{"@type":"ReadAction","target":["https:\/\/www.visit-ulcinj.com\/blog\/2010\/08\/15\/ami-dhe-ermali-martohen-ne-10-shtator\/"]}]},{"@type":"BreadcrumbList","@id":"https:\/\/www.visit-ulcinj.com\/blog\/2010\/08\/15\/ami-dhe-ermali-martohen-ne-10-shtator\/#breadcrumb","itemListElement":[{"@type":"ListItem","position":1,"name":"Ami dhe Ermali martohen ne 10 shtator"}]},{"@type":"Person","@id":"https:\/\/www.visit-ulcinj.com\/blog\/#\/schema\/person\/dcab619c614d3038751c63bc2aadc06d","name":"ulqini","sameAs":["http:\/\/www.visit-ulcinj.com"],"url":"https:\/\/www.visit-ulcinj.com\/blog\/author\/admin\/"}]}},"jetpack_featured_media_url":"","jetpack_sharing_enabled":true,"jetpack_shortlink":"https:\/\/wp.me\/pe6lTn-9kU","_links":{"self":[{"href":"https:\/\/www.visit-ulcinj.com\/blog\/wp-json\/wp\/v2\/posts\/35892"}],"collection":[{"href":"https:\/\/www.visit-ulcinj.com\/blog\/wp-json\/wp\/v2\/posts"}],"about":[{"href":"https:\/\/www.visit-ulcinj.com\/blog\/wp-json\/wp\/v2\/types\/post"}],"author":[{"embeddable":true,"href":"https:\/\/www.visit-ulcinj.com\/blog\/wp-json\/wp\/v2\/users\/1"}],"replies":[{"embeddable":true,"href":"https:\/\/www.visit-ulcinj.com\/blog\/wp-json\/wp\/v2\/comments?post=35892"}],"version-history":[{"count":0,"href":"https:\/\/www.visit-ulcinj.com\/blog\/wp-json\/wp\/v2\/posts\/35892\/revisions"}],"wp:attachment":[{"href":"https:\/\/www.visit-ulcinj.com\/blog\/wp-json\/wp\/v2\/media?parent=35892"}],"wp:term":[{"taxonomy":"category","embeddable":true,"href":"https:\/\/www.visit-ulcinj.com\/blog\/wp-json\/wp\/v2\/categories?post=35892"},{"taxonomy":"post_tag","embeddable":true,"href":"https:\/\/www.visit-ulcinj.com\/blog\/wp-json\/wp\/v2\/tags?post=35892"}],"curies":[{"name":"wp","href":"https:\/\/api.w.org\/{rel}","templated":true}]}}