{"id":35899,"date":"2010-08-15T17:17:24","date_gmt":"2010-08-15T15:17:24","guid":{"rendered":"http:\/\/www.visit-ulcinj.com\/blog\/?p=35899"},"modified":"2010-08-15T17:20:31","modified_gmt":"2010-08-15T15:20:31","slug":"sinan-hoxha-e-verteta-e-fotove-me-seldin","status":"publish","type":"post","link":"https:\/\/www.visit-ulcinj.com\/blog\/2010\/08\/15\/sinan-hoxha-e-verteta-e-fotove-me-seldin\/","title":{"rendered":"Sinan Hoxha: E verteta e fotove me Seldin"},"content":{"rendered":"<p><a href=\"http:\/\/www.visit-ulcinj.com\/blog\/wp-content\/uploads\/2010\/08\/Seldi-Qalliu-dhe-Sinan-Hoxha.1_picnik.jpg\"><img loading=\"lazy\" class=\"alignleft size-medium wp-image-35901\" title=\"Seldi Qalliu dhe Sinan Hoxha.1_picnik\" src=\"http:\/\/www.visit-ulcinj.com\/blog\/wp-content\/uploads\/2010\/08\/Seldi-Qalliu-dhe-Sinan-Hoxha.1_picnik-273x300.jpg\" alt=\"\" width=\"273\" height=\"300\" \/><\/a>Sinan Hoxha, k\u00ebng\u00ebtari m\u00eb i p\u00ebrfolur sot n\u00eb gjith\u00eb median p\u00ebr nj\u00eb \u201clidhje roz\u00eb\u201d me Seldin e Big Brother 3, nuk duket shum\u00eb i shqet\u00ebsuar p\u00ebr debatet m\u00eb t\u00eb fundit. Por, ve\u00e7 gjith\u00eb k\u00ebsaj q\u00eb ai e konsideron spekulim, \u00ebsht\u00eb m\u00eb i m\u00ebrzitur, me disa foto q\u00eb jan\u00eb publikuar dit\u00ebn e djeshme n\u00eb nj\u00eb nga t\u00eb p\u00ebrjavshmet roz\u00eb n\u00eb treg, \u201cGame Over\u201d, ku shfaqet, ashtu sikurse ne do ti riprodhojm\u00eb, foto n\u00eb plazh t\u00eb t\u00eb dy miqve, Seldit dhe Sinanit.<br \/>\n\u201cKjo \u00ebsht\u00eb e turpshme. Madje, e paimagjinueshme. Mund t\u00eb trillojn\u00eb, por t\u00eb censurohen fotot\u2026k\u00ebt\u00eb nuk e kuptoj pse po b\u00ebhet\u201d thot\u00eb Sinani.<br \/>\nPopullaritet? Ia kthejm\u00eb menj\u00ebher\u00eb ne t\u00eb Bluetooth.<br \/>\nPo mua nuk m\u00eb ka r\u00ebn\u00eb popullariteti, vazhdoj koncertet e mia dhe fansat m\u00eb duan.<br \/>\nPo si \u00ebsht\u00eb e v\u00ebrteta e k\u00ebtyre fotove?<br \/>\nNe kemi qen\u00eb n\u00eb plazh dhe kjo nuk fshihet sepse jemi me koncerte t\u00eb planifikuara. Por, bashk\u00eb me ne, jan\u00eb edhe mamat\u00eb tona. Madje, po n\u00eb plazh, ka qen\u00eb me ne edhe Rozana Radi. Vet\u00eb un\u00eb kam qen\u00eb n\u00ebp\u00ebr koncerte, dhe Seldi n\u00ebp\u00ebr koncerte. Un\u00eb t\u00eb h\u00ebn\u00ebn premtoj, pa 50 mij\u00eb euro, se do t\u00eb b\u00ebj nj\u00eb rr\u00ebfim t\u00eb plot\u00eb p\u00ebr gjith\u00eb k\u00ebt\u00eb \u00e7\u00ebshtje n\u00eb gazet\u00ebn tuaj\u2026<br \/>\nKjo ka qen\u00eb p\u00ebrgjigja e Sinan Hoxh\u00ebs, nd\u00ebrkoh\u00eb q\u00eb n\u00eb tavolin\u00eb bashkohet shum\u00eb shpejt dhe Rozi.<br \/>\nSinani, vazhdon t\u00eb ruaj\u00eb qet\u00ebsin\u00eb ndon\u00ebse temperaturat jan\u00eb rritur ndjesh\u00ebm, me lajmet dhe fotot q\u00eb publikohen \u00e7do dit\u00eb n\u00eb mediat roz\u00eb. Si\u00e7 duket, p\u00ebr k\u00ebng\u00ebtarin Sinan Hoxha, k\u00ebto akuza nuk kan\u00eb kurrfar\u00eb r\u00ebnd\u00ebsie, andaj dhe nuk po reagon. N\u00eb lidhje me fotot e plazhit, gazetar\u00ebt e suplementit \u201cBluetooth\u201d, kan\u00eb prova konkrete\u2026<br \/>\nMamat\u00eb e Sinanit dhe Seldit<br \/>\nSi\u00e7 dihet \u00ebsht\u00eb padiskutim e pritshme q\u00eb nj\u00eb lajm i till\u00eb t\u00eb shkaktoj\u00eb shqet\u00ebsim dhe stres, n\u00eb t\u00eb dyja familjet e p\u00ebrfshira n\u00eb k\u00ebt\u00eb skandal, si n\u00eb at\u00eb t\u00eb Sinanit, ashtu edhe n\u00eb at\u00eb t\u00eb Seldit. P\u00ebrgjat\u00eb gjith\u00eb jav\u00ebs q\u00eb po l\u00ebm\u00eb pas, jemi p\u00ebrpjekur t\u00eb komunikojm\u00eb me mamat\u00eb, e dy t\u00eb \u201csulmuarve\u201d, deri sa m\u00eb n\u00eb fund arrit\u00ebm t\u2019i takonim ato n\u00eb Vlor\u00eb, n\u00ebn shoq\u00ebrin\u00eb e djemve t\u00eb tyre\u2026Sinani dhe Seldi ishin t\u00eb ftuar n\u00eb k\u00ebt\u00eb qytet, p\u00ebr t\u00eb performuar n\u00eb 2 diskoteka t\u00eb ndryshme verore, dhe si pasoj\u00eb kishin marr\u00eb me vete edhe n\u00ebnat e tyre, p\u00ebr t\u2019ua larguar n\u00eb nj\u00eb far\u00eb m\u00ebnyre mendjen nga mjegulla e thashethemeve q\u00eb \u00ebsht\u00eb krijuar tashm\u00eb n\u00eb Tiran\u00eb. I pam\u00eb t\u00eb kat\u00ebrt bashk\u00eb, ulur n\u00eb nj\u00eb nga komplekset buz\u00eb detit dhe sigurisht nuk kishte si t\u00eb mos k\u00ebrkonim nj\u00eb prononcim prej mamave, n\u00eb lidhje me deklarat\u00ebn e Domenik\u00ebs. P\u00ebr to \u00ebsht\u00eb sigurisht dyfish m\u00eb e v\u00ebshtir\u00eb ta kalojn\u00eb k\u00ebt\u00eb situat\u00eb, pasi p\u00ebrve\u00e7se u p\u00ebrkasin nj\u00eb tjet\u00ebr brezi, nuk e njohin mir\u00eb k\u00ebt\u00eb an\u00ebn e err\u00ebt t\u00eb t\u00eb qenit i famsh\u00ebm, p\u00ebrgojimin. Megjithat\u00eb, insistimit t\u00eb gazetarit t\u00eb \u201cBluetooth\u201d as ato nuk i rezistuan dot dhe t\u00eb dyja n\u00eb nj\u00eb goj\u00eb u p\u00ebrgjigj\u00ebn: \u201cNuk flasim dot p\u00ebr nj\u00eb thashethem t\u00eb pakuptimt\u00eb q\u00eb p\u00ebrfshin 2 njer\u00ebz t\u00eb po t\u00eb nj\u00ebt\u00ebs familje.\u201d Sa i p\u00ebrket k\u00ebtyre fotove, p\u00ebr t\u00eb cilat koleg\u00ebt, gazetar\u00eb, kan\u00eb b\u00ebr\u00eb komentin e tyre, shprehet edhe k\u00ebng\u00ebtarja Rozana Radi, mike e vjet\u00ebr e Sinanit, q\u00eb ishte gjithashtu at\u00eb dit\u00eb n\u00eb plazh me to\u2026 dhe jo vet\u00ebm kaq, bashk\u00eb me deklarat\u00ebn e Rozit, vijn\u00eb edhe fotot e saj me Sinanin, t\u00eb shkrepura nga paparaci yn\u00eb, po at\u00eb dit\u00eb.<br \/>\nRozi Radi, e shokuar nga lajmi<br \/>\n<a href=\"http:\/\/www.visit-ulcinj.com\/blog\/wp-content\/uploads\/2010\/08\/Seldi-Qalliu-dhe-Sinan-Hoxha.2.jpg\"><img loading=\"lazy\" class=\"size-medium wp-image-35902 alignleft\" title=\"Seldi Qalliu dhe Sinan Hoxha.2\" src=\"http:\/\/www.visit-ulcinj.com\/blog\/wp-content\/uploads\/2010\/08\/Seldi-Qalliu-dhe-Sinan-Hoxha.2-235x300.jpg\" alt=\"\" width=\"235\" height=\"300\" \/><\/a>Nj\u00eb nga koleget e k\u00ebng\u00ebtarit, Rozana Radi, tregon sot p\u00ebr suplementin \u201cBluetooth\u201d se dit\u00ebn q\u00eb jan\u00eb shkrepur fotot nga paparaci i gazet\u00ebs roz\u00eb, ka qen\u00eb edhe ajo gjithashtu me Sinanin dhe Seldin. N\u00eb mbr\u00ebmje t\u00eb dy k\u00ebng\u00ebtar\u00ebt kishin koncerte n\u00eb destinacione t\u00eb ndryshme, Rozi ishte e ftuar n\u00eb Borsh, nd\u00ebrsa Sinani n\u00eb Vlor\u00eb, por plazhin preferuan q\u00eb t\u00eb dy ta kalojn\u00eb bashk\u00eb n\u00eb Orikum. K\u00ebshtu nd\u00ebrsa kontaktuam me Rozin ajo na tha se: \u201cJam e shokuar nga deklarata e Domenik\u00ebs q\u00eb sipas meje nuk \u00ebsht\u00eb aspak e v\u00ebrtet\u00eb. Ka sa e sa vite q\u00eb e njoh Sinanin, q\u00eb kur kam filluar t\u00eb k\u00ebndoj. Kemi qen\u00eb bashk\u00eb t\u00eb ftuar n\u00ebp\u00ebr diskoteka t\u00eb ndryshme n\u00eb Gjermani, Zvic\u00ebr, Greqi, dhe un\u00eb e kam par\u00eb me shum\u00eb femra Sinanin, plus k\u00ebsaj i njoh dhe shum\u00eb t\u00eb dashura. Nuk e kuptoj se si nuk i kan\u00eb publikuar asnj\u00eb foto k\u00ebtij njeriu deri m\u00eb tani. Dy zgjidhja ka ose Sinani ka qen\u00eb m\u00eb i kujdessh\u00ebm se\u00e7 duhet ose paparac\u00ebt nuk kan\u00eb qen\u00eb edhe shum\u00eb t\u00eb shkath\u00ebt. Problemi \u00ebsht\u00eb q\u00eb nj\u00eb personazh publik, nj\u00eb artist me mend nuk ka pse t\u00eb b\u00ebj\u00eb publike me dashje t\u00eb dashurat e veta. Jeta private \u00ebsht\u00eb jeta private, pa\u00e7ka se ka nga ata paparac\u00ebt shum\u00eb t\u00eb shkath\u00ebt q\u00eb mundin t\u00eb shk\u00ebpusin momente intime. Po t\u2019i rikthehemi deklarat\u00ebs s\u00eb asaj vajz\u00ebs dhe fotove q\u00eb jan\u00eb p\u00ebrdorur, me duken absolutisht absurde. Un\u00eb nuk shikoj asgj\u00eb t\u00eb keqe, q\u00eb t\u00eb ndihmosh nj\u00eb mik, nj\u00eb v\u00eblla, nj\u00eb njeri q\u00eb e njeh familjarisht, d.m.th, q\u00eb kan\u00eb hyrje dhe dalje familjare p\u00ebr t\u00eb b\u00ebr\u00eb disa foto artistike. Un\u00eb nuk shikoj asgj\u00eb t\u00eb jasht\u00ebzakonshme k\u00ebtu, p\u00ebr m\u00eb tep\u00ebr asgj\u00eb p\u00ebr t\u00eb publikuar nj\u00eb lajm t\u00eb till\u00eb, nes\u00ebr mund t\u00eb shoq\u00ebroj un\u00eb nj\u00eb shoqen time si m\u00eb me eksperienc\u00eb n\u00eb k\u00ebt\u00eb fush\u00eb (fotografit\u00eb), dhe \u00e7far\u00eb? Edhe mua nes\u00ebr do t\u00eb m\u00eb nxjerrin lesbike? Problemi \u00ebsht\u00eb se jan\u00eb disa njer\u00ebz q\u00eb duan t\u00eb godasin Sinanin, duan ta shikojn\u00eb t\u00eb rr\u00ebnuar. Kam p\u00ebrshtypjen se nuk kan\u00eb p\u00ebr t\u2019ia arritur, pasi Sinanin e do nj\u00eb diaspor\u00eb e t\u00ebr\u00eb dhe t\u00eb gjith\u00eb k\u00ebrcejn\u00eb dhe k\u00ebndojn\u00eb k\u00ebng\u00ebt e tij. P\u00ebr mendimin tim nuk ka m\u00eb vler\u00eb t\u00eb merren me Sinanin, le t\u00eb merren me k\u00ebto q\u00eb shpifin p\u00ebrmes emrit t\u00eb Sinanit.<br \/>\n<a href=\"http:\/\/www.visit-ulcinj.com\/blog\/wp-content\/uploads\/2010\/08\/Seldi-Qalliu-dhe-Sinan-Hoxha_picnik.jpg\"><img loading=\"lazy\" class=\"alignleft size-medium wp-image-35903\" title=\"Seldi Qalliu dhe Sinan Hoxha_picnik\" src=\"http:\/\/www.visit-ulcinj.com\/blog\/wp-content\/uploads\/2010\/08\/Seldi-Qalliu-dhe-Sinan-Hoxha_picnik-243x300.jpg\" alt=\"\" width=\"243\" height=\"300\" \/><\/a>Jeta private<br \/>\nAsnj\u00ebher\u00eb m\u00eb par\u00eb nuk \u00ebsht\u00eb p\u00ebrfolur n\u00eb lidhje me jet\u00ebn e tij private, ndon\u00ebse miqt\u00eb e tij t\u00eb af\u00ebrt na kan\u00eb pohuar se Sinani ka shum\u00eb sukses me femrat. N\u00eb intervistat e m\u00ebparshme, Sinani gjithmon\u00eb ka dashur ta m\u00ebnjanoj\u00eb k\u00ebt\u00eb pjes\u00eb, duke u p\u00ebrpjekur t\u00eb ruaj\u00eb privat\u00ebsin\u00eb e tij, por edhe p\u00ebr faktin se asnj\u00ebher\u00eb nuk i kan\u00eb p\u00eblqyer k\u00ebto \u2018pompimet\u2019 nga ana e mediave p\u00ebr lidhje t\u00eb ndryshme n\u00eb bot\u00ebn e sho\u00eb-bizit shqiptar.<br \/>\nKarriera<br \/>\nSinan Hoxha, \u00ebsht\u00eb nj\u00eb nd\u00ebr k\u00ebng\u00ebtar\u00ebt m\u00eb t\u00eb paguar n\u00eb tregun muzikor shqiptar. Me nj\u00eb karrier\u00eb t\u00eb gjat\u00eb n\u00eb muzik\u00eb, ai mban mbi supe 7 albume tejet t\u00eb suksesshme si dhe 5 koncerte recitale. N\u00eb rrethet e koleg\u00ebve p\u00ebrflitet t\u00eb jet\u00eb m\u00eb i paguari, por ne nuk dim\u00eb t\u00eb themi se sa e v\u00ebrtet\u00eb \u00ebsht\u00eb kjo. Gjithkush prej rival\u00ebve t\u00eb tij, u g\u00ebzua kur pa deklarat\u00ebn e Domit, duke menduar se tashm\u00eb atij do t\u2019i ulet popullariteti. Por si\u00e7 duket, edhe pas k\u00ebtij skandali, Sinani vijon t\u00eb jet\u00eb i preferuar nga publiku. Fotoja q\u00eb sjellim sot n\u00eb \u201cBluetooth\u201d, \u00ebsht\u00eb shkrepur disa dit\u00eb pas publikimit t\u00eb lajmit n\u00eb nj\u00eb nga diskotekat verore n\u00eb Durr\u00ebs. Si\u00e7 e shihni dhe vet\u00eb nga foto, salla \u00ebsht\u00eb e mbushur plot me njer\u00ebz, rreth 3000 vet\u00eb, q\u00eb k\u00ebrcejn\u00eb e k\u00ebndojn\u00eb s\u00eb bashku me Sinanin k\u00ebng\u00ebt e tij. Nd\u00ebrkaq, shum\u00eb njer\u00ebz jan\u00eb n\u00eb pritje t\u00eb nj\u00eb deklarate nga ana Sinanit, p\u00ebr t\u00eb cil\u00ebn ne gazetar\u00ebt e suplementit \u201cBluetooth\u201d, premtojm\u00eb se do t\u00eb b\u00ebjm\u00eb t\u00eb pamundur\u00ebn p\u00ebr ta siguruar, me apo pa 50.000 eurot e k\u00ebrkuara prej tij.<\/p>\n<p><strong>Revista Bluetooth<br \/>\n<!--YouTube Error: bad URL entered--><\/strong><\/p>\n","protected":false},"excerpt":{"rendered":"<p>Sinan Hoxha, k\u00ebng\u00ebtari m\u00eb i p\u00ebrfolur sot n\u00eb gjith\u00eb median p\u00ebr nj\u00eb \u201clidhje roz\u00eb\u201d me Seldin e Big Brother 3, nuk duket shum\u00eb i shqet\u00ebsuar p\u00ebr debatet m\u00eb t\u00eb fundit. Por, ve\u00e7 gjith\u00eb k\u00ebsaj q\u00eb ai e konsideron spekulim, \u00ebsht\u00eb m\u00eb i m\u00ebrzitur, me disa foto q\u00eb jan\u00eb publikuar dit\u00ebn e djeshme n\u00eb nj\u00eb nga [&hellip;]<\/p>\n","protected":false},"author":1,"featured_media":0,"comment_status":"open","ping_status":"closed","sticky":false,"template":"","format":"standard","meta":{"spay_email":"","jetpack_publicize_message":"","jetpack_is_tweetstorm":false,"jetpack_publicize_feature_enabled":true},"categories":[1],"tags":[14967,12151],"jetpack_publicize_connections":[],"yoast_head":"<!-- This site is optimized with the Yoast SEO plugin v19.1 - https:\/\/yoast.com\/wordpress\/plugins\/seo\/ -->\n<title>Sinan Hoxha: E verteta e fotove me Seldin - Lajme nga Ulqini<\/title>\n<meta name=\"description\" content=\"Sinan Hoxha, k\u00ebng\u00ebtari m\u00eb i p\u00ebrfolur sot n\u00eb gjith\u00eb median p\u00ebr nj\u00eb \u201clidhje roz\u00eb\u201d me Seldin e Big Brother 3, nuk duket shum\u00eb i shqet\u00ebsuar p\u00ebr debatet m\u00eb t\u00eb\" \/>\n<meta name=\"robots\" content=\"index, follow, max-snippet:-1, max-image-preview:large, max-video-preview:-1\" \/>\n<link rel=\"canonical\" href=\"https:\/\/www.visit-ulcinj.com\/blog\/2010\/08\/15\/sinan-hoxha-e-verteta-e-fotove-me-seldin\/\" \/>\n<meta property=\"og:locale\" content=\"en_US\" \/>\n<meta property=\"og:type\" content=\"article\" \/>\n<meta property=\"og:title\" content=\"Sinan Hoxha: E verteta e fotove me Seldin - Lajme nga Ulqini\" \/>\n<meta property=\"og:description\" content=\"Sinan Hoxha, k\u00ebng\u00ebtari m\u00eb i p\u00ebrfolur sot n\u00eb gjith\u00eb median p\u00ebr nj\u00eb \u201clidhje roz\u00eb\u201d me Seldin e Big Brother 3, nuk duket shum\u00eb i shqet\u00ebsuar p\u00ebr debatet m\u00eb t\u00eb\" \/>\n<meta property=\"og:url\" content=\"https:\/\/www.visit-ulcinj.com\/blog\/2010\/08\/15\/sinan-hoxha-e-verteta-e-fotove-me-seldin\/\" \/>\n<meta property=\"og:site_name\" content=\"Lajme nga Ulqini\" \/>\n<meta property=\"article:published_time\" content=\"2010-08-15T15:17:24+00:00\" \/>\n<meta property=\"article:modified_time\" content=\"2010-08-15T15:20:31+00:00\" \/>\n<meta property=\"og:image\" content=\"http:\/\/www.visit-ulcinj.com\/blog\/wp-content\/uploads\/2010\/08\/Seldi-Qalliu-dhe-Sinan-Hoxha.1_picnik-273x300.jpg\" \/>\n<meta name=\"twitter:label1\" content=\"Written by\" \/>\n\t<meta name=\"twitter:data1\" content=\"ulqini\" \/>\n\t<meta name=\"twitter:label2\" content=\"Est. reading time\" \/>\n\t<meta name=\"twitter:data2\" content=\"7 minutes\" \/>\n<script type=\"application\/ld+json\" class=\"yoast-schema-graph\">{\"@context\":\"https:\/\/schema.org\",\"@graph\":[{\"@type\":\"WebSite\",\"@id\":\"https:\/\/www.visit-ulcinj.com\/blog\/#website\",\"url\":\"https:\/\/www.visit-ulcinj.com\/blog\/\",\"name\":\"Lajme nga Ulqini\",\"description\":\"Lajme,Vijesti,Ulqini,Ulqin,Crna Gora,Mali i Zi\",\"potentialAction\":[{\"@type\":\"SearchAction\",\"target\":{\"@type\":\"EntryPoint\",\"urlTemplate\":\"https:\/\/www.visit-ulcinj.com\/blog\/?s={search_term_string}\"},\"query-input\":\"required name=search_term_string\"}],\"inLanguage\":\"en-US\"},{\"@type\":\"ImageObject\",\"inLanguage\":\"en-US\",\"@id\":\"https:\/\/www.visit-ulcinj.com\/blog\/2010\/08\/15\/sinan-hoxha-e-verteta-e-fotove-me-seldin\/#primaryimage\",\"url\":\"http:\/\/www.visit-ulcinj.com\/blog\/wp-content\/uploads\/2010\/08\/Seldi-Qalliu-dhe-Sinan-Hoxha.1_picnik-273x300.jpg\",\"contentUrl\":\"http:\/\/www.visit-ulcinj.com\/blog\/wp-content\/uploads\/2010\/08\/Seldi-Qalliu-dhe-Sinan-Hoxha.1_picnik-273x300.jpg\"},{\"@type\":\"WebPage\",\"@id\":\"https:\/\/www.visit-ulcinj.com\/blog\/2010\/08\/15\/sinan-hoxha-e-verteta-e-fotove-me-seldin\/#webpage\",\"url\":\"https:\/\/www.visit-ulcinj.com\/blog\/2010\/08\/15\/sinan-hoxha-e-verteta-e-fotove-me-seldin\/\",\"name\":\"Sinan Hoxha: E verteta e fotove me Seldin - Lajme nga Ulqini\",\"isPartOf\":{\"@id\":\"https:\/\/www.visit-ulcinj.com\/blog\/#website\"},\"primaryImageOfPage\":{\"@id\":\"https:\/\/www.visit-ulcinj.com\/blog\/2010\/08\/15\/sinan-hoxha-e-verteta-e-fotove-me-seldin\/#primaryimage\"},\"datePublished\":\"2010-08-15T15:17:24+00:00\",\"dateModified\":\"2010-08-15T15:20:31+00:00\",\"author\":{\"@id\":\"https:\/\/www.visit-ulcinj.com\/blog\/#\/schema\/person\/dcab619c614d3038751c63bc2aadc06d\"},\"description\":\"Sinan Hoxha, k\u00ebng\u00ebtari m\u00eb i p\u00ebrfolur sot n\u00eb gjith\u00eb median p\u00ebr nj\u00eb \u201clidhje roz\u00eb\u201d me Seldin e Big Brother 3, nuk duket shum\u00eb i shqet\u00ebsuar p\u00ebr debatet m\u00eb t\u00eb\",\"breadcrumb\":{\"@id\":\"https:\/\/www.visit-ulcinj.com\/blog\/2010\/08\/15\/sinan-hoxha-e-verteta-e-fotove-me-seldin\/#breadcrumb\"},\"inLanguage\":\"en-US\",\"potentialAction\":[{\"@type\":\"ReadAction\",\"target\":[\"https:\/\/www.visit-ulcinj.com\/blog\/2010\/08\/15\/sinan-hoxha-e-verteta-e-fotove-me-seldin\/\"]}]},{\"@type\":\"BreadcrumbList\",\"@id\":\"https:\/\/www.visit-ulcinj.com\/blog\/2010\/08\/15\/sinan-hoxha-e-verteta-e-fotove-me-seldin\/#breadcrumb\",\"itemListElement\":[{\"@type\":\"ListItem\",\"position\":1,\"name\":\"Sinan Hoxha: E verteta e fotove me Seldin\"}]},{\"@type\":\"Person\",\"@id\":\"https:\/\/www.visit-ulcinj.com\/blog\/#\/schema\/person\/dcab619c614d3038751c63bc2aadc06d\",\"name\":\"ulqini\",\"sameAs\":[\"http:\/\/www.visit-ulcinj.com\"],\"url\":\"https:\/\/www.visit-ulcinj.com\/blog\/author\/admin\/\"}]}<\/script>\n<!-- \/ Yoast SEO plugin. -->","yoast_head_json":{"title":"Sinan Hoxha: E verteta e fotove me Seldin - Lajme nga Ulqini","description":"Sinan Hoxha, k\u00ebng\u00ebtari m\u00eb i p\u00ebrfolur sot n\u00eb gjith\u00eb median p\u00ebr nj\u00eb \u201clidhje roz\u00eb\u201d me Seldin e Big Brother 3, nuk duket shum\u00eb i shqet\u00ebsuar p\u00ebr debatet m\u00eb t\u00eb","robots":{"index":"index","follow":"follow","max-snippet":"max-snippet:-1","max-image-preview":"max-image-preview:large","max-video-preview":"max-video-preview:-1"},"canonical":"https:\/\/www.visit-ulcinj.com\/blog\/2010\/08\/15\/sinan-hoxha-e-verteta-e-fotove-me-seldin\/","og_locale":"en_US","og_type":"article","og_title":"Sinan Hoxha: E verteta e fotove me Seldin - Lajme nga Ulqini","og_description":"Sinan Hoxha, k\u00ebng\u00ebtari m\u00eb i p\u00ebrfolur sot n\u00eb gjith\u00eb median p\u00ebr nj\u00eb \u201clidhje roz\u00eb\u201d me Seldin e Big Brother 3, nuk duket shum\u00eb i shqet\u00ebsuar p\u00ebr debatet m\u00eb t\u00eb","og_url":"https:\/\/www.visit-ulcinj.com\/blog\/2010\/08\/15\/sinan-hoxha-e-verteta-e-fotove-me-seldin\/","og_site_name":"Lajme nga Ulqini","article_published_time":"2010-08-15T15:17:24+00:00","article_modified_time":"2010-08-15T15:20:31+00:00","og_image":[{"url":"http:\/\/www.visit-ulcinj.com\/blog\/wp-content\/uploads\/2010\/08\/Seldi-Qalliu-dhe-Sinan-Hoxha.1_picnik-273x300.jpg"}],"twitter_misc":{"Written by":"ulqini","Est. reading time":"7 minutes"},"schema":{"@context":"https:\/\/schema.org","@graph":[{"@type":"WebSite","@id":"https:\/\/www.visit-ulcinj.com\/blog\/#website","url":"https:\/\/www.visit-ulcinj.com\/blog\/","name":"Lajme nga Ulqini","description":"Lajme,Vijesti,Ulqini,Ulqin,Crna Gora,Mali i Zi","potentialAction":[{"@type":"SearchAction","target":{"@type":"EntryPoint","urlTemplate":"https:\/\/www.visit-ulcinj.com\/blog\/?s={search_term_string}"},"query-input":"required name=search_term_string"}],"inLanguage":"en-US"},{"@type":"ImageObject","inLanguage":"en-US","@id":"https:\/\/www.visit-ulcinj.com\/blog\/2010\/08\/15\/sinan-hoxha-e-verteta-e-fotove-me-seldin\/#primaryimage","url":"http:\/\/www.visit-ulcinj.com\/blog\/wp-content\/uploads\/2010\/08\/Seldi-Qalliu-dhe-Sinan-Hoxha.1_picnik-273x300.jpg","contentUrl":"http:\/\/www.visit-ulcinj.com\/blog\/wp-content\/uploads\/2010\/08\/Seldi-Qalliu-dhe-Sinan-Hoxha.1_picnik-273x300.jpg"},{"@type":"WebPage","@id":"https:\/\/www.visit-ulcinj.com\/blog\/2010\/08\/15\/sinan-hoxha-e-verteta-e-fotove-me-seldin\/#webpage","url":"https:\/\/www.visit-ulcinj.com\/blog\/2010\/08\/15\/sinan-hoxha-e-verteta-e-fotove-me-seldin\/","name":"Sinan Hoxha: E verteta e fotove me Seldin - Lajme nga Ulqini","isPartOf":{"@id":"https:\/\/www.visit-ulcinj.com\/blog\/#website"},"primaryImageOfPage":{"@id":"https:\/\/www.visit-ulcinj.com\/blog\/2010\/08\/15\/sinan-hoxha-e-verteta-e-fotove-me-seldin\/#primaryimage"},"datePublished":"2010-08-15T15:17:24+00:00","dateModified":"2010-08-15T15:20:31+00:00","author":{"@id":"https:\/\/www.visit-ulcinj.com\/blog\/#\/schema\/person\/dcab619c614d3038751c63bc2aadc06d"},"description":"Sinan Hoxha, k\u00ebng\u00ebtari m\u00eb i p\u00ebrfolur sot n\u00eb gjith\u00eb median p\u00ebr nj\u00eb \u201clidhje roz\u00eb\u201d me Seldin e Big Brother 3, nuk duket shum\u00eb i shqet\u00ebsuar p\u00ebr debatet m\u00eb t\u00eb","breadcrumb":{"@id":"https:\/\/www.visit-ulcinj.com\/blog\/2010\/08\/15\/sinan-hoxha-e-verteta-e-fotove-me-seldin\/#breadcrumb"},"inLanguage":"en-US","potentialAction":[{"@type":"ReadAction","target":["https:\/\/www.visit-ulcinj.com\/blog\/2010\/08\/15\/sinan-hoxha-e-verteta-e-fotove-me-seldin\/"]}]},{"@type":"BreadcrumbList","@id":"https:\/\/www.visit-ulcinj.com\/blog\/2010\/08\/15\/sinan-hoxha-e-verteta-e-fotove-me-seldin\/#breadcrumb","itemListElement":[{"@type":"ListItem","position":1,"name":"Sinan Hoxha: E verteta e fotove me Seldin"}]},{"@type":"Person","@id":"https:\/\/www.visit-ulcinj.com\/blog\/#\/schema\/person\/dcab619c614d3038751c63bc2aadc06d","name":"ulqini","sameAs":["http:\/\/www.visit-ulcinj.com"],"url":"https:\/\/www.visit-ulcinj.com\/blog\/author\/admin\/"}]}},"jetpack_featured_media_url":"","jetpack_sharing_enabled":true,"jetpack_shortlink":"https:\/\/wp.me\/pe6lTn-9l1","_links":{"self":[{"href":"https:\/\/www.visit-ulcinj.com\/blog\/wp-json\/wp\/v2\/posts\/35899"}],"collection":[{"href":"https:\/\/www.visit-ulcinj.com\/blog\/wp-json\/wp\/v2\/posts"}],"about":[{"href":"https:\/\/www.visit-ulcinj.com\/blog\/wp-json\/wp\/v2\/types\/post"}],"author":[{"embeddable":true,"href":"https:\/\/www.visit-ulcinj.com\/blog\/wp-json\/wp\/v2\/users\/1"}],"replies":[{"embeddable":true,"href":"https:\/\/www.visit-ulcinj.com\/blog\/wp-json\/wp\/v2\/comments?post=35899"}],"version-history":[{"count":0,"href":"https:\/\/www.visit-ulcinj.com\/blog\/wp-json\/wp\/v2\/posts\/35899\/revisions"}],"wp:attachment":[{"href":"https:\/\/www.visit-ulcinj.com\/blog\/wp-json\/wp\/v2\/media?parent=35899"}],"wp:term":[{"taxonomy":"category","embeddable":true,"href":"https:\/\/www.visit-ulcinj.com\/blog\/wp-json\/wp\/v2\/categories?post=35899"},{"taxonomy":"post_tag","embeddable":true,"href":"https:\/\/www.visit-ulcinj.com\/blog\/wp-json\/wp\/v2\/tags?post=35899"}],"curies":[{"name":"wp","href":"https:\/\/api.w.org\/{rel}","templated":true}]}}