{"id":359,"date":"2008-02-02T09:18:44","date_gmt":"2008-02-02T14:18:44","guid":{"rendered":"http:\/\/www.visit-ulcinj.com\/blog\/2008\/02\/02\/kusaret-dhe-detaret-shqiptar\/"},"modified":"2008-02-12T20:27:16","modified_gmt":"2008-02-13T01:27:16","slug":"kusaret-dhe-detaret-shqiptar","status":"publish","type":"post","link":"https:\/\/www.visit-ulcinj.com\/blog\/2008\/02\/02\/kusaret-dhe-detaret-shqiptar\/","title":{"rendered":"Kusar\u00ebt dhe detar\u00ebt shqiptar"},"content":{"rendered":"<p><a href=\"http:\/\/www.visit-ulcinj.com\/blog\/2008\/02\/02\/kusaret-dhe-detaret-shqiptar\/dr-bahri-brisku\/\" rel=\"attachment wp-att-360\" title=\"Dr. Bahri Brisku\"><img loading=\"lazy\" src=\"http:\/\/www.visit-ulcinj.com\/blog\/wp-content\/uploads\/2008\/02\/bahri-brisku.jpg\" alt=\"Dr. Bahri Brisku\" align=\"left\" height=\"213\" hspace=\"2\" vspace=\"2\" width=\"159\" \/><\/a><span><font size=\"-0\"><font face=\"Verdana\" size=\"2\"><strong>Tmerr p\u00ebr kusar\u00ebt e tjer\u00eb<\/strong><br \/>\nHistoriani i njohur romak Tit Livi, q\u00eb n\u00eb fillim t\u00eb er\u00ebs son\u00eb p\u00ebrmend disa fortifikata t\u00eb dalluara n\u00eb bregdetin shqiptar si: Risanin, Kotorrin, Tivarin, Ulqinin, Durrahun (Durr\u00ebsin), Ishmin e Sh\u00ebn Gjinin, t\u00eb cilat vijimisht gjat\u00eb epokave ishin bazat e detar\u00ebve tan\u00eb. Detar\u00ebt shqipar\u00eb posedonin nj\u00eb num\u00ebr t\u00eb madhe anijesh. Kemi t\u00eb dh\u00ebna q\u00eb vet\u00ebm detar\u00ebt e Ulqinit dhe Tivarit posedonin af\u00ebr 1000 anije t\u00eb m\u00ebdha dhe t\u00eb vogla.<br \/>\nEkzistojn\u00eb t\u00eb dh\u00ebna t\u00eb q\u00ebndrueshme historike q\u00eb n\u00eb t\u00eb gjitha skelet e bregdetit shqiptar, gjat\u00eb sundimit turk, pushteti ishte n\u00eb duart e kusar\u00ebve t\u00eb vendit, t\u00eb cil\u00ebt n\u00eb organet e pushtetit t\u00eb koh\u00ebs s\u00eb tyre<\/font><\/font><\/span><!--more--><span><font size=\"-0\"><font face=\"Verdana\" size=\"2\"> kishin njer\u00ebzit e vet, kurse pushteti turk n\u00eb k\u00ebto skele ishte vet\u00ebm formal. T\u00eb gjith\u00eb ata an\u00ebtar\u00eb t\u00eb ekuipazheve, q\u00eb gjat\u00eb p\u00ebrleshjeve t\u00eb ndryshme detare merrnin plag\u00eb, t\u00eb cilat i b\u00ebnin t\u00eb paaft\u00eb q\u00eb t\u00eb ushtrojn\u00eb detarin\u00eb, k\u00ebshilli i paris\u00eb s\u00eb kusar\u00ebve i em\u00ebronte n\u00eb udh\u00ebheq\u00ebsi t\u00eb qytetit t\u00eb tyre. P\u00ebrve\u00e7 invalid\u00ebve, n\u00eb k\u00ebto pozita caktoheshin edhe detar\u00ebt e moshuar, t\u00eb cil\u00ebt nuk ishin m\u00eb n\u00eb gjendje t\u00eb p\u00ebrcjellin veprimtarin\u00eb e r\u00ebnd\u00eb kusareske.<br \/>\nDetar\u00ebt tan\u00eb, sidomos pronar\u00ebt e velanijeve t\u00eb m\u00ebdha, t\u00eb cil\u00ebt n\u00eb raste t\u00eb rrezikshme shnd\u00ebroheshin n\u00eb kusar\u00eb, kur ktheheshin n\u00eb skelet e veta, jetonin n\u00ebp\u00ebr kulla dhe fortifikata t\u00eb mbrojtura mir\u00eb. Kishte raste kur pala kusareske armiq\u00ebsore i sulmonte n\u00eb befasi, sidomos kur hetonte q\u00eb anijet e tyre jan\u00eb gastuar (ngujuar) n\u00eb skele. P\u00ebr k\u00ebt\u00eb dhe disa arsye t\u00eb tjera, detar\u00ebt i p\u00ebrtrinin kullat dhe bedenet e k\u00ebshtjellave.<br \/>\nHistoriani i njohur romak Tit Livi, q\u00eb n\u00eb fillim t\u00eb er\u00ebs son\u00eb p\u00ebrmend disa fortifikata t\u00eb dalluara n\u00eb bregdetin shqiptar si: Risanin, Kotorrin, Tivarin, Ulqinin, Durrahun (Durr\u00ebsin), Ishmin e Sh\u00ebn Gjinin, t\u00eb cilat vijimisht gjat\u00eb epokave ishin bazat e detar\u00ebve tan\u00eb. Detar\u00ebt shqipar\u00eb posedonin nj\u00eb num\u00ebr t\u00eb madhe anijesh. Kemi t\u00eb dh\u00ebna q\u00eb vet\u00ebm detar\u00ebt e Ulqinit dhe Tivarit posedonin af\u00ebr 1000 anije t\u00eb m\u00ebdha dhe t\u00eb vogla. Kjo d\u00ebshmon se pjesa m\u00eb e madhe e banor\u00ebve merrej me k\u00ebt\u00eb zeje. K\u00ebto ishin mjete t\u00eb lehta lundruese, me t\u00eb cilat manovrohej leht\u00eb dhe rr\u00ebshqitnin shpejt. K\u00ebto l\u00ebviznin me an\u00eb t\u00eb fuqis\u00eb s\u00eb er\u00ebrave, duke manovruar me sjelljen e val\u00ebve, por kur mungonin er\u00ebrat, mjetet e tilla lundruese l\u00ebviznin me an\u00eb t\u00eb rremave (lopatave). Rrem\u00ebtar\u00ebt ishin kryesisht pun\u00ebtor\u00eb dhe rob\u00ebr t\u00eb z\u00ebn\u00eb n\u00eb anijet e kund\u00ebrshtar\u00ebve. Anijet posedonin deri n\u00eb tri rende t\u00eb lopatar\u00ebve, t\u00eb cil\u00ebt i kishin vendet e caktuara dhe punonin n\u00eb komand\u00ebn e kapitenit t\u00eb anijes. Venedikasit dhe grek\u00ebt e shtruan \u00e7\u00ebshtjen e kusaris\u00eb dhe pas p\u00ebrfundimit t\u00eb Luft\u00ebs s\u00eb Mores\u00eb u lidh Paqja e Karllovcit m\u00eb 1699. Ky ishte vendim mbi sigurimin e lundrimit n\u00eb Detin Adriatik dhe Jon prej kusar\u00ebve shqiptar\u00eb, ku posa\u00e7\u00ebrisht akuzoheshin detar\u00ebt ulqinak\u00eb. Aty Porta e Lart\u00eb pranoi q\u00eb Republika e Venedikut t\u00eb jet\u00eb mbikqyr\u00ebse e Detit Adriatik dhe t\u00eb marr\u00eb masa kund\u00ebr kusar\u00ebve t\u00eb ndrysh\u00ebm. M\u00eb von\u00eb pasoi edhe Fermani i Turqis\u00eb, i cili n\u00eb m\u00ebnyr\u00eb t\u00eb ve\u00e7ant\u00eb ishte drejtuar kund\u00ebr detar\u00ebve shqiptar\u00eb, t\u00eb cil\u00ebt n\u00eb t\u00eb gjitha detet e arqipelagut t\u00eb Mesdheut ishin t\u00eb bashkuar, gj\u00eb q\u00eb ishte tmerr p\u00ebr kusar\u00ebt e tjer\u00eb.<br \/>\nP\u00ebrfaq\u00ebsuesve t\u00eb Port\u00ebs s\u00eb Lart\u00eb, detar\u00ebt tan\u00eb ia mbyllnin syt\u00eb me dhurata, dhe nga ana tjet\u00ebr frikoheshin q\u00eb t\u00eb zbatojn\u00eb urdh\u00ebrat kund\u00ebr tyre, kurse Venediku dhe grek\u00ebt ishin t\u00eb pafuqish\u00ebm q\u00eb t\u2019i b\u00ebnin ball\u00eb fuqis\u00eb pirateske t\u00eb shqiptar\u00ebve. Sa her\u00eb q\u00eb gjendej e rrezikuar n\u00eb luftrat detare, Porta i ftonte n\u00eb ndihm\u00eb detar\u00ebt shqiptar\u00eb, t\u00eb cil\u00ebve sipas aft\u00ebsive q\u00eb dispononin u ndante pozita dhe grada t\u00eb larta detare. Nj\u00eb pohim i till\u00eb pasqyrohet fuqish\u00ebm nga nj\u00eb s\u00ebr\u00eb t\u00eb dh\u00ebnash dokumentare. Lidhur me em\u00ebrimet dhe gradimet e trimave detar\u00eb ekzistojn\u00eb disa burime, prej t\u00eb cilave ne po evidentojm\u00eb Luft\u00ebn detare t\u00eb Lepandos, e cila ka qen\u00eb p\u00ebrleshja m\u00eb e madhe detare e koh\u00ebs. Ky liman i madh detar, sot quhet Navpakros e jo Lepandos, si\u00e7 quhej kur u pat zhvilluar lufta n\u00eb mes t\u00eb Kryq\u00ebzat\u00ebs s\u00eb Lig\u00ebs s\u00eb Shenjt\u00eb dhe koalicionit t\u00eb Port\u00ebs s\u00eb Lart\u00eb. Kjo luft\u00eb u ndez m\u00eb 7 tetor 1571 n\u00eb brigjet e \u00c7am\u00ebris\u00eb, ku fush\u00ebbeteja shtrihej deri n\u00eb Art\u00eb. Gjat\u00eb p\u00ebrgatitjeve t\u00eb k\u00ebsaj p\u00ebrleshjeje, Porta ftoi dy kusar\u00eb shqiptar\u00eb: Uru\u00e7 Aliun dhe Mehmet Shirok\u00ebn nga Shkodra, kurse Aliu ishte nga Ulqini. Q\u00eb t\u00eb dy sulltani i p\u00ebrparoi n\u00eb gradat pasha t\u00eb Flot\u00ebs Detare, grada k\u00ebto q\u00eb ishin t\u00eb barabarta me grad\u00ebn e sotme &#8211; admiral. K\u00ebtyre dy shqiptar\u00ebve iu besua komanda e 152 anijeve luftarake, n\u00eb t\u00eb cilat ishin vendosur kryesisht luft\u00ebtar\u00eb shqiptar\u00eb, n\u00eb mes t\u00eb cil\u00ebve kishte edhe shum\u00eb epror\u00eb, t\u00eb cil\u00ebt ishin graduar dhe em\u00ebruar n\u00eb pozita t\u00eb larta. Kjo luft\u00eb e madhe p\u00ebrfundoi me sakrifica t\u00eb tmerrshme. Nga t\u00eb dy pal\u00ebt e koalicioneve mbet\u00ebn n\u00eb betej\u00eb mbi 35 mij\u00eb marinar\u00eb. Nga pala e koalicionit t\u00eb Port\u00ebs m\u00eb tep\u00ebr u dallua krahu t\u00eb cilin e komandonte admirali Uru\u00e7 Aliu, kurse Mehmet Pash Shiroka me shum\u00eb admiral\u00eb t\u00eb tjer\u00eb turq mbet\u00ebn t\u00eb vrar\u00eb. Admirali ulqinak, Aliu s\u00eb bashku me 40 anije zuri nj\u00eb mori rob\u00ebrish, t\u00eb cil\u00ebt s\u00eb bashku me luftanijet e tyre i lidhi pas anijeve t\u00eb tij dhe ia dha lundrimit n\u00ebp\u00ebr limanet shqiptare derisa arriti n\u00eb Ulqin.<\/font><\/font><\/span><\/p>\n<p><span><font size=\"-0\"><font face=\"Verdana\" size=\"2\"><strong>Dr. Bahri Brisku<\/strong><\/font><\/font><\/span> <img loading=\"lazy\" src=\"http:\/\/www.kohajavore.cg.yu\/koha.jpg\" align=\"right\" height=\"35\" width=\"146\" \/><\/p>\n","protected":false},"excerpt":{"rendered":"<p><img loading=\"lazy\" src=\"http:\/\/www.visit-ulcinj.com\/blog\/wp-content\/uploads\/2008\/02\/bahri-brisku.jpg\" alt=\"Dr. Bahri Brisku\" height=\"140\" width=\"140\" \/><\/p>\n","protected":false},"author":1,"featured_media":0,"comment_status":"open","ping_status":"closed","sticky":false,"template":"","format":"standard","meta":{"spay_email":"","jetpack_publicize_message":"","jetpack_is_tweetstorm":false,"jetpack_publicize_feature_enabled":true},"categories":[4],"tags":[1280,1004,1005,18],"jetpack_publicize_connections":[],"yoast_head":"<!-- This site is optimized with the Yoast SEO plugin v19.1 - https:\/\/yoast.com\/wordpress\/plugins\/seo\/ -->\n<title>Kusar\u00ebt dhe detar\u00ebt shqiptar - Lajme nga Ulqini<\/title>\n<meta name=\"robots\" content=\"index, follow, max-snippet:-1, max-image-preview:large, max-video-preview:-1\" \/>\n<link rel=\"canonical\" href=\"https:\/\/www.visit-ulcinj.com\/blog\/2008\/02\/02\/kusaret-dhe-detaret-shqiptar\/\" \/>\n<meta property=\"og:locale\" content=\"en_US\" \/>\n<meta property=\"og:type\" content=\"article\" \/>\n<meta property=\"og:title\" content=\"Kusar\u00ebt dhe detar\u00ebt shqiptar - Lajme nga Ulqini\" \/>\n<meta property=\"og:url\" content=\"https:\/\/www.visit-ulcinj.com\/blog\/2008\/02\/02\/kusaret-dhe-detaret-shqiptar\/\" \/>\n<meta property=\"og:site_name\" content=\"Lajme nga Ulqini\" \/>\n<meta property=\"article:published_time\" content=\"2008-02-02T14:18:44+00:00\" \/>\n<meta property=\"article:modified_time\" content=\"2008-02-13T01:27:16+00:00\" \/>\n<meta property=\"og:image\" content=\"http:\/\/www.visit-ulcinj.com\/blog\/wp-content\/uploads\/2008\/02\/bahri-brisku.jpg\" \/>\n<meta name=\"twitter:label1\" content=\"Written by\" \/>\n\t<meta name=\"twitter:data1\" content=\"ulqini\" \/>\n\t<meta name=\"twitter:label2\" content=\"Est. reading time\" \/>\n\t<meta name=\"twitter:data2\" content=\"5 minutes\" \/>\n<script type=\"application\/ld+json\" class=\"yoast-schema-graph\">{\"@context\":\"https:\/\/schema.org\",\"@graph\":[{\"@type\":\"WebSite\",\"@id\":\"https:\/\/www.visit-ulcinj.com\/blog\/#website\",\"url\":\"https:\/\/www.visit-ulcinj.com\/blog\/\",\"name\":\"Lajme nga Ulqini\",\"description\":\"Lajme,Vijesti,Ulqini,Ulqin,Crna Gora,Mali i Zi\",\"potentialAction\":[{\"@type\":\"SearchAction\",\"target\":{\"@type\":\"EntryPoint\",\"urlTemplate\":\"https:\/\/www.visit-ulcinj.com\/blog\/?s={search_term_string}\"},\"query-input\":\"required name=search_term_string\"}],\"inLanguage\":\"en-US\"},{\"@type\":\"ImageObject\",\"inLanguage\":\"en-US\",\"@id\":\"https:\/\/www.visit-ulcinj.com\/blog\/2008\/02\/02\/kusaret-dhe-detaret-shqiptar\/#primaryimage\",\"url\":\"http:\/\/www.visit-ulcinj.com\/blog\/wp-content\/uploads\/2008\/02\/bahri-brisku.jpg\",\"contentUrl\":\"http:\/\/www.visit-ulcinj.com\/blog\/wp-content\/uploads\/2008\/02\/bahri-brisku.jpg\"},{\"@type\":\"WebPage\",\"@id\":\"https:\/\/www.visit-ulcinj.com\/blog\/2008\/02\/02\/kusaret-dhe-detaret-shqiptar\/#webpage\",\"url\":\"https:\/\/www.visit-ulcinj.com\/blog\/2008\/02\/02\/kusaret-dhe-detaret-shqiptar\/\",\"name\":\"Kusar\u00ebt dhe detar\u00ebt shqiptar - Lajme nga Ulqini\",\"isPartOf\":{\"@id\":\"https:\/\/www.visit-ulcinj.com\/blog\/#website\"},\"primaryImageOfPage\":{\"@id\":\"https:\/\/www.visit-ulcinj.com\/blog\/2008\/02\/02\/kusaret-dhe-detaret-shqiptar\/#primaryimage\"},\"datePublished\":\"2008-02-02T14:18:44+00:00\",\"dateModified\":\"2008-02-13T01:27:16+00:00\",\"author\":{\"@id\":\"https:\/\/www.visit-ulcinj.com\/blog\/#\/schema\/person\/dcab619c614d3038751c63bc2aadc06d\"},\"breadcrumb\":{\"@id\":\"https:\/\/www.visit-ulcinj.com\/blog\/2008\/02\/02\/kusaret-dhe-detaret-shqiptar\/#breadcrumb\"},\"inLanguage\":\"en-US\",\"potentialAction\":[{\"@type\":\"ReadAction\",\"target\":[\"https:\/\/www.visit-ulcinj.com\/blog\/2008\/02\/02\/kusaret-dhe-detaret-shqiptar\/\"]}]},{\"@type\":\"BreadcrumbList\",\"@id\":\"https:\/\/www.visit-ulcinj.com\/blog\/2008\/02\/02\/kusaret-dhe-detaret-shqiptar\/#breadcrumb\",\"itemListElement\":[{\"@type\":\"ListItem\",\"position\":1,\"name\":\"Kusar\u00ebt dhe detar\u00ebt shqiptar\"}]},{\"@type\":\"Person\",\"@id\":\"https:\/\/www.visit-ulcinj.com\/blog\/#\/schema\/person\/dcab619c614d3038751c63bc2aadc06d\",\"name\":\"ulqini\",\"sameAs\":[\"http:\/\/www.visit-ulcinj.com\"],\"url\":\"https:\/\/www.visit-ulcinj.com\/blog\/author\/admin\/\"}]}<\/script>\n<!-- \/ Yoast SEO plugin. -->","yoast_head_json":{"title":"Kusar\u00ebt dhe detar\u00ebt shqiptar - Lajme nga Ulqini","robots":{"index":"index","follow":"follow","max-snippet":"max-snippet:-1","max-image-preview":"max-image-preview:large","max-video-preview":"max-video-preview:-1"},"canonical":"https:\/\/www.visit-ulcinj.com\/blog\/2008\/02\/02\/kusaret-dhe-detaret-shqiptar\/","og_locale":"en_US","og_type":"article","og_title":"Kusar\u00ebt dhe detar\u00ebt shqiptar - Lajme nga Ulqini","og_url":"https:\/\/www.visit-ulcinj.com\/blog\/2008\/02\/02\/kusaret-dhe-detaret-shqiptar\/","og_site_name":"Lajme nga Ulqini","article_published_time":"2008-02-02T14:18:44+00:00","article_modified_time":"2008-02-13T01:27:16+00:00","og_image":[{"url":"http:\/\/www.visit-ulcinj.com\/blog\/wp-content\/uploads\/2008\/02\/bahri-brisku.jpg"}],"twitter_misc":{"Written by":"ulqini","Est. reading time":"5 minutes"},"schema":{"@context":"https:\/\/schema.org","@graph":[{"@type":"WebSite","@id":"https:\/\/www.visit-ulcinj.com\/blog\/#website","url":"https:\/\/www.visit-ulcinj.com\/blog\/","name":"Lajme nga Ulqini","description":"Lajme,Vijesti,Ulqini,Ulqin,Crna Gora,Mali i Zi","potentialAction":[{"@type":"SearchAction","target":{"@type":"EntryPoint","urlTemplate":"https:\/\/www.visit-ulcinj.com\/blog\/?s={search_term_string}"},"query-input":"required name=search_term_string"}],"inLanguage":"en-US"},{"@type":"ImageObject","inLanguage":"en-US","@id":"https:\/\/www.visit-ulcinj.com\/blog\/2008\/02\/02\/kusaret-dhe-detaret-shqiptar\/#primaryimage","url":"http:\/\/www.visit-ulcinj.com\/blog\/wp-content\/uploads\/2008\/02\/bahri-brisku.jpg","contentUrl":"http:\/\/www.visit-ulcinj.com\/blog\/wp-content\/uploads\/2008\/02\/bahri-brisku.jpg"},{"@type":"WebPage","@id":"https:\/\/www.visit-ulcinj.com\/blog\/2008\/02\/02\/kusaret-dhe-detaret-shqiptar\/#webpage","url":"https:\/\/www.visit-ulcinj.com\/blog\/2008\/02\/02\/kusaret-dhe-detaret-shqiptar\/","name":"Kusar\u00ebt dhe detar\u00ebt shqiptar - Lajme nga Ulqini","isPartOf":{"@id":"https:\/\/www.visit-ulcinj.com\/blog\/#website"},"primaryImageOfPage":{"@id":"https:\/\/www.visit-ulcinj.com\/blog\/2008\/02\/02\/kusaret-dhe-detaret-shqiptar\/#primaryimage"},"datePublished":"2008-02-02T14:18:44+00:00","dateModified":"2008-02-13T01:27:16+00:00","author":{"@id":"https:\/\/www.visit-ulcinj.com\/blog\/#\/schema\/person\/dcab619c614d3038751c63bc2aadc06d"},"breadcrumb":{"@id":"https:\/\/www.visit-ulcinj.com\/blog\/2008\/02\/02\/kusaret-dhe-detaret-shqiptar\/#breadcrumb"},"inLanguage":"en-US","potentialAction":[{"@type":"ReadAction","target":["https:\/\/www.visit-ulcinj.com\/blog\/2008\/02\/02\/kusaret-dhe-detaret-shqiptar\/"]}]},{"@type":"BreadcrumbList","@id":"https:\/\/www.visit-ulcinj.com\/blog\/2008\/02\/02\/kusaret-dhe-detaret-shqiptar\/#breadcrumb","itemListElement":[{"@type":"ListItem","position":1,"name":"Kusar\u00ebt dhe detar\u00ebt shqiptar"}]},{"@type":"Person","@id":"https:\/\/www.visit-ulcinj.com\/blog\/#\/schema\/person\/dcab619c614d3038751c63bc2aadc06d","name":"ulqini","sameAs":["http:\/\/www.visit-ulcinj.com"],"url":"https:\/\/www.visit-ulcinj.com\/blog\/author\/admin\/"}]}},"jetpack_featured_media_url":"","jetpack_sharing_enabled":true,"jetpack_shortlink":"https:\/\/wp.me\/pe6lTn-5N","_links":{"self":[{"href":"https:\/\/www.visit-ulcinj.com\/blog\/wp-json\/wp\/v2\/posts\/359"}],"collection":[{"href":"https:\/\/www.visit-ulcinj.com\/blog\/wp-json\/wp\/v2\/posts"}],"about":[{"href":"https:\/\/www.visit-ulcinj.com\/blog\/wp-json\/wp\/v2\/types\/post"}],"author":[{"embeddable":true,"href":"https:\/\/www.visit-ulcinj.com\/blog\/wp-json\/wp\/v2\/users\/1"}],"replies":[{"embeddable":true,"href":"https:\/\/www.visit-ulcinj.com\/blog\/wp-json\/wp\/v2\/comments?post=359"}],"version-history":[{"count":0,"href":"https:\/\/www.visit-ulcinj.com\/blog\/wp-json\/wp\/v2\/posts\/359\/revisions"}],"wp:attachment":[{"href":"https:\/\/www.visit-ulcinj.com\/blog\/wp-json\/wp\/v2\/media?parent=359"}],"wp:term":[{"taxonomy":"category","embeddable":true,"href":"https:\/\/www.visit-ulcinj.com\/blog\/wp-json\/wp\/v2\/categories?post=359"},{"taxonomy":"post_tag","embeddable":true,"href":"https:\/\/www.visit-ulcinj.com\/blog\/wp-json\/wp\/v2\/tags?post=359"}],"curies":[{"name":"wp","href":"https:\/\/api.w.org\/{rel}","templated":true}]}}