{"id":3590,"date":"2008-09-25T12:19:36","date_gmt":"2008-09-25T17:19:36","guid":{"rendered":"http:\/\/www.visit-ulcinj.com\/blog\/?p=3590"},"modified":"2008-10-17T14:11:10","modified_gmt":"2008-10-17T19:11:10","slug":"platforma-e-opozites-malazeze-dhe-ld-ne-mz-e-ash","status":"publish","type":"post","link":"https:\/\/www.visit-ulcinj.com\/blog\/2008\/09\/25\/platforma-e-opozites-malazeze-dhe-ld-ne-mz-e-ash\/","title":{"rendered":"Platforma e opozit\u00ebs malazeze dhe LD n\u00eb MZ e ASH"},"content":{"rendered":"<p><a href=\"http:\/\/www.visit-ulcinj.com\/blog\/wp-content\/uploads\/2008\/09\/opozicija-crne-gore.jpg\"><img loading=\"lazy\" class=\"alignleft size-medium wp-image-3006\" title=\"opozicija-crne-gore\" src=\"http:\/\/www.visit-ulcinj.com\/blog\/wp-content\/uploads\/2008\/09\/opozicija-crne-gore-300x225.jpg\" alt=\"\" width=\"300\" height=\"225\" srcset=\"https:\/\/www.visit-ulcinj.com\/blog\/wp-content\/uploads\/2008\/09\/opozicija-crne-gore-300x225.jpg 300w, https:\/\/www.visit-ulcinj.com\/blog\/wp-content\/uploads\/2008\/09\/opozicija-crne-gore.jpg 386w\" sizes=\"(max-width: 300px) 100vw, 300px\" \/><\/a><strong>Ejani n\u00eb vallen e Sheshelit<\/strong><br \/>\n\u00c7uditen edhe p\u00ebrfaq\u00ebsues t\u00eb huaj si \u00ebsht\u00eb e mundur q\u00eb disa shqiptar\u00eb t\u00eb mos ken\u00eb marr\u00eb m\u00ebsim nga e kaluara e af\u00ebrt dhe t\u00eb shkojn\u00eb kund\u00ebr asaj q\u00eb \u00ebsht\u00eb ecuri e favorshme politike e komb\u00ebtare p\u00ebr shqiptar\u00ebt. Th\u00ebn\u00eb t\u00eb drejt\u00ebn, mua m\u00eb shum\u00eb m\u00eb \u00e7udit heshtja dhe amullia e votuesve dhe udh\u00ebheqjeve t\u00eb LD n\u00eb MZ e t\u00eb ASH sesa hapat politik\u00eb t\u00eb dyshes Bardhi-Sinishtaj. K\u00ebta t\u00eb dy siellje t\u00eb ngjashme kan\u00eb patur edhe gjat\u00eb fushat\u00ebs s\u00eb Referendumit p\u00ebr pavar\u00ebsin\u00eb e Malit t\u00eb Zi, n\u00eb momentin vendimtar t\u00eb dh\u00ebnies s\u00eb grushtit projektit serbomadh.<br \/>\nFillimin e sezonit t\u00eb ri politik, pas pushimeve verore t\u00eb k\u00ebtij viti, e ka sh\u00ebnuar Platforma e L\u00ebvizjes p\u00ebr Ndryshime, e ofruar edhe partive t\u00eb tjera opozitare n\u00eb Mal t\u00eb Zi. Platforma i th\u00ebrret partit\u00eb e tjera opozitare n\u00eb veprim t\u00eb p\u00ebrbashk\u00ebt, n\u00eb radh\u00eb t\u00eb par\u00eb p\u00ebr t\u00eb rr\u00ebzuar regjimin e Millo Gjukanoviqit. Thirrjes p\u00ebr t`u ulur n\u00eb tryez\u00ebn e p\u00ebrbashk\u00ebt iu p\u00ebrgjegj\u00ebn shumica e partive opozitare, nd\u00ebr t\u00eb cilat edhe dy parti shqiptare, n\u00eb fakt lider\u00ebt e LD n\u00eb MZ dhe ASH, z. Mehmet Bardhi e z. Vasel Sinishtaj.<br \/>\n\u00cbsht\u00eb e qart\u00eb se opozita, kudo n\u00eb bot\u00eb, lufton p\u00ebr t\u00eb rr\u00ebzuar pozit\u00ebn dhe p\u00ebr t\u00eb marr\u00eb pushtetin. Por, n\u00ebse dihet fakti se pozita n\u00eb Mal t\u00eb Zi \u00ebsht\u00eb kryesisht proserbe dhe se grupacioni m\u00eb i fort\u00eb brenda saj \u00ebsht\u00eb Lista Serbe e Andrija Mandiqit, at\u00ebher\u00eb thirrja p\u00ebr t\u00eb rr\u00ebzuar Gjukanoviqin, n\u00eb esenc\u00eb do t\u00eb thot: Ejani n\u00eb vallen e Sheshelit!<br \/>\nEjani n\u00eb vallen e atyre t\u00eb cil\u00ebt kan\u00eb p\u00ebrkrahur gjenocidin e Millosheviqit n\u00eb Kosov\u00eb, t\u00eb atyre t\u00eb cil\u00ebt Tha\u00e7in, Ramushin e U\u00c7K-n\u00eb i quajn\u00eb kriminel\u00eb, kurse heronj i kan\u00eb Karaxhiqat, Mlladiqat, Sheshelat \u2026 Ejani t\u00eb rr\u00ebzojm\u00eb Gjukanoviqin do t\u00eb thot\u00eb ejani n\u00eb vallen e atyre t\u00eb cil\u00ebt kan\u00eb qen\u00eb e jan\u00eb kund\u00ebr pavar\u00ebsis\u00eb s\u00eb Malit t\u00eb Zi, t\u00eb atyre t\u00eb cil\u00ebt kan\u00eb qen\u00eb e jan\u00eb kund\u00ebr pavar\u00ebsis\u00eb s\u00eb Kosov\u00ebs, t\u00eb atyre t\u00eb cil\u00ebt kan\u00eb qen\u00eb e jan\u00eb p\u00ebr Serbi t\u00eb Madhe. Hajt se partit\u00eb serbe e proserbe kan\u00eb pun\u00ebt e veta dhe angazhimet e veta politike, po \u00e7`pun\u00eb kan\u00eb me ta e me lider\u00ebt e tyre dhe cili \u00ebsht\u00eb angazhimi politik i zot\u00ebrinjve Bardhi e Sinishtaj?<a href=\"http:\/\/www.visit-ulcinj.com\/blog\/wp-content\/uploads\/2008\/09\/bardhi-_-sinishtaj.jpg\"><img loading=\"lazy\" class=\"alignright size-medium wp-image-3082\" title=\"bardhi-_-sinishtaj\" src=\"http:\/\/www.visit-ulcinj.com\/blog\/wp-content\/uploads\/2008\/09\/bardhi-_-sinishtaj.jpg\" alt=\"\" width=\"168\" height=\"104\" \/><\/a><br \/>\nT\u00eb dhemb shpirti kur sot n\u00eb ekran, n\u00eb protestat e Beogradit kund\u00ebr kapjes dhe d\u00ebrgimit t\u00eb Radovan Karaxhiqit n\u00eb Hag\u00eb, sheh edhe lider\u00eb serb\u00eb t\u00eb opozit\u00ebs malazeze, e t\u00eb nesermen t\u00eb nj\u00ebjtit lider\u00eb i sheh n\u00eb tavolin\u00eb t\u00eb p\u00ebrbashk\u00ebt me Bardhin e Sinishtajn duke b\u00ebr\u00eb far\u00eb projekti p\u00ebr lumturimin e shqiptar\u00ebve!<br \/>\n\u00c7uditen edhe p\u00ebrfaq\u00ebsues t\u00eb huaj si \u00ebsht\u00eb e mundur q\u00eb disa shqiptar\u00eb t\u00eb mos ken\u00eb marr\u00eb m\u00ebsim nga e kaluara e af\u00ebrt dhe t\u00eb shkojn\u00eb kund\u00ebr asaj q\u00eb \u00ebsht\u00eb ecuri e favorshme politike e komb\u00ebtare p\u00ebr shqiptar\u00ebt. Th\u00ebn\u00eb t\u00eb drejt\u00ebn, mua m\u00eb shum\u00eb m\u00eb \u00e7udit heshtja dhe amullia e votuesve dhe udh\u00ebheqjeve t\u00eb LD n\u00eb MZ e t\u00eb ASH sesa hapat politik\u00eb t\u00eb dyshes Bardhi-Sinishtaj. K\u00ebta t\u00eb dy sjellje kan\u00eb patur t\u00eb ngjashme edhe gjat\u00eb fushat\u00ebs s\u00eb Referendumit p\u00ebr pavar\u00ebsin\u00eb e Malit t\u00eb Zi, n\u00eb momentin vendimtar t\u00eb dh\u00ebnies s\u00eb grushtit projektit serbomadh. Po, po. Serbis\u00eb s\u00eb Madhe i jan\u00eb thyer hund\u00ebt n\u00eb Podgoric\u00eb. vet\u00ebm UDSH ka qen\u00eb aktive dhe i ka ftuar publikisht shqiptar\u00ebt p\u00ebr t\u00eb p\u00ebrkrahur pavar\u00ebsin\u00eb e Malit t\u00eb Zi, e bindur se kjo \u00ebsht\u00eb edhe n\u00eb interesin e shqiptar\u00ebve, e bindur se pavar\u00ebsia e Malit t\u00eb Zi do t\u00eb jet\u00eb paradhom\u00eb e pavar\u00ebsis\u00eb s\u00eb Kosov\u00ebs. Kontributi i z. Bardhit n\u00eb k\u00ebt\u00eb ka qen\u00eb aq sa i \u00e7akallit n\u00eb gjahun e luanit, kurse grupacioni i z. Sinishtaj asokohe i ftonte shqiptar\u00ebt p\u00ebr bojkot.<br \/>\n<a href=\"http:\/\/www.visit-ulcinj.com\/blog\/wp-content\/uploads\/2008\/09\/vujanoviq_dinosha_tuz-2008.jpg\"><img loading=\"lazy\" class=\"alignleft size-medium wp-image-3591\" title=\"Vujanoviq_Dinosha\" src=\"http:\/\/www.visit-ulcinj.com\/blog\/wp-content\/uploads\/2008\/09\/vujanoviq_dinosha_tuz-2008-300x205.jpg\" alt=\"\" width=\"300\" height=\"205\" srcset=\"https:\/\/www.visit-ulcinj.com\/blog\/wp-content\/uploads\/2008\/09\/vujanoviq_dinosha_tuz-2008-300x205.jpg 300w, https:\/\/www.visit-ulcinj.com\/blog\/wp-content\/uploads\/2008\/09\/vujanoviq_dinosha_tuz-2008.jpg 610w\" sizes=\"(max-width: 300px) 100vw, 300px\" \/><\/a>Nuk di un\u00eb si kishte vajtur puna po t\u00eb mos ishte pavar\u00ebsuar Mali i Zi. Por, e di se i vetmi personalitet i aft\u00eb p\u00ebr t`i prir\u00eb valles s\u00eb pavar\u00ebsis\u00eb ka qen\u00eb Millo Gjukanoviq. E di se i vetmi sllav p\u00ebr t`i quajtur publikisht, n\u00eb Parlamentin e Malit t\u00eb Zi, b\u00ebmat e regjimit t\u00eb Millosheviqit n\u00eb Kosov\u00eb &#8211; gjenocid ishte po ky. E di se i vetmi malazez, supet e t\u00eb cilit do t\u00eb durojn\u00eb njohjen e pavar\u00ebsis\u00eb s\u00eb Kosov\u00ebs \u00ebsht\u00eb prap\u00eb z. Gjukanoviq.<br \/>\nNga del at\u00ebher\u00eb oreksi p\u00ebr ta rr\u00ebzuar at\u00eb nga pushteti dhe pse at\u00eb oreks e kan\u00eb edhe disa shqiptar\u00eb?!<br \/>\nNatyrisht, pushteti i tij nuk \u00ebsht\u00eb i p\u00ebrkryer por, pushteti tjet\u00ebr n\u00eb Mal t\u00eb Zi sot nuk do t\u00eb ishte m\u00eb i mir\u00eb p\u00ebr shqiptar\u00ebt. Sepse, ai do t\u00eb ishte i \u00e7etnik\u00ebve.<br \/>\nPra, \u00ebsht\u00eb e qart\u00eb se n\u00eb vend q\u00eb t\u00eb sjellin ujin n\u00eb mullirin e opozit\u00ebs serbe, partit\u00eb shqiptare duhet t\u00eb angazhohen p\u00ebr partneritet me qeverin\u00eb e Gjukanoviqit, duke b\u00ebr\u00eb trysni t\u00eb argumentuar ndaj saj p\u00ebr t\u00eb p\u00ebrmir\u00ebsuar pozit\u00ebn e shqiptar\u00ebve n\u00eb pajtim me normat demokratike t\u00eb shteteve multietnike evropiane dhe duke u d\u00ebshmuar qart\u00eb kontributor\u00eb n\u00eb procesin e integrimeve europiane dhe euro-atlantike.<br \/>\n<strong>Ferhat Dinosha<br \/>\nKoha Javore<\/strong><\/p>\n<p style=\"text-align: center;\"><a href=\"http:\/\/www.visit-ulcinj.com\/?rub=taxicobi\"><img loading=\"lazy\" class=\"aligncenter size-full wp-image-2798\" title=\"taxi-cobi-ulqintaxi-cobi-ulcinjcrna-goramontenegromali-i-ziulqini\" src=\"http:\/\/www.visit-ulcinj.com\/blog\/wp-content\/uploads\/2008\/08\/taxi-cobi-ulqintaxi-cobi-ulcinjcrna-goramontenegromali-i-ziulqini.jpg\" alt=\"\" width=\"320\" height=\"150\" srcset=\"https:\/\/www.visit-ulcinj.com\/blog\/wp-content\/uploads\/2008\/08\/taxi-cobi-ulqintaxi-cobi-ulcinjcrna-goramontenegromali-i-ziulqini.jpg 320w, https:\/\/www.visit-ulcinj.com\/blog\/wp-content\/uploads\/2008\/08\/taxi-cobi-ulqintaxi-cobi-ulcinjcrna-goramontenegromali-i-ziulqini-300x140.jpg 300w\" sizes=\"(max-width: 320px) 100vw, 320px\" \/><\/a><\/p>\n","protected":false},"excerpt":{"rendered":"<p>Ejani n\u00eb vallen e Sheshelit \u00c7uditen edhe p\u00ebrfaq\u00ebsues t\u00eb huaj si \u00ebsht\u00eb e mundur q\u00eb disa shqiptar\u00eb t\u00eb mos ken\u00eb marr\u00eb m\u00ebsim nga e kaluara e af\u00ebrt dhe t\u00eb shkojn\u00eb kund\u00ebr asaj q\u00eb \u00ebsht\u00eb ecuri e favorshme politike e komb\u00ebtare p\u00ebr shqiptar\u00ebt. Th\u00ebn\u00eb t\u00eb drejt\u00ebn, mua m\u00eb shum\u00eb m\u00eb \u00e7udit heshtja dhe amullia e votuesve [&hellip;]<\/p>\n","protected":false},"author":1,"featured_media":0,"comment_status":"open","ping_status":"closed","sticky":false,"template":"","format":"standard","meta":{"spay_email":"","jetpack_publicize_message":"","jetpack_is_tweetstorm":false,"jetpack_publicize_feature_enabled":true},"categories":[6,12],"tags":[97,95,200,18],"jetpack_publicize_connections":[],"yoast_head":"<!-- This site is optimized with the Yoast SEO plugin v19.1 - https:\/\/yoast.com\/wordpress\/plugins\/seo\/ -->\n<title>Platforma e opozit\u00ebs malazeze dhe LD n\u00eb MZ e ASH - Lajme nga Ulqini<\/title>\n<meta name=\"description\" content=\"Ejani n\u00eb vallen e Sheshelit \u00c7uditen edhe p\u00ebrfaq\u00ebsues t\u00eb huaj si \u00ebsht\u00eb e mundur q\u00eb disa shqiptar\u00eb t\u00eb mos ken\u00eb marr\u00eb m\u00ebsim nga e kaluara e af\u00ebrt dhe t\u00eb\" \/>\n<meta name=\"robots\" content=\"index, follow, max-snippet:-1, max-image-preview:large, max-video-preview:-1\" \/>\n<link rel=\"canonical\" href=\"https:\/\/www.visit-ulcinj.com\/blog\/2008\/09\/25\/platforma-e-opozites-malazeze-dhe-ld-ne-mz-e-ash\/\" \/>\n<meta property=\"og:locale\" content=\"en_US\" \/>\n<meta property=\"og:type\" content=\"article\" \/>\n<meta property=\"og:title\" content=\"Platforma e opozit\u00ebs malazeze dhe LD n\u00eb MZ e ASH - Lajme nga Ulqini\" \/>\n<meta property=\"og:description\" content=\"Ejani n\u00eb vallen e Sheshelit \u00c7uditen edhe p\u00ebrfaq\u00ebsues t\u00eb huaj si \u00ebsht\u00eb e mundur q\u00eb disa shqiptar\u00eb t\u00eb mos ken\u00eb marr\u00eb m\u00ebsim nga e kaluara e af\u00ebrt dhe t\u00eb\" \/>\n<meta property=\"og:url\" content=\"https:\/\/www.visit-ulcinj.com\/blog\/2008\/09\/25\/platforma-e-opozites-malazeze-dhe-ld-ne-mz-e-ash\/\" \/>\n<meta property=\"og:site_name\" content=\"Lajme nga Ulqini\" \/>\n<meta property=\"article:published_time\" content=\"2008-09-25T17:19:36+00:00\" \/>\n<meta property=\"article:modified_time\" content=\"2008-10-17T19:11:10+00:00\" \/>\n<meta property=\"og:image\" content=\"http:\/\/www.visit-ulcinj.com\/blog\/wp-content\/uploads\/2008\/09\/opozicija-crne-gore-300x225.jpg\" \/>\n<meta name=\"twitter:label1\" content=\"Written by\" \/>\n\t<meta name=\"twitter:data1\" content=\"ulqini\" \/>\n\t<meta name=\"twitter:label2\" content=\"Est. reading time\" \/>\n\t<meta name=\"twitter:data2\" content=\"5 minutes\" \/>\n<script type=\"application\/ld+json\" class=\"yoast-schema-graph\">{\"@context\":\"https:\/\/schema.org\",\"@graph\":[{\"@type\":\"WebSite\",\"@id\":\"https:\/\/www.visit-ulcinj.com\/blog\/#website\",\"url\":\"https:\/\/www.visit-ulcinj.com\/blog\/\",\"name\":\"Lajme nga Ulqini\",\"description\":\"Lajme,Vijesti,Ulqini,Ulqin,Crna Gora,Mali i Zi\",\"potentialAction\":[{\"@type\":\"SearchAction\",\"target\":{\"@type\":\"EntryPoint\",\"urlTemplate\":\"https:\/\/www.visit-ulcinj.com\/blog\/?s={search_term_string}\"},\"query-input\":\"required name=search_term_string\"}],\"inLanguage\":\"en-US\"},{\"@type\":\"ImageObject\",\"inLanguage\":\"en-US\",\"@id\":\"https:\/\/www.visit-ulcinj.com\/blog\/2008\/09\/25\/platforma-e-opozites-malazeze-dhe-ld-ne-mz-e-ash\/#primaryimage\",\"url\":\"http:\/\/www.visit-ulcinj.com\/blog\/wp-content\/uploads\/2008\/09\/opozicija-crne-gore-300x225.jpg\",\"contentUrl\":\"http:\/\/www.visit-ulcinj.com\/blog\/wp-content\/uploads\/2008\/09\/opozicija-crne-gore-300x225.jpg\"},{\"@type\":\"WebPage\",\"@id\":\"https:\/\/www.visit-ulcinj.com\/blog\/2008\/09\/25\/platforma-e-opozites-malazeze-dhe-ld-ne-mz-e-ash\/#webpage\",\"url\":\"https:\/\/www.visit-ulcinj.com\/blog\/2008\/09\/25\/platforma-e-opozites-malazeze-dhe-ld-ne-mz-e-ash\/\",\"name\":\"Platforma e opozit\u00ebs malazeze dhe LD n\u00eb MZ e ASH - Lajme nga Ulqini\",\"isPartOf\":{\"@id\":\"https:\/\/www.visit-ulcinj.com\/blog\/#website\"},\"primaryImageOfPage\":{\"@id\":\"https:\/\/www.visit-ulcinj.com\/blog\/2008\/09\/25\/platforma-e-opozites-malazeze-dhe-ld-ne-mz-e-ash\/#primaryimage\"},\"datePublished\":\"2008-09-25T17:19:36+00:00\",\"dateModified\":\"2008-10-17T19:11:10+00:00\",\"author\":{\"@id\":\"https:\/\/www.visit-ulcinj.com\/blog\/#\/schema\/person\/dcab619c614d3038751c63bc2aadc06d\"},\"description\":\"Ejani n\u00eb vallen e Sheshelit \u00c7uditen edhe p\u00ebrfaq\u00ebsues t\u00eb huaj si \u00ebsht\u00eb e mundur q\u00eb disa shqiptar\u00eb t\u00eb mos ken\u00eb marr\u00eb m\u00ebsim nga e kaluara e af\u00ebrt dhe t\u00eb\",\"breadcrumb\":{\"@id\":\"https:\/\/www.visit-ulcinj.com\/blog\/2008\/09\/25\/platforma-e-opozites-malazeze-dhe-ld-ne-mz-e-ash\/#breadcrumb\"},\"inLanguage\":\"en-US\",\"potentialAction\":[{\"@type\":\"ReadAction\",\"target\":[\"https:\/\/www.visit-ulcinj.com\/blog\/2008\/09\/25\/platforma-e-opozites-malazeze-dhe-ld-ne-mz-e-ash\/\"]}]},{\"@type\":\"BreadcrumbList\",\"@id\":\"https:\/\/www.visit-ulcinj.com\/blog\/2008\/09\/25\/platforma-e-opozites-malazeze-dhe-ld-ne-mz-e-ash\/#breadcrumb\",\"itemListElement\":[{\"@type\":\"ListItem\",\"position\":1,\"name\":\"Platforma e opozit\u00ebs malazeze dhe LD n\u00eb MZ e ASH\"}]},{\"@type\":\"Person\",\"@id\":\"https:\/\/www.visit-ulcinj.com\/blog\/#\/schema\/person\/dcab619c614d3038751c63bc2aadc06d\",\"name\":\"ulqini\",\"sameAs\":[\"http:\/\/www.visit-ulcinj.com\"],\"url\":\"https:\/\/www.visit-ulcinj.com\/blog\/author\/admin\/\"}]}<\/script>\n<!-- \/ Yoast SEO plugin. -->","yoast_head_json":{"title":"Platforma e opozit\u00ebs malazeze dhe LD n\u00eb MZ e ASH - Lajme nga Ulqini","description":"Ejani n\u00eb vallen e Sheshelit \u00c7uditen edhe p\u00ebrfaq\u00ebsues t\u00eb huaj si \u00ebsht\u00eb e mundur q\u00eb disa shqiptar\u00eb t\u00eb mos ken\u00eb marr\u00eb m\u00ebsim nga e kaluara e af\u00ebrt dhe t\u00eb","robots":{"index":"index","follow":"follow","max-snippet":"max-snippet:-1","max-image-preview":"max-image-preview:large","max-video-preview":"max-video-preview:-1"},"canonical":"https:\/\/www.visit-ulcinj.com\/blog\/2008\/09\/25\/platforma-e-opozites-malazeze-dhe-ld-ne-mz-e-ash\/","og_locale":"en_US","og_type":"article","og_title":"Platforma e opozit\u00ebs malazeze dhe LD n\u00eb MZ e ASH - Lajme nga Ulqini","og_description":"Ejani n\u00eb vallen e Sheshelit \u00c7uditen edhe p\u00ebrfaq\u00ebsues t\u00eb huaj si \u00ebsht\u00eb e mundur q\u00eb disa shqiptar\u00eb t\u00eb mos ken\u00eb marr\u00eb m\u00ebsim nga e kaluara e af\u00ebrt dhe t\u00eb","og_url":"https:\/\/www.visit-ulcinj.com\/blog\/2008\/09\/25\/platforma-e-opozites-malazeze-dhe-ld-ne-mz-e-ash\/","og_site_name":"Lajme nga Ulqini","article_published_time":"2008-09-25T17:19:36+00:00","article_modified_time":"2008-10-17T19:11:10+00:00","og_image":[{"url":"http:\/\/www.visit-ulcinj.com\/blog\/wp-content\/uploads\/2008\/09\/opozicija-crne-gore-300x225.jpg"}],"twitter_misc":{"Written by":"ulqini","Est. reading time":"5 minutes"},"schema":{"@context":"https:\/\/schema.org","@graph":[{"@type":"WebSite","@id":"https:\/\/www.visit-ulcinj.com\/blog\/#website","url":"https:\/\/www.visit-ulcinj.com\/blog\/","name":"Lajme nga Ulqini","description":"Lajme,Vijesti,Ulqini,Ulqin,Crna Gora,Mali i Zi","potentialAction":[{"@type":"SearchAction","target":{"@type":"EntryPoint","urlTemplate":"https:\/\/www.visit-ulcinj.com\/blog\/?s={search_term_string}"},"query-input":"required name=search_term_string"}],"inLanguage":"en-US"},{"@type":"ImageObject","inLanguage":"en-US","@id":"https:\/\/www.visit-ulcinj.com\/blog\/2008\/09\/25\/platforma-e-opozites-malazeze-dhe-ld-ne-mz-e-ash\/#primaryimage","url":"http:\/\/www.visit-ulcinj.com\/blog\/wp-content\/uploads\/2008\/09\/opozicija-crne-gore-300x225.jpg","contentUrl":"http:\/\/www.visit-ulcinj.com\/blog\/wp-content\/uploads\/2008\/09\/opozicija-crne-gore-300x225.jpg"},{"@type":"WebPage","@id":"https:\/\/www.visit-ulcinj.com\/blog\/2008\/09\/25\/platforma-e-opozites-malazeze-dhe-ld-ne-mz-e-ash\/#webpage","url":"https:\/\/www.visit-ulcinj.com\/blog\/2008\/09\/25\/platforma-e-opozites-malazeze-dhe-ld-ne-mz-e-ash\/","name":"Platforma e opozit\u00ebs malazeze dhe LD n\u00eb MZ e ASH - Lajme nga Ulqini","isPartOf":{"@id":"https:\/\/www.visit-ulcinj.com\/blog\/#website"},"primaryImageOfPage":{"@id":"https:\/\/www.visit-ulcinj.com\/blog\/2008\/09\/25\/platforma-e-opozites-malazeze-dhe-ld-ne-mz-e-ash\/#primaryimage"},"datePublished":"2008-09-25T17:19:36+00:00","dateModified":"2008-10-17T19:11:10+00:00","author":{"@id":"https:\/\/www.visit-ulcinj.com\/blog\/#\/schema\/person\/dcab619c614d3038751c63bc2aadc06d"},"description":"Ejani n\u00eb vallen e Sheshelit \u00c7uditen edhe p\u00ebrfaq\u00ebsues t\u00eb huaj si \u00ebsht\u00eb e mundur q\u00eb disa shqiptar\u00eb t\u00eb mos ken\u00eb marr\u00eb m\u00ebsim nga e kaluara e af\u00ebrt dhe t\u00eb","breadcrumb":{"@id":"https:\/\/www.visit-ulcinj.com\/blog\/2008\/09\/25\/platforma-e-opozites-malazeze-dhe-ld-ne-mz-e-ash\/#breadcrumb"},"inLanguage":"en-US","potentialAction":[{"@type":"ReadAction","target":["https:\/\/www.visit-ulcinj.com\/blog\/2008\/09\/25\/platforma-e-opozites-malazeze-dhe-ld-ne-mz-e-ash\/"]}]},{"@type":"BreadcrumbList","@id":"https:\/\/www.visit-ulcinj.com\/blog\/2008\/09\/25\/platforma-e-opozites-malazeze-dhe-ld-ne-mz-e-ash\/#breadcrumb","itemListElement":[{"@type":"ListItem","position":1,"name":"Platforma e opozit\u00ebs malazeze dhe LD n\u00eb MZ e ASH"}]},{"@type":"Person","@id":"https:\/\/www.visit-ulcinj.com\/blog\/#\/schema\/person\/dcab619c614d3038751c63bc2aadc06d","name":"ulqini","sameAs":["http:\/\/www.visit-ulcinj.com"],"url":"https:\/\/www.visit-ulcinj.com\/blog\/author\/admin\/"}]}},"jetpack_featured_media_url":"","jetpack_sharing_enabled":true,"jetpack_shortlink":"https:\/\/wp.me\/pe6lTn-VU","_links":{"self":[{"href":"https:\/\/www.visit-ulcinj.com\/blog\/wp-json\/wp\/v2\/posts\/3590"}],"collection":[{"href":"https:\/\/www.visit-ulcinj.com\/blog\/wp-json\/wp\/v2\/posts"}],"about":[{"href":"https:\/\/www.visit-ulcinj.com\/blog\/wp-json\/wp\/v2\/types\/post"}],"author":[{"embeddable":true,"href":"https:\/\/www.visit-ulcinj.com\/blog\/wp-json\/wp\/v2\/users\/1"}],"replies":[{"embeddable":true,"href":"https:\/\/www.visit-ulcinj.com\/blog\/wp-json\/wp\/v2\/comments?post=3590"}],"version-history":[{"count":0,"href":"https:\/\/www.visit-ulcinj.com\/blog\/wp-json\/wp\/v2\/posts\/3590\/revisions"}],"wp:attachment":[{"href":"https:\/\/www.visit-ulcinj.com\/blog\/wp-json\/wp\/v2\/media?parent=3590"}],"wp:term":[{"taxonomy":"category","embeddable":true,"href":"https:\/\/www.visit-ulcinj.com\/blog\/wp-json\/wp\/v2\/categories?post=3590"},{"taxonomy":"post_tag","embeddable":true,"href":"https:\/\/www.visit-ulcinj.com\/blog\/wp-json\/wp\/v2\/tags?post=3590"}],"curies":[{"name":"wp","href":"https:\/\/api.w.org\/{rel}","templated":true}]}}