{"id":35908,"date":"2010-08-15T17:41:32","date_gmt":"2010-08-15T15:41:32","guid":{"rendered":"http:\/\/www.visit-ulcinj.com\/blog\/?p=35908"},"modified":"2010-08-15T19:04:07","modified_gmt":"2010-08-15T17:04:07","slug":"elvana-gjata-bionde-dhe-punk-girl-ne-klipin-e-ri","status":"publish","type":"post","link":"https:\/\/www.visit-ulcinj.com\/blog\/2010\/08\/15\/elvana-gjata-bionde-dhe-punk-girl-ne-klipin-e-ri\/","title":{"rendered":"Elvana Gjata, bionde dhe punk girl ne klipin e ri"},"content":{"rendered":"<p><a href=\"http:\/\/www.visit-ulcinj.com\/blog\/wp-content\/uploads\/2010\/08\/Elvana-Gjata-feat.-Fugaa-Mamani-nejen.jpg\"><img loading=\"lazy\" class=\"alignleft size-full wp-image-35910\" title=\"Elvana Gjata feat. Fugaa - Mamani nejen\" src=\"http:\/\/www.visit-ulcinj.com\/blog\/wp-content\/uploads\/2010\/08\/Elvana-Gjata-feat.-Fugaa-Mamani-nejen.jpg\" alt=\"\" width=\"490\" height=\"620\" \/><\/a>Elvana Gjata prezanton hitin e dyt\u00eb p\u00ebr k\u00ebt\u00eb ver\u00eb. K\u00ebnga super e bukur, look-u super mahnit\u00ebs, bashk\u00ebpunimi super interesant\u2026 \u201dMamani nejen\u201d, i k\u00ebng\u00ebtares Elvana Gjata me rreperin nga Kosova, Fuga, ka b\u00ebr\u00eb q\u00eb t\u00eb d\u00ebgjohet n\u00eb t\u00eb gjith\u00eb diskotekat shqiptare k\u00ebto net\u00eb t\u00eb nxehta vera. Ndon\u00ebse klipi ka vet\u00ebm pak dit\u00eb q\u00eb \u00ebsht\u00eb publikuar, impakti q\u00eb ka l\u00ebn\u00eb tek publiku \u00ebsht\u00eb i padiskutuesh\u00ebm. Dy dit\u00eb nga hedhja e kripit n\u00eb youtube videoja \u00ebsht\u00eb klikuar gati 35 mij\u00eb her\u00eb, dhe nuk kan\u00eb munguar komentet. N\u00eb stacionet televizive muzikore shqiptare k\u00ebnga transmetohet shum\u00eb shpesh. N\u00eb klip, Elvana vjen komplet\u00ebsisht e transformuar, si nj\u00eb bjonde sensuale. N\u00eb fragmente t\u00eb tjera si nj\u00eb \\\u201dpunk girl\\\u201d. Muzika mban si \u00e7do her\u00eb tjet\u00ebr firm\u00ebn e Flori Mumajesit, i cili n\u00eb videoklip shfaqet duke mbajtur kufjet n\u00eb vesh.<\/p>\n<p><strong>Revista Bluetooth<br \/>\n<!--YouTube Error: bad URL entered--><\/strong><\/p>\n","protected":false},"excerpt":{"rendered":"<p>Elvana Gjata prezanton hitin e dyt\u00eb p\u00ebr k\u00ebt\u00eb ver\u00eb. K\u00ebnga super e bukur, look-u super mahnit\u00ebs, bashk\u00ebpunimi super interesant\u2026 \u201dMamani nejen\u201d, i k\u00ebng\u00ebtares Elvana Gjata me rreperin nga Kosova, Fuga, ka b\u00ebr\u00eb q\u00eb t\u00eb d\u00ebgjohet n\u00eb t\u00eb gjith\u00eb diskotekat shqiptare k\u00ebto net\u00eb t\u00eb nxehta vera. Ndon\u00ebse klipi ka vet\u00ebm pak dit\u00eb q\u00eb \u00ebsht\u00eb publikuar, impakti [&hellip;]<\/p>\n","protected":false},"author":1,"featured_media":0,"comment_status":"open","ping_status":"closed","sticky":false,"template":"","format":"standard","meta":{"spay_email":"","jetpack_publicize_message":"","jetpack_is_tweetstorm":false,"jetpack_publicize_feature_enabled":true},"categories":[1],"tags":[7760,14968],"jetpack_publicize_connections":[],"yoast_head":"<!-- This site is optimized with the Yoast SEO plugin v19.1 - https:\/\/yoast.com\/wordpress\/plugins\/seo\/ -->\n<title>Elvana Gjata, bionde dhe punk girl ne klipin e ri - Lajme nga Ulqini<\/title>\n<meta name=\"description\" content=\"Elvana Gjata prezanton hitin e dyt\u00eb p\u00ebr k\u00ebt\u00eb ver\u00eb. K\u00ebnga super e bukur, look-u super mahnit\u00ebs, bashk\u00ebpunimi super interesant\u2026 \u201dMamani nejen\u201d, i k\u00ebng\u00ebtares\" \/>\n<meta name=\"robots\" content=\"index, follow, max-snippet:-1, max-image-preview:large, max-video-preview:-1\" \/>\n<link rel=\"canonical\" href=\"https:\/\/www.visit-ulcinj.com\/blog\/2010\/08\/15\/elvana-gjata-bionde-dhe-punk-girl-ne-klipin-e-ri\/\" \/>\n<meta property=\"og:locale\" content=\"en_US\" \/>\n<meta property=\"og:type\" content=\"article\" \/>\n<meta property=\"og:title\" content=\"Elvana Gjata, bionde dhe punk girl ne klipin e ri - Lajme nga Ulqini\" \/>\n<meta property=\"og:description\" content=\"Elvana Gjata prezanton hitin e dyt\u00eb p\u00ebr k\u00ebt\u00eb ver\u00eb. K\u00ebnga super e bukur, look-u super mahnit\u00ebs, bashk\u00ebpunimi super interesant\u2026 \u201dMamani nejen\u201d, i k\u00ebng\u00ebtares\" \/>\n<meta property=\"og:url\" content=\"https:\/\/www.visit-ulcinj.com\/blog\/2010\/08\/15\/elvana-gjata-bionde-dhe-punk-girl-ne-klipin-e-ri\/\" \/>\n<meta property=\"og:site_name\" content=\"Lajme nga Ulqini\" \/>\n<meta property=\"article:published_time\" content=\"2010-08-15T15:41:32+00:00\" \/>\n<meta property=\"article:modified_time\" content=\"2010-08-15T17:04:07+00:00\" \/>\n<meta property=\"og:image\" content=\"http:\/\/www.visit-ulcinj.com\/blog\/wp-content\/uploads\/2010\/08\/Elvana-Gjata-feat.-Fugaa-Mamani-nejen.jpg\" \/>\n<meta name=\"twitter:label1\" content=\"Written by\" \/>\n\t<meta name=\"twitter:data1\" content=\"ulqini\" \/>\n\t<meta name=\"twitter:label2\" content=\"Est. reading time\" \/>\n\t<meta name=\"twitter:data2\" content=\"1 minute\" \/>\n<script type=\"application\/ld+json\" class=\"yoast-schema-graph\">{\"@context\":\"https:\/\/schema.org\",\"@graph\":[{\"@type\":\"WebSite\",\"@id\":\"https:\/\/www.visit-ulcinj.com\/blog\/#website\",\"url\":\"https:\/\/www.visit-ulcinj.com\/blog\/\",\"name\":\"Lajme nga Ulqini\",\"description\":\"Lajme,Vijesti,Ulqini,Ulqin,Crna Gora,Mali i Zi\",\"potentialAction\":[{\"@type\":\"SearchAction\",\"target\":{\"@type\":\"EntryPoint\",\"urlTemplate\":\"https:\/\/www.visit-ulcinj.com\/blog\/?s={search_term_string}\"},\"query-input\":\"required name=search_term_string\"}],\"inLanguage\":\"en-US\"},{\"@type\":\"ImageObject\",\"inLanguage\":\"en-US\",\"@id\":\"https:\/\/www.visit-ulcinj.com\/blog\/2010\/08\/15\/elvana-gjata-bionde-dhe-punk-girl-ne-klipin-e-ri\/#primaryimage\",\"url\":\"http:\/\/www.visit-ulcinj.com\/blog\/wp-content\/uploads\/2010\/08\/Elvana-Gjata-feat.-Fugaa-Mamani-nejen.jpg\",\"contentUrl\":\"http:\/\/www.visit-ulcinj.com\/blog\/wp-content\/uploads\/2010\/08\/Elvana-Gjata-feat.-Fugaa-Mamani-nejen.jpg\"},{\"@type\":\"WebPage\",\"@id\":\"https:\/\/www.visit-ulcinj.com\/blog\/2010\/08\/15\/elvana-gjata-bionde-dhe-punk-girl-ne-klipin-e-ri\/#webpage\",\"url\":\"https:\/\/www.visit-ulcinj.com\/blog\/2010\/08\/15\/elvana-gjata-bionde-dhe-punk-girl-ne-klipin-e-ri\/\",\"name\":\"Elvana Gjata, bionde dhe punk girl ne klipin e ri - Lajme nga Ulqini\",\"isPartOf\":{\"@id\":\"https:\/\/www.visit-ulcinj.com\/blog\/#website\"},\"primaryImageOfPage\":{\"@id\":\"https:\/\/www.visit-ulcinj.com\/blog\/2010\/08\/15\/elvana-gjata-bionde-dhe-punk-girl-ne-klipin-e-ri\/#primaryimage\"},\"datePublished\":\"2010-08-15T15:41:32+00:00\",\"dateModified\":\"2010-08-15T17:04:07+00:00\",\"author\":{\"@id\":\"https:\/\/www.visit-ulcinj.com\/blog\/#\/schema\/person\/dcab619c614d3038751c63bc2aadc06d\"},\"description\":\"Elvana Gjata prezanton hitin e dyt\u00eb p\u00ebr k\u00ebt\u00eb ver\u00eb. K\u00ebnga super e bukur, look-u super mahnit\u00ebs, bashk\u00ebpunimi super interesant\u2026 \u201dMamani nejen\u201d, i k\u00ebng\u00ebtares\",\"breadcrumb\":{\"@id\":\"https:\/\/www.visit-ulcinj.com\/blog\/2010\/08\/15\/elvana-gjata-bionde-dhe-punk-girl-ne-klipin-e-ri\/#breadcrumb\"},\"inLanguage\":\"en-US\",\"potentialAction\":[{\"@type\":\"ReadAction\",\"target\":[\"https:\/\/www.visit-ulcinj.com\/blog\/2010\/08\/15\/elvana-gjata-bionde-dhe-punk-girl-ne-klipin-e-ri\/\"]}]},{\"@type\":\"BreadcrumbList\",\"@id\":\"https:\/\/www.visit-ulcinj.com\/blog\/2010\/08\/15\/elvana-gjata-bionde-dhe-punk-girl-ne-klipin-e-ri\/#breadcrumb\",\"itemListElement\":[{\"@type\":\"ListItem\",\"position\":1,\"name\":\"Elvana Gjata, bionde dhe punk girl ne klipin e ri\"}]},{\"@type\":\"Person\",\"@id\":\"https:\/\/www.visit-ulcinj.com\/blog\/#\/schema\/person\/dcab619c614d3038751c63bc2aadc06d\",\"name\":\"ulqini\",\"sameAs\":[\"http:\/\/www.visit-ulcinj.com\"],\"url\":\"https:\/\/www.visit-ulcinj.com\/blog\/author\/admin\/\"}]}<\/script>\n<!-- \/ Yoast SEO plugin. -->","yoast_head_json":{"title":"Elvana Gjata, bionde dhe punk girl ne klipin e ri - Lajme nga Ulqini","description":"Elvana Gjata prezanton hitin e dyt\u00eb p\u00ebr k\u00ebt\u00eb ver\u00eb. K\u00ebnga super e bukur, look-u super mahnit\u00ebs, bashk\u00ebpunimi super interesant\u2026 \u201dMamani nejen\u201d, i k\u00ebng\u00ebtares","robots":{"index":"index","follow":"follow","max-snippet":"max-snippet:-1","max-image-preview":"max-image-preview:large","max-video-preview":"max-video-preview:-1"},"canonical":"https:\/\/www.visit-ulcinj.com\/blog\/2010\/08\/15\/elvana-gjata-bionde-dhe-punk-girl-ne-klipin-e-ri\/","og_locale":"en_US","og_type":"article","og_title":"Elvana Gjata, bionde dhe punk girl ne klipin e ri - Lajme nga Ulqini","og_description":"Elvana Gjata prezanton hitin e dyt\u00eb p\u00ebr k\u00ebt\u00eb ver\u00eb. K\u00ebnga super e bukur, look-u super mahnit\u00ebs, bashk\u00ebpunimi super interesant\u2026 \u201dMamani nejen\u201d, i k\u00ebng\u00ebtares","og_url":"https:\/\/www.visit-ulcinj.com\/blog\/2010\/08\/15\/elvana-gjata-bionde-dhe-punk-girl-ne-klipin-e-ri\/","og_site_name":"Lajme nga Ulqini","article_published_time":"2010-08-15T15:41:32+00:00","article_modified_time":"2010-08-15T17:04:07+00:00","og_image":[{"url":"http:\/\/www.visit-ulcinj.com\/blog\/wp-content\/uploads\/2010\/08\/Elvana-Gjata-feat.-Fugaa-Mamani-nejen.jpg"}],"twitter_misc":{"Written by":"ulqini","Est. reading time":"1 minute"},"schema":{"@context":"https:\/\/schema.org","@graph":[{"@type":"WebSite","@id":"https:\/\/www.visit-ulcinj.com\/blog\/#website","url":"https:\/\/www.visit-ulcinj.com\/blog\/","name":"Lajme nga Ulqini","description":"Lajme,Vijesti,Ulqini,Ulqin,Crna Gora,Mali i Zi","potentialAction":[{"@type":"SearchAction","target":{"@type":"EntryPoint","urlTemplate":"https:\/\/www.visit-ulcinj.com\/blog\/?s={search_term_string}"},"query-input":"required name=search_term_string"}],"inLanguage":"en-US"},{"@type":"ImageObject","inLanguage":"en-US","@id":"https:\/\/www.visit-ulcinj.com\/blog\/2010\/08\/15\/elvana-gjata-bionde-dhe-punk-girl-ne-klipin-e-ri\/#primaryimage","url":"http:\/\/www.visit-ulcinj.com\/blog\/wp-content\/uploads\/2010\/08\/Elvana-Gjata-feat.-Fugaa-Mamani-nejen.jpg","contentUrl":"http:\/\/www.visit-ulcinj.com\/blog\/wp-content\/uploads\/2010\/08\/Elvana-Gjata-feat.-Fugaa-Mamani-nejen.jpg"},{"@type":"WebPage","@id":"https:\/\/www.visit-ulcinj.com\/blog\/2010\/08\/15\/elvana-gjata-bionde-dhe-punk-girl-ne-klipin-e-ri\/#webpage","url":"https:\/\/www.visit-ulcinj.com\/blog\/2010\/08\/15\/elvana-gjata-bionde-dhe-punk-girl-ne-klipin-e-ri\/","name":"Elvana Gjata, bionde dhe punk girl ne klipin e ri - Lajme nga Ulqini","isPartOf":{"@id":"https:\/\/www.visit-ulcinj.com\/blog\/#website"},"primaryImageOfPage":{"@id":"https:\/\/www.visit-ulcinj.com\/blog\/2010\/08\/15\/elvana-gjata-bionde-dhe-punk-girl-ne-klipin-e-ri\/#primaryimage"},"datePublished":"2010-08-15T15:41:32+00:00","dateModified":"2010-08-15T17:04:07+00:00","author":{"@id":"https:\/\/www.visit-ulcinj.com\/blog\/#\/schema\/person\/dcab619c614d3038751c63bc2aadc06d"},"description":"Elvana Gjata prezanton hitin e dyt\u00eb p\u00ebr k\u00ebt\u00eb ver\u00eb. K\u00ebnga super e bukur, look-u super mahnit\u00ebs, bashk\u00ebpunimi super interesant\u2026 \u201dMamani nejen\u201d, i k\u00ebng\u00ebtares","breadcrumb":{"@id":"https:\/\/www.visit-ulcinj.com\/blog\/2010\/08\/15\/elvana-gjata-bionde-dhe-punk-girl-ne-klipin-e-ri\/#breadcrumb"},"inLanguage":"en-US","potentialAction":[{"@type":"ReadAction","target":["https:\/\/www.visit-ulcinj.com\/blog\/2010\/08\/15\/elvana-gjata-bionde-dhe-punk-girl-ne-klipin-e-ri\/"]}]},{"@type":"BreadcrumbList","@id":"https:\/\/www.visit-ulcinj.com\/blog\/2010\/08\/15\/elvana-gjata-bionde-dhe-punk-girl-ne-klipin-e-ri\/#breadcrumb","itemListElement":[{"@type":"ListItem","position":1,"name":"Elvana Gjata, bionde dhe punk girl ne klipin e ri"}]},{"@type":"Person","@id":"https:\/\/www.visit-ulcinj.com\/blog\/#\/schema\/person\/dcab619c614d3038751c63bc2aadc06d","name":"ulqini","sameAs":["http:\/\/www.visit-ulcinj.com"],"url":"https:\/\/www.visit-ulcinj.com\/blog\/author\/admin\/"}]}},"jetpack_featured_media_url":"","jetpack_sharing_enabled":true,"jetpack_shortlink":"https:\/\/wp.me\/pe6lTn-9la","_links":{"self":[{"href":"https:\/\/www.visit-ulcinj.com\/blog\/wp-json\/wp\/v2\/posts\/35908"}],"collection":[{"href":"https:\/\/www.visit-ulcinj.com\/blog\/wp-json\/wp\/v2\/posts"}],"about":[{"href":"https:\/\/www.visit-ulcinj.com\/blog\/wp-json\/wp\/v2\/types\/post"}],"author":[{"embeddable":true,"href":"https:\/\/www.visit-ulcinj.com\/blog\/wp-json\/wp\/v2\/users\/1"}],"replies":[{"embeddable":true,"href":"https:\/\/www.visit-ulcinj.com\/blog\/wp-json\/wp\/v2\/comments?post=35908"}],"version-history":[{"count":0,"href":"https:\/\/www.visit-ulcinj.com\/blog\/wp-json\/wp\/v2\/posts\/35908\/revisions"}],"wp:attachment":[{"href":"https:\/\/www.visit-ulcinj.com\/blog\/wp-json\/wp\/v2\/media?parent=35908"}],"wp:term":[{"taxonomy":"category","embeddable":true,"href":"https:\/\/www.visit-ulcinj.com\/blog\/wp-json\/wp\/v2\/categories?post=35908"},{"taxonomy":"post_tag","embeddable":true,"href":"https:\/\/www.visit-ulcinj.com\/blog\/wp-json\/wp\/v2\/tags?post=35908"}],"curies":[{"name":"wp","href":"https:\/\/api.w.org\/{rel}","templated":true}]}}