{"id":35921,"date":"2010-08-15T19:06:17","date_gmt":"2010-08-15T17:06:17","guid":{"rendered":"http:\/\/www.visit-ulcinj.com\/blog\/?p=35921"},"modified":"2010-08-15T19:06:17","modified_gmt":"2010-08-15T17:06:17","slug":"poljaci-i-cesi-se-vracaju-u-cg","status":"publish","type":"post","link":"https:\/\/www.visit-ulcinj.com\/blog\/2010\/08\/15\/poljaci-i-cesi-se-vracaju-u-cg\/","title":{"rendered":"Poljaci i \u010cesi se vra\u0107aju u CG"},"content":{"rendered":"<p><img loading=\"lazy\" class=\"alignleft\" title=\"ulcinj\" src=\"http:\/\/www.visit-ulcinj.com\/blog\/wp-content\/uploads\/2008\/06\/velika-plaza_ulcinj_montenegro1.jpg\" alt=\"\" width=\"490\" height=\"380\" \/>Nakon lo\u0161eg po\u010detka, sezona na krajnjem crnogorskom jugu ovog avgusta bilje\u017ei bolju posje\u0107enost nego lani, tra\u017ei se krevet vi\u0161e u privatnom smje\u0161taju, a najdu\u017eim pjeskovitim pla\u017eama Crne Gore vra\u0107aju se nekada tradicionalni gosti centralne Evrope.<br \/>\nUlcinj za svoj odmor biraju i gosti iz konkurentske Hrvatske ali i oni iz susjednih crnogorskih primorskih gradova.<\/p>\n<p>Hoteli ulcinjske rivijere tokom juna i jula imali su 35 odsto vi\u0161e no\u0107enja nego lani, a dobra posjeta nastavlja se i u avgustu. Najve\u0107i broj turista ipak boravi u privatnom smje\u0161taju, a o tome da se tra\u017ei krevet vi\u0161e, osvjedo\u010dili smo se tokom posjete Velikoj pla\u017ei. Bili smo na Safari pla\u017ei kod porodice Deli\u0107.<\/p>\n<p>&#8220;Nijesmo imali neke velike navale. Ispalo je dobro po\u0161to se ove godine jako promijenila struktura gostiju. Imamo dosta gostiju iz Poljske i \u010ce\u0161ke i ja mislim da je to sve zbog cijene i zbog dobrih pla\u017ea i taj gost je po\u010deo da se vra\u0107a u Ulcinj po\u0161to je grad bio poznat po \u010de\u0161kim turistima jo\u0161 prije 20 godina.&#8221;<\/p>\n<p>U pijesku 14 kilometara duge pla\u017ee u\u017eivaju i turisti iz susjedne Hrvatske ali i nekih crnogorskih primorskih gradova.<\/p>\n<p>&#8220;Kao Budvanka obo\u017eavam pla\u017ee u Ulcinju jer je to prostranstvo koje nema granica. Posebno me odu\u0161evljava \u017eenska pla\u017ea gdje obi\u010dno po\u010dinjem i zatvaram sezonu. Tamo jedno deset dana se opu\u0161tam i meditiram. Narod je jako gostoljubiv, tri vjere i sve je to ljubazno jer je turizam na\u0161a grana.&#8221;<\/p>\n<p>&#8220;Mi smo iz Var\u017edina i putujemo cijelim Jadranom i tako smo do\u0161li do Ulcinja. Ulcinjske pla\u017ee su pje\u0161\u010dane pla\u017ee, me\u0111u najljep\u0161im na Jadranu. Utisci su fenomenalni, ova Safri pla\u017ea je predivna i ljudi su jako prijazni i dobri.&#8221;<\/p>\n<p><strong>Tempirana ekolo\u0161ka bomba<\/strong><\/p>\n<p>Ipak, lijepe pjeskovite pla\u017ee nijesu dovoljne da bi Ulcinju vratile nekada\u0161nju slavu omiljene destinacije evropskih turista. Hotela je nedovoljno, infrastruktura problemati\u010dna, a zale\u0111e tempirana ekolo\u0161ka bomba zbog porta Milena.<\/p>\n<p>Kako poslovati u ovakvim uslovima i \u0161ta o\u010dekuju od grada i dr\u017eave turisti\u010dki poslenici, pitamo porodicu Deli\u0107 koja je godinama doma\u0107in turistima na pla\u017ei Safari.<\/p>\n<p>&#8220;\u0160to se ti\u010de dr\u017eave i op\u0161tine, oni trebaju samo da nam olak\u0161aju da gost do\u0111e, da nam pri\u0111e \u0161to lak\u0161e. Da nema kolona po dva sata dolje do pla\u017ee, kao i prilikom odlaska sa pla\u017ee. To je velika komplikacija za gosta koji je do\u0161ao da se odmori, koji je do\u0161ao na godi\u0161nji odmor.&#8221;<\/p>\n<p><strong>RSE: \u0160ta je sa infrastrukturom?<\/strong><\/p>\n<p>&#8220;Infrastruktura je prvi problem, a drugi problem je lo\u0161 odvoz sme\u0107a u \u0160toju. Ne krivim ja ni komunalnu slu\u017ebu, niti inspekciju jer je veliki broj ljudi, a malo je kanti za sme\u0107e da bi se to moglo efikasno rije\u0161iti.&#8221;<\/p>\n<p><strong>RSE: Ovdje je u blizini jedna velika ekolo\u0161ka crna ta\u010dka?<\/strong><br \/>\n<!--YouTube Error: bad URL entered--><br \/>\n&#8220;Jeste. To je port Milena. Ona je za sada najcrnja ekolo\u0161ka ta\u010dka u Crnoj Gori i u Ulcinju. Ja mislilm da bi to trebalo da bude prva stvar u Ulcinju koja bi trebalo da se rije\u0161i.&#8221;<\/p>\n<p><strong>Izvor: Radio Slobodna Evropa<\/strong><\/p>\n","protected":false},"excerpt":{"rendered":"<p>Nakon lo\u0161eg po\u010detka, sezona na krajnjem crnogorskom jugu ovog avgusta bilje\u017ei bolju posje\u0107enost nego lani, tra\u017ei se krevet vi\u0161e u privatnom smje\u0161taju, a najdu\u017eim pjeskovitim pla\u017eama Crne Gore vra\u0107aju se nekada tradicionalni gosti centralne Evrope. Ulcinj za svoj odmor biraju i gosti iz konkurentske Hrvatske ali i oni iz susjednih crnogorskih primorskih gradova. Hoteli ulcinjske [&hellip;]<\/p>\n","protected":false},"author":1,"featured_media":0,"comment_status":"open","ping_status":"closed","sticky":false,"template":"","format":"standard","meta":{"spay_email":"","jetpack_publicize_message":"","jetpack_is_tweetstorm":false,"jetpack_publicize_feature_enabled":true},"categories":[7],"tags":[20,19],"jetpack_publicize_connections":[],"yoast_head":"<!-- This site is optimized with the Yoast SEO plugin v19.1 - https:\/\/yoast.com\/wordpress\/plugins\/seo\/ -->\n<title>Poljaci i \u010cesi se vra\u0107aju u CG - Lajme nga Ulqini<\/title>\n<meta name=\"description\" content=\"Nakon lo\u0161eg po\u010detka, sezona na krajnjem crnogorskom jugu ovog avgusta bilje\u017ei bolju posje\u0107enost nego lani, tra\u017ei se krevet vi\u0161e u privatnom smje\u0161taju, a\" \/>\n<meta name=\"robots\" content=\"index, follow, max-snippet:-1, max-image-preview:large, max-video-preview:-1\" \/>\n<link rel=\"canonical\" href=\"https:\/\/www.visit-ulcinj.com\/blog\/2010\/08\/15\/poljaci-i-cesi-se-vracaju-u-cg\/\" \/>\n<meta property=\"og:locale\" content=\"en_US\" \/>\n<meta property=\"og:type\" content=\"article\" \/>\n<meta property=\"og:title\" content=\"Poljaci i \u010cesi se vra\u0107aju u CG - Lajme nga Ulqini\" \/>\n<meta property=\"og:description\" content=\"Nakon lo\u0161eg po\u010detka, sezona na krajnjem crnogorskom jugu ovog avgusta bilje\u017ei bolju posje\u0107enost nego lani, tra\u017ei se krevet vi\u0161e u privatnom smje\u0161taju, a\" \/>\n<meta property=\"og:url\" content=\"https:\/\/www.visit-ulcinj.com\/blog\/2010\/08\/15\/poljaci-i-cesi-se-vracaju-u-cg\/\" \/>\n<meta property=\"og:site_name\" content=\"Lajme nga Ulqini\" \/>\n<meta property=\"article:published_time\" content=\"2010-08-15T17:06:17+00:00\" \/>\n<meta property=\"og:image\" content=\"http:\/\/www.visit-ulcinj.com\/blog\/wp-content\/uploads\/2008\/06\/velika-plaza_ulcinj_montenegro1.jpg\" \/>\n<meta name=\"twitter:label1\" content=\"Written by\" \/>\n\t<meta name=\"twitter:data1\" content=\"ulqini\" \/>\n\t<meta name=\"twitter:label2\" content=\"Est. reading time\" \/>\n\t<meta name=\"twitter:data2\" content=\"3 minutes\" \/>\n<script type=\"application\/ld+json\" class=\"yoast-schema-graph\">{\"@context\":\"https:\/\/schema.org\",\"@graph\":[{\"@type\":\"WebSite\",\"@id\":\"https:\/\/www.visit-ulcinj.com\/blog\/#website\",\"url\":\"https:\/\/www.visit-ulcinj.com\/blog\/\",\"name\":\"Lajme nga Ulqini\",\"description\":\"Lajme,Vijesti,Ulqini,Ulqin,Crna Gora,Mali i Zi\",\"potentialAction\":[{\"@type\":\"SearchAction\",\"target\":{\"@type\":\"EntryPoint\",\"urlTemplate\":\"https:\/\/www.visit-ulcinj.com\/blog\/?s={search_term_string}\"},\"query-input\":\"required name=search_term_string\"}],\"inLanguage\":\"en-US\"},{\"@type\":\"ImageObject\",\"inLanguage\":\"en-US\",\"@id\":\"https:\/\/www.visit-ulcinj.com\/blog\/2010\/08\/15\/poljaci-i-cesi-se-vracaju-u-cg\/#primaryimage\",\"url\":\"http:\/\/www.visit-ulcinj.com\/blog\/wp-content\/uploads\/2008\/06\/velika-plaza_ulcinj_montenegro1.jpg\",\"contentUrl\":\"http:\/\/www.visit-ulcinj.com\/blog\/wp-content\/uploads\/2008\/06\/velika-plaza_ulcinj_montenegro1.jpg\"},{\"@type\":\"WebPage\",\"@id\":\"https:\/\/www.visit-ulcinj.com\/blog\/2010\/08\/15\/poljaci-i-cesi-se-vracaju-u-cg\/#webpage\",\"url\":\"https:\/\/www.visit-ulcinj.com\/blog\/2010\/08\/15\/poljaci-i-cesi-se-vracaju-u-cg\/\",\"name\":\"Poljaci i \u010cesi se vra\u0107aju u CG - Lajme nga Ulqini\",\"isPartOf\":{\"@id\":\"https:\/\/www.visit-ulcinj.com\/blog\/#website\"},\"primaryImageOfPage\":{\"@id\":\"https:\/\/www.visit-ulcinj.com\/blog\/2010\/08\/15\/poljaci-i-cesi-se-vracaju-u-cg\/#primaryimage\"},\"datePublished\":\"2010-08-15T17:06:17+00:00\",\"dateModified\":\"2010-08-15T17:06:17+00:00\",\"author\":{\"@id\":\"https:\/\/www.visit-ulcinj.com\/blog\/#\/schema\/person\/dcab619c614d3038751c63bc2aadc06d\"},\"description\":\"Nakon lo\u0161eg po\u010detka, sezona na krajnjem crnogorskom jugu ovog avgusta bilje\u017ei bolju posje\u0107enost nego lani, tra\u017ei se krevet vi\u0161e u privatnom smje\u0161taju, a\",\"breadcrumb\":{\"@id\":\"https:\/\/www.visit-ulcinj.com\/blog\/2010\/08\/15\/poljaci-i-cesi-se-vracaju-u-cg\/#breadcrumb\"},\"inLanguage\":\"en-US\",\"potentialAction\":[{\"@type\":\"ReadAction\",\"target\":[\"https:\/\/www.visit-ulcinj.com\/blog\/2010\/08\/15\/poljaci-i-cesi-se-vracaju-u-cg\/\"]}]},{\"@type\":\"BreadcrumbList\",\"@id\":\"https:\/\/www.visit-ulcinj.com\/blog\/2010\/08\/15\/poljaci-i-cesi-se-vracaju-u-cg\/#breadcrumb\",\"itemListElement\":[{\"@type\":\"ListItem\",\"position\":1,\"name\":\"Poljaci i \u010cesi se vra\u0107aju u CG\"}]},{\"@type\":\"Person\",\"@id\":\"https:\/\/www.visit-ulcinj.com\/blog\/#\/schema\/person\/dcab619c614d3038751c63bc2aadc06d\",\"name\":\"ulqini\",\"sameAs\":[\"http:\/\/www.visit-ulcinj.com\"],\"url\":\"https:\/\/www.visit-ulcinj.com\/blog\/author\/admin\/\"}]}<\/script>\n<!-- \/ Yoast SEO plugin. -->","yoast_head_json":{"title":"Poljaci i \u010cesi se vra\u0107aju u CG - Lajme nga Ulqini","description":"Nakon lo\u0161eg po\u010detka, sezona na krajnjem crnogorskom jugu ovog avgusta bilje\u017ei bolju posje\u0107enost nego lani, tra\u017ei se krevet vi\u0161e u privatnom smje\u0161taju, a","robots":{"index":"index","follow":"follow","max-snippet":"max-snippet:-1","max-image-preview":"max-image-preview:large","max-video-preview":"max-video-preview:-1"},"canonical":"https:\/\/www.visit-ulcinj.com\/blog\/2010\/08\/15\/poljaci-i-cesi-se-vracaju-u-cg\/","og_locale":"en_US","og_type":"article","og_title":"Poljaci i \u010cesi se vra\u0107aju u CG - Lajme nga Ulqini","og_description":"Nakon lo\u0161eg po\u010detka, sezona na krajnjem crnogorskom jugu ovog avgusta bilje\u017ei bolju posje\u0107enost nego lani, tra\u017ei se krevet vi\u0161e u privatnom smje\u0161taju, a","og_url":"https:\/\/www.visit-ulcinj.com\/blog\/2010\/08\/15\/poljaci-i-cesi-se-vracaju-u-cg\/","og_site_name":"Lajme nga Ulqini","article_published_time":"2010-08-15T17:06:17+00:00","og_image":[{"url":"http:\/\/www.visit-ulcinj.com\/blog\/wp-content\/uploads\/2008\/06\/velika-plaza_ulcinj_montenegro1.jpg"}],"twitter_misc":{"Written by":"ulqini","Est. reading time":"3 minutes"},"schema":{"@context":"https:\/\/schema.org","@graph":[{"@type":"WebSite","@id":"https:\/\/www.visit-ulcinj.com\/blog\/#website","url":"https:\/\/www.visit-ulcinj.com\/blog\/","name":"Lajme nga Ulqini","description":"Lajme,Vijesti,Ulqini,Ulqin,Crna Gora,Mali i Zi","potentialAction":[{"@type":"SearchAction","target":{"@type":"EntryPoint","urlTemplate":"https:\/\/www.visit-ulcinj.com\/blog\/?s={search_term_string}"},"query-input":"required name=search_term_string"}],"inLanguage":"en-US"},{"@type":"ImageObject","inLanguage":"en-US","@id":"https:\/\/www.visit-ulcinj.com\/blog\/2010\/08\/15\/poljaci-i-cesi-se-vracaju-u-cg\/#primaryimage","url":"http:\/\/www.visit-ulcinj.com\/blog\/wp-content\/uploads\/2008\/06\/velika-plaza_ulcinj_montenegro1.jpg","contentUrl":"http:\/\/www.visit-ulcinj.com\/blog\/wp-content\/uploads\/2008\/06\/velika-plaza_ulcinj_montenegro1.jpg"},{"@type":"WebPage","@id":"https:\/\/www.visit-ulcinj.com\/blog\/2010\/08\/15\/poljaci-i-cesi-se-vracaju-u-cg\/#webpage","url":"https:\/\/www.visit-ulcinj.com\/blog\/2010\/08\/15\/poljaci-i-cesi-se-vracaju-u-cg\/","name":"Poljaci i \u010cesi se vra\u0107aju u CG - Lajme nga Ulqini","isPartOf":{"@id":"https:\/\/www.visit-ulcinj.com\/blog\/#website"},"primaryImageOfPage":{"@id":"https:\/\/www.visit-ulcinj.com\/blog\/2010\/08\/15\/poljaci-i-cesi-se-vracaju-u-cg\/#primaryimage"},"datePublished":"2010-08-15T17:06:17+00:00","dateModified":"2010-08-15T17:06:17+00:00","author":{"@id":"https:\/\/www.visit-ulcinj.com\/blog\/#\/schema\/person\/dcab619c614d3038751c63bc2aadc06d"},"description":"Nakon lo\u0161eg po\u010detka, sezona na krajnjem crnogorskom jugu ovog avgusta bilje\u017ei bolju posje\u0107enost nego lani, tra\u017ei se krevet vi\u0161e u privatnom smje\u0161taju, a","breadcrumb":{"@id":"https:\/\/www.visit-ulcinj.com\/blog\/2010\/08\/15\/poljaci-i-cesi-se-vracaju-u-cg\/#breadcrumb"},"inLanguage":"en-US","potentialAction":[{"@type":"ReadAction","target":["https:\/\/www.visit-ulcinj.com\/blog\/2010\/08\/15\/poljaci-i-cesi-se-vracaju-u-cg\/"]}]},{"@type":"BreadcrumbList","@id":"https:\/\/www.visit-ulcinj.com\/blog\/2010\/08\/15\/poljaci-i-cesi-se-vracaju-u-cg\/#breadcrumb","itemListElement":[{"@type":"ListItem","position":1,"name":"Poljaci i \u010cesi se vra\u0107aju u CG"}]},{"@type":"Person","@id":"https:\/\/www.visit-ulcinj.com\/blog\/#\/schema\/person\/dcab619c614d3038751c63bc2aadc06d","name":"ulqini","sameAs":["http:\/\/www.visit-ulcinj.com"],"url":"https:\/\/www.visit-ulcinj.com\/blog\/author\/admin\/"}]}},"jetpack_featured_media_url":"","jetpack_sharing_enabled":true,"jetpack_shortlink":"https:\/\/wp.me\/pe6lTn-9ln","_links":{"self":[{"href":"https:\/\/www.visit-ulcinj.com\/blog\/wp-json\/wp\/v2\/posts\/35921"}],"collection":[{"href":"https:\/\/www.visit-ulcinj.com\/blog\/wp-json\/wp\/v2\/posts"}],"about":[{"href":"https:\/\/www.visit-ulcinj.com\/blog\/wp-json\/wp\/v2\/types\/post"}],"author":[{"embeddable":true,"href":"https:\/\/www.visit-ulcinj.com\/blog\/wp-json\/wp\/v2\/users\/1"}],"replies":[{"embeddable":true,"href":"https:\/\/www.visit-ulcinj.com\/blog\/wp-json\/wp\/v2\/comments?post=35921"}],"version-history":[{"count":0,"href":"https:\/\/www.visit-ulcinj.com\/blog\/wp-json\/wp\/v2\/posts\/35921\/revisions"}],"wp:attachment":[{"href":"https:\/\/www.visit-ulcinj.com\/blog\/wp-json\/wp\/v2\/media?parent=35921"}],"wp:term":[{"taxonomy":"category","embeddable":true,"href":"https:\/\/www.visit-ulcinj.com\/blog\/wp-json\/wp\/v2\/categories?post=35921"},{"taxonomy":"post_tag","embeddable":true,"href":"https:\/\/www.visit-ulcinj.com\/blog\/wp-json\/wp\/v2\/tags?post=35921"}],"curies":[{"name":"wp","href":"https:\/\/api.w.org\/{rel}","templated":true}]}}